{"id":39535,"date":"2026-03-13T09:57:15","date_gmt":"2026-03-13T12:57:15","guid":{"rendered":"https:\/\/jornaltimoneiro.com.br\/?p=39535"},"modified":"2026-03-13T09:57:15","modified_gmt":"2026-03-13T12:57:15","slug":"motoristas-de-canoas-blitz-no-bairro-niteroi","status":"publish","type":"post","link":"https:\/\/jornaltimoneiro.com.br\/index.php\/2026\/03\/13\/motoristas-de-canoas-blitz-no-bairro-niteroi\/","title":{"rendered":"Pol\u00edcia de Tr\u00e2nsito realiza blitz educativa em cruzamento do bairro Niter\u00f3i, em Canoas"},"content":{"rendered":"<p data-start=\"88\" data-end=\"354\"><span class=\"BZ_Pyq_fadeIn\">Motoristas <\/span><span class=\"BZ_Pyq_fadeIn\">que <\/span><span class=\"BZ_Pyq_fadeIn\">passavam <\/span><span class=\"BZ_Pyq_fadeIn\">pelo <\/span><span class=\"BZ_Pyq_fadeIn\">cruzamento <\/span><span class=\"BZ_Pyq_fadeIn\">das <\/span><span class=\"BZ_Pyq_fadeIn\">ruas <\/span><span class=\"BZ_Pyq_fadeIn\">11 <\/span><span class=\"BZ_Pyq_fadeIn\">de <\/span><span class=\"BZ_Pyq_fadeIn\">Junho <\/span><span class=\"BZ_Pyq_fadeIn\">e <\/span><span class=\"BZ_Pyq_fadeIn\">Tamoio, <\/span><span class=\"BZ_Pyq_fadeIn\">no <\/span><span class=\"BZ_Pyq_fadeIn\">bairro <\/span><span class=\"BZ_Pyq_fadeIn\">Niter\u00f3i, <\/span><span class=\"BZ_Pyq_fadeIn\">em <\/span><span class=\"hover:entity-accent entity-underline inline cursor-pointer align-baseline\"><span class=\"whitespace-normal\">Canoas<\/span><\/span><span class=\"BZ_Pyq_fadeIn\">, <\/span><span class=\"BZ_Pyq_fadeIn\">foram <\/span><span class=\"BZ_Pyq_fadeIn\">abordados <\/span><span class=\"BZ_Pyq_fadeIn\">na <\/span><span class=\"BZ_Pyq_fadeIn\">tarde <\/span><span class=\"BZ_Pyq_fadeIn\">da <\/span><span class=\"BZ_Pyq_fadeIn\">\u00faltima <\/span><span class=\"BZ_Pyq_fadeIn\">quarta-<\/span><span class=\"BZ_Pyq_fadeIn\">feira (<\/span><span class=\"BZ_Pyq_fadeIn\">11) <\/span><span class=\"BZ_Pyq_fadeIn\">durante <\/span><span class=\"BZ_Pyq_fadeIn\">uma <\/span><span class=\"BZ_Pyq_fadeIn\">blitz <\/span><span class=\"BZ_Pyq_fadeIn\">educativa <\/span><span class=\"BZ_Pyq_fadeIn\">promovida <\/span><span class=\"BZ_Pyq_fadeIn\">pela <\/span><span class=\"hover:entity-accent entity-underline inline cursor-pointer align-baseline\"><span class=\"whitespace-normal\">Pol\u00edcia de Tr\u00e2nsito de Canoas<\/span><\/span><span class=\"BZ_Pyq_fadeIn\">.<\/span><\/p>\n<p data-start=\"356\" data-end=\"628\"><span class=\"BZ_Pyq_fadeIn\">A <\/span><span class=\"BZ_Pyq_fadeIn\">a\u00e7\u00e3o <\/span><span class=\"BZ_Pyq_fadeIn\">teve <\/span><span class=\"BZ_Pyq_fadeIn\">como <\/span><span class=\"BZ_Pyq_fadeIn\">principal <\/span><span class=\"BZ_Pyq_fadeIn\">objetivo <\/span><span class=\"BZ_Pyq_fadeIn\">orientar <\/span><span class=\"BZ_Pyq_fadeIn\">os <\/span><span class=\"BZ_Pyq_fadeIn\">condutores <\/span><span class=\"BZ_Pyq_fadeIn\">sobre <\/span><span class=\"BZ_Pyq_fadeIn\">a <\/span><span class=\"BZ_Pyq_fadeIn\">import\u00e2ncia <\/span><span class=\"BZ_Pyq_fadeIn\">de <\/span><span class=\"BZ_Pyq_fadeIn\">respeitar <\/span><span class=\"BZ_Pyq_fadeIn\">as <\/span><span class=\"BZ_Pyq_fadeIn\">normas <\/span><span class=\"BZ_Pyq_fadeIn\">de <\/span><span class=\"BZ_Pyq_fadeIn\">tr\u00e2nsito <\/span><span class=\"BZ_Pyq_fadeIn\">e <\/span><span class=\"BZ_Pyq_fadeIn\">redobrar <\/span><span class=\"BZ_Pyq_fadeIn\">a <\/span><span class=\"BZ_Pyq_fadeIn\">aten\u00e7\u00e3o <\/span><span class=\"BZ_Pyq_fadeIn\">ao <\/span><span class=\"BZ_Pyq_fadeIn\">circular <\/span><span class=\"BZ_Pyq_fadeIn\">pelas <\/span><span class=\"BZ_Pyq_fadeIn\">vias <\/span><span class=\"BZ_Pyq_fadeIn\">urbanas. <\/span><span class=\"BZ_Pyq_fadeIn\">Durante <\/span><span class=\"BZ_Pyq_fadeIn\">a <\/span><span class=\"BZ_Pyq_fadeIn\">atividade, <\/span><span class=\"BZ_Pyq_fadeIn\">os <\/span><span class=\"BZ_Pyq_fadeIn\">agentes <\/span><span class=\"BZ_Pyq_fadeIn\">conversaram <\/span><span class=\"BZ_Pyq_fadeIn\">com <\/span><span class=\"BZ_Pyq_fadeIn\">motoristas <\/span><span class=\"BZ_Pyq_fadeIn\">e <\/span><span class=\"BZ_Pyq_fadeIn\">refor\u00e7aram <\/span><span class=\"BZ_Pyq_fadeIn\">medidas <\/span><span class=\"BZ_Pyq_fadeIn\">de <\/span><span class=\"BZ_Pyq_fadeIn\">seguran\u00e7a <\/span><span class=\"BZ_Pyq_fadeIn\">no <\/span><span class=\"BZ_Pyq_fadeIn\">tr\u00e2nsito.<\/span><\/p>\n<p data-start=\"630\" data-end=\"853\"><span class=\"BZ_Pyq_fadeIn\">O <\/span><span class=\"BZ_Pyq_fadeIn\">local <\/span><span class=\"BZ_Pyq_fadeIn\">foi <\/span><span class=\"BZ_Pyq_fadeIn\">escolhido <\/span><span class=\"BZ_Pyq_fadeIn\">ap\u00f3s <\/span><span class=\"BZ_Pyq_fadeIn\">um <\/span><span class=\"BZ_Pyq_fadeIn\">acidente <\/span><span class=\"BZ_Pyq_fadeIn\">fatal <\/span><span class=\"BZ_Pyq_fadeIn\">registrado <\/span><span class=\"BZ_Pyq_fadeIn\">na <\/span><span class=\"BZ_Pyq_fadeIn\">semana <\/span><span class=\"BZ_Pyq_fadeIn\">passada, <\/span><span class=\"BZ_Pyq_fadeIn\">nas <\/span><span class=\"BZ_Pyq_fadeIn\">proximidades <\/span><span class=\"BZ_Pyq_fadeIn\">do <\/span><span class=\"BZ_Pyq_fadeIn\">cruzamento, <\/span><span class=\"BZ_Pyq_fadeIn\">na <\/span><span class=\"BZ_Pyq_fadeIn\">Rua <\/span><span class=\"BZ_Pyq_fadeIn\">Tamoio. <\/span><span class=\"BZ_Pyq_fadeIn\">Na <\/span><span class=\"BZ_Pyq_fadeIn\">ocasi\u00e3o, <\/span><span class=\"BZ_Pyq_fadeIn\">um <\/span><span class=\"BZ_Pyq_fadeIn\">motorista <\/span><span class=\"BZ_Pyq_fadeIn\">que <\/span><span class=\"BZ_Pyq_fadeIn\">trafegava <\/span><span class=\"BZ_Pyq_fadeIn\">na <\/span><span class=\"BZ_Pyq_fadeIn\">contram\u00e3o <\/span><span class=\"BZ_Pyq_fadeIn\">atropelou <\/span><span class=\"BZ_Pyq_fadeIn\">um <\/span><span class=\"BZ_Pyq_fadeIn\">ciclista <\/span><span class=\"BZ_Pyq_fadeIn\">que <\/span><span class=\"BZ_Pyq_fadeIn\">seguia <\/span><span class=\"BZ_Pyq_fadeIn\">para <\/span><span class=\"BZ_Pyq_fadeIn\">o <\/span><span class=\"BZ_Pyq_fadeIn\">trabalho.<\/span><\/p>\n<p data-start=\"855\" data-end=\"1118\" data-is-last-node=\"\" data-is-only-node=\"\"><span class=\"BZ_Pyq_fadeIn\">De <\/span><span class=\"BZ_Pyq_fadeIn\">acordo <\/span><span class=\"BZ_Pyq_fadeIn\">com <\/span><span class=\"BZ_Pyq_fadeIn\">as <\/span><span class=\"BZ_Pyq_fadeIn\">autoridades, <\/span><span class=\"BZ_Pyq_fadeIn\">o <\/span><span class=\"BZ_Pyq_fadeIn\">cruzamento <\/span><span class=\"BZ_Pyq_fadeIn\">j\u00e1 <\/span><span class=\"BZ_Pyq_fadeIn\">vinha <\/span><span class=\"BZ_Pyq_fadeIn\">recebendo <\/span><span class=\"BZ_Pyq_fadeIn\">interven\u00e7\u00f5es <\/span><span class=\"BZ_Pyq_fadeIn\">para <\/span><span class=\"BZ_Pyq_fadeIn\">melhorar <\/span><span class=\"BZ_Pyq_fadeIn\">a <\/span><span class=\"BZ_Pyq_fadeIn\">seguran\u00e7a <\/span><span class=\"BZ_Pyq_fadeIn\">vi\u00e1ria. <\/span><span class=\"BZ_Pyq_fadeIn\">Entre <\/span><span class=\"BZ_Pyq_fadeIn\">as <\/span><span class=\"BZ_Pyq_fadeIn\">medidas <\/span><span class=\"BZ_Pyq_fadeIn\">adotadas <\/span><span class=\"BZ_Pyq_fadeIn\">est\u00e3o <\/span><span class=\"BZ_Pyq_fadeIn\">a <\/span><span class=\"BZ_Pyq_fadeIn\">revitaliza\u00e7\u00e3o <\/span><span class=\"BZ_Pyq_fadeIn\">da <\/span><span class=\"BZ_Pyq_fadeIn\">sinaliza\u00e7\u00e3o <\/span><span class=\"BZ_Pyq_fadeIn\">e <\/span><span class=\"BZ_Pyq_fadeIn\">a <\/span><span class=\"BZ_Pyq_fadeIn\">instala\u00e7\u00e3o <\/span><span class=\"BZ_Pyq_fadeIn\">de <\/span><span class=\"BZ_Pyq_fadeIn\">um <\/span><span class=\"BZ_Pyq_fadeIn\">quebra-<\/span><span class=\"BZ_Pyq_fadeIn\">molas, <\/span><span class=\"BZ_Pyq_fadeIn\">a\u00e7\u00f5es <\/span><span class=\"BZ_Pyq_fadeIn\">motivadas <\/span><span class=\"BZ_Pyq_fadeIn\">pelo <\/span><span class=\"BZ_Pyq_fadeIn\">hist\u00f3rico <\/span><span class=\"BZ_Pyq_fadeIn\">de <\/span><span class=\"BZ_Pyq_fadeIn\">ocorr\u00eancias <\/span><span class=\"BZ_Pyq_fadeIn\">na <\/span><span class=\"BZ_Pyq_fadeIn\">regi\u00e3o.<\/span><\/p>\n<p>Durante a blitz, os agentes abordaram motoristas, conversaram sobre comportamentos seguros no tr\u00e2nsito e distribu\u00edram materiais educativos. A diretora de Planejamento e Mobilidade da Secretaria de Transportes e Mobilidade, Ana Cl\u00e1udia Bitencourt, explicou:<\/p>\n<blockquote><p>\u201cA gente aborda os ve\u00edculos, conversa com o pessoal, entrega o material educativo e fala da import\u00e2ncia da aten\u00e7\u00e3o no cruzamento, da placa de pare e do uso do celular, que \u00e9 um dos grandes motivos do sinistro de tr\u00e2nsito\u201d, afirmou.<\/p><\/blockquote>\n<p>O agente de tr\u00e2nsito Maico Rufatto destacou que o ponto j\u00e1 vinha sendo monitorado por conta do hist\u00f3rico de acidentes:<\/p>\n<blockquote><p>\u201cH\u00e1 pouco tempo foi revitalizada a sinaliza\u00e7\u00e3o aqui e foi instalado at\u00e9 um quebra-mola, porque nessa regi\u00e3o ocorriam muitos acidentes. Inclusive na semana passada tivemos o atropelamento do ciclista, que estava se deslocando para o trabalho e um ve\u00edculo na contram\u00e3o acabou colidindo nele e ele veio a \u00f3bito.\u201d<\/p><\/blockquote>\n<p>Morador do bairro e empres\u00e1rio, Antonio Gobbi tamb\u00e9m comentou sobre a import\u00e2ncia da conscientiza\u00e7\u00e3o no tr\u00e2nsito:<\/p>\n<blockquote><p>\u201cAs pessoas se consideram muito protegidas dentro do carro. Acham que tem airbag, tem cinto, mas isso n\u00e3o garante a preserva\u00e7\u00e3o da vida nem de quem est\u00e1 dentro do carro, nem do transeunte. O tr\u00e2nsito \u00e9 educa\u00e7\u00e3o e multar, se for o caso, n\u00e3o \u00e9 problema. Tem que educar. As pessoas entram no carro e perdem completamente a no\u00e7\u00e3o de onde est\u00e3o e da responsabilidade que t\u00eam.\u201d<\/p><\/blockquote>\n","protected":false},"excerpt":{"rendered":"<p>Motoristas que passavam pelo cruzamento das ruas 11 de Junho e Tamoio, no bairro Niter\u00f3i, em Canoas, foram abordados na tarde da \u00faltima quarta-feira (11) durante uma blitz educativa promovida pela Pol\u00edcia de Tr\u00e2nsito de Canoas. A a\u00e7\u00e3o teve como principal objetivo orientar os condutores sobre a import\u00e2ncia de respeitar as normas de tr\u00e2nsito e [&hellip;]<\/p>\n","protected":false},"author":2,"featured_media":39536,"comment_status":"open","ping_status":"open","sticky":false,"template":"","format":"standard","meta":{"amp_status":"","footnotes":""},"categories":[3416],"tags":[1062,31,190,5035],"class_list":["post-39535","post","type-post","status-publish","format-standard","has-post-thumbnail","hentry","category-mobilidade","tag-bairro-niteroi","tag-canoas","tag-featured","tag-policia-de-transito"],"yoast_head":"<!-- This site is optimized with the Yoast SEO plugin v20.5 - https:\/\/yoast.com\/wordpress\/plugins\/seo\/ -->\n<title>Pol\u00edcia de Tr\u00e2nsito realiza blitz educativa em cruzamento do bairro Niter\u00f3i, em Canoas - O Timoneiro Jornal Canoas RS<\/title>\n<meta name=\"description\" content=\"Motoristas que passavam pelo cruzamento das ruas 11 de Junho e Tamoio, no bairro Niter\u00f3i, em Canoas, foram abordados na tarde da \u00faltima quarta-feira (11) durante uma blitz educativa promovida pela Pol\u00edcia de Tr\u00e2nsito de Canoas.\" \/>\n<meta name=\"robots\" content=\"index, follow, max-snippet:-1, max-image-preview:large, max-video-preview:-1\" \/>\n<link rel=\"canonical\" href=\"https:\/\/jornaltimoneiro.com.br\/index.php\/2026\/03\/13\/motoristas-de-canoas-blitz-no-bairro-niteroi\/\" \/>\n<meta property=\"og:locale\" content=\"pt_BR\" \/>\n<meta property=\"og:type\" content=\"article\" \/>\n<meta property=\"og:title\" content=\"Pol\u00edcia de Tr\u00e2nsito realiza blitz educativa em cruzamento do bairro Niter\u00f3i, em Canoas - O Timoneiro Jornal Canoas RS\" \/>\n<meta property=\"og:description\" content=\"Motoristas que passavam pelo cruzamento das ruas 11 de Junho e Tamoio, no bairro Niter\u00f3i, em Canoas, foram abordados na tarde da \u00faltima quarta-feira (11) durante uma blitz educativa promovida pela Pol\u00edcia de Tr\u00e2nsito de Canoas.\" \/>\n<meta property=\"og:url\" content=\"https:\/\/jornaltimoneiro.com.br\/index.php\/2026\/03\/13\/motoristas-de-canoas-blitz-no-bairro-niteroi\/\" \/>\n<meta property=\"og:site_name\" content=\"O Timoneiro Jornal Canoas RS\" \/>\n<meta property=\"article:publisher\" content=\"https:\/\/www.facebook.com\/jornaltimoneiro\" \/>\n<meta property=\"article:published_time\" content=\"2026-03-13T12:57:15+00:00\" \/>\n<meta property=\"og:image\" content=\"https:\/\/jornaltimoneiro.com.br\/wp-content\/uploads\/2026\/03\/RED-11-03-25-BLITZ-EDUCATIVA-JULIA-KRAUSPENHAR-7.jpg\" \/>\n\t<meta property=\"og:image:width\" content=\"2048\" \/>\n\t<meta property=\"og:image:height\" content=\"1365\" \/>\n\t<meta property=\"og:image:type\" content=\"image\/jpeg\" \/>\n<meta name=\"author\" content=\"Reda\u00e7\u00e3o\" \/>\n<meta name=\"twitter:card\" content=\"summary_large_image\" \/>\n<meta name=\"twitter:creator\" content=\"@_OTimoneiro\" \/>\n<meta name=\"twitter:site\" content=\"@_OTimoneiro\" \/>\n<meta name=\"twitter:label1\" content=\"Escrito por\" \/>\n\t<meta name=\"twitter:data1\" content=\"Reda\u00e7\u00e3o\" \/>\n\t<meta name=\"twitter:label2\" content=\"Est. tempo de leitura\" \/>\n\t<meta name=\"twitter:data2\" content=\"3 minutos\" \/>\n<script type=\"application\/ld+json\" class=\"yoast-schema-graph\">{\"@context\":\"https:\/\/schema.org\",\"@graph\":[{\"@type\":\"Article\",\"@id\":\"https:\/\/jornaltimoneiro.com.br\/index.php\/2026\/03\/13\/motoristas-de-canoas-blitz-no-bairro-niteroi\/#article\",\"isPartOf\":{\"@id\":\"https:\/\/jornaltimoneiro.com.br\/index.php\/2026\/03\/13\/motoristas-de-canoas-blitz-no-bairro-niteroi\/\"},\"author\":{\"name\":\"Reda\u00e7\u00e3o\",\"@id\":\"https:\/\/jornaltimoneiro.com.br\/#\/schema\/person\/f63482f1a02b1a9592707865e509ab40\"},\"headline\":\"Pol\u00edcia de Tr\u00e2nsito realiza blitz educativa em cruzamento do bairro Niter\u00f3i, em Canoas\",\"datePublished\":\"2026-03-13T12:57:15+00:00\",\"dateModified\":\"2026-03-13T12:57:15+00:00\",\"mainEntityOfPage\":{\"@id\":\"https:\/\/jornaltimoneiro.com.br\/index.php\/2026\/03\/13\/motoristas-de-canoas-blitz-no-bairro-niteroi\/\"},\"wordCount\":441,\"commentCount\":0,\"publisher\":{\"@id\":\"https:\/\/jornaltimoneiro.com.br\/#organization\"},\"keywords\":[\"bairro niter\u00f3i\",\"canoas\",\"featured\",\"Policia de transito\"],\"articleSection\":[\"Mobilidade\"],\"inLanguage\":\"pt-BR\",\"potentialAction\":[{\"@type\":\"CommentAction\",\"name\":\"Comment\",\"target\":[\"https:\/\/jornaltimoneiro.com.br\/index.php\/2026\/03\/13\/motoristas-de-canoas-blitz-no-bairro-niteroi\/#respond\"]}]},{\"@type\":\"WebPage\",\"@id\":\"https:\/\/jornaltimoneiro.com.br\/index.php\/2026\/03\/13\/motoristas-de-canoas-blitz-no-bairro-niteroi\/\",\"url\":\"https:\/\/jornaltimoneiro.com.br\/index.php\/2026\/03\/13\/motoristas-de-canoas-blitz-no-bairro-niteroi\/\",\"name\":\"Pol\u00edcia de Tr\u00e2nsito realiza blitz educativa em cruzamento do bairro Niter\u00f3i, em Canoas - O Timoneiro Jornal Canoas RS\",\"isPartOf\":{\"@id\":\"https:\/\/jornaltimoneiro.com.br\/#website\"},\"datePublished\":\"2026-03-13T12:57:15+00:00\",\"dateModified\":\"2026-03-13T12:57:15+00:00\",\"description\":\"Motoristas que passavam pelo cruzamento das ruas 11 de Junho e Tamoio, no bairro Niter\u00f3i, em Canoas, foram abordados na tarde da \u00faltima quarta-feira (11) durante uma blitz educativa promovida pela Pol\u00edcia de Tr\u00e2nsito de Canoas.\",\"breadcrumb\":{\"@id\":\"https:\/\/jornaltimoneiro.com.br\/index.php\/2026\/03\/13\/motoristas-de-canoas-blitz-no-bairro-niteroi\/#breadcrumb\"},\"inLanguage\":\"pt-BR\",\"potentialAction\":[{\"@type\":\"ReadAction\",\"target\":[\"https:\/\/jornaltimoneiro.com.br\/index.php\/2026\/03\/13\/motoristas-de-canoas-blitz-no-bairro-niteroi\/\"]}]},{\"@type\":\"BreadcrumbList\",\"@id\":\"https:\/\/jornaltimoneiro.com.br\/index.php\/2026\/03\/13\/motoristas-de-canoas-blitz-no-bairro-niteroi\/#breadcrumb\",\"itemListElement\":[{\"@type\":\"ListItem\",\"position\":1,\"name\":\"In\u00edcio\",\"item\":\"https:\/\/jornaltimoneiro.com.br\/\"},{\"@type\":\"ListItem\",\"position\":2,\"name\":\"Pol\u00edcia de Tr\u00e2nsito realiza blitz educativa em cruzamento do bairro Niter\u00f3i, em Canoas\"}]},{\"@type\":\"WebSite\",\"@id\":\"https:\/\/jornaltimoneiro.com.br\/#website\",\"url\":\"https:\/\/jornaltimoneiro.com.br\/\",\"name\":\"Jornal Timoneiro Canoas RS\",\"description\":\"Jornal O Timoneiro, o verdadeiro jornal de Canoas\",\"publisher\":{\"@id\":\"https:\/\/jornaltimoneiro.com.br\/#organization\"},\"potentialAction\":[{\"@type\":\"SearchAction\",\"target\":{\"@type\":\"EntryPoint\",\"urlTemplate\":\"https:\/\/jornaltimoneiro.com.br\/?s={search_term_string}\"},\"query-input\":\"required name=search_term_string\"}],\"inLanguage\":\"pt-BR\"},{\"@type\":\"Organization\",\"@id\":\"https:\/\/jornaltimoneiro.com.br\/#organization\",\"name\":\"Jornal Timoneiro Canoas RS\",\"url\":\"https:\/\/jornaltimoneiro.com.br\/\",\"logo\":{\"@type\":\"ImageObject\",\"inLanguage\":\"pt-BR\",\"@id\":\"https:\/\/jornaltimoneiro.com.br\/#\/schema\/logo\/image\/\",\"url\":\"https:\/\/jornaltimoneiro.com.br\/wp-content\/uploads\/2023\/03\/logonovo.png\",\"contentUrl\":\"https:\/\/jornaltimoneiro.com.br\/wp-content\/uploads\/2023\/03\/logonovo.png\",\"width\":\"469\",\"height\":\"171\",\"caption\":\"Jornal Timoneiro Canoas RS\"},\"image\":{\"@id\":\"https:\/\/jornaltimoneiro.com.br\/#\/schema\/logo\/image\/\"},\"sameAs\":[\"https:\/\/www.facebook.com\/jornaltimoneiro\",\"https:\/\/twitter.com\/_OTimoneiro\",\"https:\/\/www.instagram.com\/jornaltimoneirocanoas\/\",\"https:\/\/www.youtube.com\/@jornalotimoneiro7927\"]},{\"@type\":\"Person\",\"@id\":\"https:\/\/jornaltimoneiro.com.br\/#\/schema\/person\/f63482f1a02b1a9592707865e509ab40\",\"name\":\"Reda\u00e7\u00e3o\",\"image\":{\"@type\":\"ImageObject\",\"inLanguage\":\"pt-BR\",\"@id\":\"https:\/\/jornaltimoneiro.com.br\/#\/schema\/person\/image\/\",\"url\":\"https:\/\/jornaltimoneiro.com.br\/wp-content\/uploads\/2023\/03\/download.jpeg\",\"contentUrl\":\"https:\/\/jornaltimoneiro.com.br\/wp-content\/uploads\/2023\/03\/download.jpeg\",\"caption\":\"Reda\u00e7\u00e3o\"},\"url\":\"https:\/\/jornaltimoneiro.com.br\/index.php\/author\/simone-dutra\/\"}]}<\/script>\n<!-- \/ Yoast SEO plugin. -->","yoast_head_json":{"title":"Pol\u00edcia de Tr\u00e2nsito realiza blitz educativa em cruzamento do bairro Niter\u00f3i, em Canoas - O Timoneiro Jornal Canoas RS","description":"Motoristas que passavam pelo cruzamento das ruas 11 de Junho e Tamoio, no bairro Niter\u00f3i, em Canoas, foram abordados na tarde da \u00faltima quarta-feira (11) durante uma blitz educativa promovida pela Pol\u00edcia de Tr\u00e2nsito de Canoas.","robots":{"index":"index","follow":"follow","max-snippet":"max-snippet:-1","max-image-preview":"max-image-preview:large","max-video-preview":"max-video-preview:-1"},"canonical":"https:\/\/jornaltimoneiro.com.br\/index.php\/2026\/03\/13\/motoristas-de-canoas-blitz-no-bairro-niteroi\/","og_locale":"pt_BR","og_type":"article","og_title":"Pol\u00edcia de Tr\u00e2nsito realiza blitz educativa em cruzamento do bairro Niter\u00f3i, em Canoas - O Timoneiro Jornal Canoas RS","og_description":"Motoristas que passavam pelo cruzamento das ruas 11 de Junho e Tamoio, no bairro Niter\u00f3i, em Canoas, foram abordados na tarde da \u00faltima quarta-feira (11) durante uma blitz educativa promovida pela Pol\u00edcia de Tr\u00e2nsito de Canoas.","og_url":"https:\/\/jornaltimoneiro.com.br\/index.php\/2026\/03\/13\/motoristas-de-canoas-blitz-no-bairro-niteroi\/","og_site_name":"O Timoneiro Jornal Canoas RS","article_publisher":"https:\/\/www.facebook.com\/jornaltimoneiro","article_published_time":"2026-03-13T12:57:15+00:00","og_image":[{"width":"2048","height":"1365","url":"https:\/\/jornaltimoneiro.com.br\/wp-content\/uploads\/2026\/03\/RED-11-03-25-BLITZ-EDUCATIVA-JULIA-KRAUSPENHAR-7.jpg","type":"image\/jpeg"}],"author":"Reda\u00e7\u00e3o","twitter_card":"summary_large_image","twitter_creator":"@_OTimoneiro","twitter_site":"@_OTimoneiro","twitter_misc":{"Escrito por":"Reda\u00e7\u00e3o","Est. tempo de leitura":"3 minutos"},"schema":{"@context":"https:\/\/schema.org","@graph":[{"@type":"Article","@id":"https:\/\/jornaltimoneiro.com.br\/index.php\/2026\/03\/13\/motoristas-de-canoas-blitz-no-bairro-niteroi\/#article","isPartOf":{"@id":"https:\/\/jornaltimoneiro.com.br\/index.php\/2026\/03\/13\/motoristas-de-canoas-blitz-no-bairro-niteroi\/"},"author":{"name":"Reda\u00e7\u00e3o","@id":"https:\/\/jornaltimoneiro.com.br\/#\/schema\/person\/f63482f1a02b1a9592707865e509ab40"},"headline":"Pol\u00edcia de Tr\u00e2nsito realiza blitz educativa em cruzamento do bairro Niter\u00f3i, em Canoas","datePublished":"2026-03-13T12:57:15+00:00","dateModified":"2026-03-13T12:57:15+00:00","mainEntityOfPage":{"@id":"https:\/\/jornaltimoneiro.com.br\/index.php\/2026\/03\/13\/motoristas-de-canoas-blitz-no-bairro-niteroi\/"},"wordCount":441,"commentCount":0,"publisher":{"@id":"https:\/\/jornaltimoneiro.com.br\/#organization"},"keywords":["bairro niter\u00f3i","canoas","featured","Policia de transito"],"articleSection":["Mobilidade"],"inLanguage":"pt-BR","potentialAction":[{"@type":"CommentAction","name":"Comment","target":["https:\/\/jornaltimoneiro.com.br\/index.php\/2026\/03\/13\/motoristas-de-canoas-blitz-no-bairro-niteroi\/#respond"]}]},{"@type":"WebPage","@id":"https:\/\/jornaltimoneiro.com.br\/index.php\/2026\/03\/13\/motoristas-de-canoas-blitz-no-bairro-niteroi\/","url":"https:\/\/jornaltimoneiro.com.br\/index.php\/2026\/03\/13\/motoristas-de-canoas-blitz-no-bairro-niteroi\/","name":"Pol\u00edcia de Tr\u00e2nsito realiza blitz educativa em cruzamento do bairro Niter\u00f3i, em Canoas - O Timoneiro Jornal Canoas RS","isPartOf":{"@id":"https:\/\/jornaltimoneiro.com.br\/#website"},"datePublished":"2026-03-13T12:57:15+00:00","dateModified":"2026-03-13T12:57:15+00:00","description":"Motoristas que passavam pelo cruzamento das ruas 11 de Junho e Tamoio, no bairro Niter\u00f3i, em Canoas, foram abordados na tarde da \u00faltima quarta-feira (11) durante uma blitz educativa promovida pela Pol\u00edcia de Tr\u00e2nsito de Canoas.","breadcrumb":{"@id":"https:\/\/jornaltimoneiro.com.br\/index.php\/2026\/03\/13\/motoristas-de-canoas-blitz-no-bairro-niteroi\/#breadcrumb"},"inLanguage":"pt-BR","potentialAction":[{"@type":"ReadAction","target":["https:\/\/jornaltimoneiro.com.br\/index.php\/2026\/03\/13\/motoristas-de-canoas-blitz-no-bairro-niteroi\/"]}]},{"@type":"BreadcrumbList","@id":"https:\/\/jornaltimoneiro.com.br\/index.php\/2026\/03\/13\/motoristas-de-canoas-blitz-no-bairro-niteroi\/#breadcrumb","itemListElement":[{"@type":"ListItem","position":1,"name":"In\u00edcio","item":"https:\/\/jornaltimoneiro.com.br\/"},{"@type":"ListItem","position":2,"name":"Pol\u00edcia de Tr\u00e2nsito realiza blitz educativa em cruzamento do bairro Niter\u00f3i, em Canoas"}]},{"@type":"WebSite","@id":"https:\/\/jornaltimoneiro.com.br\/#website","url":"https:\/\/jornaltimoneiro.com.br\/","name":"Jornal Timoneiro Canoas RS","description":"Jornal O Timoneiro, o verdadeiro jornal de Canoas","publisher":{"@id":"https:\/\/jornaltimoneiro.com.br\/#organization"},"potentialAction":[{"@type":"SearchAction","target":{"@type":"EntryPoint","urlTemplate":"https:\/\/jornaltimoneiro.com.br\/?s={search_term_string}"},"query-input":"required name=search_term_string"}],"inLanguage":"pt-BR"},{"@type":"Organization","@id":"https:\/\/jornaltimoneiro.com.br\/#organization","name":"Jornal Timoneiro Canoas RS","url":"https:\/\/jornaltimoneiro.com.br\/","logo":{"@type":"ImageObject","inLanguage":"pt-BR","@id":"https:\/\/jornaltimoneiro.com.br\/#\/schema\/logo\/image\/","url":"https:\/\/jornaltimoneiro.com.br\/wp-content\/uploads\/2023\/03\/logonovo.png","contentUrl":"https:\/\/jornaltimoneiro.com.br\/wp-content\/uploads\/2023\/03\/logonovo.png","width":"469","height":"171","caption":"Jornal Timoneiro Canoas RS"},"image":{"@id":"https:\/\/jornaltimoneiro.com.br\/#\/schema\/logo\/image\/"},"sameAs":["https:\/\/www.facebook.com\/jornaltimoneiro","https:\/\/twitter.com\/_OTimoneiro","https:\/\/www.instagram.com\/jornaltimoneirocanoas\/","https:\/\/www.youtube.com\/@jornalotimoneiro7927"]},{"@type":"Person","@id":"https:\/\/jornaltimoneiro.com.br\/#\/schema\/person\/f63482f1a02b1a9592707865e509ab40","name":"Reda\u00e7\u00e3o","image":{"@type":"ImageObject","inLanguage":"pt-BR","@id":"https:\/\/jornaltimoneiro.com.br\/#\/schema\/person\/image\/","url":"https:\/\/jornaltimoneiro.com.br\/wp-content\/uploads\/2023\/03\/download.jpeg","contentUrl":"https:\/\/jornaltimoneiro.com.br\/wp-content\/uploads\/2023\/03\/download.jpeg","caption":"Reda\u00e7\u00e3o"},"url":"https:\/\/jornaltimoneiro.com.br\/index.php\/author\/simone-dutra\/"}]}},"_links":{"self":[{"href":"https:\/\/jornaltimoneiro.com.br\/index.php\/wp-json\/wp\/v2\/posts\/39535"}],"collection":[{"href":"https:\/\/jornaltimoneiro.com.br\/index.php\/wp-json\/wp\/v2\/posts"}],"about":[{"href":"https:\/\/jornaltimoneiro.com.br\/index.php\/wp-json\/wp\/v2\/types\/post"}],"author":[{"embeddable":true,"href":"https:\/\/jornaltimoneiro.com.br\/index.php\/wp-json\/wp\/v2\/users\/2"}],"replies":[{"embeddable":true,"href":"https:\/\/jornaltimoneiro.com.br\/index.php\/wp-json\/wp\/v2\/comments?post=39535"}],"version-history":[{"count":1,"href":"https:\/\/jornaltimoneiro.com.br\/index.php\/wp-json\/wp\/v2\/posts\/39535\/revisions"}],"predecessor-version":[{"id":39537,"href":"https:\/\/jornaltimoneiro.com.br\/index.php\/wp-json\/wp\/v2\/posts\/39535\/revisions\/39537"}],"wp:featuredmedia":[{"embeddable":true,"href":"https:\/\/jornaltimoneiro.com.br\/index.php\/wp-json\/wp\/v2\/media\/39536"}],"wp:attachment":[{"href":"https:\/\/jornaltimoneiro.com.br\/index.php\/wp-json\/wp\/v2\/media?parent=39535"}],"wp:term":[{"taxonomy":"category","embeddable":true,"href":"https:\/\/jornaltimoneiro.com.br\/index.php\/wp-json\/wp\/v2\/categories?post=39535"},{"taxonomy":"post_tag","embeddable":true,"href":"https:\/\/jornaltimoneiro.com.br\/index.php\/wp-json\/wp\/v2\/tags?post=39535"}],"curies":[{"name":"wp","href":"https:\/\/api.w.org\/{rel}","templated":true}]}}