{"id":39532,"date":"2026-03-13T09:32:25","date_gmt":"2026-03-13T12:32:25","guid":{"rendered":"https:\/\/jornaltimoneiro.com.br\/?p=39532"},"modified":"2026-03-13T09:32:25","modified_gmt":"2026-03-13T12:32:25","slug":"primeira-sessao-vereador-mirim-canoas-18-marco","status":"publish","type":"post","link":"https:\/\/jornaltimoneiro.com.br\/index.php\/2026\/03\/13\/primeira-sessao-vereador-mirim-canoas-18-marco\/","title":{"rendered":"Vereadores mirins realizam primeira sess\u00e3o do ano na C\u00e2mara de Canoas na pr\u00f3xima quarta-feira"},"content":{"rendered":"<p>A C\u00e2mara Municipal de Canoas recebe, na pr\u00f3xima quarta-feira, 18, a primeira sess\u00e3o do ano do projeto Vereador Mirim. A atividade est\u00e1 marcada para as 13h30, no plen\u00e1rio do Legislativo.<\/p>\n<p>Participam da sess\u00e3o os 21 vereadores mirins eleitos em junho de 2025, al\u00e9m de oito suplentes. Os estudantes devem se reunir mensalmente at\u00e9 dezembro deste ano, quando termina o mandato.<\/p>\n<p>A iniciativa envolve alunos do s\u00e9timo e oitavo ano das escolas municipais Assis Brasil, Monteiro Lobato, Guajuviras, Edgar Fontoura, Castelo Branco, Jo\u00e3o Palma, Leonel Brizola e Duque de Caxias. O projeto re\u00fane estudantes dessas institui\u00e7\u00f5es em atividades no Legislativo ao longo do ano.<\/p>\n","protected":false},"excerpt":{"rendered":"<p>A C\u00e2mara Municipal de Canoas recebe, na pr\u00f3xima quarta-feira, 18, a primeira sess\u00e3o do ano do projeto Vereador Mirim. A atividade est\u00e1 marcada para as 13h30, no plen\u00e1rio do Legislativo. Participam da sess\u00e3o os 21 vereadores mirins eleitos em junho de 2025, al\u00e9m de oito suplentes. Os estudantes devem se reunir mensalmente at\u00e9 dezembro deste [&hellip;]<\/p>\n","protected":false},"author":2,"featured_media":39533,"comment_status":"open","ping_status":"open","sticky":false,"template":"","format":"standard","meta":{"amp_status":"","footnotes":""},"categories":[2210],"tags":[31,64,190,5041],"class_list":["post-39532","post","type-post","status-publish","format-standard","has-post-thumbnail","hentry","category-educacao","tag-canoas","tag-educacao","tag-featured","tag-vereadores-mirins"],"yoast_head":"<!-- This site is optimized with the Yoast SEO plugin v20.5 - https:\/\/yoast.com\/wordpress\/plugins\/seo\/ -->\n<title>Vereadores mirins realizam primeira sess\u00e3o do ano na C\u00e2mara de Canoas na pr\u00f3xima quarta-feira - O Timoneiro Jornal Canoas RS<\/title>\n<meta name=\"description\" content=\"Primeira sess\u00e3o do projeto Vereador Mirim de Canoas acontece na quarta-feira, 18, \u00e0s 13h30, na C\u00e2mara Municipal, com a participa\u00e7\u00e3o de 21 estudantes eleitos.\" \/>\n<meta name=\"robots\" content=\"index, follow, max-snippet:-1, max-image-preview:large, max-video-preview:-1\" \/>\n<link rel=\"canonical\" href=\"https:\/\/jornaltimoneiro.com.br\/index.php\/2026\/03\/13\/primeira-sessao-vereador-mirim-canoas-18-marco\/\" \/>\n<meta property=\"og:locale\" content=\"pt_BR\" \/>\n<meta property=\"og:type\" content=\"article\" \/>\n<meta property=\"og:title\" content=\"Vereadores mirins realizam primeira sess\u00e3o do ano na C\u00e2mara de Canoas na pr\u00f3xima quarta-feira - O Timoneiro Jornal Canoas RS\" \/>\n<meta property=\"og:description\" content=\"Primeira sess\u00e3o do projeto Vereador Mirim de Canoas acontece na quarta-feira, 18, \u00e0s 13h30, na C\u00e2mara Municipal, com a participa\u00e7\u00e3o de 21 estudantes eleitos.\" \/>\n<meta property=\"og:url\" content=\"https:\/\/jornaltimoneiro.com.br\/index.php\/2026\/03\/13\/primeira-sessao-vereador-mirim-canoas-18-marco\/\" \/>\n<meta property=\"og:site_name\" content=\"O Timoneiro Jornal Canoas RS\" \/>\n<meta property=\"article:publisher\" content=\"https:\/\/www.facebook.com\/jornaltimoneiro\" \/>\n<meta property=\"article:published_time\" content=\"2026-03-13T12:32:25+00:00\" \/>\n<meta property=\"og:image\" content=\"https:\/\/jornaltimoneiro.com.br\/wp-content\/uploads\/2026\/03\/10-12-25-ENCERRAMENTO-VEREADOR-MIRIM-JULIA-KRAUSPENHAR-15-scaled-1.jpg\" \/>\n\t<meta property=\"og:image:width\" content=\"2560\" \/>\n\t<meta property=\"og:image:height\" content=\"1707\" \/>\n\t<meta property=\"og:image:type\" content=\"image\/jpeg\" \/>\n<meta name=\"author\" content=\"Reda\u00e7\u00e3o\" \/>\n<meta name=\"twitter:card\" content=\"summary_large_image\" \/>\n<meta name=\"twitter:creator\" content=\"@_OTimoneiro\" \/>\n<meta name=\"twitter:site\" content=\"@_OTimoneiro\" \/>\n<meta name=\"twitter:label1\" content=\"Escrito por\" \/>\n\t<meta name=\"twitter:data1\" content=\"Reda\u00e7\u00e3o\" \/>\n\t<meta name=\"twitter:label2\" content=\"Est. tempo de leitura\" \/>\n\t<meta name=\"twitter:data2\" content=\"1 minuto\" \/>\n<script type=\"application\/ld+json\" class=\"yoast-schema-graph\">{\"@context\":\"https:\/\/schema.org\",\"@graph\":[{\"@type\":\"Article\",\"@id\":\"https:\/\/jornaltimoneiro.com.br\/index.php\/2026\/03\/13\/primeira-sessao-vereador-mirim-canoas-18-marco\/#article\",\"isPartOf\":{\"@id\":\"https:\/\/jornaltimoneiro.com.br\/index.php\/2026\/03\/13\/primeira-sessao-vereador-mirim-canoas-18-marco\/\"},\"author\":{\"name\":\"Reda\u00e7\u00e3o\",\"@id\":\"https:\/\/jornaltimoneiro.com.br\/#\/schema\/person\/f63482f1a02b1a9592707865e509ab40\"},\"headline\":\"Vereadores mirins realizam primeira sess\u00e3o do ano na C\u00e2mara de Canoas na pr\u00f3xima quarta-feira\",\"datePublished\":\"2026-03-13T12:32:25+00:00\",\"dateModified\":\"2026-03-13T12:32:25+00:00\",\"mainEntityOfPage\":{\"@id\":\"https:\/\/jornaltimoneiro.com.br\/index.php\/2026\/03\/13\/primeira-sessao-vereador-mirim-canoas-18-marco\/\"},\"wordCount\":127,\"commentCount\":0,\"publisher\":{\"@id\":\"https:\/\/jornaltimoneiro.com.br\/#organization\"},\"keywords\":[\"canoas\",\"Educa\u00e7\u00e3o\",\"featured\",\"Vereadores Mirins\"],\"articleSection\":[\"Educa\u00e7\u00e3o\"],\"inLanguage\":\"pt-BR\",\"potentialAction\":[{\"@type\":\"CommentAction\",\"name\":\"Comment\",\"target\":[\"https:\/\/jornaltimoneiro.com.br\/index.php\/2026\/03\/13\/primeira-sessao-vereador-mirim-canoas-18-marco\/#respond\"]}]},{\"@type\":\"WebPage\",\"@id\":\"https:\/\/jornaltimoneiro.com.br\/index.php\/2026\/03\/13\/primeira-sessao-vereador-mirim-canoas-18-marco\/\",\"url\":\"https:\/\/jornaltimoneiro.com.br\/index.php\/2026\/03\/13\/primeira-sessao-vereador-mirim-canoas-18-marco\/\",\"name\":\"Vereadores mirins realizam primeira sess\u00e3o do ano na C\u00e2mara de Canoas na pr\u00f3xima quarta-feira - O Timoneiro Jornal Canoas RS\",\"isPartOf\":{\"@id\":\"https:\/\/jornaltimoneiro.com.br\/#website\"},\"datePublished\":\"2026-03-13T12:32:25+00:00\",\"dateModified\":\"2026-03-13T12:32:25+00:00\",\"description\":\"Primeira sess\u00e3o do projeto Vereador Mirim de Canoas acontece na quarta-feira, 18, \u00e0s 13h30, na C\u00e2mara Municipal, com a participa\u00e7\u00e3o de 21 estudantes eleitos.\",\"breadcrumb\":{\"@id\":\"https:\/\/jornaltimoneiro.com.br\/index.php\/2026\/03\/13\/primeira-sessao-vereador-mirim-canoas-18-marco\/#breadcrumb\"},\"inLanguage\":\"pt-BR\",\"potentialAction\":[{\"@type\":\"ReadAction\",\"target\":[\"https:\/\/jornaltimoneiro.com.br\/index.php\/2026\/03\/13\/primeira-sessao-vereador-mirim-canoas-18-marco\/\"]}]},{\"@type\":\"BreadcrumbList\",\"@id\":\"https:\/\/jornaltimoneiro.com.br\/index.php\/2026\/03\/13\/primeira-sessao-vereador-mirim-canoas-18-marco\/#breadcrumb\",\"itemListElement\":[{\"@type\":\"ListItem\",\"position\":1,\"name\":\"In\u00edcio\",\"item\":\"https:\/\/jornaltimoneiro.com.br\/\"},{\"@type\":\"ListItem\",\"position\":2,\"name\":\"Vereadores mirins realizam primeira sess\u00e3o do ano na C\u00e2mara de Canoas na pr\u00f3xima quarta-feira\"}]},{\"@type\":\"WebSite\",\"@id\":\"https:\/\/jornaltimoneiro.com.br\/#website\",\"url\":\"https:\/\/jornaltimoneiro.com.br\/\",\"name\":\"Jornal Timoneiro Canoas RS\",\"description\":\"Jornal O Timoneiro, o verdadeiro jornal de Canoas\",\"publisher\":{\"@id\":\"https:\/\/jornaltimoneiro.com.br\/#organization\"},\"potentialAction\":[{\"@type\":\"SearchAction\",\"target\":{\"@type\":\"EntryPoint\",\"urlTemplate\":\"https:\/\/jornaltimoneiro.com.br\/?s={search_term_string}\"},\"query-input\":\"required name=search_term_string\"}],\"inLanguage\":\"pt-BR\"},{\"@type\":\"Organization\",\"@id\":\"https:\/\/jornaltimoneiro.com.br\/#organization\",\"name\":\"Jornal Timoneiro Canoas RS\",\"url\":\"https:\/\/jornaltimoneiro.com.br\/\",\"logo\":{\"@type\":\"ImageObject\",\"inLanguage\":\"pt-BR\",\"@id\":\"https:\/\/jornaltimoneiro.com.br\/#\/schema\/logo\/image\/\",\"url\":\"https:\/\/jornaltimoneiro.com.br\/wp-content\/uploads\/2023\/03\/logonovo.png\",\"contentUrl\":\"https:\/\/jornaltimoneiro.com.br\/wp-content\/uploads\/2023\/03\/logonovo.png\",\"width\":\"469\",\"height\":\"171\",\"caption\":\"Jornal Timoneiro Canoas RS\"},\"image\":{\"@id\":\"https:\/\/jornaltimoneiro.com.br\/#\/schema\/logo\/image\/\"},\"sameAs\":[\"https:\/\/www.facebook.com\/jornaltimoneiro\",\"https:\/\/twitter.com\/_OTimoneiro\",\"https:\/\/www.instagram.com\/jornaltimoneirocanoas\/\",\"https:\/\/www.youtube.com\/@jornalotimoneiro7927\"]},{\"@type\":\"Person\",\"@id\":\"https:\/\/jornaltimoneiro.com.br\/#\/schema\/person\/f63482f1a02b1a9592707865e509ab40\",\"name\":\"Reda\u00e7\u00e3o\",\"image\":{\"@type\":\"ImageObject\",\"inLanguage\":\"pt-BR\",\"@id\":\"https:\/\/jornaltimoneiro.com.br\/#\/schema\/person\/image\/\",\"url\":\"https:\/\/jornaltimoneiro.com.br\/wp-content\/uploads\/2023\/03\/download.jpeg\",\"contentUrl\":\"https:\/\/jornaltimoneiro.com.br\/wp-content\/uploads\/2023\/03\/download.jpeg\",\"caption\":\"Reda\u00e7\u00e3o\"},\"url\":\"https:\/\/jornaltimoneiro.com.br\/index.php\/author\/simone-dutra\/\"}]}<\/script>\n<!-- \/ Yoast SEO plugin. -->","yoast_head_json":{"title":"Vereadores mirins realizam primeira sess\u00e3o do ano na C\u00e2mara de Canoas na pr\u00f3xima quarta-feira - O Timoneiro Jornal Canoas RS","description":"Primeira sess\u00e3o do projeto Vereador Mirim de Canoas acontece na quarta-feira, 18, \u00e0s 13h30, na C\u00e2mara Municipal, com a participa\u00e7\u00e3o de 21 estudantes eleitos.","robots":{"index":"index","follow":"follow","max-snippet":"max-snippet:-1","max-image-preview":"max-image-preview:large","max-video-preview":"max-video-preview:-1"},"canonical":"https:\/\/jornaltimoneiro.com.br\/index.php\/2026\/03\/13\/primeira-sessao-vereador-mirim-canoas-18-marco\/","og_locale":"pt_BR","og_type":"article","og_title":"Vereadores mirins realizam primeira sess\u00e3o do ano na C\u00e2mara de Canoas na pr\u00f3xima quarta-feira - O Timoneiro Jornal Canoas RS","og_description":"Primeira sess\u00e3o do projeto Vereador Mirim de Canoas acontece na quarta-feira, 18, \u00e0s 13h30, na C\u00e2mara Municipal, com a participa\u00e7\u00e3o de 21 estudantes eleitos.","og_url":"https:\/\/jornaltimoneiro.com.br\/index.php\/2026\/03\/13\/primeira-sessao-vereador-mirim-canoas-18-marco\/","og_site_name":"O Timoneiro Jornal Canoas RS","article_publisher":"https:\/\/www.facebook.com\/jornaltimoneiro","article_published_time":"2026-03-13T12:32:25+00:00","og_image":[{"width":"2560","height":"1707","url":"https:\/\/jornaltimoneiro.com.br\/wp-content\/uploads\/2026\/03\/10-12-25-ENCERRAMENTO-VEREADOR-MIRIM-JULIA-KRAUSPENHAR-15-scaled-1.jpg","type":"image\/jpeg"}],"author":"Reda\u00e7\u00e3o","twitter_card":"summary_large_image","twitter_creator":"@_OTimoneiro","twitter_site":"@_OTimoneiro","twitter_misc":{"Escrito por":"Reda\u00e7\u00e3o","Est. tempo de leitura":"1 minuto"},"schema":{"@context":"https:\/\/schema.org","@graph":[{"@type":"Article","@id":"https:\/\/jornaltimoneiro.com.br\/index.php\/2026\/03\/13\/primeira-sessao-vereador-mirim-canoas-18-marco\/#article","isPartOf":{"@id":"https:\/\/jornaltimoneiro.com.br\/index.php\/2026\/03\/13\/primeira-sessao-vereador-mirim-canoas-18-marco\/"},"author":{"name":"Reda\u00e7\u00e3o","@id":"https:\/\/jornaltimoneiro.com.br\/#\/schema\/person\/f63482f1a02b1a9592707865e509ab40"},"headline":"Vereadores mirins realizam primeira sess\u00e3o do ano na C\u00e2mara de Canoas na pr\u00f3xima quarta-feira","datePublished":"2026-03-13T12:32:25+00:00","dateModified":"2026-03-13T12:32:25+00:00","mainEntityOfPage":{"@id":"https:\/\/jornaltimoneiro.com.br\/index.php\/2026\/03\/13\/primeira-sessao-vereador-mirim-canoas-18-marco\/"},"wordCount":127,"commentCount":0,"publisher":{"@id":"https:\/\/jornaltimoneiro.com.br\/#organization"},"keywords":["canoas","Educa\u00e7\u00e3o","featured","Vereadores Mirins"],"articleSection":["Educa\u00e7\u00e3o"],"inLanguage":"pt-BR","potentialAction":[{"@type":"CommentAction","name":"Comment","target":["https:\/\/jornaltimoneiro.com.br\/index.php\/2026\/03\/13\/primeira-sessao-vereador-mirim-canoas-18-marco\/#respond"]}]},{"@type":"WebPage","@id":"https:\/\/jornaltimoneiro.com.br\/index.php\/2026\/03\/13\/primeira-sessao-vereador-mirim-canoas-18-marco\/","url":"https:\/\/jornaltimoneiro.com.br\/index.php\/2026\/03\/13\/primeira-sessao-vereador-mirim-canoas-18-marco\/","name":"Vereadores mirins realizam primeira sess\u00e3o do ano na C\u00e2mara de Canoas na pr\u00f3xima quarta-feira - O Timoneiro Jornal Canoas RS","isPartOf":{"@id":"https:\/\/jornaltimoneiro.com.br\/#website"},"datePublished":"2026-03-13T12:32:25+00:00","dateModified":"2026-03-13T12:32:25+00:00","description":"Primeira sess\u00e3o do projeto Vereador Mirim de Canoas acontece na quarta-feira, 18, \u00e0s 13h30, na C\u00e2mara Municipal, com a participa\u00e7\u00e3o de 21 estudantes eleitos.","breadcrumb":{"@id":"https:\/\/jornaltimoneiro.com.br\/index.php\/2026\/03\/13\/primeira-sessao-vereador-mirim-canoas-18-marco\/#breadcrumb"},"inLanguage":"pt-BR","potentialAction":[{"@type":"ReadAction","target":["https:\/\/jornaltimoneiro.com.br\/index.php\/2026\/03\/13\/primeira-sessao-vereador-mirim-canoas-18-marco\/"]}]},{"@type":"BreadcrumbList","@id":"https:\/\/jornaltimoneiro.com.br\/index.php\/2026\/03\/13\/primeira-sessao-vereador-mirim-canoas-18-marco\/#breadcrumb","itemListElement":[{"@type":"ListItem","position":1,"name":"In\u00edcio","item":"https:\/\/jornaltimoneiro.com.br\/"},{"@type":"ListItem","position":2,"name":"Vereadores mirins realizam primeira sess\u00e3o do ano na C\u00e2mara de Canoas na pr\u00f3xima quarta-feira"}]},{"@type":"WebSite","@id":"https:\/\/jornaltimoneiro.com.br\/#website","url":"https:\/\/jornaltimoneiro.com.br\/","name":"Jornal Timoneiro Canoas RS","description":"Jornal O Timoneiro, o verdadeiro jornal de Canoas","publisher":{"@id":"https:\/\/jornaltimoneiro.com.br\/#organization"},"potentialAction":[{"@type":"SearchAction","target":{"@type":"EntryPoint","urlTemplate":"https:\/\/jornaltimoneiro.com.br\/?s={search_term_string}"},"query-input":"required name=search_term_string"}],"inLanguage":"pt-BR"},{"@type":"Organization","@id":"https:\/\/jornaltimoneiro.com.br\/#organization","name":"Jornal Timoneiro Canoas RS","url":"https:\/\/jornaltimoneiro.com.br\/","logo":{"@type":"ImageObject","inLanguage":"pt-BR","@id":"https:\/\/jornaltimoneiro.com.br\/#\/schema\/logo\/image\/","url":"https:\/\/jornaltimoneiro.com.br\/wp-content\/uploads\/2023\/03\/logonovo.png","contentUrl":"https:\/\/jornaltimoneiro.com.br\/wp-content\/uploads\/2023\/03\/logonovo.png","width":"469","height":"171","caption":"Jornal Timoneiro Canoas RS"},"image":{"@id":"https:\/\/jornaltimoneiro.com.br\/#\/schema\/logo\/image\/"},"sameAs":["https:\/\/www.facebook.com\/jornaltimoneiro","https:\/\/twitter.com\/_OTimoneiro","https:\/\/www.instagram.com\/jornaltimoneirocanoas\/","https:\/\/www.youtube.com\/@jornalotimoneiro7927"]},{"@type":"Person","@id":"https:\/\/jornaltimoneiro.com.br\/#\/schema\/person\/f63482f1a02b1a9592707865e509ab40","name":"Reda\u00e7\u00e3o","image":{"@type":"ImageObject","inLanguage":"pt-BR","@id":"https:\/\/jornaltimoneiro.com.br\/#\/schema\/person\/image\/","url":"https:\/\/jornaltimoneiro.com.br\/wp-content\/uploads\/2023\/03\/download.jpeg","contentUrl":"https:\/\/jornaltimoneiro.com.br\/wp-content\/uploads\/2023\/03\/download.jpeg","caption":"Reda\u00e7\u00e3o"},"url":"https:\/\/jornaltimoneiro.com.br\/index.php\/author\/simone-dutra\/"}]}},"_links":{"self":[{"href":"https:\/\/jornaltimoneiro.com.br\/index.php\/wp-json\/wp\/v2\/posts\/39532"}],"collection":[{"href":"https:\/\/jornaltimoneiro.com.br\/index.php\/wp-json\/wp\/v2\/posts"}],"about":[{"href":"https:\/\/jornaltimoneiro.com.br\/index.php\/wp-json\/wp\/v2\/types\/post"}],"author":[{"embeddable":true,"href":"https:\/\/jornaltimoneiro.com.br\/index.php\/wp-json\/wp\/v2\/users\/2"}],"replies":[{"embeddable":true,"href":"https:\/\/jornaltimoneiro.com.br\/index.php\/wp-json\/wp\/v2\/comments?post=39532"}],"version-history":[{"count":1,"href":"https:\/\/jornaltimoneiro.com.br\/index.php\/wp-json\/wp\/v2\/posts\/39532\/revisions"}],"predecessor-version":[{"id":39534,"href":"https:\/\/jornaltimoneiro.com.br\/index.php\/wp-json\/wp\/v2\/posts\/39532\/revisions\/39534"}],"wp:featuredmedia":[{"embeddable":true,"href":"https:\/\/jornaltimoneiro.com.br\/index.php\/wp-json\/wp\/v2\/media\/39533"}],"wp:attachment":[{"href":"https:\/\/jornaltimoneiro.com.br\/index.php\/wp-json\/wp\/v2\/media?parent=39532"}],"wp:term":[{"taxonomy":"category","embeddable":true,"href":"https:\/\/jornaltimoneiro.com.br\/index.php\/wp-json\/wp\/v2\/categories?post=39532"},{"taxonomy":"post_tag","embeddable":true,"href":"https:\/\/jornaltimoneiro.com.br\/index.php\/wp-json\/wp\/v2\/tags?post=39532"}],"curies":[{"name":"wp","href":"https:\/\/api.w.org\/{rel}","templated":true}]}}