{"id":39524,"date":"2026-03-12T13:49:35","date_gmt":"2026-03-12T16:49:35","guid":{"rendered":"https:\/\/jornaltimoneiro.com.br\/?p=39524"},"modified":"2026-03-12T13:49:35","modified_gmt":"2026-03-12T16:49:35","slug":"programa-partiu-futuro-reconstrucao-jovens-rs","status":"publish","type":"post","link":"https:\/\/jornaltimoneiro.com.br\/index.php\/2026\/03\/12\/programa-partiu-futuro-reconstrucao-jovens-rs\/","title":{"rendered":"Jovens do programa Partiu Futuro Reconstru\u00e7\u00e3o iniciam atividades pr\u00e1ticas em \u00f3rg\u00e3os p\u00fablicos no RS"},"content":{"rendered":"<p data-start=\"116\" data-end=\"415\">Para muitos jovens, o primeiro emprego representa a oportunidade de conquistar autonomia e iniciar a constru\u00e7\u00e3o do pr\u00f3prio futuro. No Rio Grande do Sul, participantes do Programa Partiu Futuro Reconstru\u00e7\u00e3o est\u00e3o dando os primeiros passos no mercado de trabalho com apoio e qualifica\u00e7\u00e3o profissional.<\/p>\n<p data-start=\"417\" data-end=\"686\">Nesta segunda edi\u00e7\u00e3o, o programa atende 2.785 jovens de 75 munic\u00edpios ga\u00fachos. Desse total, 1.840 s\u00e3o acompanhados pela Rede Nacional de Aprendizagem, Promo\u00e7\u00e3o Social e Integra\u00e7\u00e3o (Renapsi), por meio da tecnologia social Dem\u00e0 Aprendiz, presente em 30 cidades do estado.<\/p>\n<p data-start=\"688\" data-end=\"949\">A iniciativa \u00e9 realizada pelo Governo do Estado, por meio da Secretaria Estadual de Desenvolvimento Social (Sedes). \u00c0 Renapsi cabe a coordena\u00e7\u00e3o da forma\u00e7\u00e3o te\u00f3rica e o acompanhamento das atividades pr\u00e1ticas desenvolvidas pelos participantes em \u00f3rg\u00e3os p\u00fablicos.<\/p>\n<p data-start=\"951\" data-end=\"1161\">Ap\u00f3s uma etapa inicial de capacita\u00e7\u00e3o, os jovens passam a conciliar aulas te\u00f3ricas, realizadas uma vez por semana, com a pr\u00e1tica profissional em \u00f3rg\u00e3os estaduais e municipais, onde atuam quatro dias por semana.<\/p>\n<p data-start=\"1163\" data-end=\"1517\" data-is-last-node=\"\" data-is-only-node=\"\">Parte dos participantes j\u00e1 iniciou as atividades pr\u00e1ticas. \u00c9 o caso de Izabella D\u2019avila Antonelli, de 18 anos, moradora de Cachoeirinha. Desde fevereiro, ela atua no atendimento ao p\u00fablico e no agendamento de servi\u00e7os no Centro de Refer\u00eancia de Assist\u00eancia Social (CRAS) Anair, no munic\u00edpio. A jovem vive com a m\u00e3e e tr\u00eas irm\u00e3os no bairro Jardim Am\u00e9rica.<\/p>\n<p>A vaga marcou sua primeira experi\u00eancia com carteira assinada.<\/p>\n<blockquote><p>\u201cL\u00e1 em casa todo mundo ficou muito feliz. Eu nunca tinha trabalhado antes e estava at\u00e9 com receio no in\u00edcio, porque hoje em dia a gente fica desconfiado de ofertas de vagas na internet. Mas quando vi que o programa era s\u00e9rio, fiquei muito contente com a oportunidade\u201d, conta.<\/p><\/blockquote>\n<p>Al\u00e9m de ajudar na renda familiar, a jornada de quatro horas di\u00e1rias permite que Izabella continue estudando e se preparando para o vestibular, j\u00e1 que concluiu recentemente o ensino m\u00e9dio.<\/p>\n<blockquote><p>\u201cConsigo trabalhar e ainda ter tempo para estudar. Penso em fazer faculdade no futuro. J\u00e1 pensei em Administra\u00e7\u00e3o, Hist\u00f3ria, mas agora estou mais inclinada para a \u00e1rea de tecnologia, como Ci\u00eancias da Computa\u00e7\u00e3o ou Engenharia da Computa\u00e7\u00e3o\u201d, disse.<\/p><\/blockquote>\n<p>No CRAS, o contato direto com a comunidade tem sido um dos principais aprendizados.<\/p>\n<blockquote><p>\u201cA gente conhece muitas hist\u00f3rias e diferentes realidades. Isso nos faz entender melhor os direitos das pessoas e, tamb\u00e9m, perceber problemas que \u00e0s vezes est\u00e3o fora da nossa bolha.\u201d<\/p><\/blockquote>\n<p>Outro diferencial s\u00e3o as aulas te\u00f3ricas que acompanham a pr\u00e1tica profissional.<\/p>\n<blockquote><p>\u201cAprendemos coisas que parecem simples, mas que fazem muita diferen\u00e7a, como o pacote Office. Saber usar Word e Excel j\u00e1 abre muitas portas. No pr\u00f3prio trabalho eu j\u00e1 usei v\u00e1rias vezes\u201d, afirma. Em casa, o apoio da fam\u00edlia refor\u00e7a a motiva\u00e7\u00e3o. \u201cMinha m\u00e3e est\u00e1 muito feliz. Al\u00e9m do sal\u00e1rio, tem benef\u00edcios que ajudam bastante. Para n\u00f3s, \u00e9 uma grande conquista.\u201d<\/p><\/blockquote>\n<h4>Descobrindo novas habilidades<\/h4>\n<p>Em Viam\u00e3o, o estudante Kennedy Kau\u00e3 Cravo da Costa, de 15 anos, tamb\u00e9m vive a oportunidade do primeiro emprego por meio do Partiu Futuro Reconstru\u00e7\u00e3o. Aluno do primeiro ano do ensino m\u00e9dio, ele trabalha no atendimento ao p\u00fablico no CRAS do munic\u00edpio. Morando com a m\u00e3e, irm\u00e3os e um tio, Kennedy conta que nunca havia trabalhado antes, mas sempre participou de cursos incentivados pela fam\u00edlia.<\/p>\n<blockquote><p>\u201cMinha m\u00e3e sempre quis que eu me atualizasse para n\u00e3o ficar parado\u201d, diz.<\/p><\/blockquote>\n<p>A experi\u00eancia tem sido transformadora, principalmente no desenvolvimento pessoal. Para ele, a experi\u00eancia tem significado de aprendizado constante.<\/p>\n<blockquote><p>\u201cEu era muito quieto, ficava no canto e tinha vergonha de falar com as pessoas. Hoje j\u00e1 consigo me comunicar muito melhor, tanto com os colegas quanto com o p\u00fablico. Estou entendendo melhor o que \u00e9 trabalhar e como funciona o ambiente profissional\u201d, relata.<\/p><\/blockquote>\n<p>O estudante j\u00e1 projeta o futuro e acredita que o conhecimento adquirido agora pode abrir novos caminhos.<\/p>\n<blockquote><p>\u201cA \u00e1rea que eu mais gosto \u00e9 computa\u00e7\u00e3o. Aqui aprendi a usar programas como PowerPoint e Word, e isso me ajudou bastante. Eu gostaria de seguir nessa \u00e1rea mais para frente\u201d, afirma. Em casa, a conquista \u00e9 motivo de orgulho. \u201cMinha m\u00e3e est\u00e1 super feliz. Para mim est\u00e1 sendo \u00f3timo, tanto pelo curso e pelo trabalho quanto pelas coisas que a gente leva para a vida pessoal.\u201d<\/p><\/blockquote>\n<p><strong>Forma\u00e7\u00e3o pr\u00e1tica que prepara para o futuro<\/strong><\/p>\n<p>Para jovens como Izabella e Kennedy, a primeira experi\u00eancia no trabalho marca o in\u00edcio de uma trajet\u00f3ria de aprendizado, crescimento e novas oportunidades. Al\u00e9m de Cachoeirinha e Viam\u00e3o, os aprendizes do Partiu Futuro Reconstru\u00e7\u00e3o j\u00e1 iniciaram as atividades pr\u00e1ticas em munic\u00edpios como Canoas, S\u00e3o Jer\u00f4nimo, Triunfo, Montenegro, Bom Princ\u00edpio, Taquara e S\u00e3o Leopoldo.<\/p>\n<p>O diretor da Dem\u00e0, Eurico Meira da Costa, destaca que a combina\u00e7\u00e3o entre teoria e pr\u00e1tica \u00e9 um dos diferenciais do programa. Alinhado ao conceito de empregos verdes, o projeto estimula a consci\u00eancia ambiental, justi\u00e7a social e empoderamento econ\u00f4mico, preparando os participantes para atuar de forma respons\u00e1vel, sustent\u00e1vel e protagonista em seus territ\u00f3rios.<\/p>\n<blockquote><p>\u201cQuando o participante vivencia o ambiente de trabalho enquanto recebe forma\u00e7\u00e3o te\u00f3rica, ele consegue desenvolver compet\u00eancias profissionais e socioemocionais de forma muito mais completa. A pr\u00e1tica permite aplicar o que \u00e9 aprendido em sala de aula e fortalece a confian\u00e7a para que esses jovens construam seus projetos de vida e carreira\u201d, afirma Meira.<\/p><\/blockquote>\n<p>Para o titular da Secretaria de Desenvolvimento Social (Sedes), Beto Fantinel, o programa \u00e9 mais do que uma oportunidade de qualifica\u00e7\u00e3o e de inser\u00e7\u00e3o no mercado de trabalho, representa um caminho real de transforma\u00e7\u00e3o para muitos jovens.<\/p>\n<blockquote><p>\u201cQuando vemos hist\u00f3rias de estudantes que j\u00e1 come\u00e7aram suas atividades e est\u00e3o construindo novos projetos de vida, temos a confirma\u00e7\u00e3o de que investir na juventude \u00e9 investir no futuro do Rio Grande do Sul. Nosso objetivo \u00e9 justamente esse: abrir portas, gerar oportunidades e apoiar a reconstru\u00e7\u00e3o de trajet\u00f3rias depois de um per\u00edodo t\u00e3o desafiador para tantas fam\u00edlias\u201d, destacou.<\/p><\/blockquote>\n<p data-start=\"0\" data-end=\"359\">A iniciativa \u00e9 voltada a jovens entre 14 e 22 anos, egressos ou matriculados na rede p\u00fablica de ensino e inscritos no Cadastro \u00danico (Cad\u00danico). O p\u00fablico inclui estudantes que foram impactados pelas enchentes de maio de 2024 ou que residem em munic\u00edpios contemplados pelo programa. O contrato tem dura\u00e7\u00e3o de um ano e prev\u00ea carga hor\u00e1ria total de 1.040 horas.<\/p>\n<p data-start=\"361\" data-end=\"913\" data-is-last-node=\"\" data-is-only-node=\"\">Os participantes recebem bolsa-aux\u00edlio de R$ 894,52, equivalente a 50% do sal\u00e1rio m\u00ednimo regional, para uma jornada de 20 horas semanais. Tamb\u00e9m t\u00eam direito a vale-alimenta\u00e7\u00e3o de R$ 550 e vale-transporte, quando necess\u00e1rio. O programa garante registro na Carteira de Trabalho e Previd\u00eancia Social (CTPS) e acesso aos direitos trabalhistas previstos em lei, como FGTS, INSS, f\u00e9rias e 13\u00ba sal\u00e1rio. Al\u00e9m disso, os jovens contam com acompanhamento psicol\u00f3gico, orienta\u00e7\u00e3o jur\u00eddica, acesso \u00e0 telemedicina e refor\u00e7o escolar em l\u00edngua portuguesa e matem\u00e1tica.<\/p>\n<h4>Munic\u00edpios atendidos pela Renapsi no RS e n\u00famero de vagas<\/h4>\n<p>As cidades participantes nesta segunda edi\u00e7\u00e3o do programa s\u00e3o: Alvorada (20), Bom Princ\u00edpio (2), Cachoeirinha (6), Campo Bom (47), Canoas (177), Cap\u00e3o da Canoa (40), Charqueadas (10), Eldorado do Sul (77), Feliz (10), Gravata\u00ed (15), Gua\u00edba (50), Igrejinha (20), Montenegro (14), Nova Santa Rita (16), Novo Hamburgo (85), Parob\u00e9 (20), Pelotas (150), Porto Alegre (449), Rio Grande (150), Rolante (4), S\u00e3o Jer\u00f4nimo (30), S\u00e3o Jos\u00e9 do Norte (10), S\u00e3o Leopoldo (100), S\u00e3o Louren\u00e7o do Sul (39), S\u00e3o Sebasti\u00e3o do Ca\u00ed (4), Sapucaia do Sul (37), Taquara (38), Tramanda\u00ed (50), Triunfo (50) e Viam\u00e3o (120).<\/p>\n","protected":false},"excerpt":{"rendered":"<p>Para muitos jovens, o primeiro emprego representa a oportunidade de conquistar autonomia e iniciar a constru\u00e7\u00e3o do pr\u00f3prio futuro. No Rio Grande do Sul, participantes do Programa Partiu Futuro Reconstru\u00e7\u00e3o est\u00e3o dando os primeiros passos no mercado de trabalho com apoio e qualifica\u00e7\u00e3o profissional. Nesta segunda edi\u00e7\u00e3o, o programa atende 2.785 jovens de 75 munic\u00edpios [&hellip;]<\/p>\n","protected":false},"author":2,"featured_media":39525,"comment_status":"open","ping_status":"open","sticky":false,"template":"","format":"standard","meta":{"amp_status":"","footnotes":""},"categories":[4263],"tags":[4566,31,82,190,612,3755],"class_list":["post-39524","post","type-post","status-publish","format-standard","has-post-thumbnail","hentry","category-oportunidade","tag-aprendizes","tag-canoas","tag-emprego","tag-featured","tag-oportunidade","tag-programa-partiu-futuro-reconstrucao"],"yoast_head":"<!-- This site is optimized with the Yoast SEO plugin v20.5 - https:\/\/yoast.com\/wordpress\/plugins\/seo\/ -->\n<title>Jovens do programa Partiu Futuro Reconstru\u00e7\u00e3o iniciam atividades pr\u00e1ticas em \u00f3rg\u00e3os p\u00fablicos no RS - O Timoneiro Jornal Canoas RS<\/title>\n<meta name=\"description\" content=\"Jovens do Programa Partiu Futuro Reconstru\u00e7\u00e3o iniciam a pr\u00e1tica profissional em \u00f3rg\u00e3os p\u00fablicos ap\u00f3s etapa de capacita\u00e7\u00e3o no Rio Grande do Sul.\" \/>\n<meta name=\"robots\" content=\"index, follow, max-snippet:-1, max-image-preview:large, max-video-preview:-1\" \/>\n<link rel=\"canonical\" href=\"https:\/\/jornaltimoneiro.com.br\/index.php\/2026\/03\/12\/programa-partiu-futuro-reconstrucao-jovens-rs\/\" \/>\n<meta property=\"og:locale\" content=\"pt_BR\" \/>\n<meta property=\"og:type\" content=\"article\" \/>\n<meta property=\"og:title\" content=\"Jovens do programa Partiu Futuro Reconstru\u00e7\u00e3o iniciam atividades pr\u00e1ticas em \u00f3rg\u00e3os p\u00fablicos no RS - O Timoneiro Jornal Canoas RS\" \/>\n<meta property=\"og:description\" content=\"Jovens do Programa Partiu Futuro Reconstru\u00e7\u00e3o iniciam a pr\u00e1tica profissional em \u00f3rg\u00e3os p\u00fablicos ap\u00f3s etapa de capacita\u00e7\u00e3o no Rio Grande do Sul.\" \/>\n<meta property=\"og:url\" content=\"https:\/\/jornaltimoneiro.com.br\/index.php\/2026\/03\/12\/programa-partiu-futuro-reconstrucao-jovens-rs\/\" \/>\n<meta property=\"og:site_name\" content=\"O Timoneiro Jornal Canoas RS\" \/>\n<meta property=\"article:publisher\" content=\"https:\/\/www.facebook.com\/jornaltimoneiro\" \/>\n<meta property=\"article:published_time\" content=\"2026-03-12T16:49:35+00:00\" \/>\n<meta property=\"og:image\" content=\"https:\/\/jornaltimoneiro.com.br\/wp-content\/uploads\/2026\/03\/WhatsApp-Image-2026-03-12-at-12.39.25-1.jpeg\" \/>\n\t<meta property=\"og:image:width\" content=\"1280\" \/>\n\t<meta property=\"og:image:height\" content=\"960\" \/>\n\t<meta property=\"og:image:type\" content=\"image\/jpeg\" \/>\n<meta name=\"author\" content=\"Reda\u00e7\u00e3o\" \/>\n<meta name=\"twitter:card\" content=\"summary_large_image\" \/>\n<meta name=\"twitter:creator\" content=\"@_OTimoneiro\" \/>\n<meta name=\"twitter:site\" content=\"@_OTimoneiro\" \/>\n<meta name=\"twitter:label1\" content=\"Escrito por\" \/>\n\t<meta name=\"twitter:data1\" content=\"Reda\u00e7\u00e3o\" \/>\n\t<meta name=\"twitter:label2\" content=\"Est. tempo de leitura\" \/>\n\t<meta name=\"twitter:data2\" content=\"7 minutos\" \/>\n<script type=\"application\/ld+json\" class=\"yoast-schema-graph\">{\"@context\":\"https:\/\/schema.org\",\"@graph\":[{\"@type\":\"Article\",\"@id\":\"https:\/\/jornaltimoneiro.com.br\/index.php\/2026\/03\/12\/programa-partiu-futuro-reconstrucao-jovens-rs\/#article\",\"isPartOf\":{\"@id\":\"https:\/\/jornaltimoneiro.com.br\/index.php\/2026\/03\/12\/programa-partiu-futuro-reconstrucao-jovens-rs\/\"},\"author\":{\"name\":\"Reda\u00e7\u00e3o\",\"@id\":\"https:\/\/jornaltimoneiro.com.br\/#\/schema\/person\/f63482f1a02b1a9592707865e509ab40\"},\"headline\":\"Jovens do programa Partiu Futuro Reconstru\u00e7\u00e3o iniciam atividades pr\u00e1ticas em \u00f3rg\u00e3os p\u00fablicos no RS\",\"datePublished\":\"2026-03-12T16:49:35+00:00\",\"dateModified\":\"2026-03-12T16:49:35+00:00\",\"mainEntityOfPage\":{\"@id\":\"https:\/\/jornaltimoneiro.com.br\/index.php\/2026\/03\/12\/programa-partiu-futuro-reconstrucao-jovens-rs\/\"},\"wordCount\":1301,\"commentCount\":0,\"publisher\":{\"@id\":\"https:\/\/jornaltimoneiro.com.br\/#organization\"},\"keywords\":[\"aprendizes\",\"canoas\",\"emprego\",\"featured\",\"oportunidade\",\"Programa Partiu Futuro Reconstru\u00e7\u00e3o\"],\"articleSection\":[\"Oportunidade\"],\"inLanguage\":\"pt-BR\",\"potentialAction\":[{\"@type\":\"CommentAction\",\"name\":\"Comment\",\"target\":[\"https:\/\/jornaltimoneiro.com.br\/index.php\/2026\/03\/12\/programa-partiu-futuro-reconstrucao-jovens-rs\/#respond\"]}]},{\"@type\":\"WebPage\",\"@id\":\"https:\/\/jornaltimoneiro.com.br\/index.php\/2026\/03\/12\/programa-partiu-futuro-reconstrucao-jovens-rs\/\",\"url\":\"https:\/\/jornaltimoneiro.com.br\/index.php\/2026\/03\/12\/programa-partiu-futuro-reconstrucao-jovens-rs\/\",\"name\":\"Jovens do programa Partiu Futuro Reconstru\u00e7\u00e3o iniciam atividades pr\u00e1ticas em \u00f3rg\u00e3os p\u00fablicos no RS - O Timoneiro Jornal Canoas RS\",\"isPartOf\":{\"@id\":\"https:\/\/jornaltimoneiro.com.br\/#website\"},\"datePublished\":\"2026-03-12T16:49:35+00:00\",\"dateModified\":\"2026-03-12T16:49:35+00:00\",\"description\":\"Jovens do Programa Partiu Futuro Reconstru\u00e7\u00e3o iniciam a pr\u00e1tica profissional em \u00f3rg\u00e3os p\u00fablicos ap\u00f3s etapa de capacita\u00e7\u00e3o no Rio Grande do Sul.\",\"breadcrumb\":{\"@id\":\"https:\/\/jornaltimoneiro.com.br\/index.php\/2026\/03\/12\/programa-partiu-futuro-reconstrucao-jovens-rs\/#breadcrumb\"},\"inLanguage\":\"pt-BR\",\"potentialAction\":[{\"@type\":\"ReadAction\",\"target\":[\"https:\/\/jornaltimoneiro.com.br\/index.php\/2026\/03\/12\/programa-partiu-futuro-reconstrucao-jovens-rs\/\"]}]},{\"@type\":\"BreadcrumbList\",\"@id\":\"https:\/\/jornaltimoneiro.com.br\/index.php\/2026\/03\/12\/programa-partiu-futuro-reconstrucao-jovens-rs\/#breadcrumb\",\"itemListElement\":[{\"@type\":\"ListItem\",\"position\":1,\"name\":\"In\u00edcio\",\"item\":\"https:\/\/jornaltimoneiro.com.br\/\"},{\"@type\":\"ListItem\",\"position\":2,\"name\":\"Jovens do programa Partiu Futuro Reconstru\u00e7\u00e3o iniciam atividades pr\u00e1ticas em \u00f3rg\u00e3os p\u00fablicos no RS\"}]},{\"@type\":\"WebSite\",\"@id\":\"https:\/\/jornaltimoneiro.com.br\/#website\",\"url\":\"https:\/\/jornaltimoneiro.com.br\/\",\"name\":\"Jornal Timoneiro Canoas RS\",\"description\":\"Jornal O Timoneiro, o verdadeiro jornal de Canoas\",\"publisher\":{\"@id\":\"https:\/\/jornaltimoneiro.com.br\/#organization\"},\"potentialAction\":[{\"@type\":\"SearchAction\",\"target\":{\"@type\":\"EntryPoint\",\"urlTemplate\":\"https:\/\/jornaltimoneiro.com.br\/?s={search_term_string}\"},\"query-input\":\"required name=search_term_string\"}],\"inLanguage\":\"pt-BR\"},{\"@type\":\"Organization\",\"@id\":\"https:\/\/jornaltimoneiro.com.br\/#organization\",\"name\":\"Jornal Timoneiro Canoas RS\",\"url\":\"https:\/\/jornaltimoneiro.com.br\/\",\"logo\":{\"@type\":\"ImageObject\",\"inLanguage\":\"pt-BR\",\"@id\":\"https:\/\/jornaltimoneiro.com.br\/#\/schema\/logo\/image\/\",\"url\":\"https:\/\/jornaltimoneiro.com.br\/wp-content\/uploads\/2023\/03\/logonovo.png\",\"contentUrl\":\"https:\/\/jornaltimoneiro.com.br\/wp-content\/uploads\/2023\/03\/logonovo.png\",\"width\":\"469\",\"height\":\"171\",\"caption\":\"Jornal Timoneiro Canoas RS\"},\"image\":{\"@id\":\"https:\/\/jornaltimoneiro.com.br\/#\/schema\/logo\/image\/\"},\"sameAs\":[\"https:\/\/www.facebook.com\/jornaltimoneiro\",\"https:\/\/twitter.com\/_OTimoneiro\",\"https:\/\/www.instagram.com\/jornaltimoneirocanoas\/\",\"https:\/\/www.youtube.com\/@jornalotimoneiro7927\"]},{\"@type\":\"Person\",\"@id\":\"https:\/\/jornaltimoneiro.com.br\/#\/schema\/person\/f63482f1a02b1a9592707865e509ab40\",\"name\":\"Reda\u00e7\u00e3o\",\"image\":{\"@type\":\"ImageObject\",\"inLanguage\":\"pt-BR\",\"@id\":\"https:\/\/jornaltimoneiro.com.br\/#\/schema\/person\/image\/\",\"url\":\"https:\/\/jornaltimoneiro.com.br\/wp-content\/uploads\/2023\/03\/download.jpeg\",\"contentUrl\":\"https:\/\/jornaltimoneiro.com.br\/wp-content\/uploads\/2023\/03\/download.jpeg\",\"caption\":\"Reda\u00e7\u00e3o\"},\"url\":\"https:\/\/jornaltimoneiro.com.br\/index.php\/author\/simone-dutra\/\"}]}<\/script>\n<!-- \/ Yoast SEO plugin. -->","yoast_head_json":{"title":"Jovens do programa Partiu Futuro Reconstru\u00e7\u00e3o iniciam atividades pr\u00e1ticas em \u00f3rg\u00e3os p\u00fablicos no RS - O Timoneiro Jornal Canoas RS","description":"Jovens do Programa Partiu Futuro Reconstru\u00e7\u00e3o iniciam a pr\u00e1tica profissional em \u00f3rg\u00e3os p\u00fablicos ap\u00f3s etapa de capacita\u00e7\u00e3o no Rio Grande do Sul.","robots":{"index":"index","follow":"follow","max-snippet":"max-snippet:-1","max-image-preview":"max-image-preview:large","max-video-preview":"max-video-preview:-1"},"canonical":"https:\/\/jornaltimoneiro.com.br\/index.php\/2026\/03\/12\/programa-partiu-futuro-reconstrucao-jovens-rs\/","og_locale":"pt_BR","og_type":"article","og_title":"Jovens do programa Partiu Futuro Reconstru\u00e7\u00e3o iniciam atividades pr\u00e1ticas em \u00f3rg\u00e3os p\u00fablicos no RS - O Timoneiro Jornal Canoas RS","og_description":"Jovens do Programa Partiu Futuro Reconstru\u00e7\u00e3o iniciam a pr\u00e1tica profissional em \u00f3rg\u00e3os p\u00fablicos ap\u00f3s etapa de capacita\u00e7\u00e3o no Rio Grande do Sul.","og_url":"https:\/\/jornaltimoneiro.com.br\/index.php\/2026\/03\/12\/programa-partiu-futuro-reconstrucao-jovens-rs\/","og_site_name":"O Timoneiro Jornal Canoas RS","article_publisher":"https:\/\/www.facebook.com\/jornaltimoneiro","article_published_time":"2026-03-12T16:49:35+00:00","og_image":[{"width":"1280","height":"960","url":"https:\/\/jornaltimoneiro.com.br\/wp-content\/uploads\/2026\/03\/WhatsApp-Image-2026-03-12-at-12.39.25-1.jpeg","type":"image\/jpeg"}],"author":"Reda\u00e7\u00e3o","twitter_card":"summary_large_image","twitter_creator":"@_OTimoneiro","twitter_site":"@_OTimoneiro","twitter_misc":{"Escrito por":"Reda\u00e7\u00e3o","Est. tempo de leitura":"7 minutos"},"schema":{"@context":"https:\/\/schema.org","@graph":[{"@type":"Article","@id":"https:\/\/jornaltimoneiro.com.br\/index.php\/2026\/03\/12\/programa-partiu-futuro-reconstrucao-jovens-rs\/#article","isPartOf":{"@id":"https:\/\/jornaltimoneiro.com.br\/index.php\/2026\/03\/12\/programa-partiu-futuro-reconstrucao-jovens-rs\/"},"author":{"name":"Reda\u00e7\u00e3o","@id":"https:\/\/jornaltimoneiro.com.br\/#\/schema\/person\/f63482f1a02b1a9592707865e509ab40"},"headline":"Jovens do programa Partiu Futuro Reconstru\u00e7\u00e3o iniciam atividades pr\u00e1ticas em \u00f3rg\u00e3os p\u00fablicos no RS","datePublished":"2026-03-12T16:49:35+00:00","dateModified":"2026-03-12T16:49:35+00:00","mainEntityOfPage":{"@id":"https:\/\/jornaltimoneiro.com.br\/index.php\/2026\/03\/12\/programa-partiu-futuro-reconstrucao-jovens-rs\/"},"wordCount":1301,"commentCount":0,"publisher":{"@id":"https:\/\/jornaltimoneiro.com.br\/#organization"},"keywords":["aprendizes","canoas","emprego","featured","oportunidade","Programa Partiu Futuro Reconstru\u00e7\u00e3o"],"articleSection":["Oportunidade"],"inLanguage":"pt-BR","potentialAction":[{"@type":"CommentAction","name":"Comment","target":["https:\/\/jornaltimoneiro.com.br\/index.php\/2026\/03\/12\/programa-partiu-futuro-reconstrucao-jovens-rs\/#respond"]}]},{"@type":"WebPage","@id":"https:\/\/jornaltimoneiro.com.br\/index.php\/2026\/03\/12\/programa-partiu-futuro-reconstrucao-jovens-rs\/","url":"https:\/\/jornaltimoneiro.com.br\/index.php\/2026\/03\/12\/programa-partiu-futuro-reconstrucao-jovens-rs\/","name":"Jovens do programa Partiu Futuro Reconstru\u00e7\u00e3o iniciam atividades pr\u00e1ticas em \u00f3rg\u00e3os p\u00fablicos no RS - O Timoneiro Jornal Canoas RS","isPartOf":{"@id":"https:\/\/jornaltimoneiro.com.br\/#website"},"datePublished":"2026-03-12T16:49:35+00:00","dateModified":"2026-03-12T16:49:35+00:00","description":"Jovens do Programa Partiu Futuro Reconstru\u00e7\u00e3o iniciam a pr\u00e1tica profissional em \u00f3rg\u00e3os p\u00fablicos ap\u00f3s etapa de capacita\u00e7\u00e3o no Rio Grande do Sul.","breadcrumb":{"@id":"https:\/\/jornaltimoneiro.com.br\/index.php\/2026\/03\/12\/programa-partiu-futuro-reconstrucao-jovens-rs\/#breadcrumb"},"inLanguage":"pt-BR","potentialAction":[{"@type":"ReadAction","target":["https:\/\/jornaltimoneiro.com.br\/index.php\/2026\/03\/12\/programa-partiu-futuro-reconstrucao-jovens-rs\/"]}]},{"@type":"BreadcrumbList","@id":"https:\/\/jornaltimoneiro.com.br\/index.php\/2026\/03\/12\/programa-partiu-futuro-reconstrucao-jovens-rs\/#breadcrumb","itemListElement":[{"@type":"ListItem","position":1,"name":"In\u00edcio","item":"https:\/\/jornaltimoneiro.com.br\/"},{"@type":"ListItem","position":2,"name":"Jovens do programa Partiu Futuro Reconstru\u00e7\u00e3o iniciam atividades pr\u00e1ticas em \u00f3rg\u00e3os p\u00fablicos no RS"}]},{"@type":"WebSite","@id":"https:\/\/jornaltimoneiro.com.br\/#website","url":"https:\/\/jornaltimoneiro.com.br\/","name":"Jornal Timoneiro Canoas RS","description":"Jornal O Timoneiro, o verdadeiro jornal de Canoas","publisher":{"@id":"https:\/\/jornaltimoneiro.com.br\/#organization"},"potentialAction":[{"@type":"SearchAction","target":{"@type":"EntryPoint","urlTemplate":"https:\/\/jornaltimoneiro.com.br\/?s={search_term_string}"},"query-input":"required name=search_term_string"}],"inLanguage":"pt-BR"},{"@type":"Organization","@id":"https:\/\/jornaltimoneiro.com.br\/#organization","name":"Jornal Timoneiro Canoas RS","url":"https:\/\/jornaltimoneiro.com.br\/","logo":{"@type":"ImageObject","inLanguage":"pt-BR","@id":"https:\/\/jornaltimoneiro.com.br\/#\/schema\/logo\/image\/","url":"https:\/\/jornaltimoneiro.com.br\/wp-content\/uploads\/2023\/03\/logonovo.png","contentUrl":"https:\/\/jornaltimoneiro.com.br\/wp-content\/uploads\/2023\/03\/logonovo.png","width":"469","height":"171","caption":"Jornal Timoneiro Canoas RS"},"image":{"@id":"https:\/\/jornaltimoneiro.com.br\/#\/schema\/logo\/image\/"},"sameAs":["https:\/\/www.facebook.com\/jornaltimoneiro","https:\/\/twitter.com\/_OTimoneiro","https:\/\/www.instagram.com\/jornaltimoneirocanoas\/","https:\/\/www.youtube.com\/@jornalotimoneiro7927"]},{"@type":"Person","@id":"https:\/\/jornaltimoneiro.com.br\/#\/schema\/person\/f63482f1a02b1a9592707865e509ab40","name":"Reda\u00e7\u00e3o","image":{"@type":"ImageObject","inLanguage":"pt-BR","@id":"https:\/\/jornaltimoneiro.com.br\/#\/schema\/person\/image\/","url":"https:\/\/jornaltimoneiro.com.br\/wp-content\/uploads\/2023\/03\/download.jpeg","contentUrl":"https:\/\/jornaltimoneiro.com.br\/wp-content\/uploads\/2023\/03\/download.jpeg","caption":"Reda\u00e7\u00e3o"},"url":"https:\/\/jornaltimoneiro.com.br\/index.php\/author\/simone-dutra\/"}]}},"_links":{"self":[{"href":"https:\/\/jornaltimoneiro.com.br\/index.php\/wp-json\/wp\/v2\/posts\/39524"}],"collection":[{"href":"https:\/\/jornaltimoneiro.com.br\/index.php\/wp-json\/wp\/v2\/posts"}],"about":[{"href":"https:\/\/jornaltimoneiro.com.br\/index.php\/wp-json\/wp\/v2\/types\/post"}],"author":[{"embeddable":true,"href":"https:\/\/jornaltimoneiro.com.br\/index.php\/wp-json\/wp\/v2\/users\/2"}],"replies":[{"embeddable":true,"href":"https:\/\/jornaltimoneiro.com.br\/index.php\/wp-json\/wp\/v2\/comments?post=39524"}],"version-history":[{"count":1,"href":"https:\/\/jornaltimoneiro.com.br\/index.php\/wp-json\/wp\/v2\/posts\/39524\/revisions"}],"predecessor-version":[{"id":39526,"href":"https:\/\/jornaltimoneiro.com.br\/index.php\/wp-json\/wp\/v2\/posts\/39524\/revisions\/39526"}],"wp:featuredmedia":[{"embeddable":true,"href":"https:\/\/jornaltimoneiro.com.br\/index.php\/wp-json\/wp\/v2\/media\/39525"}],"wp:attachment":[{"href":"https:\/\/jornaltimoneiro.com.br\/index.php\/wp-json\/wp\/v2\/media?parent=39524"}],"wp:term":[{"taxonomy":"category","embeddable":true,"href":"https:\/\/jornaltimoneiro.com.br\/index.php\/wp-json\/wp\/v2\/categories?post=39524"},{"taxonomy":"post_tag","embeddable":true,"href":"https:\/\/jornaltimoneiro.com.br\/index.php\/wp-json\/wp\/v2\/tags?post=39524"}],"curies":[{"name":"wp","href":"https:\/\/api.w.org\/{rel}","templated":true}]}}