{"id":39516,"date":"2026-03-12T10:05:14","date_gmt":"2026-03-12T13:05:14","guid":{"rendered":"https:\/\/jornaltimoneiro.com.br\/?p=39516"},"modified":"2026-03-12T10:05:14","modified_gmt":"2026-03-12T13:05:14","slug":"canoas-quebre-o-silencio-campanha-violencia-mulher","status":"publish","type":"post","link":"https:\/\/jornaltimoneiro.com.br\/index.php\/2026\/03\/12\/canoas-quebre-o-silencio-campanha-violencia-mulher\/","title":{"rendered":"Canoas lan\u00e7a campanha \u201cQuebre o Sil\u00eancio\u201d para combater viol\u00eancia contra a mulher"},"content":{"rendered":"<p><span class=\"BZ_Pyq_fadeIn\">Canoas <\/span><span class=\"BZ_Pyq_fadeIn\">lan\u00e7a <\/span><span class=\"BZ_Pyq_fadeIn\">a <\/span><span class=\"BZ_Pyq_fadeIn\">campanha \u201c<\/span><span class=\"BZ_Pyq_fadeIn\">Quebre <\/span><span class=\"BZ_Pyq_fadeIn\">o <\/span><span class=\"BZ_Pyq_fadeIn\">Sil\u00eancio\u201d <\/span><span class=\"BZ_Pyq_fadeIn\">para <\/span><span class=\"BZ_Pyq_fadeIn\">incentivar <\/span><span class=\"BZ_Pyq_fadeIn\">a <\/span><span class=\"BZ_Pyq_fadeIn\">den\u00fancia <\/span><span class=\"BZ_Pyq_fadeIn\">de <\/span><span class=\"BZ_Pyq_fadeIn\">viol\u00eancia <\/span><span class=\"BZ_Pyq_fadeIn\">contra <\/span><span class=\"BZ_Pyq_fadeIn\">a <\/span><span class=\"BZ_Pyq_fadeIn\">mulher <\/span><span class=\"BZ_Pyq_fadeIn\">e <\/span><span class=\"BZ_Pyq_fadeIn\">mobilizar <\/span><span class=\"BZ_Pyq_fadeIn\">a <\/span><span class=\"BZ_Pyq_fadeIn\">sociedade <\/span><span class=\"BZ_Pyq_fadeIn\">diante <\/span><span class=\"BZ_Pyq_fadeIn\">do <\/span><span class=\"BZ_Pyq_fadeIn\">aumento <\/span><span class=\"BZ_Pyq_fadeIn\">dos <\/span><span class=\"BZ_Pyq_fadeIn\">casos <\/span><span class=\"BZ_Pyq_fadeIn\">de <\/span><span class=\"BZ_Pyq_fadeIn\">feminic\u00eddio <\/span><span class=\"BZ_Pyq_fadeIn\">no <\/span><span class=\"BZ_Pyq_fadeIn\">Brasil <\/span><span class=\"BZ_Pyq_fadeIn\">e <\/span><span class=\"BZ_Pyq_fadeIn\">no <\/span><span class=\"BZ_Pyq_fadeIn\">Rio <\/span><span class=\"BZ_Pyq_fadeIn\">Grande <\/span><span class=\"BZ_Pyq_fadeIn\">do <\/span><span class=\"BZ_Pyq_fadeIn\">Sul.<\/span><\/p>\n<p><span class=\"BZ_Pyq_fadeIn\">A <\/span><span class=\"BZ_Pyq_fadeIn\">a\u00e7\u00e3o <\/span><span class=\"BZ_Pyq_fadeIn\">\u00e9 <\/span><span class=\"BZ_Pyq_fadeIn\">realizada <\/span><span class=\"BZ_Pyq_fadeIn\">pela <\/span><span class=\"BZ_Pyq_fadeIn\">Secretaria <\/span><span class=\"BZ_Pyq_fadeIn\">de <\/span><span class=\"BZ_Pyq_fadeIn\">Comunica\u00e7\u00e3o (<\/span><span class=\"BZ_Pyq_fadeIn\">SECOM) <\/span><span class=\"BZ_Pyq_fadeIn\">em <\/span><span class=\"BZ_Pyq_fadeIn\">parceria <\/span><span class=\"BZ_Pyq_fadeIn\">com <\/span><span class=\"BZ_Pyq_fadeIn\">a <\/span><span class=\"BZ_Pyq_fadeIn\">Secretaria <\/span><span class=\"BZ_Pyq_fadeIn\">Municipal <\/span><span class=\"BZ_Pyq_fadeIn\">da <\/span><span class=\"BZ_Pyq_fadeIn\">Mulher, <\/span><span class=\"BZ_Pyq_fadeIn\">Cidadania <\/span><span class=\"BZ_Pyq_fadeIn\">e <\/span><span class=\"BZ_Pyq_fadeIn\">Inclus\u00e3o (<\/span><span class=\"BZ_Pyq_fadeIn\">SMMCI). <\/span><span class=\"BZ_Pyq_fadeIn\">A <\/span><span class=\"BZ_Pyq_fadeIn\">campanha <\/span><span class=\"BZ_Pyq_fadeIn\">refor\u00e7a <\/span><span class=\"BZ_Pyq_fadeIn\">que <\/span><span class=\"BZ_Pyq_fadeIn\">combater <\/span><span class=\"BZ_Pyq_fadeIn\">a <\/span><span class=\"BZ_Pyq_fadeIn\">viol\u00eancia <\/span><span class=\"BZ_Pyq_fadeIn\">n\u00e3o <\/span><span class=\"BZ_Pyq_fadeIn\">\u00e9 <\/span><span class=\"BZ_Pyq_fadeIn\">responsabilidade <\/span><span class=\"BZ_Pyq_fadeIn\">apenas <\/span><span class=\"BZ_Pyq_fadeIn\">das <\/span><span class=\"BZ_Pyq_fadeIn\">v\u00edtimas, <\/span><span class=\"BZ_Pyq_fadeIn\">mas <\/span><span class=\"BZ_Pyq_fadeIn\">tamb\u00e9m <\/span><span class=\"BZ_Pyq_fadeIn\">de <\/span><span class=\"BZ_Pyq_fadeIn\">quem <\/span><span class=\"BZ_Pyq_fadeIn\">presencia <\/span><span class=\"BZ_Pyq_fadeIn\">ou <\/span><span class=\"BZ_Pyq_fadeIn\">tem <\/span><span class=\"BZ_Pyq_fadeIn\">conhecimento <\/span><span class=\"BZ_Pyq_fadeIn\">das <\/span><span class=\"BZ_Pyq_fadeIn\">agress\u00f5es.<\/span><\/p>\n<p data-start=\"744\" data-end=\"966\"><span class=\"BZ_Pyq_fadeIn\">A <\/span><span class=\"BZ_Pyq_fadeIn\">campanha <\/span><span class=\"BZ_Pyq_fadeIn\">chama <\/span><span class=\"BZ_Pyq_fadeIn\">aten\u00e7\u00e3o <\/span><span class=\"BZ_Pyq_fadeIn\">para <\/span><span class=\"BZ_Pyq_fadeIn\">a <\/span><span class=\"BZ_Pyq_fadeIn\">viol\u00eancia <\/span><span class=\"BZ_Pyq_fadeIn\">dom\u00e9stica, <\/span><span class=\"BZ_Pyq_fadeIn\">que <\/span><span class=\"BZ_Pyq_fadeIn\">muitas <\/span><span class=\"BZ_Pyq_fadeIn\">vezes <\/span><span class=\"BZ_Pyq_fadeIn\">ocorre <\/span><span class=\"BZ_Pyq_fadeIn\">dentro <\/span><span class=\"BZ_Pyq_fadeIn\">de <\/span><span class=\"BZ_Pyq_fadeIn\">casa <\/span><span class=\"BZ_Pyq_fadeIn\">e <\/span><span class=\"BZ_Pyq_fadeIn\">\u00e9 <\/span><span class=\"BZ_Pyq_fadeIn\">ignorada <\/span><span class=\"BZ_Pyq_fadeIn\">por <\/span><span class=\"BZ_Pyq_fadeIn\">pessoas <\/span><span class=\"BZ_Pyq_fadeIn\">pr\u00f3ximas. <\/span><span class=\"BZ_Pyq_fadeIn\">Denunciar <\/span><span class=\"BZ_Pyq_fadeIn\">esses <\/span><span class=\"BZ_Pyq_fadeIn\">casos <\/span><span class=\"BZ_Pyq_fadeIn\">pode <\/span><span class=\"BZ_Pyq_fadeIn\">ser <\/span><span class=\"BZ_Pyq_fadeIn\">decisivo <\/span><span class=\"BZ_Pyq_fadeIn\">para <\/span><span class=\"BZ_Pyq_fadeIn\">interromper <\/span><span class=\"BZ_Pyq_fadeIn\">o <\/span><span class=\"BZ_Pyq_fadeIn\">ciclo <\/span><span class=\"BZ_Pyq_fadeIn\">de <\/span><span class=\"BZ_Pyq_fadeIn\">agress\u00f5es <\/span><span class=\"BZ_Pyq_fadeIn\">e <\/span><span class=\"BZ_Pyq_fadeIn\">salvar <\/span><span class=\"BZ_Pyq_fadeIn\">vidas.<\/span><\/p>\n<p data-start=\"968\" data-end=\"1200\"><span class=\"BZ_Pyq_fadeIn\">Al\u00e9m <\/span><span class=\"BZ_Pyq_fadeIn\">de <\/span><span class=\"BZ_Pyq_fadeIn\">estimular <\/span><span class=\"BZ_Pyq_fadeIn\">den\u00fancias, <\/span><span class=\"BZ_Pyq_fadeIn\">a <\/span><span class=\"BZ_Pyq_fadeIn\">iniciativa <\/span><span class=\"BZ_Pyq_fadeIn\">destaca <\/span><span class=\"BZ_Pyq_fadeIn\">que <\/span><span class=\"BZ_Pyq_fadeIn\">Canoas <\/span><span class=\"BZ_Pyq_fadeIn\">conta <\/span><span class=\"BZ_Pyq_fadeIn\">com <\/span><span class=\"BZ_Pyq_fadeIn\">uma <\/span><span class=\"BZ_Pyq_fadeIn\">rede <\/span><span class=\"BZ_Pyq_fadeIn\">de <\/span><span class=\"BZ_Pyq_fadeIn\">acolhimento <\/span><span class=\"BZ_Pyq_fadeIn\">estruturada, <\/span><span class=\"BZ_Pyq_fadeIn\">oferecendo <\/span><span class=\"BZ_Pyq_fadeIn\">suporte <\/span><span class=\"BZ_Pyq_fadeIn\">desde <\/span><span class=\"BZ_Pyq_fadeIn\">o <\/span><span class=\"BZ_Pyq_fadeIn\">momento <\/span><span class=\"BZ_Pyq_fadeIn\">da <\/span><span class=\"BZ_Pyq_fadeIn\">den\u00fancia <\/span><span class=\"BZ_Pyq_fadeIn\">at\u00e9 <\/span><span class=\"BZ_Pyq_fadeIn\">a\u00e7\u00f5es <\/span><span class=\"BZ_Pyq_fadeIn\">voltadas <\/span><span class=\"BZ_Pyq_fadeIn\">\u00e0 <\/span><span class=\"BZ_Pyq_fadeIn\">reconstru\u00e7\u00e3o <\/span><span class=\"BZ_Pyq_fadeIn\">da <\/span><span class=\"BZ_Pyq_fadeIn\">autonomia <\/span><span class=\"BZ_Pyq_fadeIn\">e <\/span><span class=\"BZ_Pyq_fadeIn\">independ\u00eancia <\/span><span class=\"BZ_Pyq_fadeIn\">das <\/span><span class=\"BZ_Pyq_fadeIn\">v\u00edtimas.<\/span><\/p>\n<p data-start=\"968\" data-end=\"1200\">A campanha \u201cQuebre o Sil\u00eancio\u201d \u00e9 divulgada em diferentes canais e espa\u00e7os da cidade, ampliando o alcance da mensagem e refor\u00e7ando que a viol\u00eancia contra a mulher n\u00e3o \u00e9 um problema privado, mas uma quest\u00e3o que exige a aten\u00e7\u00e3o e a responsabilidade de toda a sociedade.<\/p>\n<p data-start=\"968\" data-end=\"1200\">Casos de viol\u00eancia contra a mulher podem ser denunciados de forma gratuita e an\u00f4nima pelo telefone 180, que funciona 24 horas por dia em todo o pa\u00eds.<\/p>\n<p>Canais de den\u00fancia<\/p>\n<p>Brigada Militar \u2013 ligue 190<br \/>\nGuarda Civil Municipal \u2013 ligue 153<br \/>\nCentral de Atendimento \u00e0 Mulher \u2013 ligue 180<br \/>\nDisque Mulher Canoas \u2013 (51) 99275-8146<br \/>\nDelegacia Especializada de Atendimento \u00e0 Mulher (Deam) \u2013 Plant\u00e3o (51) 9<br \/>\n9859-0943<br \/>\nDelegacia de Pol\u00edcia de Pronto Atendimento (DPPA) \u2013 3425-9000 \u2013 atendimento 24 horas, todos os dias.<\/p>\n","protected":false},"excerpt":{"rendered":"<p>Canoas lan\u00e7a a campanha \u201cQuebre o Sil\u00eancio\u201d para incentivar a den\u00fancia de viol\u00eancia contra a mulher e mobilizar a sociedade diante do aumento dos casos de feminic\u00eddio no Brasil e no Rio Grande do Sul. A a\u00e7\u00e3o \u00e9 realizada pela Secretaria de Comunica\u00e7\u00e3o (SECOM) em parceria com a Secretaria Municipal da Mulher, Cidadania e Inclus\u00e3o [&hellip;]<\/p>\n","protected":false},"author":2,"featured_media":39517,"comment_status":"open","ping_status":"open","sticky":false,"template":"","format":"standard","meta":{"amp_status":"","footnotes":""},"categories":[4081],"tags":[31,190,5039,3593],"class_list":["post-39516","post","type-post","status-publish","format-standard","has-post-thumbnail","hentry","category-seguranca","tag-canoas","tag-featured","tag-feminicio","tag-violencia"],"yoast_head":"<!-- This site is optimized with the Yoast SEO plugin v20.5 - https:\/\/yoast.com\/wordpress\/plugins\/seo\/ -->\n<title>Canoas lan\u00e7a campanha \u201cQuebre o Sil\u00eancio\u201d para combater viol\u00eancia contra a mulher - O Timoneiro Jornal Canoas RS<\/title>\n<meta name=\"description\" content=\"Canoas lan\u00e7a campanha \u201cQuebre o Sil\u00eancio\u201d para estimular den\u00fancias de viol\u00eancia contra a mulher e conscientizar a sociedade sobre a import\u00e2ncia de agir diante de agress\u00f5es.\" \/>\n<meta name=\"robots\" content=\"index, follow, max-snippet:-1, max-image-preview:large, max-video-preview:-1\" \/>\n<link rel=\"canonical\" href=\"https:\/\/jornaltimoneiro.com.br\/index.php\/2026\/03\/12\/canoas-quebre-o-silencio-campanha-violencia-mulher\/\" \/>\n<meta property=\"og:locale\" content=\"pt_BR\" \/>\n<meta property=\"og:type\" content=\"article\" \/>\n<meta property=\"og:title\" content=\"Canoas lan\u00e7a campanha \u201cQuebre o Sil\u00eancio\u201d para combater viol\u00eancia contra a mulher - O Timoneiro Jornal Canoas RS\" \/>\n<meta property=\"og:description\" content=\"Canoas lan\u00e7a campanha \u201cQuebre o Sil\u00eancio\u201d para estimular den\u00fancias de viol\u00eancia contra a mulher e conscientizar a sociedade sobre a import\u00e2ncia de agir diante de agress\u00f5es.\" \/>\n<meta property=\"og:url\" content=\"https:\/\/jornaltimoneiro.com.br\/index.php\/2026\/03\/12\/canoas-quebre-o-silencio-campanha-violencia-mulher\/\" \/>\n<meta property=\"og:site_name\" content=\"O Timoneiro Jornal Canoas RS\" \/>\n<meta property=\"article:publisher\" content=\"https:\/\/www.facebook.com\/jornaltimoneiro\" \/>\n<meta property=\"article:published_time\" content=\"2026-03-12T13:05:14+00:00\" \/>\n<meta property=\"og:image\" content=\"https:\/\/jornaltimoneiro.com.br\/wp-content\/uploads\/2026\/03\/young-woman-dealing-with-anxiety-scaled.jpg\" \/>\n\t<meta property=\"og:image:width\" content=\"1828\" \/>\n\t<meta property=\"og:image:height\" content=\"2560\" \/>\n\t<meta property=\"og:image:type\" content=\"image\/jpeg\" \/>\n<meta name=\"author\" content=\"Reda\u00e7\u00e3o\" \/>\n<meta name=\"twitter:card\" content=\"summary_large_image\" \/>\n<meta name=\"twitter:creator\" content=\"@_OTimoneiro\" \/>\n<meta name=\"twitter:site\" content=\"@_OTimoneiro\" \/>\n<meta name=\"twitter:label1\" content=\"Escrito por\" \/>\n\t<meta name=\"twitter:data1\" content=\"Reda\u00e7\u00e3o\" \/>\n\t<meta name=\"twitter:label2\" content=\"Est. tempo de leitura\" \/>\n\t<meta name=\"twitter:data2\" content=\"2 minutos\" \/>\n<script type=\"application\/ld+json\" class=\"yoast-schema-graph\">{\"@context\":\"https:\/\/schema.org\",\"@graph\":[{\"@type\":\"Article\",\"@id\":\"https:\/\/jornaltimoneiro.com.br\/index.php\/2026\/03\/12\/canoas-quebre-o-silencio-campanha-violencia-mulher\/#article\",\"isPartOf\":{\"@id\":\"https:\/\/jornaltimoneiro.com.br\/index.php\/2026\/03\/12\/canoas-quebre-o-silencio-campanha-violencia-mulher\/\"},\"author\":{\"name\":\"Reda\u00e7\u00e3o\",\"@id\":\"https:\/\/jornaltimoneiro.com.br\/#\/schema\/person\/f63482f1a02b1a9592707865e509ab40\"},\"headline\":\"Canoas lan\u00e7a campanha \u201cQuebre o Sil\u00eancio\u201d para combater viol\u00eancia contra a mulher\",\"datePublished\":\"2026-03-12T13:05:14+00:00\",\"dateModified\":\"2026-03-12T13:05:14+00:00\",\"mainEntityOfPage\":{\"@id\":\"https:\/\/jornaltimoneiro.com.br\/index.php\/2026\/03\/12\/canoas-quebre-o-silencio-campanha-violencia-mulher\/\"},\"wordCount\":308,\"commentCount\":0,\"publisher\":{\"@id\":\"https:\/\/jornaltimoneiro.com.br\/#organization\"},\"keywords\":[\"canoas\",\"featured\",\"feminicio\",\"viol\u00eancia\"],\"articleSection\":[\"Seguran\u00e7a\"],\"inLanguage\":\"pt-BR\",\"potentialAction\":[{\"@type\":\"CommentAction\",\"name\":\"Comment\",\"target\":[\"https:\/\/jornaltimoneiro.com.br\/index.php\/2026\/03\/12\/canoas-quebre-o-silencio-campanha-violencia-mulher\/#respond\"]}]},{\"@type\":\"WebPage\",\"@id\":\"https:\/\/jornaltimoneiro.com.br\/index.php\/2026\/03\/12\/canoas-quebre-o-silencio-campanha-violencia-mulher\/\",\"url\":\"https:\/\/jornaltimoneiro.com.br\/index.php\/2026\/03\/12\/canoas-quebre-o-silencio-campanha-violencia-mulher\/\",\"name\":\"Canoas lan\u00e7a campanha \u201cQuebre o Sil\u00eancio\u201d para combater viol\u00eancia contra a mulher - O Timoneiro Jornal Canoas RS\",\"isPartOf\":{\"@id\":\"https:\/\/jornaltimoneiro.com.br\/#website\"},\"datePublished\":\"2026-03-12T13:05:14+00:00\",\"dateModified\":\"2026-03-12T13:05:14+00:00\",\"description\":\"Canoas lan\u00e7a campanha \u201cQuebre o Sil\u00eancio\u201d para estimular den\u00fancias de viol\u00eancia contra a mulher e conscientizar a sociedade sobre a import\u00e2ncia de agir diante de agress\u00f5es.\",\"breadcrumb\":{\"@id\":\"https:\/\/jornaltimoneiro.com.br\/index.php\/2026\/03\/12\/canoas-quebre-o-silencio-campanha-violencia-mulher\/#breadcrumb\"},\"inLanguage\":\"pt-BR\",\"potentialAction\":[{\"@type\":\"ReadAction\",\"target\":[\"https:\/\/jornaltimoneiro.com.br\/index.php\/2026\/03\/12\/canoas-quebre-o-silencio-campanha-violencia-mulher\/\"]}]},{\"@type\":\"BreadcrumbList\",\"@id\":\"https:\/\/jornaltimoneiro.com.br\/index.php\/2026\/03\/12\/canoas-quebre-o-silencio-campanha-violencia-mulher\/#breadcrumb\",\"itemListElement\":[{\"@type\":\"ListItem\",\"position\":1,\"name\":\"In\u00edcio\",\"item\":\"https:\/\/jornaltimoneiro.com.br\/\"},{\"@type\":\"ListItem\",\"position\":2,\"name\":\"Canoas lan\u00e7a campanha \u201cQuebre o Sil\u00eancio\u201d para combater viol\u00eancia contra a mulher\"}]},{\"@type\":\"WebSite\",\"@id\":\"https:\/\/jornaltimoneiro.com.br\/#website\",\"url\":\"https:\/\/jornaltimoneiro.com.br\/\",\"name\":\"Jornal Timoneiro Canoas RS\",\"description\":\"Jornal O Timoneiro, o verdadeiro jornal de Canoas\",\"publisher\":{\"@id\":\"https:\/\/jornaltimoneiro.com.br\/#organization\"},\"potentialAction\":[{\"@type\":\"SearchAction\",\"target\":{\"@type\":\"EntryPoint\",\"urlTemplate\":\"https:\/\/jornaltimoneiro.com.br\/?s={search_term_string}\"},\"query-input\":\"required name=search_term_string\"}],\"inLanguage\":\"pt-BR\"},{\"@type\":\"Organization\",\"@id\":\"https:\/\/jornaltimoneiro.com.br\/#organization\",\"name\":\"Jornal Timoneiro Canoas RS\",\"url\":\"https:\/\/jornaltimoneiro.com.br\/\",\"logo\":{\"@type\":\"ImageObject\",\"inLanguage\":\"pt-BR\",\"@id\":\"https:\/\/jornaltimoneiro.com.br\/#\/schema\/logo\/image\/\",\"url\":\"https:\/\/jornaltimoneiro.com.br\/wp-content\/uploads\/2023\/03\/logonovo.png\",\"contentUrl\":\"https:\/\/jornaltimoneiro.com.br\/wp-content\/uploads\/2023\/03\/logonovo.png\",\"width\":\"469\",\"height\":\"171\",\"caption\":\"Jornal Timoneiro Canoas RS\"},\"image\":{\"@id\":\"https:\/\/jornaltimoneiro.com.br\/#\/schema\/logo\/image\/\"},\"sameAs\":[\"https:\/\/www.facebook.com\/jornaltimoneiro\",\"https:\/\/twitter.com\/_OTimoneiro\",\"https:\/\/www.instagram.com\/jornaltimoneirocanoas\/\",\"https:\/\/www.youtube.com\/@jornalotimoneiro7927\"]},{\"@type\":\"Person\",\"@id\":\"https:\/\/jornaltimoneiro.com.br\/#\/schema\/person\/f63482f1a02b1a9592707865e509ab40\",\"name\":\"Reda\u00e7\u00e3o\",\"image\":{\"@type\":\"ImageObject\",\"inLanguage\":\"pt-BR\",\"@id\":\"https:\/\/jornaltimoneiro.com.br\/#\/schema\/person\/image\/\",\"url\":\"https:\/\/jornaltimoneiro.com.br\/wp-content\/uploads\/2023\/03\/download.jpeg\",\"contentUrl\":\"https:\/\/jornaltimoneiro.com.br\/wp-content\/uploads\/2023\/03\/download.jpeg\",\"caption\":\"Reda\u00e7\u00e3o\"},\"url\":\"https:\/\/jornaltimoneiro.com.br\/index.php\/author\/simone-dutra\/\"}]}<\/script>\n<!-- \/ Yoast SEO plugin. -->","yoast_head_json":{"title":"Canoas lan\u00e7a campanha \u201cQuebre o Sil\u00eancio\u201d para combater viol\u00eancia contra a mulher - O Timoneiro Jornal Canoas RS","description":"Canoas lan\u00e7a campanha \u201cQuebre o Sil\u00eancio\u201d para estimular den\u00fancias de viol\u00eancia contra a mulher e conscientizar a sociedade sobre a import\u00e2ncia de agir diante de agress\u00f5es.","robots":{"index":"index","follow":"follow","max-snippet":"max-snippet:-1","max-image-preview":"max-image-preview:large","max-video-preview":"max-video-preview:-1"},"canonical":"https:\/\/jornaltimoneiro.com.br\/index.php\/2026\/03\/12\/canoas-quebre-o-silencio-campanha-violencia-mulher\/","og_locale":"pt_BR","og_type":"article","og_title":"Canoas lan\u00e7a campanha \u201cQuebre o Sil\u00eancio\u201d para combater viol\u00eancia contra a mulher - O Timoneiro Jornal Canoas RS","og_description":"Canoas lan\u00e7a campanha \u201cQuebre o Sil\u00eancio\u201d para estimular den\u00fancias de viol\u00eancia contra a mulher e conscientizar a sociedade sobre a import\u00e2ncia de agir diante de agress\u00f5es.","og_url":"https:\/\/jornaltimoneiro.com.br\/index.php\/2026\/03\/12\/canoas-quebre-o-silencio-campanha-violencia-mulher\/","og_site_name":"O Timoneiro Jornal Canoas RS","article_publisher":"https:\/\/www.facebook.com\/jornaltimoneiro","article_published_time":"2026-03-12T13:05:14+00:00","og_image":[{"width":"1828","height":"2560","url":"https:\/\/jornaltimoneiro.com.br\/wp-content\/uploads\/2026\/03\/young-woman-dealing-with-anxiety-scaled.jpg","type":"image\/jpeg"}],"author":"Reda\u00e7\u00e3o","twitter_card":"summary_large_image","twitter_creator":"@_OTimoneiro","twitter_site":"@_OTimoneiro","twitter_misc":{"Escrito por":"Reda\u00e7\u00e3o","Est. tempo de leitura":"2 minutos"},"schema":{"@context":"https:\/\/schema.org","@graph":[{"@type":"Article","@id":"https:\/\/jornaltimoneiro.com.br\/index.php\/2026\/03\/12\/canoas-quebre-o-silencio-campanha-violencia-mulher\/#article","isPartOf":{"@id":"https:\/\/jornaltimoneiro.com.br\/index.php\/2026\/03\/12\/canoas-quebre-o-silencio-campanha-violencia-mulher\/"},"author":{"name":"Reda\u00e7\u00e3o","@id":"https:\/\/jornaltimoneiro.com.br\/#\/schema\/person\/f63482f1a02b1a9592707865e509ab40"},"headline":"Canoas lan\u00e7a campanha \u201cQuebre o Sil\u00eancio\u201d para combater viol\u00eancia contra a mulher","datePublished":"2026-03-12T13:05:14+00:00","dateModified":"2026-03-12T13:05:14+00:00","mainEntityOfPage":{"@id":"https:\/\/jornaltimoneiro.com.br\/index.php\/2026\/03\/12\/canoas-quebre-o-silencio-campanha-violencia-mulher\/"},"wordCount":308,"commentCount":0,"publisher":{"@id":"https:\/\/jornaltimoneiro.com.br\/#organization"},"keywords":["canoas","featured","feminicio","viol\u00eancia"],"articleSection":["Seguran\u00e7a"],"inLanguage":"pt-BR","potentialAction":[{"@type":"CommentAction","name":"Comment","target":["https:\/\/jornaltimoneiro.com.br\/index.php\/2026\/03\/12\/canoas-quebre-o-silencio-campanha-violencia-mulher\/#respond"]}]},{"@type":"WebPage","@id":"https:\/\/jornaltimoneiro.com.br\/index.php\/2026\/03\/12\/canoas-quebre-o-silencio-campanha-violencia-mulher\/","url":"https:\/\/jornaltimoneiro.com.br\/index.php\/2026\/03\/12\/canoas-quebre-o-silencio-campanha-violencia-mulher\/","name":"Canoas lan\u00e7a campanha \u201cQuebre o Sil\u00eancio\u201d para combater viol\u00eancia contra a mulher - O Timoneiro Jornal Canoas RS","isPartOf":{"@id":"https:\/\/jornaltimoneiro.com.br\/#website"},"datePublished":"2026-03-12T13:05:14+00:00","dateModified":"2026-03-12T13:05:14+00:00","description":"Canoas lan\u00e7a campanha \u201cQuebre o Sil\u00eancio\u201d para estimular den\u00fancias de viol\u00eancia contra a mulher e conscientizar a sociedade sobre a import\u00e2ncia de agir diante de agress\u00f5es.","breadcrumb":{"@id":"https:\/\/jornaltimoneiro.com.br\/index.php\/2026\/03\/12\/canoas-quebre-o-silencio-campanha-violencia-mulher\/#breadcrumb"},"inLanguage":"pt-BR","potentialAction":[{"@type":"ReadAction","target":["https:\/\/jornaltimoneiro.com.br\/index.php\/2026\/03\/12\/canoas-quebre-o-silencio-campanha-violencia-mulher\/"]}]},{"@type":"BreadcrumbList","@id":"https:\/\/jornaltimoneiro.com.br\/index.php\/2026\/03\/12\/canoas-quebre-o-silencio-campanha-violencia-mulher\/#breadcrumb","itemListElement":[{"@type":"ListItem","position":1,"name":"In\u00edcio","item":"https:\/\/jornaltimoneiro.com.br\/"},{"@type":"ListItem","position":2,"name":"Canoas lan\u00e7a campanha \u201cQuebre o Sil\u00eancio\u201d para combater viol\u00eancia contra a mulher"}]},{"@type":"WebSite","@id":"https:\/\/jornaltimoneiro.com.br\/#website","url":"https:\/\/jornaltimoneiro.com.br\/","name":"Jornal Timoneiro Canoas RS","description":"Jornal O Timoneiro, o verdadeiro jornal de Canoas","publisher":{"@id":"https:\/\/jornaltimoneiro.com.br\/#organization"},"potentialAction":[{"@type":"SearchAction","target":{"@type":"EntryPoint","urlTemplate":"https:\/\/jornaltimoneiro.com.br\/?s={search_term_string}"},"query-input":"required name=search_term_string"}],"inLanguage":"pt-BR"},{"@type":"Organization","@id":"https:\/\/jornaltimoneiro.com.br\/#organization","name":"Jornal Timoneiro Canoas RS","url":"https:\/\/jornaltimoneiro.com.br\/","logo":{"@type":"ImageObject","inLanguage":"pt-BR","@id":"https:\/\/jornaltimoneiro.com.br\/#\/schema\/logo\/image\/","url":"https:\/\/jornaltimoneiro.com.br\/wp-content\/uploads\/2023\/03\/logonovo.png","contentUrl":"https:\/\/jornaltimoneiro.com.br\/wp-content\/uploads\/2023\/03\/logonovo.png","width":"469","height":"171","caption":"Jornal Timoneiro Canoas RS"},"image":{"@id":"https:\/\/jornaltimoneiro.com.br\/#\/schema\/logo\/image\/"},"sameAs":["https:\/\/www.facebook.com\/jornaltimoneiro","https:\/\/twitter.com\/_OTimoneiro","https:\/\/www.instagram.com\/jornaltimoneirocanoas\/","https:\/\/www.youtube.com\/@jornalotimoneiro7927"]},{"@type":"Person","@id":"https:\/\/jornaltimoneiro.com.br\/#\/schema\/person\/f63482f1a02b1a9592707865e509ab40","name":"Reda\u00e7\u00e3o","image":{"@type":"ImageObject","inLanguage":"pt-BR","@id":"https:\/\/jornaltimoneiro.com.br\/#\/schema\/person\/image\/","url":"https:\/\/jornaltimoneiro.com.br\/wp-content\/uploads\/2023\/03\/download.jpeg","contentUrl":"https:\/\/jornaltimoneiro.com.br\/wp-content\/uploads\/2023\/03\/download.jpeg","caption":"Reda\u00e7\u00e3o"},"url":"https:\/\/jornaltimoneiro.com.br\/index.php\/author\/simone-dutra\/"}]}},"_links":{"self":[{"href":"https:\/\/jornaltimoneiro.com.br\/index.php\/wp-json\/wp\/v2\/posts\/39516"}],"collection":[{"href":"https:\/\/jornaltimoneiro.com.br\/index.php\/wp-json\/wp\/v2\/posts"}],"about":[{"href":"https:\/\/jornaltimoneiro.com.br\/index.php\/wp-json\/wp\/v2\/types\/post"}],"author":[{"embeddable":true,"href":"https:\/\/jornaltimoneiro.com.br\/index.php\/wp-json\/wp\/v2\/users\/2"}],"replies":[{"embeddable":true,"href":"https:\/\/jornaltimoneiro.com.br\/index.php\/wp-json\/wp\/v2\/comments?post=39516"}],"version-history":[{"count":1,"href":"https:\/\/jornaltimoneiro.com.br\/index.php\/wp-json\/wp\/v2\/posts\/39516\/revisions"}],"predecessor-version":[{"id":39518,"href":"https:\/\/jornaltimoneiro.com.br\/index.php\/wp-json\/wp\/v2\/posts\/39516\/revisions\/39518"}],"wp:featuredmedia":[{"embeddable":true,"href":"https:\/\/jornaltimoneiro.com.br\/index.php\/wp-json\/wp\/v2\/media\/39517"}],"wp:attachment":[{"href":"https:\/\/jornaltimoneiro.com.br\/index.php\/wp-json\/wp\/v2\/media?parent=39516"}],"wp:term":[{"taxonomy":"category","embeddable":true,"href":"https:\/\/jornaltimoneiro.com.br\/index.php\/wp-json\/wp\/v2\/categories?post=39516"},{"taxonomy":"post_tag","embeddable":true,"href":"https:\/\/jornaltimoneiro.com.br\/index.php\/wp-json\/wp\/v2\/tags?post=39516"}],"curies":[{"name":"wp","href":"https:\/\/api.w.org\/{rel}","templated":true}]}}