{"id":39512,"date":"2026-03-12T09:30:17","date_gmt":"2026-03-12T12:30:17","guid":{"rendered":"https:\/\/jornaltimoneiro.com.br\/?p=39512"},"modified":"2026-03-12T09:30:17","modified_gmt":"2026-03-12T12:30:17","slug":"canoas-programacao-cuidar-de-quem-cuida-cras-dia-da-mulher","status":"publish","type":"post","link":"https:\/\/jornaltimoneiro.com.br\/index.php\/2026\/03\/12\/canoas-programacao-cuidar-de-quem-cuida-cras-dia-da-mulher\/","title":{"rendered":"Canoas inicia programa\u00e7\u00e3o \u201cCuidar de Quem Cuida\u201d para mulheres atendidas pelos CRAS no m\u00eas da mulher"},"content":{"rendered":"<p data-start=\"71\" data-end=\"411\"><span class=\"BZ_Pyq_fadeIn\">Nesta quinta-feira, 12<\/span><span class=\"BZ_Pyq_fadeIn\">, <\/span><span class=\"BZ_Pyq_fadeIn\">a <\/span><span class=\"BZ_Pyq_fadeIn\">cidade <\/span><span class=\"BZ_Pyq_fadeIn\">de <\/span><span class=\"hover:entity-accent entity-underline inline cursor-pointer align-baseline\"><span class=\"whitespace-normal\">Canoas<\/span><\/span> <span class=\"BZ_Pyq_fadeIn\">inicia <\/span><span class=\"BZ_Pyq_fadeIn\">uma <\/span><span class=\"BZ_Pyq_fadeIn\">programa\u00e7\u00e3o <\/span><span class=\"BZ_Pyq_fadeIn\">especial <\/span><span class=\"BZ_Pyq_fadeIn\">alusiva <\/span><span class=\"BZ_Pyq_fadeIn\">ao <\/span><span class=\"hover:entity-accent entity-underline inline cursor-pointer align-baseline\"><span class=\"whitespace-normal\">Dia Internacional da Mulher<\/span><\/span> <span class=\"BZ_Pyq_fadeIn\">com <\/span><span class=\"BZ_Pyq_fadeIn\">a <\/span><span class=\"BZ_Pyq_fadeIn\">abertura <\/span><span class=\"BZ_Pyq_fadeIn\">do <\/span><span class=\"BZ_Pyq_fadeIn\">evento \u201c<\/span><span class=\"BZ_Pyq_fadeIn\">Cuidar <\/span><span class=\"BZ_Pyq_fadeIn\">de <\/span><span class=\"BZ_Pyq_fadeIn\">quem <\/span><span class=\"BZ_Pyq_fadeIn\">cuida\u201d. <\/span><span class=\"BZ_Pyq_fadeIn\">A <\/span><span class=\"BZ_Pyq_fadeIn\">primeira <\/span><span class=\"BZ_Pyq_fadeIn\">atividade <\/span><span class=\"BZ_Pyq_fadeIn\">ocorre <\/span><span class=\"BZ_Pyq_fadeIn\">\u00e0s <\/span><span class=\"BZ_Pyq_fadeIn\">14h, <\/span><span class=\"BZ_Pyq_fadeIn\">no <\/span><span class=\"hover:entity-accent entity-underline inline cursor-pointer align-baseline\"><span class=\"whitespace-normal\">Centro de Refer\u00eancia de Assist\u00eancia Social (CRAS) Harmonia<\/span><\/span><span class=\"BZ_Pyq_fadeIn\">, <\/span><span class=\"BZ_Pyq_fadeIn\">localizado <\/span><span class=\"BZ_Pyq_fadeIn\">na <\/span><span class=\"BZ_Pyq_fadeIn\">Rua <\/span><span class=\"BZ_Pyq_fadeIn\">Dr. <\/span><span class=\"BZ_Pyq_fadeIn\">Sobral <\/span><span class=\"BZ_Pyq_fadeIn\">Pinto, <\/span><span class=\"BZ_Pyq_fadeIn\">35, <\/span><span class=\"BZ_Pyq_fadeIn\">no <\/span><span class=\"BZ_Pyq_fadeIn\">bairro <\/span><span class=\"BZ_Pyq_fadeIn\">Harmonia.<\/span><\/p>\n<p data-start=\"413\" data-end=\"607\"><span class=\"BZ_Pyq_fadeIn\">A <\/span><span class=\"BZ_Pyq_fadeIn\">a\u00e7\u00e3o <\/span><span class=\"BZ_Pyq_fadeIn\">\u00e9 <\/span><span class=\"BZ_Pyq_fadeIn\">organizada <\/span><span class=\"BZ_Pyq_fadeIn\">pela <\/span><span class=\"hover:entity-accent entity-underline inline cursor-pointer align-baseline\"><span class=\"whitespace-normal\">Secretaria Municipal de Assist\u00eancia Social de Canoas<\/span><\/span> <span class=\"BZ_Pyq_fadeIn\">e <\/span><span class=\"BZ_Pyq_fadeIn\">ser\u00e1 <\/span><span class=\"BZ_Pyq_fadeIn\">realizada <\/span><span class=\"BZ_Pyq_fadeIn\">ao <\/span><span class=\"BZ_Pyq_fadeIn\">longo <\/span><span class=\"BZ_Pyq_fadeIn\">do <\/span><span class=\"BZ_Pyq_fadeIn\">m\u00eas <\/span><span class=\"BZ_Pyq_fadeIn\">em <\/span><span class=\"BZ_Pyq_fadeIn\">diferentes <\/span><span class=\"BZ_Pyq_fadeIn\">regi\u00f5es <\/span><span class=\"BZ_Pyq_fadeIn\">do <\/span><span class=\"BZ_Pyq_fadeIn\">munic\u00edpio, <\/span><span class=\"BZ_Pyq_fadeIn\">reunindo <\/span><span class=\"BZ_Pyq_fadeIn\">mulheres <\/span><span class=\"BZ_Pyq_fadeIn\">atendidas <\/span><span class=\"BZ_Pyq_fadeIn\">pelos <\/span><span class=\"BZ_Pyq_fadeIn\">servi\u00e7os <\/span><span class=\"BZ_Pyq_fadeIn\">socioassistenciais.<\/span><\/p>\n<p data-start=\"609\" data-end=\"834\"><span class=\"BZ_Pyq_fadeIn\">A <\/span><span class=\"BZ_Pyq_fadeIn\">proposta <\/span><span class=\"BZ_Pyq_fadeIn\">\u00e9 <\/span><span class=\"BZ_Pyq_fadeIn\">oferecer <\/span><span class=\"BZ_Pyq_fadeIn\">uma <\/span><span class=\"BZ_Pyq_fadeIn\">tarde <\/span><span class=\"BZ_Pyq_fadeIn\">de <\/span><span class=\"BZ_Pyq_fadeIn\">acolhimento <\/span><span class=\"BZ_Pyq_fadeIn\">e <\/span><span class=\"BZ_Pyq_fadeIn\">cuidados <\/span><span class=\"BZ_Pyq_fadeIn\">pessoais <\/span><span class=\"BZ_Pyq_fadeIn\">para <\/span><span class=\"BZ_Pyq_fadeIn\">mulheres <\/span><span class=\"BZ_Pyq_fadeIn\">em <\/span><span class=\"BZ_Pyq_fadeIn\">situa\u00e7\u00e3o <\/span><span class=\"BZ_Pyq_fadeIn\">de <\/span><span class=\"BZ_Pyq_fadeIn\">pobreza <\/span><span class=\"BZ_Pyq_fadeIn\">e <\/span><span class=\"BZ_Pyq_fadeIn\">extrema <\/span><span class=\"BZ_Pyq_fadeIn\">pobreza, <\/span><span class=\"BZ_Pyq_fadeIn\">que <\/span><span class=\"BZ_Pyq_fadeIn\">muitas <\/span><span class=\"BZ_Pyq_fadeIn\">vezes <\/span><span class=\"BZ_Pyq_fadeIn\">enfrentam <\/span><span class=\"BZ_Pyq_fadeIn\">dificuldades <\/span><span class=\"BZ_Pyq_fadeIn\">no <\/span><span class=\"BZ_Pyq_fadeIn\">cotidiano <\/span><span class=\"BZ_Pyq_fadeIn\">e <\/span><span class=\"BZ_Pyq_fadeIn\">acabam <\/span><span class=\"BZ_Pyq_fadeIn\">deixando <\/span><span class=\"BZ_Pyq_fadeIn\">o <\/span><span class=\"BZ_Pyq_fadeIn\">autocuidado <\/span><span class=\"BZ_Pyq_fadeIn\">em <\/span><span class=\"BZ_Pyq_fadeIn\">segundo <\/span><span class=\"BZ_Pyq_fadeIn\">plano.<\/span><\/p>\n<p data-start=\"836\" data-end=\"982\"><span class=\"BZ_Pyq_fadeIn\">Durante <\/span><span class=\"BZ_Pyq_fadeIn\">os <\/span><span class=\"BZ_Pyq_fadeIn\">encontros, <\/span><span class=\"BZ_Pyq_fadeIn\">ser\u00e3o <\/span><span class=\"BZ_Pyq_fadeIn\">disponibilizados <\/span><span class=\"BZ_Pyq_fadeIn\">servi\u00e7os <\/span><span class=\"BZ_Pyq_fadeIn\">gratuitos <\/span><span class=\"BZ_Pyq_fadeIn\">como <\/span><span class=\"BZ_Pyq_fadeIn\">corte <\/span><span class=\"BZ_Pyq_fadeIn\">de <\/span><span class=\"BZ_Pyq_fadeIn\">cabelo, <\/span><span class=\"BZ_Pyq_fadeIn\">maquiagem, <\/span><span class=\"BZ_Pyq_fadeIn\">design <\/span><span class=\"BZ_Pyq_fadeIn\">de <\/span><span class=\"BZ_Pyq_fadeIn\">sobrancelhas <\/span><span class=\"BZ_Pyq_fadeIn\">e <\/span><span class=\"BZ_Pyq_fadeIn\">embelezamento <\/span><span class=\"BZ_Pyq_fadeIn\">das <\/span><span class=\"BZ_Pyq_fadeIn\">unhas.<\/span><\/p>\n<p data-start=\"984\" data-end=\"1173\"><span class=\"BZ_Pyq_fadeIn\">As <\/span><span class=\"BZ_Pyq_fadeIn\">atividades <\/span><span class=\"BZ_Pyq_fadeIn\">tamb\u00e9m <\/span><span class=\"BZ_Pyq_fadeIn\">incluem <\/span><span class=\"BZ_Pyq_fadeIn\">lanche <\/span><span class=\"BZ_Pyq_fadeIn\">e <\/span><span class=\"BZ_Pyq_fadeIn\">um <\/span><span class=\"BZ_Pyq_fadeIn\">espa\u00e7o <\/span><span class=\"BZ_Pyq_fadeIn\">de <\/span><span class=\"BZ_Pyq_fadeIn\">recrea\u00e7\u00e3o <\/span><span class=\"BZ_Pyq_fadeIn\">para <\/span><span class=\"BZ_Pyq_fadeIn\">crian\u00e7as, <\/span><span class=\"BZ_Pyq_fadeIn\">com <\/span><span class=\"BZ_Pyq_fadeIn\">brinquedos <\/span><span class=\"BZ_Pyq_fadeIn\">como <\/span><span class=\"BZ_Pyq_fadeIn\">cama <\/span><span class=\"BZ_Pyq_fadeIn\">el\u00e1stica, <\/span><span class=\"BZ_Pyq_fadeIn\">permitindo <\/span><span class=\"BZ_Pyq_fadeIn\">que <\/span><span class=\"BZ_Pyq_fadeIn\">m\u00e3es <\/span><span class=\"BZ_Pyq_fadeIn\">participem <\/span><span class=\"BZ_Pyq_fadeIn\">mesmo <\/span><span class=\"BZ_Pyq_fadeIn\">quando <\/span><span class=\"BZ_Pyq_fadeIn\">n\u00e3o <\/span><span class=\"BZ_Pyq_fadeIn\">t\u00eam <\/span><span class=\"BZ_Pyq_fadeIn\">com <\/span><span class=\"BZ_Pyq_fadeIn\">quem <\/span><span class=\"BZ_Pyq_fadeIn\">deixar <\/span><span class=\"BZ_Pyq_fadeIn\">os <\/span><span class=\"BZ_Pyq_fadeIn\">filhos.<\/span><\/p>\n<p data-start=\"1175\" data-end=\"1594\"><span class=\"BZ_Pyq_fadeIn\">O <\/span><span class=\"BZ_Pyq_fadeIn\">secret\u00e1rio <\/span><span class=\"BZ_Pyq_fadeIn\">de <\/span><span class=\"BZ_Pyq_fadeIn\">Assist\u00eancia <\/span><span class=\"BZ_Pyq_fadeIn\">Social, <\/span><span class=\"hover:entity-accent entity-underline inline cursor-pointer align-baseline\"><span class=\"whitespace-normal\">M\u00e1rcio Freitas<\/span><\/span><span class=\"BZ_Pyq_fadeIn\">, <\/span><span class=\"BZ_Pyq_fadeIn\">afirmou <\/span><span class=\"BZ_Pyq_fadeIn\">que <\/span><span class=\"BZ_Pyq_fadeIn\">a <\/span><span class=\"BZ_Pyq_fadeIn\">iniciativa <\/span><span class=\"BZ_Pyq_fadeIn\">busca <\/span><span class=\"BZ_Pyq_fadeIn\">reconhecer <\/span><span class=\"BZ_Pyq_fadeIn\">o <\/span><span class=\"BZ_Pyq_fadeIn\">papel <\/span><span class=\"BZ_Pyq_fadeIn\">das <\/span><span class=\"BZ_Pyq_fadeIn\">mulheres <\/span><span class=\"BZ_Pyq_fadeIn\">na <\/span><span class=\"BZ_Pyq_fadeIn\">sociedade. <\/span><\/p>\n<blockquote>\n<p data-start=\"1175\" data-end=\"1594\"><span class=\"BZ_Pyq_fadeIn\">\u201c<\/span><span class=\"BZ_Pyq_fadeIn\">Esses <\/span><span class=\"BZ_Pyq_fadeIn\">encontros <\/span><span class=\"BZ_Pyq_fadeIn\">n\u00e3o <\/span><span class=\"BZ_Pyq_fadeIn\">s\u00e3o <\/span><span class=\"BZ_Pyq_fadeIn\">apenas <\/span><span class=\"BZ_Pyq_fadeIn\">um <\/span><span class=\"BZ_Pyq_fadeIn\">momento <\/span><span class=\"BZ_Pyq_fadeIn\">de <\/span><span class=\"BZ_Pyq_fadeIn\">celebra\u00e7\u00e3o, <\/span><span class=\"BZ_Pyq_fadeIn\">mas <\/span><span class=\"BZ_Pyq_fadeIn\">tamb\u00e9m <\/span><span class=\"BZ_Pyq_fadeIn\">de <\/span><span class=\"BZ_Pyq_fadeIn\">conscientiza\u00e7\u00e3o, <\/span><span class=\"BZ_Pyq_fadeIn\">valoriza\u00e7\u00e3o <\/span><span class=\"BZ_Pyq_fadeIn\">e <\/span><span class=\"BZ_Pyq_fadeIn\">respeito <\/span><span class=\"BZ_Pyq_fadeIn\">pelas <\/span><span class=\"BZ_Pyq_fadeIn\">mulheres <\/span><span class=\"BZ_Pyq_fadeIn\">que <\/span><span class=\"BZ_Pyq_fadeIn\">nos <\/span><span class=\"BZ_Pyq_fadeIn\">criaram <\/span><span class=\"BZ_Pyq_fadeIn\">e <\/span><span class=\"BZ_Pyq_fadeIn\">nos <\/span><span class=\"BZ_Pyq_fadeIn\">geraram. <\/span><span class=\"BZ_Pyq_fadeIn\">Elas <\/span><span class=\"BZ_Pyq_fadeIn\">desempenham <\/span><span class=\"BZ_Pyq_fadeIn\">um <\/span><span class=\"BZ_Pyq_fadeIn\">papel <\/span><span class=\"BZ_Pyq_fadeIn\">fundamental <\/span><span class=\"BZ_Pyq_fadeIn\">na <\/span><span class=\"BZ_Pyq_fadeIn\">sociedade <\/span><span class=\"BZ_Pyq_fadeIn\">e <\/span><span class=\"BZ_Pyq_fadeIn\">muitas <\/span><span class=\"BZ_Pyq_fadeIn\">vezes <\/span><span class=\"BZ_Pyq_fadeIn\">s\u00e3o <\/span><span class=\"BZ_Pyq_fadeIn\">as <\/span><span class=\"BZ_Pyq_fadeIn\">provedoras <\/span><span class=\"BZ_Pyq_fadeIn\">de <\/span><span class=\"BZ_Pyq_fadeIn\">suas <\/span><span class=\"BZ_Pyq_fadeIn\">fam\u00edlias\u201d, <\/span><span class=\"BZ_Pyq_fadeIn\">disse.<\/span><\/p>\n<\/blockquote>\n<p data-start=\"1596\" data-end=\"1902\" data-is-last-node=\"\" data-is-only-node=\"\"><span class=\"BZ_Pyq_fadeIn\">A <\/span><span class=\"BZ_Pyq_fadeIn\">programa\u00e7\u00e3o <\/span><span class=\"BZ_Pyq_fadeIn\">conta <\/span><span class=\"BZ_Pyq_fadeIn\">com <\/span><span class=\"BZ_Pyq_fadeIn\">a <\/span><span class=\"BZ_Pyq_fadeIn\">participa\u00e7\u00e3o <\/span><span class=\"BZ_Pyq_fadeIn\">de <\/span><span class=\"BZ_Pyq_fadeIn\">organiza\u00e7\u00f5es <\/span><span class=\"BZ_Pyq_fadeIn\">da <\/span><span class=\"BZ_Pyq_fadeIn\">comunidade, <\/span><span class=\"BZ_Pyq_fadeIn\">entre <\/span><span class=\"BZ_Pyq_fadeIn\">elas <\/span><span class=\"BZ_Pyq_fadeIn\">a <\/span><span class=\"hover:entity-accent entity-underline inline cursor-pointer align-baseline\"><span class=\"whitespace-normal\">Central \u00danica das Favelas<\/span><\/span><span class=\"BZ_Pyq_fadeIn\"> (<\/span><span class=\"BZ_Pyq_fadeIn\">CUFA), <\/span><span class=\"BZ_Pyq_fadeIn\">o <\/span><span class=\"hover:entity-accent entity-underline inline cursor-pointer align-baseline\"><span class=\"whitespace-normal\">Projeto Social Caminhos do Bem<\/span><\/span><span class=\"BZ_Pyq_fadeIn\">, <\/span><span class=\"BZ_Pyq_fadeIn\">a <\/span><span class=\"hover:entity-accent entity-underline inline cursor-pointer align-baseline\"><span class=\"whitespace-normal\">Associa\u00e7\u00e3o da Horta Comunit\u00e1ria Uni\u00e3o dos Oper\u00e1rios<\/span><\/span><span class=\"BZ_Pyq_fadeIn\"> (<\/span><span class=\"BZ_Pyq_fadeIn\">Hocouno) <\/span><span class=\"BZ_Pyq_fadeIn\">e <\/span><span class=\"BZ_Pyq_fadeIn\">a <\/span><span class=\"hover:entity-accent entity-underline inline cursor-pointer align-baseline\"><span class=\"whitespace-normal\">Escola T\u00e9cnica Canoas (SEG)<\/span><\/span><span class=\"BZ_Pyq_fadeIn\">, <\/span><span class=\"BZ_Pyq_fadeIn\">que <\/span><span class=\"BZ_Pyq_fadeIn\">colaboram <\/span><span class=\"BZ_Pyq_fadeIn\">na <\/span><span class=\"BZ_Pyq_fadeIn\">realiza\u00e7\u00e3o <\/span><span class=\"BZ_Pyq_fadeIn\">das <\/span><span class=\"BZ_Pyq_fadeIn\">atividades.<br \/>\n<\/span><\/p>\n<h4><strong>Programa\u00e7\u00e3o<\/strong><\/h4>\n<p>CRAS Harmonia<br \/>\nData: 12 de mar\u00e7o<br \/>\nHor\u00e1rio: das 14h \u00e0s 17h<br \/>\nEndere\u00e7o: Rua Dr. Sobral Pinto, 35 \u2013 Harmonia<\/p>\n<p>CRAS Guajuviras \u2013 Caminhos do Bem<br \/>\nData: 13 de mar\u00e7o<br \/>\nHor\u00e1rio: das 14h \u00e0s 17h<br \/>\nEndere\u00e7o: Avenida Dezessete de Abril, 100 \u2013 Guajuviras<\/p>\n<p>CRAS Mathias Velho \u2013 Associa\u00e7\u00e3o da Horta Comunit\u00e1ria Uni\u00e3o dos Oper\u00e1rios<br \/>\nData: 17 de mar\u00e7o<br \/>\nHor\u00e1rio: das 14h \u00e0s 17h<br \/>\nEndere\u00e7o: Rua 18 de Novembro, 400 \u2013 Mathias Velho<\/p>\n<p>CRAS Niter\u00f3i<br \/>\nData: 23 de mar\u00e7o<br \/>\nHor\u00e1rio: das 14h \u00e0s 17h<br \/>\nEndere\u00e7o: Rua Itamar Mattos de Maia, 1381 \u2013 Niter\u00f3i<\/p>\n<p>CRAS Rio Branco \u2013 Conselho Comunit\u00e1rio do Bairro Rio Branco<br \/>\nData: 26 de mar\u00e7o<br \/>\nHor\u00e1rio: das 14h \u00e0s 17h<br \/>\nEndere\u00e7o: Rua Engenheiro Chang, 917 \u2013 F\u00e1tima<\/p>\n<p>Cooperativa Coopermag \u2013 Associa\u00e7\u00e3o da Horta Comunit\u00e1ria Uni\u00e3o dos Oper\u00e1rios<br \/>\nData: 27 de mar\u00e7o<br \/>\nHor\u00e1rio: das 14h \u00e0s 17h<br \/>\nEndere\u00e7o: Rua 18 de Novembro, 400 \u2013 Mathias Velho<\/p>\n<p data-start=\"1596\" data-end=\"1902\" data-is-last-node=\"\" data-is-only-node=\"\"><span class=\"BZ_Pyq_fadeIn\">\u00a0<\/span><\/p>\n","protected":false},"excerpt":{"rendered":"<p>Nesta quinta-feira, 12, a cidade de Canoas inicia uma programa\u00e7\u00e3o especial alusiva ao Dia Internacional da Mulher com a abertura do evento \u201cCuidar de quem cuida\u201d. A primeira atividade ocorre \u00e0s 14h, no Centro de Refer\u00eancia de Assist\u00eancia Social (CRAS) Harmonia, localizado na Rua Dr. Sobral Pinto, 35, no bairro Harmonia. A a\u00e7\u00e3o \u00e9 organizada [&hellip;]<\/p>\n","protected":false},"author":2,"featured_media":39513,"comment_status":"open","ping_status":"open","sticky":false,"template":"","format":"standard","meta":{"amp_status":"","footnotes":""},"categories":[4984],"tags":[2865,31,1412,190],"class_list":["post-39512","post","type-post","status-publish","format-standard","has-post-thumbnail","hentry","category-social","tag-bairro-harmonia","tag-canoas","tag-cras","tag-featured"],"yoast_head":"<!-- This site is optimized with the Yoast SEO plugin v20.5 - https:\/\/yoast.com\/wordpress\/plugins\/seo\/ -->\n<title>Canoas inicia programa\u00e7\u00e3o \u201cCuidar de Quem Cuida\u201d para mulheres atendidas pelos CRAS no m\u00eas da mulher - O Timoneiro Jornal Canoas RS<\/title>\n<meta name=\"description\" content=\"Neste dia 12 de mar\u00e7o, Canoas inicia a programa\u00e7\u00e3o \u201cCuidar de quem cuida\u201d, com atividades de acolhimento e autocuidado para mulheres atendidas pelos CRAS.\" \/>\n<meta name=\"robots\" content=\"index, follow, max-snippet:-1, max-image-preview:large, max-video-preview:-1\" \/>\n<link rel=\"canonical\" href=\"https:\/\/jornaltimoneiro.com.br\/index.php\/2026\/03\/12\/canoas-programacao-cuidar-de-quem-cuida-cras-dia-da-mulher\/\" \/>\n<meta property=\"og:locale\" content=\"pt_BR\" \/>\n<meta property=\"og:type\" content=\"article\" \/>\n<meta property=\"og:title\" content=\"Canoas inicia programa\u00e7\u00e3o \u201cCuidar de Quem Cuida\u201d para mulheres atendidas pelos CRAS no m\u00eas da mulher - O Timoneiro Jornal Canoas RS\" \/>\n<meta property=\"og:description\" content=\"Neste dia 12 de mar\u00e7o, Canoas inicia a programa\u00e7\u00e3o \u201cCuidar de quem cuida\u201d, com atividades de acolhimento e autocuidado para mulheres atendidas pelos CRAS.\" \/>\n<meta property=\"og:url\" content=\"https:\/\/jornaltimoneiro.com.br\/index.php\/2026\/03\/12\/canoas-programacao-cuidar-de-quem-cuida-cras-dia-da-mulher\/\" \/>\n<meta property=\"og:site_name\" content=\"O Timoneiro Jornal Canoas RS\" \/>\n<meta property=\"article:publisher\" content=\"https:\/\/www.facebook.com\/jornaltimoneiro\" \/>\n<meta property=\"article:published_time\" content=\"2026-03-12T12:30:17+00:00\" \/>\n<meta property=\"og:image\" content=\"https:\/\/jornaltimoneiro.com.br\/wp-content\/uploads\/2026\/03\/17-01-CRAS-HARMONIA_Alisson-Moura-8.jpg\" \/>\n\t<meta property=\"og:image:width\" content=\"2048\" \/>\n\t<meta property=\"og:image:height\" content=\"1365\" \/>\n\t<meta property=\"og:image:type\" content=\"image\/jpeg\" \/>\n<meta name=\"author\" content=\"Reda\u00e7\u00e3o\" \/>\n<meta name=\"twitter:card\" content=\"summary_large_image\" \/>\n<meta name=\"twitter:creator\" content=\"@_OTimoneiro\" \/>\n<meta name=\"twitter:site\" content=\"@_OTimoneiro\" \/>\n<meta name=\"twitter:label1\" content=\"Escrito por\" \/>\n\t<meta name=\"twitter:data1\" content=\"Reda\u00e7\u00e3o\" \/>\n\t<meta name=\"twitter:label2\" content=\"Est. tempo de leitura\" \/>\n\t<meta name=\"twitter:data2\" content=\"3 minutos\" \/>\n<script type=\"application\/ld+json\" class=\"yoast-schema-graph\">{\"@context\":\"https:\/\/schema.org\",\"@graph\":[{\"@type\":\"Article\",\"@id\":\"https:\/\/jornaltimoneiro.com.br\/index.php\/2026\/03\/12\/canoas-programacao-cuidar-de-quem-cuida-cras-dia-da-mulher\/#article\",\"isPartOf\":{\"@id\":\"https:\/\/jornaltimoneiro.com.br\/index.php\/2026\/03\/12\/canoas-programacao-cuidar-de-quem-cuida-cras-dia-da-mulher\/\"},\"author\":{\"name\":\"Reda\u00e7\u00e3o\",\"@id\":\"https:\/\/jornaltimoneiro.com.br\/#\/schema\/person\/f63482f1a02b1a9592707865e509ab40\"},\"headline\":\"Canoas inicia programa\u00e7\u00e3o \u201cCuidar de Quem Cuida\u201d para mulheres atendidas pelos CRAS no m\u00eas da mulher\",\"datePublished\":\"2026-03-12T12:30:17+00:00\",\"dateModified\":\"2026-03-12T12:30:17+00:00\",\"mainEntityOfPage\":{\"@id\":\"https:\/\/jornaltimoneiro.com.br\/index.php\/2026\/03\/12\/canoas-programacao-cuidar-de-quem-cuida-cras-dia-da-mulher\/\"},\"wordCount\":477,\"commentCount\":0,\"publisher\":{\"@id\":\"https:\/\/jornaltimoneiro.com.br\/#organization\"},\"keywords\":[\"bairro harmonia\",\"canoas\",\"CRAS\",\"featured\"],\"articleSection\":[\"Social\"],\"inLanguage\":\"pt-BR\",\"potentialAction\":[{\"@type\":\"CommentAction\",\"name\":\"Comment\",\"target\":[\"https:\/\/jornaltimoneiro.com.br\/index.php\/2026\/03\/12\/canoas-programacao-cuidar-de-quem-cuida-cras-dia-da-mulher\/#respond\"]}]},{\"@type\":\"WebPage\",\"@id\":\"https:\/\/jornaltimoneiro.com.br\/index.php\/2026\/03\/12\/canoas-programacao-cuidar-de-quem-cuida-cras-dia-da-mulher\/\",\"url\":\"https:\/\/jornaltimoneiro.com.br\/index.php\/2026\/03\/12\/canoas-programacao-cuidar-de-quem-cuida-cras-dia-da-mulher\/\",\"name\":\"Canoas inicia programa\u00e7\u00e3o \u201cCuidar de Quem Cuida\u201d para mulheres atendidas pelos CRAS no m\u00eas da mulher - O Timoneiro Jornal Canoas RS\",\"isPartOf\":{\"@id\":\"https:\/\/jornaltimoneiro.com.br\/#website\"},\"datePublished\":\"2026-03-12T12:30:17+00:00\",\"dateModified\":\"2026-03-12T12:30:17+00:00\",\"description\":\"Neste dia 12 de mar\u00e7o, Canoas inicia a programa\u00e7\u00e3o \u201cCuidar de quem cuida\u201d, com atividades de acolhimento e autocuidado para mulheres atendidas pelos CRAS.\",\"breadcrumb\":{\"@id\":\"https:\/\/jornaltimoneiro.com.br\/index.php\/2026\/03\/12\/canoas-programacao-cuidar-de-quem-cuida-cras-dia-da-mulher\/#breadcrumb\"},\"inLanguage\":\"pt-BR\",\"potentialAction\":[{\"@type\":\"ReadAction\",\"target\":[\"https:\/\/jornaltimoneiro.com.br\/index.php\/2026\/03\/12\/canoas-programacao-cuidar-de-quem-cuida-cras-dia-da-mulher\/\"]}]},{\"@type\":\"BreadcrumbList\",\"@id\":\"https:\/\/jornaltimoneiro.com.br\/index.php\/2026\/03\/12\/canoas-programacao-cuidar-de-quem-cuida-cras-dia-da-mulher\/#breadcrumb\",\"itemListElement\":[{\"@type\":\"ListItem\",\"position\":1,\"name\":\"In\u00edcio\",\"item\":\"https:\/\/jornaltimoneiro.com.br\/\"},{\"@type\":\"ListItem\",\"position\":2,\"name\":\"Canoas inicia programa\u00e7\u00e3o \u201cCuidar de Quem Cuida\u201d para mulheres atendidas pelos CRAS no m\u00eas da mulher\"}]},{\"@type\":\"WebSite\",\"@id\":\"https:\/\/jornaltimoneiro.com.br\/#website\",\"url\":\"https:\/\/jornaltimoneiro.com.br\/\",\"name\":\"Jornal Timoneiro Canoas RS\",\"description\":\"Jornal O Timoneiro, o verdadeiro jornal de Canoas\",\"publisher\":{\"@id\":\"https:\/\/jornaltimoneiro.com.br\/#organization\"},\"potentialAction\":[{\"@type\":\"SearchAction\",\"target\":{\"@type\":\"EntryPoint\",\"urlTemplate\":\"https:\/\/jornaltimoneiro.com.br\/?s={search_term_string}\"},\"query-input\":\"required name=search_term_string\"}],\"inLanguage\":\"pt-BR\"},{\"@type\":\"Organization\",\"@id\":\"https:\/\/jornaltimoneiro.com.br\/#organization\",\"name\":\"Jornal Timoneiro Canoas RS\",\"url\":\"https:\/\/jornaltimoneiro.com.br\/\",\"logo\":{\"@type\":\"ImageObject\",\"inLanguage\":\"pt-BR\",\"@id\":\"https:\/\/jornaltimoneiro.com.br\/#\/schema\/logo\/image\/\",\"url\":\"https:\/\/jornaltimoneiro.com.br\/wp-content\/uploads\/2023\/03\/logonovo.png\",\"contentUrl\":\"https:\/\/jornaltimoneiro.com.br\/wp-content\/uploads\/2023\/03\/logonovo.png\",\"width\":\"469\",\"height\":\"171\",\"caption\":\"Jornal Timoneiro Canoas RS\"},\"image\":{\"@id\":\"https:\/\/jornaltimoneiro.com.br\/#\/schema\/logo\/image\/\"},\"sameAs\":[\"https:\/\/www.facebook.com\/jornaltimoneiro\",\"https:\/\/twitter.com\/_OTimoneiro\",\"https:\/\/www.instagram.com\/jornaltimoneirocanoas\/\",\"https:\/\/www.youtube.com\/@jornalotimoneiro7927\"]},{\"@type\":\"Person\",\"@id\":\"https:\/\/jornaltimoneiro.com.br\/#\/schema\/person\/f63482f1a02b1a9592707865e509ab40\",\"name\":\"Reda\u00e7\u00e3o\",\"image\":{\"@type\":\"ImageObject\",\"inLanguage\":\"pt-BR\",\"@id\":\"https:\/\/jornaltimoneiro.com.br\/#\/schema\/person\/image\/\",\"url\":\"https:\/\/jornaltimoneiro.com.br\/wp-content\/uploads\/2023\/03\/download.jpeg\",\"contentUrl\":\"https:\/\/jornaltimoneiro.com.br\/wp-content\/uploads\/2023\/03\/download.jpeg\",\"caption\":\"Reda\u00e7\u00e3o\"},\"url\":\"https:\/\/jornaltimoneiro.com.br\/index.php\/author\/simone-dutra\/\"}]}<\/script>\n<!-- \/ Yoast SEO plugin. -->","yoast_head_json":{"title":"Canoas inicia programa\u00e7\u00e3o \u201cCuidar de Quem Cuida\u201d para mulheres atendidas pelos CRAS no m\u00eas da mulher - O Timoneiro Jornal Canoas RS","description":"Neste dia 12 de mar\u00e7o, Canoas inicia a programa\u00e7\u00e3o \u201cCuidar de quem cuida\u201d, com atividades de acolhimento e autocuidado para mulheres atendidas pelos CRAS.","robots":{"index":"index","follow":"follow","max-snippet":"max-snippet:-1","max-image-preview":"max-image-preview:large","max-video-preview":"max-video-preview:-1"},"canonical":"https:\/\/jornaltimoneiro.com.br\/index.php\/2026\/03\/12\/canoas-programacao-cuidar-de-quem-cuida-cras-dia-da-mulher\/","og_locale":"pt_BR","og_type":"article","og_title":"Canoas inicia programa\u00e7\u00e3o \u201cCuidar de Quem Cuida\u201d para mulheres atendidas pelos CRAS no m\u00eas da mulher - O Timoneiro Jornal Canoas RS","og_description":"Neste dia 12 de mar\u00e7o, Canoas inicia a programa\u00e7\u00e3o \u201cCuidar de quem cuida\u201d, com atividades de acolhimento e autocuidado para mulheres atendidas pelos CRAS.","og_url":"https:\/\/jornaltimoneiro.com.br\/index.php\/2026\/03\/12\/canoas-programacao-cuidar-de-quem-cuida-cras-dia-da-mulher\/","og_site_name":"O Timoneiro Jornal Canoas RS","article_publisher":"https:\/\/www.facebook.com\/jornaltimoneiro","article_published_time":"2026-03-12T12:30:17+00:00","og_image":[{"width":"2048","height":"1365","url":"https:\/\/jornaltimoneiro.com.br\/wp-content\/uploads\/2026\/03\/17-01-CRAS-HARMONIA_Alisson-Moura-8.jpg","type":"image\/jpeg"}],"author":"Reda\u00e7\u00e3o","twitter_card":"summary_large_image","twitter_creator":"@_OTimoneiro","twitter_site":"@_OTimoneiro","twitter_misc":{"Escrito por":"Reda\u00e7\u00e3o","Est. tempo de leitura":"3 minutos"},"schema":{"@context":"https:\/\/schema.org","@graph":[{"@type":"Article","@id":"https:\/\/jornaltimoneiro.com.br\/index.php\/2026\/03\/12\/canoas-programacao-cuidar-de-quem-cuida-cras-dia-da-mulher\/#article","isPartOf":{"@id":"https:\/\/jornaltimoneiro.com.br\/index.php\/2026\/03\/12\/canoas-programacao-cuidar-de-quem-cuida-cras-dia-da-mulher\/"},"author":{"name":"Reda\u00e7\u00e3o","@id":"https:\/\/jornaltimoneiro.com.br\/#\/schema\/person\/f63482f1a02b1a9592707865e509ab40"},"headline":"Canoas inicia programa\u00e7\u00e3o \u201cCuidar de Quem Cuida\u201d para mulheres atendidas pelos CRAS no m\u00eas da mulher","datePublished":"2026-03-12T12:30:17+00:00","dateModified":"2026-03-12T12:30:17+00:00","mainEntityOfPage":{"@id":"https:\/\/jornaltimoneiro.com.br\/index.php\/2026\/03\/12\/canoas-programacao-cuidar-de-quem-cuida-cras-dia-da-mulher\/"},"wordCount":477,"commentCount":0,"publisher":{"@id":"https:\/\/jornaltimoneiro.com.br\/#organization"},"keywords":["bairro harmonia","canoas","CRAS","featured"],"articleSection":["Social"],"inLanguage":"pt-BR","potentialAction":[{"@type":"CommentAction","name":"Comment","target":["https:\/\/jornaltimoneiro.com.br\/index.php\/2026\/03\/12\/canoas-programacao-cuidar-de-quem-cuida-cras-dia-da-mulher\/#respond"]}]},{"@type":"WebPage","@id":"https:\/\/jornaltimoneiro.com.br\/index.php\/2026\/03\/12\/canoas-programacao-cuidar-de-quem-cuida-cras-dia-da-mulher\/","url":"https:\/\/jornaltimoneiro.com.br\/index.php\/2026\/03\/12\/canoas-programacao-cuidar-de-quem-cuida-cras-dia-da-mulher\/","name":"Canoas inicia programa\u00e7\u00e3o \u201cCuidar de Quem Cuida\u201d para mulheres atendidas pelos CRAS no m\u00eas da mulher - O Timoneiro Jornal Canoas RS","isPartOf":{"@id":"https:\/\/jornaltimoneiro.com.br\/#website"},"datePublished":"2026-03-12T12:30:17+00:00","dateModified":"2026-03-12T12:30:17+00:00","description":"Neste dia 12 de mar\u00e7o, Canoas inicia a programa\u00e7\u00e3o \u201cCuidar de quem cuida\u201d, com atividades de acolhimento e autocuidado para mulheres atendidas pelos CRAS.","breadcrumb":{"@id":"https:\/\/jornaltimoneiro.com.br\/index.php\/2026\/03\/12\/canoas-programacao-cuidar-de-quem-cuida-cras-dia-da-mulher\/#breadcrumb"},"inLanguage":"pt-BR","potentialAction":[{"@type":"ReadAction","target":["https:\/\/jornaltimoneiro.com.br\/index.php\/2026\/03\/12\/canoas-programacao-cuidar-de-quem-cuida-cras-dia-da-mulher\/"]}]},{"@type":"BreadcrumbList","@id":"https:\/\/jornaltimoneiro.com.br\/index.php\/2026\/03\/12\/canoas-programacao-cuidar-de-quem-cuida-cras-dia-da-mulher\/#breadcrumb","itemListElement":[{"@type":"ListItem","position":1,"name":"In\u00edcio","item":"https:\/\/jornaltimoneiro.com.br\/"},{"@type":"ListItem","position":2,"name":"Canoas inicia programa\u00e7\u00e3o \u201cCuidar de Quem Cuida\u201d para mulheres atendidas pelos CRAS no m\u00eas da mulher"}]},{"@type":"WebSite","@id":"https:\/\/jornaltimoneiro.com.br\/#website","url":"https:\/\/jornaltimoneiro.com.br\/","name":"Jornal Timoneiro Canoas RS","description":"Jornal O Timoneiro, o verdadeiro jornal de Canoas","publisher":{"@id":"https:\/\/jornaltimoneiro.com.br\/#organization"},"potentialAction":[{"@type":"SearchAction","target":{"@type":"EntryPoint","urlTemplate":"https:\/\/jornaltimoneiro.com.br\/?s={search_term_string}"},"query-input":"required name=search_term_string"}],"inLanguage":"pt-BR"},{"@type":"Organization","@id":"https:\/\/jornaltimoneiro.com.br\/#organization","name":"Jornal Timoneiro Canoas RS","url":"https:\/\/jornaltimoneiro.com.br\/","logo":{"@type":"ImageObject","inLanguage":"pt-BR","@id":"https:\/\/jornaltimoneiro.com.br\/#\/schema\/logo\/image\/","url":"https:\/\/jornaltimoneiro.com.br\/wp-content\/uploads\/2023\/03\/logonovo.png","contentUrl":"https:\/\/jornaltimoneiro.com.br\/wp-content\/uploads\/2023\/03\/logonovo.png","width":"469","height":"171","caption":"Jornal Timoneiro Canoas RS"},"image":{"@id":"https:\/\/jornaltimoneiro.com.br\/#\/schema\/logo\/image\/"},"sameAs":["https:\/\/www.facebook.com\/jornaltimoneiro","https:\/\/twitter.com\/_OTimoneiro","https:\/\/www.instagram.com\/jornaltimoneirocanoas\/","https:\/\/www.youtube.com\/@jornalotimoneiro7927"]},{"@type":"Person","@id":"https:\/\/jornaltimoneiro.com.br\/#\/schema\/person\/f63482f1a02b1a9592707865e509ab40","name":"Reda\u00e7\u00e3o","image":{"@type":"ImageObject","inLanguage":"pt-BR","@id":"https:\/\/jornaltimoneiro.com.br\/#\/schema\/person\/image\/","url":"https:\/\/jornaltimoneiro.com.br\/wp-content\/uploads\/2023\/03\/download.jpeg","contentUrl":"https:\/\/jornaltimoneiro.com.br\/wp-content\/uploads\/2023\/03\/download.jpeg","caption":"Reda\u00e7\u00e3o"},"url":"https:\/\/jornaltimoneiro.com.br\/index.php\/author\/simone-dutra\/"}]}},"_links":{"self":[{"href":"https:\/\/jornaltimoneiro.com.br\/index.php\/wp-json\/wp\/v2\/posts\/39512"}],"collection":[{"href":"https:\/\/jornaltimoneiro.com.br\/index.php\/wp-json\/wp\/v2\/posts"}],"about":[{"href":"https:\/\/jornaltimoneiro.com.br\/index.php\/wp-json\/wp\/v2\/types\/post"}],"author":[{"embeddable":true,"href":"https:\/\/jornaltimoneiro.com.br\/index.php\/wp-json\/wp\/v2\/users\/2"}],"replies":[{"embeddable":true,"href":"https:\/\/jornaltimoneiro.com.br\/index.php\/wp-json\/wp\/v2\/comments?post=39512"}],"version-history":[{"count":1,"href":"https:\/\/jornaltimoneiro.com.br\/index.php\/wp-json\/wp\/v2\/posts\/39512\/revisions"}],"predecessor-version":[{"id":39514,"href":"https:\/\/jornaltimoneiro.com.br\/index.php\/wp-json\/wp\/v2\/posts\/39512\/revisions\/39514"}],"wp:featuredmedia":[{"embeddable":true,"href":"https:\/\/jornaltimoneiro.com.br\/index.php\/wp-json\/wp\/v2\/media\/39513"}],"wp:attachment":[{"href":"https:\/\/jornaltimoneiro.com.br\/index.php\/wp-json\/wp\/v2\/media?parent=39512"}],"wp:term":[{"taxonomy":"category","embeddable":true,"href":"https:\/\/jornaltimoneiro.com.br\/index.php\/wp-json\/wp\/v2\/categories?post=39512"},{"taxonomy":"post_tag","embeddable":true,"href":"https:\/\/jornaltimoneiro.com.br\/index.php\/wp-json\/wp\/v2\/tags?post=39512"}],"curies":[{"name":"wp","href":"https:\/\/api.w.org\/{rel}","templated":true}]}}