{"id":39486,"date":"2026-03-11T14:25:42","date_gmt":"2026-03-11T17:25:42","guid":{"rendered":"https:\/\/jornaltimoneiro.com.br\/?p=39486"},"modified":"2026-03-11T14:25:42","modified_gmt":"2026-03-11T17:25:42","slug":"banco-vermelho-inaugurado-ifrs-canoas-combate-violencia-mulher","status":"publish","type":"post","link":"https:\/\/jornaltimoneiro.com.br\/index.php\/2026\/03\/11\/banco-vermelho-inaugurado-ifrs-canoas-combate-violencia-mulher\/","title":{"rendered":"Banco Vermelho \u00e9 inaugurado no IFRS Canoas com presen\u00e7a da Secretaria da Mulher"},"content":{"rendered":"<p data-start=\"76\" data-end=\"334\">Nesta quarta-feira, 11, mais uma unidade do Banco Vermelho, interven\u00e7\u00e3o que convida \u00e0 reflex\u00e3o sobre a viol\u00eancia contra a mulher, foi inaugurada em Canoas. O equipamento passou a integrar o campus do <span class=\"hover:entity-accent entity-underline inline cursor-pointer align-baseline\"><span class=\"whitespace-normal\">Instituto Federal de Educa\u00e7\u00e3o, Ci\u00eancia e Tecnologia do Rio Grande do Sul<\/span><\/span> (IFRS) no munic\u00edpio.<\/p>\n<p data-start=\"336\" data-end=\"726\">O ato de inaugura\u00e7\u00e3o contou com a presen\u00e7a da secret\u00e1ria municipal da Mulher, Cidadania e Inclus\u00e3o, <span class=\"hover:entity-accent entity-underline inline cursor-pointer align-baseline\"><span class=\"whitespace-normal\">Maria Beatris Arruda<\/span><\/span>, da diretora da Diretoria da Mulher, <span class=\"hover:entity-accent entity-underline inline cursor-pointer align-baseline\"><span class=\"whitespace-normal\">Sara Amaral \u00c1vila<\/span><\/span>, da coordenadora do Centro de Refer\u00eancia da Mulher Patr\u00edcia Esber (CRM), <span class=\"hover:entity-accent entity-underline inline cursor-pointer align-baseline\"><span class=\"whitespace-normal\">Fernanda Friedrich<\/span><\/span>, e da promotora de justi\u00e7a, <span class=\"hover:entity-accent entity-underline inline cursor-pointer align-baseline\"><span class=\"whitespace-normal\">Raquel Marchiori Dias<\/span><\/span>.<\/p>\n<p data-start=\"728\" data-end=\"1061\">Durante a programa\u00e7\u00e3o, foram realizadas palestras sobre a atua\u00e7\u00e3o do Minist\u00e9rio P\u00fablico no combate \u00e0 viol\u00eancia dom\u00e9stica e sobre a rede de prote\u00e7\u00e3o \u00e0s mulheres v\u00edtimas de viol\u00eancia na cidade. A diretora do IFRS Canoas, <span class=\"hover:entity-accent entity-underline inline cursor-pointer align-baseline\"><span class=\"whitespace-normal\">Patr\u00edcia Nogueira Hubler<\/span><\/span>, destacou a import\u00e2ncia da atividade, voltada aos estudantes da institui\u00e7\u00e3o.<\/p>\n<blockquote>\n<p data-start=\"1063\" data-end=\"1218\">\u201c\u00c9 um evento de aprendizado para que esta e as pr\u00f3ximas gera\u00e7\u00f5es entendam que a viol\u00eancia contra as mulheres \u00e9 uma viol\u00eancia contra toda a sociedade\u201d, diz.<\/p>\n<\/blockquote>\n<p data-start=\"1220\" data-end=\"1355\">Segundo ela, os Bancos Vermelhos simbolizam a aus\u00eancia de milhares de mulheres que morreram v\u00edtimas da misoginia e do machismo no pa\u00eds.<\/p>\n<blockquote>\n<p data-start=\"1357\" data-end=\"1481\">\u201c\u00c9 um lembrete para que possamos pensar e construir efetivamente a\u00e7\u00f5es que protejam a vida de meninas e mulheres\u201d, completa.<\/p>\n<\/blockquote>\n<p data-start=\"1483\" data-end=\"1636\">A secret\u00e1ria municipal da Mulher, Cidadania e Inclus\u00e3o, Maria Beatris Arruda, tamb\u00e9m ressaltou a import\u00e2ncia de discutir o tema com a comunidade escolar.<\/p>\n<blockquote>\n<p data-start=\"1638\" data-end=\"2240\">\u201cDiscutir o tema da viol\u00eancia dom\u00e9stica \u00e9 uma quest\u00e3o extremamente importante hoje em todo o Brasil, e isso est\u00e1 se voltando para a educa\u00e7\u00e3o. N\u00f3s fizemos, h\u00e1 alguns dias, um encontro enorme, com toda a educa\u00e7\u00e3o do Munic\u00edpio de Canoas, porque n\u00f3s entendemos que a mudan\u00e7a do comportamento masculino e o fim do feminic\u00eddio passa pela educa\u00e7\u00e3o. Hoje n\u00f3s viemos aqui no Instituto explanar sobre o trabalho da nossa secretaria, desde o nosso primeiro atendimento, atrav\u00e9s do telefone do Disque Mulher, at\u00e9 os atendimentos que n\u00f3s temos dentro do Centro Regional de Abrigamento para Mulheres (CRAM)\u201d, pontua.<\/p>\n<\/blockquote>\n<h4 data-section-id=\"1p7b09o\" data-start=\"2242\" data-end=\"2271\">Campanha Bancos Vermelhos<\/h4>\n<p data-start=\"2273\" data-end=\"2544\">A iniciativa tem origem na mobiliza\u00e7\u00e3o internacional Red Bench Project e foi incorporada no Brasil por meio da <span class=\"hover:entity-accent entity-underline inline cursor-pointer align-baseline\"><span class=\"whitespace-normal\">Lei n\u00ba 14.942\/2024<\/span><\/span>, que prev\u00ea a instala\u00e7\u00e3o dos bancos em espa\u00e7os p\u00fablicos como s\u00edmbolo de mem\u00f3ria, conscientiza\u00e7\u00e3o e den\u00fancia do feminic\u00eddio.<\/p>\n<h4 data-section-id=\"nz1hsw\" data-start=\"2546\" data-end=\"2568\">Canais de den\u00fancia<\/h4>\n<p data-start=\"2570\" data-end=\"2765\">Em Canoas, den\u00fancias de viol\u00eancia dom\u00e9stica podem ser feitas pelos seguintes canais: Brigada Militar, pelo n\u00famero 190, Guarda Civil Municipal, pelo 153, e Central de Atendimento \u00e0 Mulher, no 180.<\/p>\n<p data-start=\"2767\" data-end=\"3089\" data-is-last-node=\"\" data-is-only-node=\"\">No munic\u00edpio, tamb\u00e9m est\u00e1 dispon\u00edvel o Disque Mulher Canoas, pelo telefone (51) 99275-8146. H\u00e1 ainda os contatos do plant\u00e3o da Delegacia Especializada no Atendimento \u00e0 Mulher (DEAM), no (51) 99859-0943, e da Delegacia de Pol\u00edcia de Pronto Atendimento (DPPA), pelo n\u00famero 3425-9000, com atendimento 24 horas, todos os dias.<\/p>\n","protected":false},"excerpt":{"rendered":"<p>Nesta quarta-feira, 11, mais uma unidade do Banco Vermelho, interven\u00e7\u00e3o que convida \u00e0 reflex\u00e3o sobre a viol\u00eancia contra a mulher, foi inaugurada em Canoas. O equipamento passou a integrar o campus do Instituto Federal de Educa\u00e7\u00e3o, Ci\u00eancia e Tecnologia do Rio Grande do Sul (IFRS) no munic\u00edpio. O ato de inaugura\u00e7\u00e3o contou com a presen\u00e7a [&hellip;]<\/p>\n","protected":false},"author":2,"featured_media":39488,"comment_status":"open","ping_status":"open","sticky":false,"template":"","format":"standard","meta":{"amp_status":"","footnotes":""},"categories":[5023],"tags":[31,64,190,498,1690],"class_list":["post-39486","post","type-post","status-publish","format-standard","has-post-thumbnail","hentry","category-mulher-e-inclusao","tag-canoas","tag-educacao","tag-featured","tag-mulher","tag-violencia-contra-a-mulher"],"yoast_head":"<!-- This site is optimized with the Yoast SEO plugin v20.5 - https:\/\/yoast.com\/wordpress\/plugins\/seo\/ -->\n<title>Banco Vermelho \u00e9 inaugurado no IFRS Canoas com presen\u00e7a da Secretaria da Mulher - O Timoneiro Jornal Canoas RS<\/title>\n<meta name=\"description\" content=\"Banco Vermelho \u00e9 inaugurado no campus do IFRS em Canoas e refor\u00e7a a conscientiza\u00e7\u00e3o e o debate sobre o combate \u00e0 viol\u00eancia contra a mulher.\" \/>\n<meta name=\"robots\" content=\"index, follow, max-snippet:-1, max-image-preview:large, max-video-preview:-1\" \/>\n<link rel=\"canonical\" href=\"https:\/\/jornaltimoneiro.com.br\/index.php\/2026\/03\/11\/banco-vermelho-inaugurado-ifrs-canoas-combate-violencia-mulher\/\" \/>\n<meta property=\"og:locale\" content=\"pt_BR\" \/>\n<meta property=\"og:type\" content=\"article\" \/>\n<meta property=\"og:title\" content=\"Banco Vermelho \u00e9 inaugurado no IFRS Canoas com presen\u00e7a da Secretaria da Mulher - O Timoneiro Jornal Canoas RS\" \/>\n<meta property=\"og:description\" content=\"Banco Vermelho \u00e9 inaugurado no campus do IFRS em Canoas e refor\u00e7a a conscientiza\u00e7\u00e3o e o debate sobre o combate \u00e0 viol\u00eancia contra a mulher.\" \/>\n<meta property=\"og:url\" content=\"https:\/\/jornaltimoneiro.com.br\/index.php\/2026\/03\/11\/banco-vermelho-inaugurado-ifrs-canoas-combate-violencia-mulher\/\" \/>\n<meta property=\"og:site_name\" content=\"O Timoneiro Jornal Canoas RS\" \/>\n<meta property=\"article:publisher\" content=\"https:\/\/www.facebook.com\/jornaltimoneiro\" \/>\n<meta property=\"article:published_time\" content=\"2026-03-11T17:25:42+00:00\" \/>\n<meta property=\"og:image\" content=\"https:\/\/jornaltimoneiro.com.br\/wp-content\/uploads\/2026\/03\/11-03-26-PALESTRA-SOBRE-AUTOCONHECIMENTO-E-SAUDE-EMOCIONAL-DAS-MULHERES-IFRS-VINICIUS-THORMANN-20-scaled-1.jpg\" \/>\n\t<meta property=\"og:image:width\" content=\"2560\" \/>\n\t<meta property=\"og:image:height\" content=\"1700\" \/>\n\t<meta property=\"og:image:type\" content=\"image\/jpeg\" \/>\n<meta name=\"author\" content=\"Reda\u00e7\u00e3o\" \/>\n<meta name=\"twitter:card\" content=\"summary_large_image\" \/>\n<meta name=\"twitter:creator\" content=\"@_OTimoneiro\" \/>\n<meta name=\"twitter:site\" content=\"@_OTimoneiro\" \/>\n<meta name=\"twitter:label1\" content=\"Escrito por\" \/>\n\t<meta name=\"twitter:data1\" content=\"Reda\u00e7\u00e3o\" \/>\n\t<meta name=\"twitter:label2\" content=\"Est. tempo de leitura\" \/>\n\t<meta name=\"twitter:data2\" content=\"3 minutos\" \/>\n<script type=\"application\/ld+json\" class=\"yoast-schema-graph\">{\"@context\":\"https:\/\/schema.org\",\"@graph\":[{\"@type\":\"Article\",\"@id\":\"https:\/\/jornaltimoneiro.com.br\/index.php\/2026\/03\/11\/banco-vermelho-inaugurado-ifrs-canoas-combate-violencia-mulher\/#article\",\"isPartOf\":{\"@id\":\"https:\/\/jornaltimoneiro.com.br\/index.php\/2026\/03\/11\/banco-vermelho-inaugurado-ifrs-canoas-combate-violencia-mulher\/\"},\"author\":{\"name\":\"Reda\u00e7\u00e3o\",\"@id\":\"https:\/\/jornaltimoneiro.com.br\/#\/schema\/person\/f63482f1a02b1a9592707865e509ab40\"},\"headline\":\"Banco Vermelho \u00e9 inaugurado no IFRS Canoas com presen\u00e7a da Secretaria da Mulher\",\"datePublished\":\"2026-03-11T17:25:42+00:00\",\"dateModified\":\"2026-03-11T17:25:42+00:00\",\"mainEntityOfPage\":{\"@id\":\"https:\/\/jornaltimoneiro.com.br\/index.php\/2026\/03\/11\/banco-vermelho-inaugurado-ifrs-canoas-combate-violencia-mulher\/\"},\"wordCount\":525,\"commentCount\":0,\"publisher\":{\"@id\":\"https:\/\/jornaltimoneiro.com.br\/#organization\"},\"keywords\":[\"canoas\",\"Educa\u00e7\u00e3o\",\"featured\",\"mulher\",\"viol\u00eancia contra a mulher\"],\"articleSection\":[\"Mulher e Inclus\u00e3o\"],\"inLanguage\":\"pt-BR\",\"potentialAction\":[{\"@type\":\"CommentAction\",\"name\":\"Comment\",\"target\":[\"https:\/\/jornaltimoneiro.com.br\/index.php\/2026\/03\/11\/banco-vermelho-inaugurado-ifrs-canoas-combate-violencia-mulher\/#respond\"]}]},{\"@type\":\"WebPage\",\"@id\":\"https:\/\/jornaltimoneiro.com.br\/index.php\/2026\/03\/11\/banco-vermelho-inaugurado-ifrs-canoas-combate-violencia-mulher\/\",\"url\":\"https:\/\/jornaltimoneiro.com.br\/index.php\/2026\/03\/11\/banco-vermelho-inaugurado-ifrs-canoas-combate-violencia-mulher\/\",\"name\":\"Banco Vermelho \u00e9 inaugurado no IFRS Canoas com presen\u00e7a da Secretaria da Mulher - O Timoneiro Jornal Canoas RS\",\"isPartOf\":{\"@id\":\"https:\/\/jornaltimoneiro.com.br\/#website\"},\"datePublished\":\"2026-03-11T17:25:42+00:00\",\"dateModified\":\"2026-03-11T17:25:42+00:00\",\"description\":\"Banco Vermelho \u00e9 inaugurado no campus do IFRS em Canoas e refor\u00e7a a conscientiza\u00e7\u00e3o e o debate sobre o combate \u00e0 viol\u00eancia contra a mulher.\",\"breadcrumb\":{\"@id\":\"https:\/\/jornaltimoneiro.com.br\/index.php\/2026\/03\/11\/banco-vermelho-inaugurado-ifrs-canoas-combate-violencia-mulher\/#breadcrumb\"},\"inLanguage\":\"pt-BR\",\"potentialAction\":[{\"@type\":\"ReadAction\",\"target\":[\"https:\/\/jornaltimoneiro.com.br\/index.php\/2026\/03\/11\/banco-vermelho-inaugurado-ifrs-canoas-combate-violencia-mulher\/\"]}]},{\"@type\":\"BreadcrumbList\",\"@id\":\"https:\/\/jornaltimoneiro.com.br\/index.php\/2026\/03\/11\/banco-vermelho-inaugurado-ifrs-canoas-combate-violencia-mulher\/#breadcrumb\",\"itemListElement\":[{\"@type\":\"ListItem\",\"position\":1,\"name\":\"In\u00edcio\",\"item\":\"https:\/\/jornaltimoneiro.com.br\/\"},{\"@type\":\"ListItem\",\"position\":2,\"name\":\"Banco Vermelho \u00e9 inaugurado no IFRS Canoas com presen\u00e7a da Secretaria da Mulher\"}]},{\"@type\":\"WebSite\",\"@id\":\"https:\/\/jornaltimoneiro.com.br\/#website\",\"url\":\"https:\/\/jornaltimoneiro.com.br\/\",\"name\":\"Jornal Timoneiro Canoas RS\",\"description\":\"Jornal O Timoneiro, o verdadeiro jornal de Canoas\",\"publisher\":{\"@id\":\"https:\/\/jornaltimoneiro.com.br\/#organization\"},\"potentialAction\":[{\"@type\":\"SearchAction\",\"target\":{\"@type\":\"EntryPoint\",\"urlTemplate\":\"https:\/\/jornaltimoneiro.com.br\/?s={search_term_string}\"},\"query-input\":\"required name=search_term_string\"}],\"inLanguage\":\"pt-BR\"},{\"@type\":\"Organization\",\"@id\":\"https:\/\/jornaltimoneiro.com.br\/#organization\",\"name\":\"Jornal Timoneiro Canoas RS\",\"url\":\"https:\/\/jornaltimoneiro.com.br\/\",\"logo\":{\"@type\":\"ImageObject\",\"inLanguage\":\"pt-BR\",\"@id\":\"https:\/\/jornaltimoneiro.com.br\/#\/schema\/logo\/image\/\",\"url\":\"https:\/\/jornaltimoneiro.com.br\/wp-content\/uploads\/2023\/03\/logonovo.png\",\"contentUrl\":\"https:\/\/jornaltimoneiro.com.br\/wp-content\/uploads\/2023\/03\/logonovo.png\",\"width\":\"469\",\"height\":\"171\",\"caption\":\"Jornal Timoneiro Canoas RS\"},\"image\":{\"@id\":\"https:\/\/jornaltimoneiro.com.br\/#\/schema\/logo\/image\/\"},\"sameAs\":[\"https:\/\/www.facebook.com\/jornaltimoneiro\",\"https:\/\/twitter.com\/_OTimoneiro\",\"https:\/\/www.instagram.com\/jornaltimoneirocanoas\/\",\"https:\/\/www.youtube.com\/@jornalotimoneiro7927\"]},{\"@type\":\"Person\",\"@id\":\"https:\/\/jornaltimoneiro.com.br\/#\/schema\/person\/f63482f1a02b1a9592707865e509ab40\",\"name\":\"Reda\u00e7\u00e3o\",\"image\":{\"@type\":\"ImageObject\",\"inLanguage\":\"pt-BR\",\"@id\":\"https:\/\/jornaltimoneiro.com.br\/#\/schema\/person\/image\/\",\"url\":\"https:\/\/jornaltimoneiro.com.br\/wp-content\/uploads\/2023\/03\/download.jpeg\",\"contentUrl\":\"https:\/\/jornaltimoneiro.com.br\/wp-content\/uploads\/2023\/03\/download.jpeg\",\"caption\":\"Reda\u00e7\u00e3o\"},\"url\":\"https:\/\/jornaltimoneiro.com.br\/index.php\/author\/simone-dutra\/\"}]}<\/script>\n<!-- \/ Yoast SEO plugin. -->","yoast_head_json":{"title":"Banco Vermelho \u00e9 inaugurado no IFRS Canoas com presen\u00e7a da Secretaria da Mulher - O Timoneiro Jornal Canoas RS","description":"Banco Vermelho \u00e9 inaugurado no campus do IFRS em Canoas e refor\u00e7a a conscientiza\u00e7\u00e3o e o debate sobre o combate \u00e0 viol\u00eancia contra a mulher.","robots":{"index":"index","follow":"follow","max-snippet":"max-snippet:-1","max-image-preview":"max-image-preview:large","max-video-preview":"max-video-preview:-1"},"canonical":"https:\/\/jornaltimoneiro.com.br\/index.php\/2026\/03\/11\/banco-vermelho-inaugurado-ifrs-canoas-combate-violencia-mulher\/","og_locale":"pt_BR","og_type":"article","og_title":"Banco Vermelho \u00e9 inaugurado no IFRS Canoas com presen\u00e7a da Secretaria da Mulher - O Timoneiro Jornal Canoas RS","og_description":"Banco Vermelho \u00e9 inaugurado no campus do IFRS em Canoas e refor\u00e7a a conscientiza\u00e7\u00e3o e o debate sobre o combate \u00e0 viol\u00eancia contra a mulher.","og_url":"https:\/\/jornaltimoneiro.com.br\/index.php\/2026\/03\/11\/banco-vermelho-inaugurado-ifrs-canoas-combate-violencia-mulher\/","og_site_name":"O Timoneiro Jornal Canoas RS","article_publisher":"https:\/\/www.facebook.com\/jornaltimoneiro","article_published_time":"2026-03-11T17:25:42+00:00","og_image":[{"width":"2560","height":"1700","url":"https:\/\/jornaltimoneiro.com.br\/wp-content\/uploads\/2026\/03\/11-03-26-PALESTRA-SOBRE-AUTOCONHECIMENTO-E-SAUDE-EMOCIONAL-DAS-MULHERES-IFRS-VINICIUS-THORMANN-20-scaled-1.jpg","type":"image\/jpeg"}],"author":"Reda\u00e7\u00e3o","twitter_card":"summary_large_image","twitter_creator":"@_OTimoneiro","twitter_site":"@_OTimoneiro","twitter_misc":{"Escrito por":"Reda\u00e7\u00e3o","Est. tempo de leitura":"3 minutos"},"schema":{"@context":"https:\/\/schema.org","@graph":[{"@type":"Article","@id":"https:\/\/jornaltimoneiro.com.br\/index.php\/2026\/03\/11\/banco-vermelho-inaugurado-ifrs-canoas-combate-violencia-mulher\/#article","isPartOf":{"@id":"https:\/\/jornaltimoneiro.com.br\/index.php\/2026\/03\/11\/banco-vermelho-inaugurado-ifrs-canoas-combate-violencia-mulher\/"},"author":{"name":"Reda\u00e7\u00e3o","@id":"https:\/\/jornaltimoneiro.com.br\/#\/schema\/person\/f63482f1a02b1a9592707865e509ab40"},"headline":"Banco Vermelho \u00e9 inaugurado no IFRS Canoas com presen\u00e7a da Secretaria da Mulher","datePublished":"2026-03-11T17:25:42+00:00","dateModified":"2026-03-11T17:25:42+00:00","mainEntityOfPage":{"@id":"https:\/\/jornaltimoneiro.com.br\/index.php\/2026\/03\/11\/banco-vermelho-inaugurado-ifrs-canoas-combate-violencia-mulher\/"},"wordCount":525,"commentCount":0,"publisher":{"@id":"https:\/\/jornaltimoneiro.com.br\/#organization"},"keywords":["canoas","Educa\u00e7\u00e3o","featured","mulher","viol\u00eancia contra a mulher"],"articleSection":["Mulher e Inclus\u00e3o"],"inLanguage":"pt-BR","potentialAction":[{"@type":"CommentAction","name":"Comment","target":["https:\/\/jornaltimoneiro.com.br\/index.php\/2026\/03\/11\/banco-vermelho-inaugurado-ifrs-canoas-combate-violencia-mulher\/#respond"]}]},{"@type":"WebPage","@id":"https:\/\/jornaltimoneiro.com.br\/index.php\/2026\/03\/11\/banco-vermelho-inaugurado-ifrs-canoas-combate-violencia-mulher\/","url":"https:\/\/jornaltimoneiro.com.br\/index.php\/2026\/03\/11\/banco-vermelho-inaugurado-ifrs-canoas-combate-violencia-mulher\/","name":"Banco Vermelho \u00e9 inaugurado no IFRS Canoas com presen\u00e7a da Secretaria da Mulher - O Timoneiro Jornal Canoas RS","isPartOf":{"@id":"https:\/\/jornaltimoneiro.com.br\/#website"},"datePublished":"2026-03-11T17:25:42+00:00","dateModified":"2026-03-11T17:25:42+00:00","description":"Banco Vermelho \u00e9 inaugurado no campus do IFRS em Canoas e refor\u00e7a a conscientiza\u00e7\u00e3o e o debate sobre o combate \u00e0 viol\u00eancia contra a mulher.","breadcrumb":{"@id":"https:\/\/jornaltimoneiro.com.br\/index.php\/2026\/03\/11\/banco-vermelho-inaugurado-ifrs-canoas-combate-violencia-mulher\/#breadcrumb"},"inLanguage":"pt-BR","potentialAction":[{"@type":"ReadAction","target":["https:\/\/jornaltimoneiro.com.br\/index.php\/2026\/03\/11\/banco-vermelho-inaugurado-ifrs-canoas-combate-violencia-mulher\/"]}]},{"@type":"BreadcrumbList","@id":"https:\/\/jornaltimoneiro.com.br\/index.php\/2026\/03\/11\/banco-vermelho-inaugurado-ifrs-canoas-combate-violencia-mulher\/#breadcrumb","itemListElement":[{"@type":"ListItem","position":1,"name":"In\u00edcio","item":"https:\/\/jornaltimoneiro.com.br\/"},{"@type":"ListItem","position":2,"name":"Banco Vermelho \u00e9 inaugurado no IFRS Canoas com presen\u00e7a da Secretaria da Mulher"}]},{"@type":"WebSite","@id":"https:\/\/jornaltimoneiro.com.br\/#website","url":"https:\/\/jornaltimoneiro.com.br\/","name":"Jornal Timoneiro Canoas RS","description":"Jornal O Timoneiro, o verdadeiro jornal de Canoas","publisher":{"@id":"https:\/\/jornaltimoneiro.com.br\/#organization"},"potentialAction":[{"@type":"SearchAction","target":{"@type":"EntryPoint","urlTemplate":"https:\/\/jornaltimoneiro.com.br\/?s={search_term_string}"},"query-input":"required name=search_term_string"}],"inLanguage":"pt-BR"},{"@type":"Organization","@id":"https:\/\/jornaltimoneiro.com.br\/#organization","name":"Jornal Timoneiro Canoas RS","url":"https:\/\/jornaltimoneiro.com.br\/","logo":{"@type":"ImageObject","inLanguage":"pt-BR","@id":"https:\/\/jornaltimoneiro.com.br\/#\/schema\/logo\/image\/","url":"https:\/\/jornaltimoneiro.com.br\/wp-content\/uploads\/2023\/03\/logonovo.png","contentUrl":"https:\/\/jornaltimoneiro.com.br\/wp-content\/uploads\/2023\/03\/logonovo.png","width":"469","height":"171","caption":"Jornal Timoneiro Canoas RS"},"image":{"@id":"https:\/\/jornaltimoneiro.com.br\/#\/schema\/logo\/image\/"},"sameAs":["https:\/\/www.facebook.com\/jornaltimoneiro","https:\/\/twitter.com\/_OTimoneiro","https:\/\/www.instagram.com\/jornaltimoneirocanoas\/","https:\/\/www.youtube.com\/@jornalotimoneiro7927"]},{"@type":"Person","@id":"https:\/\/jornaltimoneiro.com.br\/#\/schema\/person\/f63482f1a02b1a9592707865e509ab40","name":"Reda\u00e7\u00e3o","image":{"@type":"ImageObject","inLanguage":"pt-BR","@id":"https:\/\/jornaltimoneiro.com.br\/#\/schema\/person\/image\/","url":"https:\/\/jornaltimoneiro.com.br\/wp-content\/uploads\/2023\/03\/download.jpeg","contentUrl":"https:\/\/jornaltimoneiro.com.br\/wp-content\/uploads\/2023\/03\/download.jpeg","caption":"Reda\u00e7\u00e3o"},"url":"https:\/\/jornaltimoneiro.com.br\/index.php\/author\/simone-dutra\/"}]}},"_links":{"self":[{"href":"https:\/\/jornaltimoneiro.com.br\/index.php\/wp-json\/wp\/v2\/posts\/39486"}],"collection":[{"href":"https:\/\/jornaltimoneiro.com.br\/index.php\/wp-json\/wp\/v2\/posts"}],"about":[{"href":"https:\/\/jornaltimoneiro.com.br\/index.php\/wp-json\/wp\/v2\/types\/post"}],"author":[{"embeddable":true,"href":"https:\/\/jornaltimoneiro.com.br\/index.php\/wp-json\/wp\/v2\/users\/2"}],"replies":[{"embeddable":true,"href":"https:\/\/jornaltimoneiro.com.br\/index.php\/wp-json\/wp\/v2\/comments?post=39486"}],"version-history":[{"count":1,"href":"https:\/\/jornaltimoneiro.com.br\/index.php\/wp-json\/wp\/v2\/posts\/39486\/revisions"}],"predecessor-version":[{"id":39489,"href":"https:\/\/jornaltimoneiro.com.br\/index.php\/wp-json\/wp\/v2\/posts\/39486\/revisions\/39489"}],"wp:featuredmedia":[{"embeddable":true,"href":"https:\/\/jornaltimoneiro.com.br\/index.php\/wp-json\/wp\/v2\/media\/39488"}],"wp:attachment":[{"href":"https:\/\/jornaltimoneiro.com.br\/index.php\/wp-json\/wp\/v2\/media?parent=39486"}],"wp:term":[{"taxonomy":"category","embeddable":true,"href":"https:\/\/jornaltimoneiro.com.br\/index.php\/wp-json\/wp\/v2\/categories?post=39486"},{"taxonomy":"post_tag","embeddable":true,"href":"https:\/\/jornaltimoneiro.com.br\/index.php\/wp-json\/wp\/v2\/tags?post=39486"}],"curies":[{"name":"wp","href":"https:\/\/api.w.org\/{rel}","templated":true}]}}