{"id":39470,"date":"2026-03-11T10:54:23","date_gmt":"2026-03-11T13:54:23","guid":{"rendered":"https:\/\/jornaltimoneiro.com.br\/?p=39470"},"modified":"2026-03-11T10:54:23","modified_gmt":"2026-03-11T13:54:23","slug":"comenda-merito-tradicionalista-canoense-aetc-canoas-2025","status":"publish","type":"post","link":"https:\/\/jornaltimoneiro.com.br\/index.php\/2026\/03\/11\/comenda-merito-tradicionalista-canoense-aetc-canoas-2025\/","title":{"rendered":"AETC entrega Comenda M\u00e9rito Tradicionalista Canoense durante celebra\u00e7\u00e3o de 35 anos"},"content":{"rendered":"<div>A Associa\u00e7\u00e3o das Entidades Tradicionalistas de Canoas (AETC) realiza neste s\u00e1bado, 14, em sua sede no Galp\u00e3o 43 do Parque do Ga\u00facho, a cerim\u00f4nia de entrega da Comenda M\u00e9rito Tradicionalista Canoense. A homenagem integra a programa\u00e7\u00e3o que marca os 35 anos de funda\u00e7\u00e3o da entidade.<\/div>\n<div><\/div>\n<div>A distin\u00e7\u00e3o reconhece pessoas, entidades e institui\u00e7\u00f5es que contribu\u00edram para o fortalecimento do tradicionalismo e da cultura ga\u00facha no munic\u00edpio.<\/div>\n<h4>Agraciados com a Comenda M\u00e9rito Tradicionalista Canoense 2025<\/h4>\n<div>Recebem a homenagem:<\/div>\n<div>Jairo Vanderlei Lopes Santos \u2013 ex-presidente da AETC<\/div>\n<div>Iasir Souza Muhd \u2013 ex-presidente do Conselho Fiscal da AETC<\/div>\n<div>Airton Jos\u00e9 de Souza \u2013 Prefeitura Municipal de Canoas (PL)<\/div>\n<div>Caio Flavio Quadros dos Santos \u2013 secret\u00e1rio de Cultura e Turismo de Canoas<\/div>\n<div>F\u00e1bio Barcelos Avila \u2013 diretor do Departamento de Tradicionalismo da Secretaria Municipal da Cultura<\/div>\n<div>CTG Seiva Nativa<\/div>\n<div>Piquete Bressan<\/div>\n<div>Herbert Poersch (DJ Cabe\u00e7\u00e3o)<\/div>\n<div>Paulo Picoli \u2013 primeiro colunista cultural de Canoas<\/div>\n<div>Pedrinho Martins dos Santos (Tio Pedrinho) \u2013 homenagem p\u00f3stuma<\/div>\n<div>Milton Marques (Tio Ito)<\/div>\n<div>12\u00aa Regi\u00e3o Tradicionalista do Movimento Tradicionalista Ga\u00facho<\/div>\n<div>Sebratel<\/div>\n<div>Sicredi<\/div>\n<div>Company Stell<\/div>\n<div>Melvi Motors<\/div>\n<div>RS Med<\/div>\n<div>Materiais de Constru\u00e7\u00e3o Fachi<\/div>\n<h4>Certificados de Destaques do Ano de 2025<\/h4>\n<div>Durante a cerim\u00f4nia tamb\u00e9m ser\u00e3o entregues certificados para iniciativas e nomes que se destacaram em diferentes \u00e1reas do tradicionalismo<\/div>\n<div><\/div>\n<div>Cavalgadas: Cavalgada Paix\u00e3o Cortes \u2013 Piquete Paix\u00e3o Cortes<\/div>\n<div>Campeira: Piquete Gaud\u00e9rios dos Pampas<\/div>\n<div>Art\u00edstico: Dara Montagana Netto \u2013 campe\u00e3o nacional de declama\u00e7\u00e3o<\/div>\n<div>Esportes: Lu\u00eds Carlos Nunes dos Santos Junior, Tiago dos Santos Vieira e F\u00e1bio Campos Pereira \u2013 Trio de Truco do CTG Mata Nativa (campe\u00f5es invictos do ENECAMP)<\/div>\n<div>Cultural: Piquete Coxilha do Vento (16\u00aa Mostra Cultural)<\/div>\n<h4>Categoria especial<\/h4>\n<div>Tamb\u00e9m ser\u00e3o reconhecidas entidades tradicionalistas de Canoas na categoria especial:<\/div>\n<div>CTG Mata Nativa<\/div>\n<div>CTG Ra\u00edzes da Tradi\u00e7\u00e3o<\/div>\n<div>CTG Braz\u00e3o do Rio Grande<\/div>\n<div>Piquete Len\u00e7o Colorado<\/div>\n<div>GEPGC Esperan\u00e7a Farroupilha<\/div>\n<div>Piquete Lokos Pela Tradi\u00e7\u00e3o<\/div>\n<div>CTG Alma Crioula<\/div>\n<div><\/div>\n<div>A atividade integra as comemora\u00e7\u00f5es de anivers\u00e1rio da AETC e re\u00fane tradicionalistas, representantes de entidades culturais e convidados ligados ao movimento tradicionalista do munic\u00edpio.<\/div>\n","protected":false},"excerpt":{"rendered":"<p>A Associa\u00e7\u00e3o das Entidades Tradicionalistas de Canoas (AETC) realiza neste s\u00e1bado, 14, em sua sede no Galp\u00e3o 43 do Parque do Ga\u00facho, a cerim\u00f4nia de entrega da Comenda M\u00e9rito Tradicionalista Canoense. A homenagem integra a programa\u00e7\u00e3o que marca os 35 anos de funda\u00e7\u00e3o da entidade. A distin\u00e7\u00e3o reconhece pessoas, entidades e institui\u00e7\u00f5es que contribu\u00edram para [&hellip;]<\/p>\n","protected":false},"author":2,"featured_media":39471,"comment_status":"open","ping_status":"open","sticky":false,"template":"","format":"standard","meta":{"amp_status":"","footnotes":""},"categories":[76],"tags":[31,116,190],"class_list":["post-39470","post","type-post","status-publish","format-standard","has-post-thumbnail","hentry","category-cultura","tag-canoas","tag-cultura","tag-featured"],"yoast_head":"<!-- This site is optimized with the Yoast SEO plugin v20.5 - https:\/\/yoast.com\/wordpress\/plugins\/seo\/ -->\n<title>AETC entrega Comenda M\u00e9rito Tradicionalista Canoense durante celebra\u00e7\u00e3o de 35 anos - O Timoneiro Jornal Canoas RS<\/title>\n<meta name=\"description\" content=\"AETC realiza entrega da Comenda M\u00e9rito Tradicionalista Canoense e certificados de destaque durante programa\u00e7\u00e3o que marca os 35 anos da entidade em Canoas.\" \/>\n<meta name=\"robots\" content=\"index, follow, max-snippet:-1, max-image-preview:large, max-video-preview:-1\" \/>\n<link rel=\"canonical\" href=\"https:\/\/jornaltimoneiro.com.br\/index.php\/2026\/03\/11\/comenda-merito-tradicionalista-canoense-aetc-canoas-2025\/\" \/>\n<meta property=\"og:locale\" content=\"pt_BR\" \/>\n<meta property=\"og:type\" content=\"article\" \/>\n<meta property=\"og:title\" content=\"AETC entrega Comenda M\u00e9rito Tradicionalista Canoense durante celebra\u00e7\u00e3o de 35 anos - O Timoneiro Jornal Canoas RS\" \/>\n<meta property=\"og:description\" content=\"AETC realiza entrega da Comenda M\u00e9rito Tradicionalista Canoense e certificados de destaque durante programa\u00e7\u00e3o que marca os 35 anos da entidade em Canoas.\" \/>\n<meta property=\"og:url\" content=\"https:\/\/jornaltimoneiro.com.br\/index.php\/2026\/03\/11\/comenda-merito-tradicionalista-canoense-aetc-canoas-2025\/\" \/>\n<meta property=\"og:site_name\" content=\"O Timoneiro Jornal Canoas RS\" \/>\n<meta property=\"article:publisher\" content=\"https:\/\/www.facebook.com\/jornaltimoneiro\" \/>\n<meta property=\"article:published_time\" content=\"2026-03-11T13:54:23+00:00\" \/>\n<meta property=\"og:image\" content=\"https:\/\/jornaltimoneiro.com.br\/wp-content\/uploads\/2026\/03\/WhatsApp-Image-2026-03-11-at-10.16.39.jpeg\" \/>\n\t<meta property=\"og:image:width\" content=\"1220\" \/>\n\t<meta property=\"og:image:height\" content=\"1201\" \/>\n\t<meta property=\"og:image:type\" content=\"image\/jpeg\" \/>\n<meta name=\"author\" content=\"Reda\u00e7\u00e3o\" \/>\n<meta name=\"twitter:card\" content=\"summary_large_image\" \/>\n<meta name=\"twitter:creator\" content=\"@_OTimoneiro\" \/>\n<meta name=\"twitter:site\" content=\"@_OTimoneiro\" \/>\n<meta name=\"twitter:label1\" content=\"Escrito por\" \/>\n\t<meta name=\"twitter:data1\" content=\"Reda\u00e7\u00e3o\" \/>\n\t<meta name=\"twitter:label2\" content=\"Est. tempo de leitura\" \/>\n\t<meta name=\"twitter:data2\" content=\"2 minutos\" \/>\n<script type=\"application\/ld+json\" class=\"yoast-schema-graph\">{\"@context\":\"https:\/\/schema.org\",\"@graph\":[{\"@type\":\"Article\",\"@id\":\"https:\/\/jornaltimoneiro.com.br\/index.php\/2026\/03\/11\/comenda-merito-tradicionalista-canoense-aetc-canoas-2025\/#article\",\"isPartOf\":{\"@id\":\"https:\/\/jornaltimoneiro.com.br\/index.php\/2026\/03\/11\/comenda-merito-tradicionalista-canoense-aetc-canoas-2025\/\"},\"author\":{\"name\":\"Reda\u00e7\u00e3o\",\"@id\":\"https:\/\/jornaltimoneiro.com.br\/#\/schema\/person\/f63482f1a02b1a9592707865e509ab40\"},\"headline\":\"AETC entrega Comenda M\u00e9rito Tradicionalista Canoense durante celebra\u00e7\u00e3o de 35 anos\",\"datePublished\":\"2026-03-11T13:54:23+00:00\",\"dateModified\":\"2026-03-11T13:54:23+00:00\",\"mainEntityOfPage\":{\"@id\":\"https:\/\/jornaltimoneiro.com.br\/index.php\/2026\/03\/11\/comenda-merito-tradicionalista-canoense-aetc-canoas-2025\/\"},\"wordCount\":364,\"commentCount\":0,\"publisher\":{\"@id\":\"https:\/\/jornaltimoneiro.com.br\/#organization\"},\"keywords\":[\"canoas\",\"cultura\",\"featured\"],\"articleSection\":[\"Cultura\"],\"inLanguage\":\"pt-BR\",\"potentialAction\":[{\"@type\":\"CommentAction\",\"name\":\"Comment\",\"target\":[\"https:\/\/jornaltimoneiro.com.br\/index.php\/2026\/03\/11\/comenda-merito-tradicionalista-canoense-aetc-canoas-2025\/#respond\"]}]},{\"@type\":\"WebPage\",\"@id\":\"https:\/\/jornaltimoneiro.com.br\/index.php\/2026\/03\/11\/comenda-merito-tradicionalista-canoense-aetc-canoas-2025\/\",\"url\":\"https:\/\/jornaltimoneiro.com.br\/index.php\/2026\/03\/11\/comenda-merito-tradicionalista-canoense-aetc-canoas-2025\/\",\"name\":\"AETC entrega Comenda M\u00e9rito Tradicionalista Canoense durante celebra\u00e7\u00e3o de 35 anos - O Timoneiro Jornal Canoas RS\",\"isPartOf\":{\"@id\":\"https:\/\/jornaltimoneiro.com.br\/#website\"},\"datePublished\":\"2026-03-11T13:54:23+00:00\",\"dateModified\":\"2026-03-11T13:54:23+00:00\",\"description\":\"AETC realiza entrega da Comenda M\u00e9rito Tradicionalista Canoense e certificados de destaque durante programa\u00e7\u00e3o que marca os 35 anos da entidade em Canoas.\",\"breadcrumb\":{\"@id\":\"https:\/\/jornaltimoneiro.com.br\/index.php\/2026\/03\/11\/comenda-merito-tradicionalista-canoense-aetc-canoas-2025\/#breadcrumb\"},\"inLanguage\":\"pt-BR\",\"potentialAction\":[{\"@type\":\"ReadAction\",\"target\":[\"https:\/\/jornaltimoneiro.com.br\/index.php\/2026\/03\/11\/comenda-merito-tradicionalista-canoense-aetc-canoas-2025\/\"]}]},{\"@type\":\"BreadcrumbList\",\"@id\":\"https:\/\/jornaltimoneiro.com.br\/index.php\/2026\/03\/11\/comenda-merito-tradicionalista-canoense-aetc-canoas-2025\/#breadcrumb\",\"itemListElement\":[{\"@type\":\"ListItem\",\"position\":1,\"name\":\"In\u00edcio\",\"item\":\"https:\/\/jornaltimoneiro.com.br\/\"},{\"@type\":\"ListItem\",\"position\":2,\"name\":\"AETC entrega Comenda M\u00e9rito Tradicionalista Canoense durante celebra\u00e7\u00e3o de 35 anos\"}]},{\"@type\":\"WebSite\",\"@id\":\"https:\/\/jornaltimoneiro.com.br\/#website\",\"url\":\"https:\/\/jornaltimoneiro.com.br\/\",\"name\":\"Jornal Timoneiro Canoas RS\",\"description\":\"Jornal O Timoneiro, o verdadeiro jornal de Canoas\",\"publisher\":{\"@id\":\"https:\/\/jornaltimoneiro.com.br\/#organization\"},\"potentialAction\":[{\"@type\":\"SearchAction\",\"target\":{\"@type\":\"EntryPoint\",\"urlTemplate\":\"https:\/\/jornaltimoneiro.com.br\/?s={search_term_string}\"},\"query-input\":\"required name=search_term_string\"}],\"inLanguage\":\"pt-BR\"},{\"@type\":\"Organization\",\"@id\":\"https:\/\/jornaltimoneiro.com.br\/#organization\",\"name\":\"Jornal Timoneiro Canoas RS\",\"url\":\"https:\/\/jornaltimoneiro.com.br\/\",\"logo\":{\"@type\":\"ImageObject\",\"inLanguage\":\"pt-BR\",\"@id\":\"https:\/\/jornaltimoneiro.com.br\/#\/schema\/logo\/image\/\",\"url\":\"https:\/\/jornaltimoneiro.com.br\/wp-content\/uploads\/2023\/03\/logonovo.png\",\"contentUrl\":\"https:\/\/jornaltimoneiro.com.br\/wp-content\/uploads\/2023\/03\/logonovo.png\",\"width\":\"469\",\"height\":\"171\",\"caption\":\"Jornal Timoneiro Canoas RS\"},\"image\":{\"@id\":\"https:\/\/jornaltimoneiro.com.br\/#\/schema\/logo\/image\/\"},\"sameAs\":[\"https:\/\/www.facebook.com\/jornaltimoneiro\",\"https:\/\/twitter.com\/_OTimoneiro\",\"https:\/\/www.instagram.com\/jornaltimoneirocanoas\/\",\"https:\/\/www.youtube.com\/@jornalotimoneiro7927\"]},{\"@type\":\"Person\",\"@id\":\"https:\/\/jornaltimoneiro.com.br\/#\/schema\/person\/f63482f1a02b1a9592707865e509ab40\",\"name\":\"Reda\u00e7\u00e3o\",\"image\":{\"@type\":\"ImageObject\",\"inLanguage\":\"pt-BR\",\"@id\":\"https:\/\/jornaltimoneiro.com.br\/#\/schema\/person\/image\/\",\"url\":\"https:\/\/jornaltimoneiro.com.br\/wp-content\/uploads\/2023\/03\/download.jpeg\",\"contentUrl\":\"https:\/\/jornaltimoneiro.com.br\/wp-content\/uploads\/2023\/03\/download.jpeg\",\"caption\":\"Reda\u00e7\u00e3o\"},\"url\":\"https:\/\/jornaltimoneiro.com.br\/index.php\/author\/simone-dutra\/\"}]}<\/script>\n<!-- \/ Yoast SEO plugin. -->","yoast_head_json":{"title":"AETC entrega Comenda M\u00e9rito Tradicionalista Canoense durante celebra\u00e7\u00e3o de 35 anos - O Timoneiro Jornal Canoas RS","description":"AETC realiza entrega da Comenda M\u00e9rito Tradicionalista Canoense e certificados de destaque durante programa\u00e7\u00e3o que marca os 35 anos da entidade em Canoas.","robots":{"index":"index","follow":"follow","max-snippet":"max-snippet:-1","max-image-preview":"max-image-preview:large","max-video-preview":"max-video-preview:-1"},"canonical":"https:\/\/jornaltimoneiro.com.br\/index.php\/2026\/03\/11\/comenda-merito-tradicionalista-canoense-aetc-canoas-2025\/","og_locale":"pt_BR","og_type":"article","og_title":"AETC entrega Comenda M\u00e9rito Tradicionalista Canoense durante celebra\u00e7\u00e3o de 35 anos - O Timoneiro Jornal Canoas RS","og_description":"AETC realiza entrega da Comenda M\u00e9rito Tradicionalista Canoense e certificados de destaque durante programa\u00e7\u00e3o que marca os 35 anos da entidade em Canoas.","og_url":"https:\/\/jornaltimoneiro.com.br\/index.php\/2026\/03\/11\/comenda-merito-tradicionalista-canoense-aetc-canoas-2025\/","og_site_name":"O Timoneiro Jornal Canoas RS","article_publisher":"https:\/\/www.facebook.com\/jornaltimoneiro","article_published_time":"2026-03-11T13:54:23+00:00","og_image":[{"width":"1220","height":"1201","url":"https:\/\/jornaltimoneiro.com.br\/wp-content\/uploads\/2026\/03\/WhatsApp-Image-2026-03-11-at-10.16.39.jpeg","type":"image\/jpeg"}],"author":"Reda\u00e7\u00e3o","twitter_card":"summary_large_image","twitter_creator":"@_OTimoneiro","twitter_site":"@_OTimoneiro","twitter_misc":{"Escrito por":"Reda\u00e7\u00e3o","Est. tempo de leitura":"2 minutos"},"schema":{"@context":"https:\/\/schema.org","@graph":[{"@type":"Article","@id":"https:\/\/jornaltimoneiro.com.br\/index.php\/2026\/03\/11\/comenda-merito-tradicionalista-canoense-aetc-canoas-2025\/#article","isPartOf":{"@id":"https:\/\/jornaltimoneiro.com.br\/index.php\/2026\/03\/11\/comenda-merito-tradicionalista-canoense-aetc-canoas-2025\/"},"author":{"name":"Reda\u00e7\u00e3o","@id":"https:\/\/jornaltimoneiro.com.br\/#\/schema\/person\/f63482f1a02b1a9592707865e509ab40"},"headline":"AETC entrega Comenda M\u00e9rito Tradicionalista Canoense durante celebra\u00e7\u00e3o de 35 anos","datePublished":"2026-03-11T13:54:23+00:00","dateModified":"2026-03-11T13:54:23+00:00","mainEntityOfPage":{"@id":"https:\/\/jornaltimoneiro.com.br\/index.php\/2026\/03\/11\/comenda-merito-tradicionalista-canoense-aetc-canoas-2025\/"},"wordCount":364,"commentCount":0,"publisher":{"@id":"https:\/\/jornaltimoneiro.com.br\/#organization"},"keywords":["canoas","cultura","featured"],"articleSection":["Cultura"],"inLanguage":"pt-BR","potentialAction":[{"@type":"CommentAction","name":"Comment","target":["https:\/\/jornaltimoneiro.com.br\/index.php\/2026\/03\/11\/comenda-merito-tradicionalista-canoense-aetc-canoas-2025\/#respond"]}]},{"@type":"WebPage","@id":"https:\/\/jornaltimoneiro.com.br\/index.php\/2026\/03\/11\/comenda-merito-tradicionalista-canoense-aetc-canoas-2025\/","url":"https:\/\/jornaltimoneiro.com.br\/index.php\/2026\/03\/11\/comenda-merito-tradicionalista-canoense-aetc-canoas-2025\/","name":"AETC entrega Comenda M\u00e9rito Tradicionalista Canoense durante celebra\u00e7\u00e3o de 35 anos - O Timoneiro Jornal Canoas RS","isPartOf":{"@id":"https:\/\/jornaltimoneiro.com.br\/#website"},"datePublished":"2026-03-11T13:54:23+00:00","dateModified":"2026-03-11T13:54:23+00:00","description":"AETC realiza entrega da Comenda M\u00e9rito Tradicionalista Canoense e certificados de destaque durante programa\u00e7\u00e3o que marca os 35 anos da entidade em Canoas.","breadcrumb":{"@id":"https:\/\/jornaltimoneiro.com.br\/index.php\/2026\/03\/11\/comenda-merito-tradicionalista-canoense-aetc-canoas-2025\/#breadcrumb"},"inLanguage":"pt-BR","potentialAction":[{"@type":"ReadAction","target":["https:\/\/jornaltimoneiro.com.br\/index.php\/2026\/03\/11\/comenda-merito-tradicionalista-canoense-aetc-canoas-2025\/"]}]},{"@type":"BreadcrumbList","@id":"https:\/\/jornaltimoneiro.com.br\/index.php\/2026\/03\/11\/comenda-merito-tradicionalista-canoense-aetc-canoas-2025\/#breadcrumb","itemListElement":[{"@type":"ListItem","position":1,"name":"In\u00edcio","item":"https:\/\/jornaltimoneiro.com.br\/"},{"@type":"ListItem","position":2,"name":"AETC entrega Comenda M\u00e9rito Tradicionalista Canoense durante celebra\u00e7\u00e3o de 35 anos"}]},{"@type":"WebSite","@id":"https:\/\/jornaltimoneiro.com.br\/#website","url":"https:\/\/jornaltimoneiro.com.br\/","name":"Jornal Timoneiro Canoas RS","description":"Jornal O Timoneiro, o verdadeiro jornal de Canoas","publisher":{"@id":"https:\/\/jornaltimoneiro.com.br\/#organization"},"potentialAction":[{"@type":"SearchAction","target":{"@type":"EntryPoint","urlTemplate":"https:\/\/jornaltimoneiro.com.br\/?s={search_term_string}"},"query-input":"required name=search_term_string"}],"inLanguage":"pt-BR"},{"@type":"Organization","@id":"https:\/\/jornaltimoneiro.com.br\/#organization","name":"Jornal Timoneiro Canoas RS","url":"https:\/\/jornaltimoneiro.com.br\/","logo":{"@type":"ImageObject","inLanguage":"pt-BR","@id":"https:\/\/jornaltimoneiro.com.br\/#\/schema\/logo\/image\/","url":"https:\/\/jornaltimoneiro.com.br\/wp-content\/uploads\/2023\/03\/logonovo.png","contentUrl":"https:\/\/jornaltimoneiro.com.br\/wp-content\/uploads\/2023\/03\/logonovo.png","width":"469","height":"171","caption":"Jornal Timoneiro Canoas RS"},"image":{"@id":"https:\/\/jornaltimoneiro.com.br\/#\/schema\/logo\/image\/"},"sameAs":["https:\/\/www.facebook.com\/jornaltimoneiro","https:\/\/twitter.com\/_OTimoneiro","https:\/\/www.instagram.com\/jornaltimoneirocanoas\/","https:\/\/www.youtube.com\/@jornalotimoneiro7927"]},{"@type":"Person","@id":"https:\/\/jornaltimoneiro.com.br\/#\/schema\/person\/f63482f1a02b1a9592707865e509ab40","name":"Reda\u00e7\u00e3o","image":{"@type":"ImageObject","inLanguage":"pt-BR","@id":"https:\/\/jornaltimoneiro.com.br\/#\/schema\/person\/image\/","url":"https:\/\/jornaltimoneiro.com.br\/wp-content\/uploads\/2023\/03\/download.jpeg","contentUrl":"https:\/\/jornaltimoneiro.com.br\/wp-content\/uploads\/2023\/03\/download.jpeg","caption":"Reda\u00e7\u00e3o"},"url":"https:\/\/jornaltimoneiro.com.br\/index.php\/author\/simone-dutra\/"}]}},"_links":{"self":[{"href":"https:\/\/jornaltimoneiro.com.br\/index.php\/wp-json\/wp\/v2\/posts\/39470"}],"collection":[{"href":"https:\/\/jornaltimoneiro.com.br\/index.php\/wp-json\/wp\/v2\/posts"}],"about":[{"href":"https:\/\/jornaltimoneiro.com.br\/index.php\/wp-json\/wp\/v2\/types\/post"}],"author":[{"embeddable":true,"href":"https:\/\/jornaltimoneiro.com.br\/index.php\/wp-json\/wp\/v2\/users\/2"}],"replies":[{"embeddable":true,"href":"https:\/\/jornaltimoneiro.com.br\/index.php\/wp-json\/wp\/v2\/comments?post=39470"}],"version-history":[{"count":1,"href":"https:\/\/jornaltimoneiro.com.br\/index.php\/wp-json\/wp\/v2\/posts\/39470\/revisions"}],"predecessor-version":[{"id":39472,"href":"https:\/\/jornaltimoneiro.com.br\/index.php\/wp-json\/wp\/v2\/posts\/39470\/revisions\/39472"}],"wp:featuredmedia":[{"embeddable":true,"href":"https:\/\/jornaltimoneiro.com.br\/index.php\/wp-json\/wp\/v2\/media\/39471"}],"wp:attachment":[{"href":"https:\/\/jornaltimoneiro.com.br\/index.php\/wp-json\/wp\/v2\/media?parent=39470"}],"wp:term":[{"taxonomy":"category","embeddable":true,"href":"https:\/\/jornaltimoneiro.com.br\/index.php\/wp-json\/wp\/v2\/categories?post=39470"},{"taxonomy":"post_tag","embeddable":true,"href":"https:\/\/jornaltimoneiro.com.br\/index.php\/wp-json\/wp\/v2\/tags?post=39470"}],"curies":[{"name":"wp","href":"https:\/\/api.w.org\/{rel}","templated":true}]}}