{"id":3947,"date":"2016-05-31T12:14:52","date_gmt":"2016-05-31T15:14:52","guid":{"rendered":"http:\/\/otimoneiro.com.br\/?p=3947"},"modified":"2016-05-31T12:14:52","modified_gmt":"2016-05-31T15:14:52","slug":"soldados-salvam-cao-que-se-afogava-em-valao-no-bairro-rio-branco","status":"publish","type":"post","link":"https:\/\/jornaltimoneiro.com.br\/index.php\/2016\/05\/31\/soldados-salvam-cao-que-se-afogava-em-valao-no-bairro-rio-branco\/","title":{"rendered":"Soldados salvam c\u00e3o que se afogava em val\u00e3o no bairro Rio Branco"},"content":{"rendered":"<div id=\"attachment_3948\" style=\"width: 623px\" class=\"wp-caption aligncenter\"><a href=\"http:\/\/otimoneiro.com.br\/wp-content\/uploads\/2016\/05\/13312912_1045900448833498_7887063195767476397_n.jpg\"><img decoding=\"async\" aria-describedby=\"caption-attachment-3948\" class=\" wp-image-3948\" src=\"http:\/\/otimoneiro.com.br\/wp-content\/uploads\/2016\/05\/13312912_1045900448833498_7887063195767476397_n.jpg\" alt=\"Soldados Maur\u00edcio e Fabiano salvam c\u00e3o em vala no Rio Branco. Foto: Divulga\u00e7\u00e3o\/BM.\" width=\"613\" height=\"460\" \/><\/a><p id=\"caption-attachment-3948\" class=\"wp-caption-text\">Soldados Maur\u00edcio e Fabiano salvam c\u00e3o em vala no Rio Branco. Foto: Divulga\u00e7\u00e3o\/BM.<\/p><\/div>\n<p>&nbsp;<\/p>\n<p>No \u00faltimo domingo, 29, os soldados do 15\u00ba Batalh\u00e3o de Pol\u00edcia Militar (BPM), identificados como Maur\u00edcio Alves e Fabiano Santos, salvaram o c\u00e3o de um afogamento na rua Irineu de Carvalho Braga, no bairro Rio Branco, em Canoas. Ambos s\u00e3o membros da 1\u00aa Companhia do BPM, assim como Juliana Camargo, oficial que registrou a a\u00e7\u00e3o.<\/p>\n<p>O caso repercutiu ap\u00f3s uma foto ser publicado pela p\u00e1gina Porto Alegre 24 horas, no Facebook. \u201cBrigadianos de Canoas n\u00e3o se omitiram diante de um c\u00e3o se afogando\u201d, dizia a legenda. At\u00e9 o meio dia desta ter\u00e7a-feira, 31, a imagem tinha 6,2 mil curtidas, 483 compartilhamentos e mais de 190 coment\u00e1rios.<\/p>\n<p>\u201cParab\u00e9ns aos PMs pela dedica\u00e7\u00e3o para salvar um c\u00e3o em um val\u00e3o\u201d, afirmou o Tenente Coronel Oto Eduardo Amorim, respons\u00e1vel pelo batalh\u00e3o que cuida de Canoas e Nova Santa Rita.<\/p>\n","protected":false},"excerpt":{"rendered":"<p>&nbsp; No \u00faltimo domingo, 29, os soldados do 15\u00ba Batalh\u00e3o de Pol\u00edcia Militar (BPM), identificados como Maur\u00edcio Alves e Fabiano Santos, salvaram o c\u00e3o de um afogamento na rua Irineu de Carvalho Braga, no bairro Rio Branco, em Canoas. Ambos s\u00e3o membros da 1\u00aa Companhia do BPM, assim como Juliana Camargo, oficial que registrou a [&hellip;]<\/p>\n","protected":false},"author":1,"featured_media":3948,"comment_status":"open","ping_status":"open","sticky":false,"template":"","format":"standard","meta":{"amp_status":"","footnotes":""},"categories":[25,19,22,30],"tags":[],"class_list":["post-3947","post","type-post","status-publish","format-standard","has-post-thumbnail","hentry","category-comunidade","category-destaques","category-noticias","category-policial"],"yoast_head":"<!-- This site is optimized with the Yoast SEO plugin v20.5 - https:\/\/yoast.com\/wordpress\/plugins\/seo\/ -->\n<title>Soldados salvam c\u00e3o que se afogava em val\u00e3o no bairro Rio Branco - O Timoneiro Jornal Canoas RS<\/title>\n<meta name=\"robots\" content=\"index, follow, max-snippet:-1, max-image-preview:large, max-video-preview:-1\" \/>\n<link rel=\"canonical\" href=\"https:\/\/jornaltimoneiro.com.br\/index.php\/2016\/05\/31\/soldados-salvam-cao-que-se-afogava-em-valao-no-bairro-rio-branco\/\" \/>\n<meta property=\"og:locale\" content=\"pt_BR\" \/>\n<meta property=\"og:type\" content=\"article\" \/>\n<meta property=\"og:title\" content=\"Soldados salvam c\u00e3o que se afogava em val\u00e3o no bairro Rio Branco - O Timoneiro Jornal Canoas RS\" \/>\n<meta property=\"og:description\" content=\"&nbsp; No \u00faltimo domingo, 29, os soldados do 15\u00ba Batalh\u00e3o de Pol\u00edcia Militar (BPM), identificados como Maur\u00edcio Alves e Fabiano Santos, salvaram o c\u00e3o de um afogamento na rua Irineu de Carvalho Braga, no bairro Rio Branco, em Canoas. Ambos s\u00e3o membros da 1\u00aa Companhia do BPM, assim como Juliana Camargo, oficial que registrou a [&hellip;]\" \/>\n<meta property=\"og:url\" content=\"https:\/\/jornaltimoneiro.com.br\/index.php\/2016\/05\/31\/soldados-salvam-cao-que-se-afogava-em-valao-no-bairro-rio-branco\/\" \/>\n<meta property=\"og:site_name\" content=\"O Timoneiro Jornal Canoas RS\" \/>\n<meta property=\"article:publisher\" content=\"https:\/\/www.facebook.com\/jornaltimoneiro\" \/>\n<meta property=\"article:published_time\" content=\"2016-05-31T15:14:52+00:00\" \/>\n<meta name=\"author\" content=\"Reda\u00e7\u00e3o\" \/>\n<meta name=\"twitter:card\" content=\"summary_large_image\" \/>\n<meta name=\"twitter:creator\" content=\"@_OTimoneiro\" \/>\n<meta name=\"twitter:site\" content=\"@_OTimoneiro\" \/>\n<meta name=\"twitter:label1\" content=\"Escrito por\" \/>\n\t<meta name=\"twitter:data1\" content=\"Reda\u00e7\u00e3o\" \/>\n\t<meta name=\"twitter:label2\" content=\"Est. tempo de leitura\" \/>\n\t<meta name=\"twitter:data2\" content=\"1 minuto\" \/>\n<script type=\"application\/ld+json\" class=\"yoast-schema-graph\">{\"@context\":\"https:\/\/schema.org\",\"@graph\":[{\"@type\":\"Article\",\"@id\":\"https:\/\/jornaltimoneiro.com.br\/index.php\/2016\/05\/31\/soldados-salvam-cao-que-se-afogava-em-valao-no-bairro-rio-branco\/#article\",\"isPartOf\":{\"@id\":\"https:\/\/jornaltimoneiro.com.br\/index.php\/2016\/05\/31\/soldados-salvam-cao-que-se-afogava-em-valao-no-bairro-rio-branco\/\"},\"author\":{\"name\":\"Reda\u00e7\u00e3o\",\"@id\":\"https:\/\/jornaltimoneiro.com.br\/#\/schema\/person\/620efd1d8244466117482be494360b08\"},\"headline\":\"Soldados salvam c\u00e3o que se afogava em val\u00e3o no bairro Rio Branco\",\"datePublished\":\"2016-05-31T15:14:52+00:00\",\"dateModified\":\"2016-05-31T15:14:52+00:00\",\"mainEntityOfPage\":{\"@id\":\"https:\/\/jornaltimoneiro.com.br\/index.php\/2016\/05\/31\/soldados-salvam-cao-que-se-afogava-em-valao-no-bairro-rio-branco\/\"},\"wordCount\":185,\"commentCount\":0,\"publisher\":{\"@id\":\"https:\/\/jornaltimoneiro.com.br\/#organization\"},\"articleSection\":[\"Comunidade\",\"Destaques\",\"Not\u00edcias\",\"Policial\"],\"inLanguage\":\"pt-BR\",\"potentialAction\":[{\"@type\":\"CommentAction\",\"name\":\"Comment\",\"target\":[\"https:\/\/jornaltimoneiro.com.br\/index.php\/2016\/05\/31\/soldados-salvam-cao-que-se-afogava-em-valao-no-bairro-rio-branco\/#respond\"]}]},{\"@type\":\"WebPage\",\"@id\":\"https:\/\/jornaltimoneiro.com.br\/index.php\/2016\/05\/31\/soldados-salvam-cao-que-se-afogava-em-valao-no-bairro-rio-branco\/\",\"url\":\"https:\/\/jornaltimoneiro.com.br\/index.php\/2016\/05\/31\/soldados-salvam-cao-que-se-afogava-em-valao-no-bairro-rio-branco\/\",\"name\":\"Soldados salvam c\u00e3o que se afogava em val\u00e3o no bairro Rio Branco - O Timoneiro Jornal Canoas RS\",\"isPartOf\":{\"@id\":\"https:\/\/jornaltimoneiro.com.br\/#website\"},\"datePublished\":\"2016-05-31T15:14:52+00:00\",\"dateModified\":\"2016-05-31T15:14:52+00:00\",\"breadcrumb\":{\"@id\":\"https:\/\/jornaltimoneiro.com.br\/index.php\/2016\/05\/31\/soldados-salvam-cao-que-se-afogava-em-valao-no-bairro-rio-branco\/#breadcrumb\"},\"inLanguage\":\"pt-BR\",\"potentialAction\":[{\"@type\":\"ReadAction\",\"target\":[\"https:\/\/jornaltimoneiro.com.br\/index.php\/2016\/05\/31\/soldados-salvam-cao-que-se-afogava-em-valao-no-bairro-rio-branco\/\"]}]},{\"@type\":\"BreadcrumbList\",\"@id\":\"https:\/\/jornaltimoneiro.com.br\/index.php\/2016\/05\/31\/soldados-salvam-cao-que-se-afogava-em-valao-no-bairro-rio-branco\/#breadcrumb\",\"itemListElement\":[{\"@type\":\"ListItem\",\"position\":1,\"name\":\"In\u00edcio\",\"item\":\"https:\/\/jornaltimoneiro.com.br\/\"},{\"@type\":\"ListItem\",\"position\":2,\"name\":\"Soldados salvam c\u00e3o que se afogava em val\u00e3o no bairro Rio Branco\"}]},{\"@type\":\"WebSite\",\"@id\":\"https:\/\/jornaltimoneiro.com.br\/#website\",\"url\":\"https:\/\/jornaltimoneiro.com.br\/\",\"name\":\"Jornal Timoneiro Canoas RS\",\"description\":\"Jornal O Timoneiro, o verdadeiro jornal de Canoas\",\"publisher\":{\"@id\":\"https:\/\/jornaltimoneiro.com.br\/#organization\"},\"potentialAction\":[{\"@type\":\"SearchAction\",\"target\":{\"@type\":\"EntryPoint\",\"urlTemplate\":\"https:\/\/jornaltimoneiro.com.br\/?s={search_term_string}\"},\"query-input\":\"required name=search_term_string\"}],\"inLanguage\":\"pt-BR\"},{\"@type\":\"Organization\",\"@id\":\"https:\/\/jornaltimoneiro.com.br\/#organization\",\"name\":\"Jornal Timoneiro Canoas RS\",\"url\":\"https:\/\/jornaltimoneiro.com.br\/\",\"logo\":{\"@type\":\"ImageObject\",\"inLanguage\":\"pt-BR\",\"@id\":\"https:\/\/jornaltimoneiro.com.br\/#\/schema\/logo\/image\/\",\"url\":\"https:\/\/jornaltimoneiro.com.br\/wp-content\/uploads\/2023\/03\/logonovo.png\",\"contentUrl\":\"https:\/\/jornaltimoneiro.com.br\/wp-content\/uploads\/2023\/03\/logonovo.png\",\"width\":\"469\",\"height\":\"171\",\"caption\":\"Jornal Timoneiro Canoas RS\"},\"image\":{\"@id\":\"https:\/\/jornaltimoneiro.com.br\/#\/schema\/logo\/image\/\"},\"sameAs\":[\"https:\/\/www.facebook.com\/jornaltimoneiro\",\"https:\/\/twitter.com\/_OTimoneiro\",\"https:\/\/www.instagram.com\/jornaltimoneirocanoas\/\",\"https:\/\/www.youtube.com\/@jornalotimoneiro7927\"]},{\"@type\":\"Person\",\"@id\":\"https:\/\/jornaltimoneiro.com.br\/#\/schema\/person\/620efd1d8244466117482be494360b08\",\"name\":\"Reda\u00e7\u00e3o\",\"image\":{\"@type\":\"ImageObject\",\"inLanguage\":\"pt-BR\",\"@id\":\"https:\/\/jornaltimoneiro.com.br\/#\/schema\/person\/image\/\",\"url\":\"https:\/\/secure.gravatar.com\/avatar\/2f04e1b304682a8d9db336c7acd77f08?s=96&d=mm&r=g\",\"contentUrl\":\"https:\/\/secure.gravatar.com\/avatar\/2f04e1b304682a8d9db336c7acd77f08?s=96&d=mm&r=g\",\"caption\":\"Reda\u00e7\u00e3o\"},\"url\":\"https:\/\/jornaltimoneiro.com.br\/index.php\/author\/timoneirocanoas\/\"}]}<\/script>\n<!-- \/ Yoast SEO plugin. -->","yoast_head_json":{"title":"Soldados salvam c\u00e3o que se afogava em val\u00e3o no bairro Rio Branco - O Timoneiro Jornal Canoas RS","robots":{"index":"index","follow":"follow","max-snippet":"max-snippet:-1","max-image-preview":"max-image-preview:large","max-video-preview":"max-video-preview:-1"},"canonical":"https:\/\/jornaltimoneiro.com.br\/index.php\/2016\/05\/31\/soldados-salvam-cao-que-se-afogava-em-valao-no-bairro-rio-branco\/","og_locale":"pt_BR","og_type":"article","og_title":"Soldados salvam c\u00e3o que se afogava em val\u00e3o no bairro Rio Branco - O Timoneiro Jornal Canoas RS","og_description":"&nbsp; No \u00faltimo domingo, 29, os soldados do 15\u00ba Batalh\u00e3o de Pol\u00edcia Militar (BPM), identificados como Maur\u00edcio Alves e Fabiano Santos, salvaram o c\u00e3o de um afogamento na rua Irineu de Carvalho Braga, no bairro Rio Branco, em Canoas. Ambos s\u00e3o membros da 1\u00aa Companhia do BPM, assim como Juliana Camargo, oficial que registrou a [&hellip;]","og_url":"https:\/\/jornaltimoneiro.com.br\/index.php\/2016\/05\/31\/soldados-salvam-cao-que-se-afogava-em-valao-no-bairro-rio-branco\/","og_site_name":"O Timoneiro Jornal Canoas RS","article_publisher":"https:\/\/www.facebook.com\/jornaltimoneiro","article_published_time":"2016-05-31T15:14:52+00:00","author":"Reda\u00e7\u00e3o","twitter_card":"summary_large_image","twitter_creator":"@_OTimoneiro","twitter_site":"@_OTimoneiro","twitter_misc":{"Escrito por":"Reda\u00e7\u00e3o","Est. tempo de leitura":"1 minuto"},"schema":{"@context":"https:\/\/schema.org","@graph":[{"@type":"Article","@id":"https:\/\/jornaltimoneiro.com.br\/index.php\/2016\/05\/31\/soldados-salvam-cao-que-se-afogava-em-valao-no-bairro-rio-branco\/#article","isPartOf":{"@id":"https:\/\/jornaltimoneiro.com.br\/index.php\/2016\/05\/31\/soldados-salvam-cao-que-se-afogava-em-valao-no-bairro-rio-branco\/"},"author":{"name":"Reda\u00e7\u00e3o","@id":"https:\/\/jornaltimoneiro.com.br\/#\/schema\/person\/620efd1d8244466117482be494360b08"},"headline":"Soldados salvam c\u00e3o que se afogava em val\u00e3o no bairro Rio Branco","datePublished":"2016-05-31T15:14:52+00:00","dateModified":"2016-05-31T15:14:52+00:00","mainEntityOfPage":{"@id":"https:\/\/jornaltimoneiro.com.br\/index.php\/2016\/05\/31\/soldados-salvam-cao-que-se-afogava-em-valao-no-bairro-rio-branco\/"},"wordCount":185,"commentCount":0,"publisher":{"@id":"https:\/\/jornaltimoneiro.com.br\/#organization"},"articleSection":["Comunidade","Destaques","Not\u00edcias","Policial"],"inLanguage":"pt-BR","potentialAction":[{"@type":"CommentAction","name":"Comment","target":["https:\/\/jornaltimoneiro.com.br\/index.php\/2016\/05\/31\/soldados-salvam-cao-que-se-afogava-em-valao-no-bairro-rio-branco\/#respond"]}]},{"@type":"WebPage","@id":"https:\/\/jornaltimoneiro.com.br\/index.php\/2016\/05\/31\/soldados-salvam-cao-que-se-afogava-em-valao-no-bairro-rio-branco\/","url":"https:\/\/jornaltimoneiro.com.br\/index.php\/2016\/05\/31\/soldados-salvam-cao-que-se-afogava-em-valao-no-bairro-rio-branco\/","name":"Soldados salvam c\u00e3o que se afogava em val\u00e3o no bairro Rio Branco - O Timoneiro Jornal Canoas RS","isPartOf":{"@id":"https:\/\/jornaltimoneiro.com.br\/#website"},"datePublished":"2016-05-31T15:14:52+00:00","dateModified":"2016-05-31T15:14:52+00:00","breadcrumb":{"@id":"https:\/\/jornaltimoneiro.com.br\/index.php\/2016\/05\/31\/soldados-salvam-cao-que-se-afogava-em-valao-no-bairro-rio-branco\/#breadcrumb"},"inLanguage":"pt-BR","potentialAction":[{"@type":"ReadAction","target":["https:\/\/jornaltimoneiro.com.br\/index.php\/2016\/05\/31\/soldados-salvam-cao-que-se-afogava-em-valao-no-bairro-rio-branco\/"]}]},{"@type":"BreadcrumbList","@id":"https:\/\/jornaltimoneiro.com.br\/index.php\/2016\/05\/31\/soldados-salvam-cao-que-se-afogava-em-valao-no-bairro-rio-branco\/#breadcrumb","itemListElement":[{"@type":"ListItem","position":1,"name":"In\u00edcio","item":"https:\/\/jornaltimoneiro.com.br\/"},{"@type":"ListItem","position":2,"name":"Soldados salvam c\u00e3o que se afogava em val\u00e3o no bairro Rio Branco"}]},{"@type":"WebSite","@id":"https:\/\/jornaltimoneiro.com.br\/#website","url":"https:\/\/jornaltimoneiro.com.br\/","name":"Jornal Timoneiro Canoas RS","description":"Jornal O Timoneiro, o verdadeiro jornal de Canoas","publisher":{"@id":"https:\/\/jornaltimoneiro.com.br\/#organization"},"potentialAction":[{"@type":"SearchAction","target":{"@type":"EntryPoint","urlTemplate":"https:\/\/jornaltimoneiro.com.br\/?s={search_term_string}"},"query-input":"required name=search_term_string"}],"inLanguage":"pt-BR"},{"@type":"Organization","@id":"https:\/\/jornaltimoneiro.com.br\/#organization","name":"Jornal Timoneiro Canoas RS","url":"https:\/\/jornaltimoneiro.com.br\/","logo":{"@type":"ImageObject","inLanguage":"pt-BR","@id":"https:\/\/jornaltimoneiro.com.br\/#\/schema\/logo\/image\/","url":"https:\/\/jornaltimoneiro.com.br\/wp-content\/uploads\/2023\/03\/logonovo.png","contentUrl":"https:\/\/jornaltimoneiro.com.br\/wp-content\/uploads\/2023\/03\/logonovo.png","width":"469","height":"171","caption":"Jornal Timoneiro Canoas RS"},"image":{"@id":"https:\/\/jornaltimoneiro.com.br\/#\/schema\/logo\/image\/"},"sameAs":["https:\/\/www.facebook.com\/jornaltimoneiro","https:\/\/twitter.com\/_OTimoneiro","https:\/\/www.instagram.com\/jornaltimoneirocanoas\/","https:\/\/www.youtube.com\/@jornalotimoneiro7927"]},{"@type":"Person","@id":"https:\/\/jornaltimoneiro.com.br\/#\/schema\/person\/620efd1d8244466117482be494360b08","name":"Reda\u00e7\u00e3o","image":{"@type":"ImageObject","inLanguage":"pt-BR","@id":"https:\/\/jornaltimoneiro.com.br\/#\/schema\/person\/image\/","url":"https:\/\/secure.gravatar.com\/avatar\/2f04e1b304682a8d9db336c7acd77f08?s=96&d=mm&r=g","contentUrl":"https:\/\/secure.gravatar.com\/avatar\/2f04e1b304682a8d9db336c7acd77f08?s=96&d=mm&r=g","caption":"Reda\u00e7\u00e3o"},"url":"https:\/\/jornaltimoneiro.com.br\/index.php\/author\/timoneirocanoas\/"}]}},"_links":{"self":[{"href":"https:\/\/jornaltimoneiro.com.br\/index.php\/wp-json\/wp\/v2\/posts\/3947"}],"collection":[{"href":"https:\/\/jornaltimoneiro.com.br\/index.php\/wp-json\/wp\/v2\/posts"}],"about":[{"href":"https:\/\/jornaltimoneiro.com.br\/index.php\/wp-json\/wp\/v2\/types\/post"}],"author":[{"embeddable":true,"href":"https:\/\/jornaltimoneiro.com.br\/index.php\/wp-json\/wp\/v2\/users\/1"}],"replies":[{"embeddable":true,"href":"https:\/\/jornaltimoneiro.com.br\/index.php\/wp-json\/wp\/v2\/comments?post=3947"}],"version-history":[{"count":0,"href":"https:\/\/jornaltimoneiro.com.br\/index.php\/wp-json\/wp\/v2\/posts\/3947\/revisions"}],"wp:featuredmedia":[{"embeddable":true,"href":"https:\/\/jornaltimoneiro.com.br\/index.php\/wp-json\/"}],"wp:attachment":[{"href":"https:\/\/jornaltimoneiro.com.br\/index.php\/wp-json\/wp\/v2\/media?parent=3947"}],"wp:term":[{"taxonomy":"category","embeddable":true,"href":"https:\/\/jornaltimoneiro.com.br\/index.php\/wp-json\/wp\/v2\/categories?post=3947"},{"taxonomy":"post_tag","embeddable":true,"href":"https:\/\/jornaltimoneiro.com.br\/index.php\/wp-json\/wp\/v2\/tags?post=3947"}],"curies":[{"name":"wp","href":"https:\/\/api.w.org\/{rel}","templated":true}]}}