{"id":39464,"date":"2026-03-11T09:36:33","date_gmt":"2026-03-11T12:36:33","guid":{"rendered":"https:\/\/jornaltimoneiro.com.br\/?p=39464"},"modified":"2026-03-11T09:36:33","modified_gmt":"2026-03-11T12:36:33","slug":"mulher-morta-a-facadas-montenegro-companheiro-preso","status":"publish","type":"post","link":"https:\/\/jornaltimoneiro.com.br\/index.php\/2026\/03\/11\/mulher-morta-a-facadas-montenegro-companheiro-preso\/","title":{"rendered":"Rio Grande do Sul registra mais um caso de feminic\u00eddio ap\u00f3s mulher ser morta a facadas em Montenegro"},"content":{"rendered":"<p data-start=\"0\" data-end=\"351\"><em>Rio Grande do Sul registra 21\u00ba caso de feminic\u00eddio ap\u00f3s mulher ser morta a facadas em Montenegro<\/em><\/p>\n<p data-start=\"0\" data-end=\"351\">Uma mulher de 34 anos foi morta a facadas na noite de ter\u00e7a-feira, 10, no munic\u00edpio de Montenegro, na Regi\u00e3o Metropolitana de Porto Alegre. O caso \u00e9 investigado pela Pol\u00edcia Civil como feminic\u00eddio. O principal suspeito \u00e9 o companheiro da v\u00edtima, um homem de 52 anos, que chegou a fugir ap\u00f3s o crime, mas acabou localizado e preso pela Brigada Militar.<\/p>\n<p data-start=\"353\" data-end=\"490\">A v\u00edtima foi identificada como Gislaine Reguss. Conforme a investiga\u00e7\u00e3o, ela estava desaparecida desde o dia 26 de fevereiro de 2026.<\/p>\n<p data-start=\"492\" data-end=\"785\">Segundo a pol\u00edcia, o suspeito cumpre pena no sistema prisional e havia sa\u00eddo para trabalhar no mesmo dia do crime. Ele deveria retornar \u00e0 pris\u00e3o durante a noite. Ainda de acordo com as autoridades, o homem possui diversos antecedentes criminais, incluindo tr\u00e1fico de drogas, roubo e homic\u00eddio.<\/p>\n<p data-start=\"828\" data-end=\"1137\">De acordo com a Pol\u00edcia Civil de Montenegro, a Brigada Militar foi acionada para atender uma ocorr\u00eancia relacionada \u00e0 Lei Maria da Penha. Quando chegaram ao local, os policiais solicitaram o apoio do Servi\u00e7o de Atendimento M\u00f3vel de Urg\u00eancia (SAMU), mas os socorristas constataram que a mulher j\u00e1 estava morta.<\/p>\n<p data-start=\"1139\" data-end=\"1371\">Ap\u00f3s cometer o crime, o suspeito teria fugido pelos fundos da resid\u00eancia. Policiais realizaram buscas na regi\u00e3o com apoio de outras equipes. Durante a abordagem, o homem foi baleado, detido e encaminhado para atendimento hospitalar.<\/p>\n<p data-start=\"1373\" data-end=\"1511\" data-is-last-node=\"\" data-is-only-node=\"\">A \u00e1rea onde ocorreu o crime foi isolada para o trabalho da per\u00edcia, enquanto a Pol\u00edcia Civil segue investigando as circunst\u00e2ncias do caso.<\/p>\n","protected":false},"excerpt":{"rendered":"<p>Rio Grande do Sul registra 21\u00ba caso de feminic\u00eddio ap\u00f3s mulher ser morta a facadas em Montenegro Uma mulher de 34 anos foi morta a facadas na noite de ter\u00e7a-feira, 10, no munic\u00edpio de Montenegro, na Regi\u00e3o Metropolitana de Porto Alegre. O caso \u00e9 investigado pela Pol\u00edcia Civil como feminic\u00eddio. O principal suspeito \u00e9 o [&hellip;]<\/p>\n","protected":false},"author":2,"featured_media":39465,"comment_status":"open","ping_status":"open","sticky":false,"template":"","format":"standard","meta":{"amp_status":"","footnotes":""},"categories":[4998],"tags":[31,190,3588,5036,3657,1690],"class_list":["post-39464","post","type-post","status-publish","format-standard","has-post-thumbnail","hentry","category-feminicidio","tag-canoas","tag-featured","tag-feminicidio","tag-montenegro","tag-policia-civil-rs","tag-violencia-contra-a-mulher"],"yoast_head":"<!-- This site is optimized with the Yoast SEO plugin v20.5 - https:\/\/yoast.com\/wordpress\/plugins\/seo\/ -->\n<title>Rio Grande do Sul registra mais um caso de feminic\u00eddio ap\u00f3s mulher ser morta a facadas em Montenegro - O Timoneiro Jornal Canoas RS<\/title>\n<meta name=\"description\" content=\"Mulher de 34 anos \u00e9 encontrada morta a facadas em Montenegro (RS). Companheiro, suspeito de feminic\u00eddio, foi localizado e preso pela Brigada Militar ap\u00f3s fugir do local do crime.\" \/>\n<meta name=\"robots\" content=\"index, follow, max-snippet:-1, max-image-preview:large, max-video-preview:-1\" \/>\n<link rel=\"canonical\" href=\"https:\/\/jornaltimoneiro.com.br\/index.php\/2026\/03\/11\/mulher-morta-a-facadas-montenegro-companheiro-preso\/\" \/>\n<meta property=\"og:locale\" content=\"pt_BR\" \/>\n<meta property=\"og:type\" content=\"article\" \/>\n<meta property=\"og:title\" content=\"Rio Grande do Sul registra mais um caso de feminic\u00eddio ap\u00f3s mulher ser morta a facadas em Montenegro - O Timoneiro Jornal Canoas RS\" \/>\n<meta property=\"og:description\" content=\"Mulher de 34 anos \u00e9 encontrada morta a facadas em Montenegro (RS). Companheiro, suspeito de feminic\u00eddio, foi localizado e preso pela Brigada Militar ap\u00f3s fugir do local do crime.\" \/>\n<meta property=\"og:url\" content=\"https:\/\/jornaltimoneiro.com.br\/index.php\/2026\/03\/11\/mulher-morta-a-facadas-montenegro-companheiro-preso\/\" \/>\n<meta property=\"og:site_name\" content=\"O Timoneiro Jornal Canoas RS\" \/>\n<meta property=\"article:publisher\" content=\"https:\/\/www.facebook.com\/jornaltimoneiro\" \/>\n<meta property=\"article:published_time\" content=\"2026-03-11T12:36:33+00:00\" \/>\n<meta name=\"author\" content=\"Reda\u00e7\u00e3o\" \/>\n<meta name=\"twitter:card\" content=\"summary_large_image\" \/>\n<meta name=\"twitter:image\" content=\"https:\/\/jornaltimoneiro.com.br\/wp-content\/uploads\/2026\/03\/whatsapp-image-2026-03-10-at-22.54.46.avif\" \/>\n<meta name=\"twitter:creator\" content=\"@_OTimoneiro\" \/>\n<meta name=\"twitter:site\" content=\"@_OTimoneiro\" \/>\n<meta name=\"twitter:label1\" content=\"Escrito por\" \/>\n\t<meta name=\"twitter:data1\" content=\"Reda\u00e7\u00e3o\" \/>\n\t<meta name=\"twitter:label2\" content=\"Est. tempo de leitura\" \/>\n\t<meta name=\"twitter:data2\" content=\"2 minutos\" \/>\n<script type=\"application\/ld+json\" class=\"yoast-schema-graph\">{\"@context\":\"https:\/\/schema.org\",\"@graph\":[{\"@type\":\"Article\",\"@id\":\"https:\/\/jornaltimoneiro.com.br\/index.php\/2026\/03\/11\/mulher-morta-a-facadas-montenegro-companheiro-preso\/#article\",\"isPartOf\":{\"@id\":\"https:\/\/jornaltimoneiro.com.br\/index.php\/2026\/03\/11\/mulher-morta-a-facadas-montenegro-companheiro-preso\/\"},\"author\":{\"name\":\"Reda\u00e7\u00e3o\",\"@id\":\"https:\/\/jornaltimoneiro.com.br\/#\/schema\/person\/f63482f1a02b1a9592707865e509ab40\"},\"headline\":\"Rio Grande do Sul registra mais um caso de feminic\u00eddio ap\u00f3s mulher ser morta a facadas em Montenegro\",\"datePublished\":\"2026-03-11T12:36:33+00:00\",\"dateModified\":\"2026-03-11T12:36:33+00:00\",\"mainEntityOfPage\":{\"@id\":\"https:\/\/jornaltimoneiro.com.br\/index.php\/2026\/03\/11\/mulher-morta-a-facadas-montenegro-companheiro-preso\/\"},\"wordCount\":291,\"commentCount\":0,\"publisher\":{\"@id\":\"https:\/\/jornaltimoneiro.com.br\/#organization\"},\"keywords\":[\"canoas\",\"featured\",\"feminic\u00eddio\",\"Montenegro\",\"pol\u00edcia civil rs\",\"viol\u00eancia contra a mulher\"],\"articleSection\":[\"Feminic\u00eddio\"],\"inLanguage\":\"pt-BR\",\"potentialAction\":[{\"@type\":\"CommentAction\",\"name\":\"Comment\",\"target\":[\"https:\/\/jornaltimoneiro.com.br\/index.php\/2026\/03\/11\/mulher-morta-a-facadas-montenegro-companheiro-preso\/#respond\"]}]},{\"@type\":\"WebPage\",\"@id\":\"https:\/\/jornaltimoneiro.com.br\/index.php\/2026\/03\/11\/mulher-morta-a-facadas-montenegro-companheiro-preso\/\",\"url\":\"https:\/\/jornaltimoneiro.com.br\/index.php\/2026\/03\/11\/mulher-morta-a-facadas-montenegro-companheiro-preso\/\",\"name\":\"Rio Grande do Sul registra mais um caso de feminic\u00eddio ap\u00f3s mulher ser morta a facadas em Montenegro - O Timoneiro Jornal Canoas RS\",\"isPartOf\":{\"@id\":\"https:\/\/jornaltimoneiro.com.br\/#website\"},\"datePublished\":\"2026-03-11T12:36:33+00:00\",\"dateModified\":\"2026-03-11T12:36:33+00:00\",\"description\":\"Mulher de 34 anos \u00e9 encontrada morta a facadas em Montenegro (RS). Companheiro, suspeito de feminic\u00eddio, foi localizado e preso pela Brigada Militar ap\u00f3s fugir do local do crime.\",\"breadcrumb\":{\"@id\":\"https:\/\/jornaltimoneiro.com.br\/index.php\/2026\/03\/11\/mulher-morta-a-facadas-montenegro-companheiro-preso\/#breadcrumb\"},\"inLanguage\":\"pt-BR\",\"potentialAction\":[{\"@type\":\"ReadAction\",\"target\":[\"https:\/\/jornaltimoneiro.com.br\/index.php\/2026\/03\/11\/mulher-morta-a-facadas-montenegro-companheiro-preso\/\"]}]},{\"@type\":\"BreadcrumbList\",\"@id\":\"https:\/\/jornaltimoneiro.com.br\/index.php\/2026\/03\/11\/mulher-morta-a-facadas-montenegro-companheiro-preso\/#breadcrumb\",\"itemListElement\":[{\"@type\":\"ListItem\",\"position\":1,\"name\":\"In\u00edcio\",\"item\":\"https:\/\/jornaltimoneiro.com.br\/\"},{\"@type\":\"ListItem\",\"position\":2,\"name\":\"Rio Grande do Sul registra mais um caso de feminic\u00eddio ap\u00f3s mulher ser morta a facadas em Montenegro\"}]},{\"@type\":\"WebSite\",\"@id\":\"https:\/\/jornaltimoneiro.com.br\/#website\",\"url\":\"https:\/\/jornaltimoneiro.com.br\/\",\"name\":\"Jornal Timoneiro Canoas RS\",\"description\":\"Jornal O Timoneiro, o verdadeiro jornal de Canoas\",\"publisher\":{\"@id\":\"https:\/\/jornaltimoneiro.com.br\/#organization\"},\"potentialAction\":[{\"@type\":\"SearchAction\",\"target\":{\"@type\":\"EntryPoint\",\"urlTemplate\":\"https:\/\/jornaltimoneiro.com.br\/?s={search_term_string}\"},\"query-input\":\"required name=search_term_string\"}],\"inLanguage\":\"pt-BR\"},{\"@type\":\"Organization\",\"@id\":\"https:\/\/jornaltimoneiro.com.br\/#organization\",\"name\":\"Jornal Timoneiro Canoas RS\",\"url\":\"https:\/\/jornaltimoneiro.com.br\/\",\"logo\":{\"@type\":\"ImageObject\",\"inLanguage\":\"pt-BR\",\"@id\":\"https:\/\/jornaltimoneiro.com.br\/#\/schema\/logo\/image\/\",\"url\":\"https:\/\/jornaltimoneiro.com.br\/wp-content\/uploads\/2023\/03\/logonovo.png\",\"contentUrl\":\"https:\/\/jornaltimoneiro.com.br\/wp-content\/uploads\/2023\/03\/logonovo.png\",\"width\":\"469\",\"height\":\"171\",\"caption\":\"Jornal Timoneiro Canoas RS\"},\"image\":{\"@id\":\"https:\/\/jornaltimoneiro.com.br\/#\/schema\/logo\/image\/\"},\"sameAs\":[\"https:\/\/www.facebook.com\/jornaltimoneiro\",\"https:\/\/twitter.com\/_OTimoneiro\",\"https:\/\/www.instagram.com\/jornaltimoneirocanoas\/\",\"https:\/\/www.youtube.com\/@jornalotimoneiro7927\"]},{\"@type\":\"Person\",\"@id\":\"https:\/\/jornaltimoneiro.com.br\/#\/schema\/person\/f63482f1a02b1a9592707865e509ab40\",\"name\":\"Reda\u00e7\u00e3o\",\"image\":{\"@type\":\"ImageObject\",\"inLanguage\":\"pt-BR\",\"@id\":\"https:\/\/jornaltimoneiro.com.br\/#\/schema\/person\/image\/\",\"url\":\"https:\/\/jornaltimoneiro.com.br\/wp-content\/uploads\/2023\/03\/download.jpeg\",\"contentUrl\":\"https:\/\/jornaltimoneiro.com.br\/wp-content\/uploads\/2023\/03\/download.jpeg\",\"caption\":\"Reda\u00e7\u00e3o\"},\"url\":\"https:\/\/jornaltimoneiro.com.br\/index.php\/author\/simone-dutra\/\"}]}<\/script>\n<!-- \/ Yoast SEO plugin. -->","yoast_head_json":{"title":"Rio Grande do Sul registra mais um caso de feminic\u00eddio ap\u00f3s mulher ser morta a facadas em Montenegro - O Timoneiro Jornal Canoas RS","description":"Mulher de 34 anos \u00e9 encontrada morta a facadas em Montenegro (RS). Companheiro, suspeito de feminic\u00eddio, foi localizado e preso pela Brigada Militar ap\u00f3s fugir do local do crime.","robots":{"index":"index","follow":"follow","max-snippet":"max-snippet:-1","max-image-preview":"max-image-preview:large","max-video-preview":"max-video-preview:-1"},"canonical":"https:\/\/jornaltimoneiro.com.br\/index.php\/2026\/03\/11\/mulher-morta-a-facadas-montenegro-companheiro-preso\/","og_locale":"pt_BR","og_type":"article","og_title":"Rio Grande do Sul registra mais um caso de feminic\u00eddio ap\u00f3s mulher ser morta a facadas em Montenegro - O Timoneiro Jornal Canoas RS","og_description":"Mulher de 34 anos \u00e9 encontrada morta a facadas em Montenegro (RS). Companheiro, suspeito de feminic\u00eddio, foi localizado e preso pela Brigada Militar ap\u00f3s fugir do local do crime.","og_url":"https:\/\/jornaltimoneiro.com.br\/index.php\/2026\/03\/11\/mulher-morta-a-facadas-montenegro-companheiro-preso\/","og_site_name":"O Timoneiro Jornal Canoas RS","article_publisher":"https:\/\/www.facebook.com\/jornaltimoneiro","article_published_time":"2026-03-11T12:36:33+00:00","author":"Reda\u00e7\u00e3o","twitter_card":"summary_large_image","twitter_image":"https:\/\/jornaltimoneiro.com.br\/wp-content\/uploads\/2026\/03\/whatsapp-image-2026-03-10-at-22.54.46.avif","twitter_creator":"@_OTimoneiro","twitter_site":"@_OTimoneiro","twitter_misc":{"Escrito por":"Reda\u00e7\u00e3o","Est. tempo de leitura":"2 minutos"},"schema":{"@context":"https:\/\/schema.org","@graph":[{"@type":"Article","@id":"https:\/\/jornaltimoneiro.com.br\/index.php\/2026\/03\/11\/mulher-morta-a-facadas-montenegro-companheiro-preso\/#article","isPartOf":{"@id":"https:\/\/jornaltimoneiro.com.br\/index.php\/2026\/03\/11\/mulher-morta-a-facadas-montenegro-companheiro-preso\/"},"author":{"name":"Reda\u00e7\u00e3o","@id":"https:\/\/jornaltimoneiro.com.br\/#\/schema\/person\/f63482f1a02b1a9592707865e509ab40"},"headline":"Rio Grande do Sul registra mais um caso de feminic\u00eddio ap\u00f3s mulher ser morta a facadas em Montenegro","datePublished":"2026-03-11T12:36:33+00:00","dateModified":"2026-03-11T12:36:33+00:00","mainEntityOfPage":{"@id":"https:\/\/jornaltimoneiro.com.br\/index.php\/2026\/03\/11\/mulher-morta-a-facadas-montenegro-companheiro-preso\/"},"wordCount":291,"commentCount":0,"publisher":{"@id":"https:\/\/jornaltimoneiro.com.br\/#organization"},"keywords":["canoas","featured","feminic\u00eddio","Montenegro","pol\u00edcia civil rs","viol\u00eancia contra a mulher"],"articleSection":["Feminic\u00eddio"],"inLanguage":"pt-BR","potentialAction":[{"@type":"CommentAction","name":"Comment","target":["https:\/\/jornaltimoneiro.com.br\/index.php\/2026\/03\/11\/mulher-morta-a-facadas-montenegro-companheiro-preso\/#respond"]}]},{"@type":"WebPage","@id":"https:\/\/jornaltimoneiro.com.br\/index.php\/2026\/03\/11\/mulher-morta-a-facadas-montenegro-companheiro-preso\/","url":"https:\/\/jornaltimoneiro.com.br\/index.php\/2026\/03\/11\/mulher-morta-a-facadas-montenegro-companheiro-preso\/","name":"Rio Grande do Sul registra mais um caso de feminic\u00eddio ap\u00f3s mulher ser morta a facadas em Montenegro - O Timoneiro Jornal Canoas RS","isPartOf":{"@id":"https:\/\/jornaltimoneiro.com.br\/#website"},"datePublished":"2026-03-11T12:36:33+00:00","dateModified":"2026-03-11T12:36:33+00:00","description":"Mulher de 34 anos \u00e9 encontrada morta a facadas em Montenegro (RS). Companheiro, suspeito de feminic\u00eddio, foi localizado e preso pela Brigada Militar ap\u00f3s fugir do local do crime.","breadcrumb":{"@id":"https:\/\/jornaltimoneiro.com.br\/index.php\/2026\/03\/11\/mulher-morta-a-facadas-montenegro-companheiro-preso\/#breadcrumb"},"inLanguage":"pt-BR","potentialAction":[{"@type":"ReadAction","target":["https:\/\/jornaltimoneiro.com.br\/index.php\/2026\/03\/11\/mulher-morta-a-facadas-montenegro-companheiro-preso\/"]}]},{"@type":"BreadcrumbList","@id":"https:\/\/jornaltimoneiro.com.br\/index.php\/2026\/03\/11\/mulher-morta-a-facadas-montenegro-companheiro-preso\/#breadcrumb","itemListElement":[{"@type":"ListItem","position":1,"name":"In\u00edcio","item":"https:\/\/jornaltimoneiro.com.br\/"},{"@type":"ListItem","position":2,"name":"Rio Grande do Sul registra mais um caso de feminic\u00eddio ap\u00f3s mulher ser morta a facadas em Montenegro"}]},{"@type":"WebSite","@id":"https:\/\/jornaltimoneiro.com.br\/#website","url":"https:\/\/jornaltimoneiro.com.br\/","name":"Jornal Timoneiro Canoas RS","description":"Jornal O Timoneiro, o verdadeiro jornal de Canoas","publisher":{"@id":"https:\/\/jornaltimoneiro.com.br\/#organization"},"potentialAction":[{"@type":"SearchAction","target":{"@type":"EntryPoint","urlTemplate":"https:\/\/jornaltimoneiro.com.br\/?s={search_term_string}"},"query-input":"required name=search_term_string"}],"inLanguage":"pt-BR"},{"@type":"Organization","@id":"https:\/\/jornaltimoneiro.com.br\/#organization","name":"Jornal Timoneiro Canoas RS","url":"https:\/\/jornaltimoneiro.com.br\/","logo":{"@type":"ImageObject","inLanguage":"pt-BR","@id":"https:\/\/jornaltimoneiro.com.br\/#\/schema\/logo\/image\/","url":"https:\/\/jornaltimoneiro.com.br\/wp-content\/uploads\/2023\/03\/logonovo.png","contentUrl":"https:\/\/jornaltimoneiro.com.br\/wp-content\/uploads\/2023\/03\/logonovo.png","width":"469","height":"171","caption":"Jornal Timoneiro Canoas RS"},"image":{"@id":"https:\/\/jornaltimoneiro.com.br\/#\/schema\/logo\/image\/"},"sameAs":["https:\/\/www.facebook.com\/jornaltimoneiro","https:\/\/twitter.com\/_OTimoneiro","https:\/\/www.instagram.com\/jornaltimoneirocanoas\/","https:\/\/www.youtube.com\/@jornalotimoneiro7927"]},{"@type":"Person","@id":"https:\/\/jornaltimoneiro.com.br\/#\/schema\/person\/f63482f1a02b1a9592707865e509ab40","name":"Reda\u00e7\u00e3o","image":{"@type":"ImageObject","inLanguage":"pt-BR","@id":"https:\/\/jornaltimoneiro.com.br\/#\/schema\/person\/image\/","url":"https:\/\/jornaltimoneiro.com.br\/wp-content\/uploads\/2023\/03\/download.jpeg","contentUrl":"https:\/\/jornaltimoneiro.com.br\/wp-content\/uploads\/2023\/03\/download.jpeg","caption":"Reda\u00e7\u00e3o"},"url":"https:\/\/jornaltimoneiro.com.br\/index.php\/author\/simone-dutra\/"}]}},"_links":{"self":[{"href":"https:\/\/jornaltimoneiro.com.br\/index.php\/wp-json\/wp\/v2\/posts\/39464"}],"collection":[{"href":"https:\/\/jornaltimoneiro.com.br\/index.php\/wp-json\/wp\/v2\/posts"}],"about":[{"href":"https:\/\/jornaltimoneiro.com.br\/index.php\/wp-json\/wp\/v2\/types\/post"}],"author":[{"embeddable":true,"href":"https:\/\/jornaltimoneiro.com.br\/index.php\/wp-json\/wp\/v2\/users\/2"}],"replies":[{"embeddable":true,"href":"https:\/\/jornaltimoneiro.com.br\/index.php\/wp-json\/wp\/v2\/comments?post=39464"}],"version-history":[{"count":1,"href":"https:\/\/jornaltimoneiro.com.br\/index.php\/wp-json\/wp\/v2\/posts\/39464\/revisions"}],"predecessor-version":[{"id":39466,"href":"https:\/\/jornaltimoneiro.com.br\/index.php\/wp-json\/wp\/v2\/posts\/39464\/revisions\/39466"}],"wp:featuredmedia":[{"embeddable":true,"href":"https:\/\/jornaltimoneiro.com.br\/index.php\/wp-json\/wp\/v2\/media\/39465"}],"wp:attachment":[{"href":"https:\/\/jornaltimoneiro.com.br\/index.php\/wp-json\/wp\/v2\/media?parent=39464"}],"wp:term":[{"taxonomy":"category","embeddable":true,"href":"https:\/\/jornaltimoneiro.com.br\/index.php\/wp-json\/wp\/v2\/categories?post=39464"},{"taxonomy":"post_tag","embeddable":true,"href":"https:\/\/jornaltimoneiro.com.br\/index.php\/wp-json\/wp\/v2\/tags?post=39464"}],"curies":[{"name":"wp","href":"https:\/\/api.w.org\/{rel}","templated":true}]}}