{"id":39458,"date":"2026-03-10T12:41:08","date_gmt":"2026-03-10T15:41:08","guid":{"rendered":"https:\/\/jornaltimoneiro.com.br\/?p=39458"},"modified":"2026-03-10T12:41:08","modified_gmt":"2026-03-10T15:41:08","slug":"forum-debate-enfrentamento-violencia-contra-mulher-canoas","status":"publish","type":"post","link":"https:\/\/jornaltimoneiro.com.br\/index.php\/2026\/03\/10\/forum-debate-enfrentamento-violencia-contra-mulher-canoas\/","title":{"rendered":"F\u00f3rum em Canoas re\u00fane especialistas para discutir enfrentamento \u00e0 viol\u00eancia contra a mulher"},"content":{"rendered":"<p data-start=\"85\" data-end=\"390\">O enfrentamento \u00e0 viol\u00eancia contra a mulher foi tema de debate na tarde da \u00faltima quinta-feira, 5, durante o F\u00f3rum de Enfrentamento \u00e0 Viol\u00eancia Contra a Mulher, realizado no Teatro do Sesc, em Canoas. A atividade integrou a programa\u00e7\u00e3o relacionada ao Dia Internacional da Mulher, celebrado em 8 de mar\u00e7o.<\/p>\n<p data-start=\"392\" data-end=\"704\">O encontro reuniu especialistas, representantes do poder p\u00fablico, profissionais da rede de prote\u00e7\u00e3o e integrantes da comunidade para discutir estrat\u00e9gias de preven\u00e7\u00e3o e combate \u00e0 viol\u00eancia dom\u00e9stica e ao feminic\u00eddio, al\u00e9m de refor\u00e7ar a articula\u00e7\u00e3o entre os servi\u00e7os que atendem mulheres em situa\u00e7\u00e3o de viol\u00eancia.<\/p>\n<p data-start=\"706\" data-end=\"1256\">A programa\u00e7\u00e3o contou com apresenta\u00e7\u00e3o cultural, seguida da abertura oficial e de um painel tem\u00e1tico com autoridades e profissionais que atuam na \u00e1rea. Entre as participantes estiveram a vice-presidente cultural da AJURIS e titular do 1\u00ba Juizado de Viol\u00eancia Dom\u00e9stica e Familiar Contra a Mulher de Porto Alegre, Madg\u00e9li Frantz Machado; a advogada e criadora do Programa Por Mim, Gisele Uequed; a ju\u00edza titular do Juizado da Viol\u00eancia Dom\u00e9stica de Canoas, Andr\u00e9a Pinto Goedert; e a soldado Suzamara Muller Lages, integrante da Patrulha Maria da Penha.<\/p>\n<p data-start=\"1258\" data-end=\"1697\">Durante o evento, o prefeito de Canoas, Airton Souza, afirmou que o enfrentamento \u00e0 viol\u00eancia contra a mulher deve ser tratado como prioridade.<\/p>\n<blockquote>\n<p data-start=\"1258\" data-end=\"1697\">\u201cN\u00e3o podemos aceitar que tantas mulheres ainda vivam com medo dentro das pr\u00f3prias casas. Nosso compromisso \u00e9 fortalecer a rede de prote\u00e7\u00e3o, ampliar o acesso \u00e0 informa\u00e7\u00e3o e garantir que cada mulher saiba que n\u00e3o est\u00e1 sozinha e que a cidade tem servi\u00e7os preparados para acolher e proteger\u201d, disse.<\/p>\n<\/blockquote>\n<p data-start=\"1699\" data-end=\"2295\">A secret\u00e1ria da Mulher, Cidadania e Inclus\u00e3o, Maria Beatris Conter Arruda, destacou o objetivo do encontro e a parceria com a \u00e1rea da educa\u00e7\u00e3o.<\/p>\n<blockquote>\n<p data-start=\"1699\" data-end=\"2295\">\u201cHoje \u00e9 um dia muito especial para n\u00f3s. Estamos fazendo o primeiro F\u00f3rum de Enfrentamento \u00e0 Viol\u00eancia. N\u00f3s estamos fazendo um f\u00f3rum diferente, que \u00e9 um enfrentamento \u00e0 viol\u00eancia com um olhar atrav\u00e9s da educa\u00e7\u00e3o. Estamos fazendo uma parceria da Secretaria da Mulher com a Secretaria da Educa\u00e7\u00e3o, porque entendemos que o \u00edndice de feminic\u00eddios \u00e9 enorme, aumentando todos os dias. J\u00e1 tivemos, em dois meses, 20 feminic\u00eddios no Rio Grande do Sul\u201d, afirmou.<\/p>\n<\/blockquote>\n<p data-start=\"2297\" data-end=\"2829\">A advogada Gisele Uequed ressaltou a import\u00e2ncia da autonomia financeira para mulheres em situa\u00e7\u00e3o de viol\u00eancia.<\/p>\n<blockquote>\n<p data-start=\"2297\" data-end=\"2829\">\u201cO programa Por Mim foi inclu\u00eddo na cidade de Canoas em 2019 e se tornou um modelo para o Rio Grande do Sul. A partir da constata\u00e7\u00e3o de que a falta de autonomia financeira \u00e9 um dos fatores que impedem muitas mulheres de romper o ciclo de viol\u00eancia, unimos o setor privado, o setor p\u00fablico e o poder Judici\u00e1rio para criar oportunidades de reorganiza\u00e7\u00e3o da vida financeira e de inser\u00e7\u00e3o no mercado de trabalho\u201d, explicou.<\/p>\n<\/blockquote>\n<p data-start=\"2831\" data-end=\"3335\">A delegada e diretora do Departamento de Articula\u00e7\u00e3o, Cuidado Integral e Promo\u00e7\u00e3o \u00e0 Autonomia Econ\u00f4mica da Secretaria Estadual da Mulher, M\u00e1rcia Scherer, mencionou o papel da legisla\u00e7\u00e3o no combate \u00e0 viol\u00eancia.<\/p>\n<blockquote>\n<p data-start=\"2831\" data-end=\"3335\">\u201cAtualmente temos um instrumento legal muito forte que \u00e9 a Lei Maria da Penha. Antes dela, os recursos legais eram extremamente limitados. Hoje, quando a mulher se sente amea\u00e7ada e registra ocorr\u00eancia, j\u00e1 pode solicitar uma s\u00e9rie de medidas cautelares que garantem prote\u00e7\u00e3o imediata\u201d, destacou.<\/p>\n<\/blockquote>\n<p data-start=\"3337\" data-end=\"3808\" data-is-last-node=\"\" data-is-only-node=\"\">O gestor do programa Tempo de Cuidar, da Secretaria Municipal de Educa\u00e7\u00e3o, Cleber Melo da Silva, tamb\u00e9m destacou a import\u00e2ncia da educa\u00e7\u00e3o na preven\u00e7\u00e3o da viol\u00eancia.<\/p>\n<blockquote>\n<p data-start=\"3337\" data-end=\"3808\" data-is-last-node=\"\" data-is-only-node=\"\">\u201cPara al\u00e9m das pol\u00edticas p\u00fablicas de seguran\u00e7a e prote\u00e7\u00e3o, precisamos construir uma nova cultura, uma cultura de paz, de respeito \u00e0 dignidade das mulheres. Isso passa pela educa\u00e7\u00e3o, pela forma\u00e7\u00e3o das novas gera\u00e7\u00f5es e pela cria\u00e7\u00e3o de ambientes de acolhimento, escuta e empatia nas nossas escolas\u201d, afirmou.<\/p>\n<\/blockquote>\n","protected":false},"excerpt":{"rendered":"<p>O enfrentamento \u00e0 viol\u00eancia contra a mulher foi tema de debate na tarde da \u00faltima quinta-feira, 5, durante o F\u00f3rum de Enfrentamento \u00e0 Viol\u00eancia Contra a Mulher, realizado no Teatro do Sesc, em Canoas. A atividade integrou a programa\u00e7\u00e3o relacionada ao Dia Internacional da Mulher, celebrado em 8 de mar\u00e7o. O encontro reuniu especialistas, representantes [&hellip;]<\/p>\n","protected":false},"author":2,"featured_media":39459,"comment_status":"open","ping_status":"open","sticky":false,"template":"","format":"standard","meta":{"amp_status":"","footnotes":""},"categories":[23],"tags":[31,190,3588,1690],"class_list":["post-39458","post","type-post","status-publish","format-standard","has-post-thumbnail","hentry","category-geral","tag-canoas","tag-featured","tag-feminicidio","tag-violencia-contra-a-mulher"],"yoast_head":"<!-- This site is optimized with the Yoast SEO plugin v20.5 - https:\/\/yoast.com\/wordpress\/plugins\/seo\/ -->\n<title>F\u00f3rum em Canoas re\u00fane especialistas para discutir enfrentamento \u00e0 viol\u00eancia contra a mulher - O Timoneiro Jornal Canoas RS<\/title>\n<meta name=\"description\" content=\"F\u00f3rum em Canoas re\u00fane especialistas, autoridades e comunidade para debater a\u00e7\u00f5es de preven\u00e7\u00e3o e enfrentamento \u00e0 viol\u00eancia contra a mulher.\" \/>\n<meta name=\"robots\" content=\"index, follow, max-snippet:-1, max-image-preview:large, max-video-preview:-1\" \/>\n<link rel=\"canonical\" href=\"https:\/\/jornaltimoneiro.com.br\/index.php\/2026\/03\/10\/forum-debate-enfrentamento-violencia-contra-mulher-canoas\/\" \/>\n<meta property=\"og:locale\" content=\"pt_BR\" \/>\n<meta property=\"og:type\" content=\"article\" \/>\n<meta property=\"og:title\" content=\"F\u00f3rum em Canoas re\u00fane especialistas para discutir enfrentamento \u00e0 viol\u00eancia contra a mulher - O Timoneiro Jornal Canoas RS\" \/>\n<meta property=\"og:description\" content=\"F\u00f3rum em Canoas re\u00fane especialistas, autoridades e comunidade para debater a\u00e7\u00f5es de preven\u00e7\u00e3o e enfrentamento \u00e0 viol\u00eancia contra a mulher.\" \/>\n<meta property=\"og:url\" content=\"https:\/\/jornaltimoneiro.com.br\/index.php\/2026\/03\/10\/forum-debate-enfrentamento-violencia-contra-mulher-canoas\/\" \/>\n<meta property=\"og:site_name\" content=\"O Timoneiro Jornal Canoas RS\" \/>\n<meta property=\"article:publisher\" content=\"https:\/\/www.facebook.com\/jornaltimoneiro\" \/>\n<meta property=\"article:published_time\" content=\"2026-03-10T15:41:08+00:00\" \/>\n<meta property=\"og:image\" content=\"https:\/\/jornaltimoneiro.com.br\/wp-content\/uploads\/2026\/03\/RED-05-03-26-FORUM-DE-ENFRENTAMENTO-A-VIOLENCIA-CONTRA-MULHER-BRUNO-OURIQUE-31.jpg\" \/>\n\t<meta property=\"og:image:width\" content=\"2048\" \/>\n\t<meta property=\"og:image:height\" content=\"1365\" \/>\n\t<meta property=\"og:image:type\" content=\"image\/jpeg\" \/>\n<meta name=\"author\" content=\"Reda\u00e7\u00e3o\" \/>\n<meta name=\"twitter:card\" content=\"summary_large_image\" \/>\n<meta name=\"twitter:creator\" content=\"@_OTimoneiro\" \/>\n<meta name=\"twitter:site\" content=\"@_OTimoneiro\" \/>\n<meta name=\"twitter:label1\" content=\"Escrito por\" \/>\n\t<meta name=\"twitter:data1\" content=\"Reda\u00e7\u00e3o\" \/>\n\t<meta name=\"twitter:label2\" content=\"Est. tempo de leitura\" \/>\n\t<meta name=\"twitter:data2\" content=\"4 minutos\" \/>\n<script type=\"application\/ld+json\" class=\"yoast-schema-graph\">{\"@context\":\"https:\/\/schema.org\",\"@graph\":[{\"@type\":\"Article\",\"@id\":\"https:\/\/jornaltimoneiro.com.br\/index.php\/2026\/03\/10\/forum-debate-enfrentamento-violencia-contra-mulher-canoas\/#article\",\"isPartOf\":{\"@id\":\"https:\/\/jornaltimoneiro.com.br\/index.php\/2026\/03\/10\/forum-debate-enfrentamento-violencia-contra-mulher-canoas\/\"},\"author\":{\"name\":\"Reda\u00e7\u00e3o\",\"@id\":\"https:\/\/jornaltimoneiro.com.br\/#\/schema\/person\/f63482f1a02b1a9592707865e509ab40\"},\"headline\":\"F\u00f3rum em Canoas re\u00fane especialistas para discutir enfrentamento \u00e0 viol\u00eancia contra a mulher\",\"datePublished\":\"2026-03-10T15:41:08+00:00\",\"dateModified\":\"2026-03-10T15:41:08+00:00\",\"mainEntityOfPage\":{\"@id\":\"https:\/\/jornaltimoneiro.com.br\/index.php\/2026\/03\/10\/forum-debate-enfrentamento-violencia-contra-mulher-canoas\/\"},\"wordCount\":669,\"commentCount\":0,\"publisher\":{\"@id\":\"https:\/\/jornaltimoneiro.com.br\/#organization\"},\"keywords\":[\"canoas\",\"featured\",\"feminic\u00eddio\",\"viol\u00eancia contra a mulher\"],\"articleSection\":[\"Geral\"],\"inLanguage\":\"pt-BR\",\"potentialAction\":[{\"@type\":\"CommentAction\",\"name\":\"Comment\",\"target\":[\"https:\/\/jornaltimoneiro.com.br\/index.php\/2026\/03\/10\/forum-debate-enfrentamento-violencia-contra-mulher-canoas\/#respond\"]}]},{\"@type\":\"WebPage\",\"@id\":\"https:\/\/jornaltimoneiro.com.br\/index.php\/2026\/03\/10\/forum-debate-enfrentamento-violencia-contra-mulher-canoas\/\",\"url\":\"https:\/\/jornaltimoneiro.com.br\/index.php\/2026\/03\/10\/forum-debate-enfrentamento-violencia-contra-mulher-canoas\/\",\"name\":\"F\u00f3rum em Canoas re\u00fane especialistas para discutir enfrentamento \u00e0 viol\u00eancia contra a mulher - O Timoneiro Jornal Canoas RS\",\"isPartOf\":{\"@id\":\"https:\/\/jornaltimoneiro.com.br\/#website\"},\"datePublished\":\"2026-03-10T15:41:08+00:00\",\"dateModified\":\"2026-03-10T15:41:08+00:00\",\"description\":\"F\u00f3rum em Canoas re\u00fane especialistas, autoridades e comunidade para debater a\u00e7\u00f5es de preven\u00e7\u00e3o e enfrentamento \u00e0 viol\u00eancia contra a mulher.\",\"breadcrumb\":{\"@id\":\"https:\/\/jornaltimoneiro.com.br\/index.php\/2026\/03\/10\/forum-debate-enfrentamento-violencia-contra-mulher-canoas\/#breadcrumb\"},\"inLanguage\":\"pt-BR\",\"potentialAction\":[{\"@type\":\"ReadAction\",\"target\":[\"https:\/\/jornaltimoneiro.com.br\/index.php\/2026\/03\/10\/forum-debate-enfrentamento-violencia-contra-mulher-canoas\/\"]}]},{\"@type\":\"BreadcrumbList\",\"@id\":\"https:\/\/jornaltimoneiro.com.br\/index.php\/2026\/03\/10\/forum-debate-enfrentamento-violencia-contra-mulher-canoas\/#breadcrumb\",\"itemListElement\":[{\"@type\":\"ListItem\",\"position\":1,\"name\":\"In\u00edcio\",\"item\":\"https:\/\/jornaltimoneiro.com.br\/\"},{\"@type\":\"ListItem\",\"position\":2,\"name\":\"F\u00f3rum em Canoas re\u00fane especialistas para discutir enfrentamento \u00e0 viol\u00eancia contra a mulher\"}]},{\"@type\":\"WebSite\",\"@id\":\"https:\/\/jornaltimoneiro.com.br\/#website\",\"url\":\"https:\/\/jornaltimoneiro.com.br\/\",\"name\":\"Jornal Timoneiro Canoas RS\",\"description\":\"Jornal O Timoneiro, o verdadeiro jornal de Canoas\",\"publisher\":{\"@id\":\"https:\/\/jornaltimoneiro.com.br\/#organization\"},\"potentialAction\":[{\"@type\":\"SearchAction\",\"target\":{\"@type\":\"EntryPoint\",\"urlTemplate\":\"https:\/\/jornaltimoneiro.com.br\/?s={search_term_string}\"},\"query-input\":\"required name=search_term_string\"}],\"inLanguage\":\"pt-BR\"},{\"@type\":\"Organization\",\"@id\":\"https:\/\/jornaltimoneiro.com.br\/#organization\",\"name\":\"Jornal Timoneiro Canoas RS\",\"url\":\"https:\/\/jornaltimoneiro.com.br\/\",\"logo\":{\"@type\":\"ImageObject\",\"inLanguage\":\"pt-BR\",\"@id\":\"https:\/\/jornaltimoneiro.com.br\/#\/schema\/logo\/image\/\",\"url\":\"https:\/\/jornaltimoneiro.com.br\/wp-content\/uploads\/2023\/03\/logonovo.png\",\"contentUrl\":\"https:\/\/jornaltimoneiro.com.br\/wp-content\/uploads\/2023\/03\/logonovo.png\",\"width\":\"469\",\"height\":\"171\",\"caption\":\"Jornal Timoneiro Canoas RS\"},\"image\":{\"@id\":\"https:\/\/jornaltimoneiro.com.br\/#\/schema\/logo\/image\/\"},\"sameAs\":[\"https:\/\/www.facebook.com\/jornaltimoneiro\",\"https:\/\/twitter.com\/_OTimoneiro\",\"https:\/\/www.instagram.com\/jornaltimoneirocanoas\/\",\"https:\/\/www.youtube.com\/@jornalotimoneiro7927\"]},{\"@type\":\"Person\",\"@id\":\"https:\/\/jornaltimoneiro.com.br\/#\/schema\/person\/f63482f1a02b1a9592707865e509ab40\",\"name\":\"Reda\u00e7\u00e3o\",\"image\":{\"@type\":\"ImageObject\",\"inLanguage\":\"pt-BR\",\"@id\":\"https:\/\/jornaltimoneiro.com.br\/#\/schema\/person\/image\/\",\"url\":\"https:\/\/jornaltimoneiro.com.br\/wp-content\/uploads\/2023\/03\/download.jpeg\",\"contentUrl\":\"https:\/\/jornaltimoneiro.com.br\/wp-content\/uploads\/2023\/03\/download.jpeg\",\"caption\":\"Reda\u00e7\u00e3o\"},\"url\":\"https:\/\/jornaltimoneiro.com.br\/index.php\/author\/simone-dutra\/\"}]}<\/script>\n<!-- \/ Yoast SEO plugin. -->","yoast_head_json":{"title":"F\u00f3rum em Canoas re\u00fane especialistas para discutir enfrentamento \u00e0 viol\u00eancia contra a mulher - O Timoneiro Jornal Canoas RS","description":"F\u00f3rum em Canoas re\u00fane especialistas, autoridades e comunidade para debater a\u00e7\u00f5es de preven\u00e7\u00e3o e enfrentamento \u00e0 viol\u00eancia contra a mulher.","robots":{"index":"index","follow":"follow","max-snippet":"max-snippet:-1","max-image-preview":"max-image-preview:large","max-video-preview":"max-video-preview:-1"},"canonical":"https:\/\/jornaltimoneiro.com.br\/index.php\/2026\/03\/10\/forum-debate-enfrentamento-violencia-contra-mulher-canoas\/","og_locale":"pt_BR","og_type":"article","og_title":"F\u00f3rum em Canoas re\u00fane especialistas para discutir enfrentamento \u00e0 viol\u00eancia contra a mulher - O Timoneiro Jornal Canoas RS","og_description":"F\u00f3rum em Canoas re\u00fane especialistas, autoridades e comunidade para debater a\u00e7\u00f5es de preven\u00e7\u00e3o e enfrentamento \u00e0 viol\u00eancia contra a mulher.","og_url":"https:\/\/jornaltimoneiro.com.br\/index.php\/2026\/03\/10\/forum-debate-enfrentamento-violencia-contra-mulher-canoas\/","og_site_name":"O Timoneiro Jornal Canoas RS","article_publisher":"https:\/\/www.facebook.com\/jornaltimoneiro","article_published_time":"2026-03-10T15:41:08+00:00","og_image":[{"width":"2048","height":"1365","url":"https:\/\/jornaltimoneiro.com.br\/wp-content\/uploads\/2026\/03\/RED-05-03-26-FORUM-DE-ENFRENTAMENTO-A-VIOLENCIA-CONTRA-MULHER-BRUNO-OURIQUE-31.jpg","type":"image\/jpeg"}],"author":"Reda\u00e7\u00e3o","twitter_card":"summary_large_image","twitter_creator":"@_OTimoneiro","twitter_site":"@_OTimoneiro","twitter_misc":{"Escrito por":"Reda\u00e7\u00e3o","Est. tempo de leitura":"4 minutos"},"schema":{"@context":"https:\/\/schema.org","@graph":[{"@type":"Article","@id":"https:\/\/jornaltimoneiro.com.br\/index.php\/2026\/03\/10\/forum-debate-enfrentamento-violencia-contra-mulher-canoas\/#article","isPartOf":{"@id":"https:\/\/jornaltimoneiro.com.br\/index.php\/2026\/03\/10\/forum-debate-enfrentamento-violencia-contra-mulher-canoas\/"},"author":{"name":"Reda\u00e7\u00e3o","@id":"https:\/\/jornaltimoneiro.com.br\/#\/schema\/person\/f63482f1a02b1a9592707865e509ab40"},"headline":"F\u00f3rum em Canoas re\u00fane especialistas para discutir enfrentamento \u00e0 viol\u00eancia contra a mulher","datePublished":"2026-03-10T15:41:08+00:00","dateModified":"2026-03-10T15:41:08+00:00","mainEntityOfPage":{"@id":"https:\/\/jornaltimoneiro.com.br\/index.php\/2026\/03\/10\/forum-debate-enfrentamento-violencia-contra-mulher-canoas\/"},"wordCount":669,"commentCount":0,"publisher":{"@id":"https:\/\/jornaltimoneiro.com.br\/#organization"},"keywords":["canoas","featured","feminic\u00eddio","viol\u00eancia contra a mulher"],"articleSection":["Geral"],"inLanguage":"pt-BR","potentialAction":[{"@type":"CommentAction","name":"Comment","target":["https:\/\/jornaltimoneiro.com.br\/index.php\/2026\/03\/10\/forum-debate-enfrentamento-violencia-contra-mulher-canoas\/#respond"]}]},{"@type":"WebPage","@id":"https:\/\/jornaltimoneiro.com.br\/index.php\/2026\/03\/10\/forum-debate-enfrentamento-violencia-contra-mulher-canoas\/","url":"https:\/\/jornaltimoneiro.com.br\/index.php\/2026\/03\/10\/forum-debate-enfrentamento-violencia-contra-mulher-canoas\/","name":"F\u00f3rum em Canoas re\u00fane especialistas para discutir enfrentamento \u00e0 viol\u00eancia contra a mulher - O Timoneiro Jornal Canoas RS","isPartOf":{"@id":"https:\/\/jornaltimoneiro.com.br\/#website"},"datePublished":"2026-03-10T15:41:08+00:00","dateModified":"2026-03-10T15:41:08+00:00","description":"F\u00f3rum em Canoas re\u00fane especialistas, autoridades e comunidade para debater a\u00e7\u00f5es de preven\u00e7\u00e3o e enfrentamento \u00e0 viol\u00eancia contra a mulher.","breadcrumb":{"@id":"https:\/\/jornaltimoneiro.com.br\/index.php\/2026\/03\/10\/forum-debate-enfrentamento-violencia-contra-mulher-canoas\/#breadcrumb"},"inLanguage":"pt-BR","potentialAction":[{"@type":"ReadAction","target":["https:\/\/jornaltimoneiro.com.br\/index.php\/2026\/03\/10\/forum-debate-enfrentamento-violencia-contra-mulher-canoas\/"]}]},{"@type":"BreadcrumbList","@id":"https:\/\/jornaltimoneiro.com.br\/index.php\/2026\/03\/10\/forum-debate-enfrentamento-violencia-contra-mulher-canoas\/#breadcrumb","itemListElement":[{"@type":"ListItem","position":1,"name":"In\u00edcio","item":"https:\/\/jornaltimoneiro.com.br\/"},{"@type":"ListItem","position":2,"name":"F\u00f3rum em Canoas re\u00fane especialistas para discutir enfrentamento \u00e0 viol\u00eancia contra a mulher"}]},{"@type":"WebSite","@id":"https:\/\/jornaltimoneiro.com.br\/#website","url":"https:\/\/jornaltimoneiro.com.br\/","name":"Jornal Timoneiro Canoas RS","description":"Jornal O Timoneiro, o verdadeiro jornal de Canoas","publisher":{"@id":"https:\/\/jornaltimoneiro.com.br\/#organization"},"potentialAction":[{"@type":"SearchAction","target":{"@type":"EntryPoint","urlTemplate":"https:\/\/jornaltimoneiro.com.br\/?s={search_term_string}"},"query-input":"required name=search_term_string"}],"inLanguage":"pt-BR"},{"@type":"Organization","@id":"https:\/\/jornaltimoneiro.com.br\/#organization","name":"Jornal Timoneiro Canoas RS","url":"https:\/\/jornaltimoneiro.com.br\/","logo":{"@type":"ImageObject","inLanguage":"pt-BR","@id":"https:\/\/jornaltimoneiro.com.br\/#\/schema\/logo\/image\/","url":"https:\/\/jornaltimoneiro.com.br\/wp-content\/uploads\/2023\/03\/logonovo.png","contentUrl":"https:\/\/jornaltimoneiro.com.br\/wp-content\/uploads\/2023\/03\/logonovo.png","width":"469","height":"171","caption":"Jornal Timoneiro Canoas RS"},"image":{"@id":"https:\/\/jornaltimoneiro.com.br\/#\/schema\/logo\/image\/"},"sameAs":["https:\/\/www.facebook.com\/jornaltimoneiro","https:\/\/twitter.com\/_OTimoneiro","https:\/\/www.instagram.com\/jornaltimoneirocanoas\/","https:\/\/www.youtube.com\/@jornalotimoneiro7927"]},{"@type":"Person","@id":"https:\/\/jornaltimoneiro.com.br\/#\/schema\/person\/f63482f1a02b1a9592707865e509ab40","name":"Reda\u00e7\u00e3o","image":{"@type":"ImageObject","inLanguage":"pt-BR","@id":"https:\/\/jornaltimoneiro.com.br\/#\/schema\/person\/image\/","url":"https:\/\/jornaltimoneiro.com.br\/wp-content\/uploads\/2023\/03\/download.jpeg","contentUrl":"https:\/\/jornaltimoneiro.com.br\/wp-content\/uploads\/2023\/03\/download.jpeg","caption":"Reda\u00e7\u00e3o"},"url":"https:\/\/jornaltimoneiro.com.br\/index.php\/author\/simone-dutra\/"}]}},"_links":{"self":[{"href":"https:\/\/jornaltimoneiro.com.br\/index.php\/wp-json\/wp\/v2\/posts\/39458"}],"collection":[{"href":"https:\/\/jornaltimoneiro.com.br\/index.php\/wp-json\/wp\/v2\/posts"}],"about":[{"href":"https:\/\/jornaltimoneiro.com.br\/index.php\/wp-json\/wp\/v2\/types\/post"}],"author":[{"embeddable":true,"href":"https:\/\/jornaltimoneiro.com.br\/index.php\/wp-json\/wp\/v2\/users\/2"}],"replies":[{"embeddable":true,"href":"https:\/\/jornaltimoneiro.com.br\/index.php\/wp-json\/wp\/v2\/comments?post=39458"}],"version-history":[{"count":1,"href":"https:\/\/jornaltimoneiro.com.br\/index.php\/wp-json\/wp\/v2\/posts\/39458\/revisions"}],"predecessor-version":[{"id":39460,"href":"https:\/\/jornaltimoneiro.com.br\/index.php\/wp-json\/wp\/v2\/posts\/39458\/revisions\/39460"}],"wp:featuredmedia":[{"embeddable":true,"href":"https:\/\/jornaltimoneiro.com.br\/index.php\/wp-json\/wp\/v2\/media\/39459"}],"wp:attachment":[{"href":"https:\/\/jornaltimoneiro.com.br\/index.php\/wp-json\/wp\/v2\/media?parent=39458"}],"wp:term":[{"taxonomy":"category","embeddable":true,"href":"https:\/\/jornaltimoneiro.com.br\/index.php\/wp-json\/wp\/v2\/categories?post=39458"},{"taxonomy":"post_tag","embeddable":true,"href":"https:\/\/jornaltimoneiro.com.br\/index.php\/wp-json\/wp\/v2\/tags?post=39458"}],"curies":[{"name":"wp","href":"https:\/\/api.w.org\/{rel}","templated":true}]}}