{"id":39447,"date":"2026-03-09T22:42:05","date_gmt":"2026-03-10T01:42:05","guid":{"rendered":"https:\/\/jornaltimoneiro.com.br\/?p=39447"},"modified":"2026-03-09T22:42:05","modified_gmt":"2026-03-10T01:42:05","slug":"canoas-inaugura-loja-solidaria-veste-amor-para-doacoes","status":"publish","type":"post","link":"https:\/\/jornaltimoneiro.com.br\/index.php\/2026\/03\/09\/canoas-inaugura-loja-solidaria-veste-amor-para-doacoes\/","title":{"rendered":"Canoas inaugura loja solid\u00e1ria Veste Amor para doa\u00e7\u00e3o de roupas a fam\u00edlias em situa\u00e7\u00e3o de vulnerabilidade"},"content":{"rendered":"<p data-start=\"109\" data-end=\"337\">A Prefeitura de Canoas inaugura, nesta ter\u00e7a-feira, 10, \u00e0s 10h, a loja solid\u00e1ria Veste Amor. O espa\u00e7o foi criado para ampliar o acesso de fam\u00edlias em situa\u00e7\u00e3o de vulnerabilidade a roupas, cal\u00e7ados e itens b\u00e1sicos de uso di\u00e1rio.<\/p>\n<p data-start=\"339\" data-end=\"522\">O atendimento ser\u00e1 realizado na Rua General Salustiano, n\u00ba 640, no bairro Marechal Rondon. A iniciativa \u00e9 organizada pela Secretaria Municipal de Defesa Civil e Resili\u00eancia Clim\u00e1tica.<\/p>\n<p data-start=\"524\" data-end=\"764\">O espa\u00e7o funcionar\u00e1 \u00e0s ter\u00e7as e quintas-feiras, das 10h \u00e0s 16h. No local, estar\u00e3o dispon\u00edveis pe\u00e7as infantis, masculinas e femininas, al\u00e9m de cal\u00e7ados e itens de cama, mesa e banho destinados \u00e0 doa\u00e7\u00e3o para moradores que necessitam de apoio.<\/p>\n<p data-start=\"766\" data-end=\"981\">A estrutura foi organizada para receber as fam\u00edlias atendidas. O espa\u00e7o conta com provador, banheiros e \u00e1rea kids, permitindo que adultos e crian\u00e7as possam acessar as doa\u00e7\u00f5es com mais conforto durante o atendimento.<\/p>\n<p data-start=\"983\" data-end=\"1380\" data-is-last-node=\"\" data-is-only-node=\"\">O secret\u00e1rio da Defesa Civil e Resili\u00eancia Clim\u00e1tica, Vanderlei Marcos, destacou a import\u00e2ncia da iniciativa para apoiar pessoas que ainda enfrentam dificuldades.<\/p>\n<blockquote>\n<p data-start=\"983\" data-end=\"1380\" data-is-last-node=\"\" data-is-only-node=\"\">\u201cO Veste Amor nasce com um olhar de cuidado para as fam\u00edlias que precisam desse apoio. Nosso objetivo \u00e9 oferecer um espa\u00e7o organizado e acolhedor para que essas pessoas possam acessar roupas e itens essenciais com dignidade\u201d, afirmou.<\/p>\n<\/blockquote>\n","protected":false},"excerpt":{"rendered":"<p>A Prefeitura de Canoas inaugura, nesta ter\u00e7a-feira, 10, \u00e0s 10h, a loja solid\u00e1ria Veste Amor. O espa\u00e7o foi criado para ampliar o acesso de fam\u00edlias em situa\u00e7\u00e3o de vulnerabilidade a roupas, cal\u00e7ados e itens b\u00e1sicos de uso di\u00e1rio. O atendimento ser\u00e1 realizado na Rua General Salustiano, n\u00ba 640, no bairro Marechal Rondon. A iniciativa \u00e9 [&hellip;]<\/p>\n","protected":false},"author":2,"featured_media":39448,"comment_status":"open","ping_status":"open","sticky":false,"template":"","format":"standard","meta":{"amp_status":"","footnotes":""},"categories":[4945],"tags":[916,31,389,346,190],"class_list":["post-39447","post","type-post","status-publish","format-standard","has-post-thumbnail","hentry","category-defesa-civil","tag-acolhimento","tag-canoas","tag-defesa-civil","tag-doacao","tag-featured"],"yoast_head":"<!-- This site is optimized with the Yoast SEO plugin v20.5 - https:\/\/yoast.com\/wordpress\/plugins\/seo\/ -->\n<title>Canoas inaugura loja solid\u00e1ria Veste Amor para doa\u00e7\u00e3o de roupas a fam\u00edlias em situa\u00e7\u00e3o de vulnerabilidade - O Timoneiro Jornal Canoas RS<\/title>\n<meta name=\"description\" content=\"Canoas inaugura a loja solid\u00e1ria Veste Amor para distribui\u00e7\u00e3o de roupas, cal\u00e7ados e itens b\u00e1sicos a fam\u00edlias em situa\u00e7\u00e3o de vulnerabilidade no bairro Marechal Rondon.\" \/>\n<meta name=\"robots\" content=\"index, follow, max-snippet:-1, max-image-preview:large, max-video-preview:-1\" \/>\n<link rel=\"canonical\" href=\"https:\/\/jornaltimoneiro.com.br\/index.php\/2026\/03\/09\/canoas-inaugura-loja-solidaria-veste-amor-para-doacoes\/\" \/>\n<meta property=\"og:locale\" content=\"pt_BR\" \/>\n<meta property=\"og:type\" content=\"article\" \/>\n<meta property=\"og:title\" content=\"Canoas inaugura loja solid\u00e1ria Veste Amor para doa\u00e7\u00e3o de roupas a fam\u00edlias em situa\u00e7\u00e3o de vulnerabilidade - O Timoneiro Jornal Canoas RS\" \/>\n<meta property=\"og:description\" content=\"Canoas inaugura a loja solid\u00e1ria Veste Amor para distribui\u00e7\u00e3o de roupas, cal\u00e7ados e itens b\u00e1sicos a fam\u00edlias em situa\u00e7\u00e3o de vulnerabilidade no bairro Marechal Rondon.\" \/>\n<meta property=\"og:url\" content=\"https:\/\/jornaltimoneiro.com.br\/index.php\/2026\/03\/09\/canoas-inaugura-loja-solidaria-veste-amor-para-doacoes\/\" \/>\n<meta property=\"og:site_name\" content=\"O Timoneiro Jornal Canoas RS\" \/>\n<meta property=\"article:publisher\" content=\"https:\/\/www.facebook.com\/jornaltimoneiro\" \/>\n<meta property=\"article:published_time\" content=\"2026-03-10T01:42:05+00:00\" \/>\n<meta property=\"og:image\" content=\"https:\/\/jornaltimoneiro.com.br\/wp-content\/uploads\/2026\/03\/close-up-volunteer-oganizing-stuff-donation-scaled.jpg\" \/>\n\t<meta property=\"og:image:width\" content=\"2560\" \/>\n\t<meta property=\"og:image:height\" content=\"1709\" \/>\n\t<meta property=\"og:image:type\" content=\"image\/jpeg\" \/>\n<meta name=\"author\" content=\"Reda\u00e7\u00e3o\" \/>\n<meta name=\"twitter:card\" content=\"summary_large_image\" \/>\n<meta name=\"twitter:creator\" content=\"@_OTimoneiro\" \/>\n<meta name=\"twitter:site\" content=\"@_OTimoneiro\" \/>\n<meta name=\"twitter:label1\" content=\"Escrito por\" \/>\n\t<meta name=\"twitter:data1\" content=\"Reda\u00e7\u00e3o\" \/>\n\t<meta name=\"twitter:label2\" content=\"Est. tempo de leitura\" \/>\n\t<meta name=\"twitter:data2\" content=\"2 minutos\" \/>\n<script type=\"application\/ld+json\" class=\"yoast-schema-graph\">{\"@context\":\"https:\/\/schema.org\",\"@graph\":[{\"@type\":\"Article\",\"@id\":\"https:\/\/jornaltimoneiro.com.br\/index.php\/2026\/03\/09\/canoas-inaugura-loja-solidaria-veste-amor-para-doacoes\/#article\",\"isPartOf\":{\"@id\":\"https:\/\/jornaltimoneiro.com.br\/index.php\/2026\/03\/09\/canoas-inaugura-loja-solidaria-veste-amor-para-doacoes\/\"},\"author\":{\"name\":\"Reda\u00e7\u00e3o\",\"@id\":\"https:\/\/jornaltimoneiro.com.br\/#\/schema\/person\/f63482f1a02b1a9592707865e509ab40\"},\"headline\":\"Canoas inaugura loja solid\u00e1ria Veste Amor para doa\u00e7\u00e3o de roupas a fam\u00edlias em situa\u00e7\u00e3o de vulnerabilidade\",\"datePublished\":\"2026-03-10T01:42:05+00:00\",\"dateModified\":\"2026-03-10T01:42:05+00:00\",\"mainEntityOfPage\":{\"@id\":\"https:\/\/jornaltimoneiro.com.br\/index.php\/2026\/03\/09\/canoas-inaugura-loja-solidaria-veste-amor-para-doacoes\/\"},\"wordCount\":240,\"commentCount\":0,\"publisher\":{\"@id\":\"https:\/\/jornaltimoneiro.com.br\/#organization\"},\"keywords\":[\"acolhimento\",\"canoas\",\"defesa civil\",\"doa\u00e7\u00e3o\",\"featured\"],\"articleSection\":[\"Defesa Civil\"],\"inLanguage\":\"pt-BR\",\"potentialAction\":[{\"@type\":\"CommentAction\",\"name\":\"Comment\",\"target\":[\"https:\/\/jornaltimoneiro.com.br\/index.php\/2026\/03\/09\/canoas-inaugura-loja-solidaria-veste-amor-para-doacoes\/#respond\"]}]},{\"@type\":\"WebPage\",\"@id\":\"https:\/\/jornaltimoneiro.com.br\/index.php\/2026\/03\/09\/canoas-inaugura-loja-solidaria-veste-amor-para-doacoes\/\",\"url\":\"https:\/\/jornaltimoneiro.com.br\/index.php\/2026\/03\/09\/canoas-inaugura-loja-solidaria-veste-amor-para-doacoes\/\",\"name\":\"Canoas inaugura loja solid\u00e1ria Veste Amor para doa\u00e7\u00e3o de roupas a fam\u00edlias em situa\u00e7\u00e3o de vulnerabilidade - O Timoneiro Jornal Canoas RS\",\"isPartOf\":{\"@id\":\"https:\/\/jornaltimoneiro.com.br\/#website\"},\"datePublished\":\"2026-03-10T01:42:05+00:00\",\"dateModified\":\"2026-03-10T01:42:05+00:00\",\"description\":\"Canoas inaugura a loja solid\u00e1ria Veste Amor para distribui\u00e7\u00e3o de roupas, cal\u00e7ados e itens b\u00e1sicos a fam\u00edlias em situa\u00e7\u00e3o de vulnerabilidade no bairro Marechal Rondon.\",\"breadcrumb\":{\"@id\":\"https:\/\/jornaltimoneiro.com.br\/index.php\/2026\/03\/09\/canoas-inaugura-loja-solidaria-veste-amor-para-doacoes\/#breadcrumb\"},\"inLanguage\":\"pt-BR\",\"potentialAction\":[{\"@type\":\"ReadAction\",\"target\":[\"https:\/\/jornaltimoneiro.com.br\/index.php\/2026\/03\/09\/canoas-inaugura-loja-solidaria-veste-amor-para-doacoes\/\"]}]},{\"@type\":\"BreadcrumbList\",\"@id\":\"https:\/\/jornaltimoneiro.com.br\/index.php\/2026\/03\/09\/canoas-inaugura-loja-solidaria-veste-amor-para-doacoes\/#breadcrumb\",\"itemListElement\":[{\"@type\":\"ListItem\",\"position\":1,\"name\":\"In\u00edcio\",\"item\":\"https:\/\/jornaltimoneiro.com.br\/\"},{\"@type\":\"ListItem\",\"position\":2,\"name\":\"Canoas inaugura loja solid\u00e1ria Veste Amor para doa\u00e7\u00e3o de roupas a fam\u00edlias em situa\u00e7\u00e3o de vulnerabilidade\"}]},{\"@type\":\"WebSite\",\"@id\":\"https:\/\/jornaltimoneiro.com.br\/#website\",\"url\":\"https:\/\/jornaltimoneiro.com.br\/\",\"name\":\"Jornal Timoneiro Canoas RS\",\"description\":\"Jornal O Timoneiro, o verdadeiro jornal de Canoas\",\"publisher\":{\"@id\":\"https:\/\/jornaltimoneiro.com.br\/#organization\"},\"potentialAction\":[{\"@type\":\"SearchAction\",\"target\":{\"@type\":\"EntryPoint\",\"urlTemplate\":\"https:\/\/jornaltimoneiro.com.br\/?s={search_term_string}\"},\"query-input\":\"required name=search_term_string\"}],\"inLanguage\":\"pt-BR\"},{\"@type\":\"Organization\",\"@id\":\"https:\/\/jornaltimoneiro.com.br\/#organization\",\"name\":\"Jornal Timoneiro Canoas RS\",\"url\":\"https:\/\/jornaltimoneiro.com.br\/\",\"logo\":{\"@type\":\"ImageObject\",\"inLanguage\":\"pt-BR\",\"@id\":\"https:\/\/jornaltimoneiro.com.br\/#\/schema\/logo\/image\/\",\"url\":\"https:\/\/jornaltimoneiro.com.br\/wp-content\/uploads\/2023\/03\/logonovo.png\",\"contentUrl\":\"https:\/\/jornaltimoneiro.com.br\/wp-content\/uploads\/2023\/03\/logonovo.png\",\"width\":\"469\",\"height\":\"171\",\"caption\":\"Jornal Timoneiro Canoas RS\"},\"image\":{\"@id\":\"https:\/\/jornaltimoneiro.com.br\/#\/schema\/logo\/image\/\"},\"sameAs\":[\"https:\/\/www.facebook.com\/jornaltimoneiro\",\"https:\/\/twitter.com\/_OTimoneiro\",\"https:\/\/www.instagram.com\/jornaltimoneirocanoas\/\",\"https:\/\/www.youtube.com\/@jornalotimoneiro7927\"]},{\"@type\":\"Person\",\"@id\":\"https:\/\/jornaltimoneiro.com.br\/#\/schema\/person\/f63482f1a02b1a9592707865e509ab40\",\"name\":\"Reda\u00e7\u00e3o\",\"image\":{\"@type\":\"ImageObject\",\"inLanguage\":\"pt-BR\",\"@id\":\"https:\/\/jornaltimoneiro.com.br\/#\/schema\/person\/image\/\",\"url\":\"https:\/\/jornaltimoneiro.com.br\/wp-content\/uploads\/2023\/03\/download.jpeg\",\"contentUrl\":\"https:\/\/jornaltimoneiro.com.br\/wp-content\/uploads\/2023\/03\/download.jpeg\",\"caption\":\"Reda\u00e7\u00e3o\"},\"url\":\"https:\/\/jornaltimoneiro.com.br\/index.php\/author\/simone-dutra\/\"}]}<\/script>\n<!-- \/ Yoast SEO plugin. -->","yoast_head_json":{"title":"Canoas inaugura loja solid\u00e1ria Veste Amor para doa\u00e7\u00e3o de roupas a fam\u00edlias em situa\u00e7\u00e3o de vulnerabilidade - O Timoneiro Jornal Canoas RS","description":"Canoas inaugura a loja solid\u00e1ria Veste Amor para distribui\u00e7\u00e3o de roupas, cal\u00e7ados e itens b\u00e1sicos a fam\u00edlias em situa\u00e7\u00e3o de vulnerabilidade no bairro Marechal Rondon.","robots":{"index":"index","follow":"follow","max-snippet":"max-snippet:-1","max-image-preview":"max-image-preview:large","max-video-preview":"max-video-preview:-1"},"canonical":"https:\/\/jornaltimoneiro.com.br\/index.php\/2026\/03\/09\/canoas-inaugura-loja-solidaria-veste-amor-para-doacoes\/","og_locale":"pt_BR","og_type":"article","og_title":"Canoas inaugura loja solid\u00e1ria Veste Amor para doa\u00e7\u00e3o de roupas a fam\u00edlias em situa\u00e7\u00e3o de vulnerabilidade - O Timoneiro Jornal Canoas RS","og_description":"Canoas inaugura a loja solid\u00e1ria Veste Amor para distribui\u00e7\u00e3o de roupas, cal\u00e7ados e itens b\u00e1sicos a fam\u00edlias em situa\u00e7\u00e3o de vulnerabilidade no bairro Marechal Rondon.","og_url":"https:\/\/jornaltimoneiro.com.br\/index.php\/2026\/03\/09\/canoas-inaugura-loja-solidaria-veste-amor-para-doacoes\/","og_site_name":"O Timoneiro Jornal Canoas RS","article_publisher":"https:\/\/www.facebook.com\/jornaltimoneiro","article_published_time":"2026-03-10T01:42:05+00:00","og_image":[{"width":"2560","height":"1709","url":"https:\/\/jornaltimoneiro.com.br\/wp-content\/uploads\/2026\/03\/close-up-volunteer-oganizing-stuff-donation-scaled.jpg","type":"image\/jpeg"}],"author":"Reda\u00e7\u00e3o","twitter_card":"summary_large_image","twitter_creator":"@_OTimoneiro","twitter_site":"@_OTimoneiro","twitter_misc":{"Escrito por":"Reda\u00e7\u00e3o","Est. tempo de leitura":"2 minutos"},"schema":{"@context":"https:\/\/schema.org","@graph":[{"@type":"Article","@id":"https:\/\/jornaltimoneiro.com.br\/index.php\/2026\/03\/09\/canoas-inaugura-loja-solidaria-veste-amor-para-doacoes\/#article","isPartOf":{"@id":"https:\/\/jornaltimoneiro.com.br\/index.php\/2026\/03\/09\/canoas-inaugura-loja-solidaria-veste-amor-para-doacoes\/"},"author":{"name":"Reda\u00e7\u00e3o","@id":"https:\/\/jornaltimoneiro.com.br\/#\/schema\/person\/f63482f1a02b1a9592707865e509ab40"},"headline":"Canoas inaugura loja solid\u00e1ria Veste Amor para doa\u00e7\u00e3o de roupas a fam\u00edlias em situa\u00e7\u00e3o de vulnerabilidade","datePublished":"2026-03-10T01:42:05+00:00","dateModified":"2026-03-10T01:42:05+00:00","mainEntityOfPage":{"@id":"https:\/\/jornaltimoneiro.com.br\/index.php\/2026\/03\/09\/canoas-inaugura-loja-solidaria-veste-amor-para-doacoes\/"},"wordCount":240,"commentCount":0,"publisher":{"@id":"https:\/\/jornaltimoneiro.com.br\/#organization"},"keywords":["acolhimento","canoas","defesa civil","doa\u00e7\u00e3o","featured"],"articleSection":["Defesa Civil"],"inLanguage":"pt-BR","potentialAction":[{"@type":"CommentAction","name":"Comment","target":["https:\/\/jornaltimoneiro.com.br\/index.php\/2026\/03\/09\/canoas-inaugura-loja-solidaria-veste-amor-para-doacoes\/#respond"]}]},{"@type":"WebPage","@id":"https:\/\/jornaltimoneiro.com.br\/index.php\/2026\/03\/09\/canoas-inaugura-loja-solidaria-veste-amor-para-doacoes\/","url":"https:\/\/jornaltimoneiro.com.br\/index.php\/2026\/03\/09\/canoas-inaugura-loja-solidaria-veste-amor-para-doacoes\/","name":"Canoas inaugura loja solid\u00e1ria Veste Amor para doa\u00e7\u00e3o de roupas a fam\u00edlias em situa\u00e7\u00e3o de vulnerabilidade - O Timoneiro Jornal Canoas RS","isPartOf":{"@id":"https:\/\/jornaltimoneiro.com.br\/#website"},"datePublished":"2026-03-10T01:42:05+00:00","dateModified":"2026-03-10T01:42:05+00:00","description":"Canoas inaugura a loja solid\u00e1ria Veste Amor para distribui\u00e7\u00e3o de roupas, cal\u00e7ados e itens b\u00e1sicos a fam\u00edlias em situa\u00e7\u00e3o de vulnerabilidade no bairro Marechal Rondon.","breadcrumb":{"@id":"https:\/\/jornaltimoneiro.com.br\/index.php\/2026\/03\/09\/canoas-inaugura-loja-solidaria-veste-amor-para-doacoes\/#breadcrumb"},"inLanguage":"pt-BR","potentialAction":[{"@type":"ReadAction","target":["https:\/\/jornaltimoneiro.com.br\/index.php\/2026\/03\/09\/canoas-inaugura-loja-solidaria-veste-amor-para-doacoes\/"]}]},{"@type":"BreadcrumbList","@id":"https:\/\/jornaltimoneiro.com.br\/index.php\/2026\/03\/09\/canoas-inaugura-loja-solidaria-veste-amor-para-doacoes\/#breadcrumb","itemListElement":[{"@type":"ListItem","position":1,"name":"In\u00edcio","item":"https:\/\/jornaltimoneiro.com.br\/"},{"@type":"ListItem","position":2,"name":"Canoas inaugura loja solid\u00e1ria Veste Amor para doa\u00e7\u00e3o de roupas a fam\u00edlias em situa\u00e7\u00e3o de vulnerabilidade"}]},{"@type":"WebSite","@id":"https:\/\/jornaltimoneiro.com.br\/#website","url":"https:\/\/jornaltimoneiro.com.br\/","name":"Jornal Timoneiro Canoas RS","description":"Jornal O Timoneiro, o verdadeiro jornal de Canoas","publisher":{"@id":"https:\/\/jornaltimoneiro.com.br\/#organization"},"potentialAction":[{"@type":"SearchAction","target":{"@type":"EntryPoint","urlTemplate":"https:\/\/jornaltimoneiro.com.br\/?s={search_term_string}"},"query-input":"required name=search_term_string"}],"inLanguage":"pt-BR"},{"@type":"Organization","@id":"https:\/\/jornaltimoneiro.com.br\/#organization","name":"Jornal Timoneiro Canoas RS","url":"https:\/\/jornaltimoneiro.com.br\/","logo":{"@type":"ImageObject","inLanguage":"pt-BR","@id":"https:\/\/jornaltimoneiro.com.br\/#\/schema\/logo\/image\/","url":"https:\/\/jornaltimoneiro.com.br\/wp-content\/uploads\/2023\/03\/logonovo.png","contentUrl":"https:\/\/jornaltimoneiro.com.br\/wp-content\/uploads\/2023\/03\/logonovo.png","width":"469","height":"171","caption":"Jornal Timoneiro Canoas RS"},"image":{"@id":"https:\/\/jornaltimoneiro.com.br\/#\/schema\/logo\/image\/"},"sameAs":["https:\/\/www.facebook.com\/jornaltimoneiro","https:\/\/twitter.com\/_OTimoneiro","https:\/\/www.instagram.com\/jornaltimoneirocanoas\/","https:\/\/www.youtube.com\/@jornalotimoneiro7927"]},{"@type":"Person","@id":"https:\/\/jornaltimoneiro.com.br\/#\/schema\/person\/f63482f1a02b1a9592707865e509ab40","name":"Reda\u00e7\u00e3o","image":{"@type":"ImageObject","inLanguage":"pt-BR","@id":"https:\/\/jornaltimoneiro.com.br\/#\/schema\/person\/image\/","url":"https:\/\/jornaltimoneiro.com.br\/wp-content\/uploads\/2023\/03\/download.jpeg","contentUrl":"https:\/\/jornaltimoneiro.com.br\/wp-content\/uploads\/2023\/03\/download.jpeg","caption":"Reda\u00e7\u00e3o"},"url":"https:\/\/jornaltimoneiro.com.br\/index.php\/author\/simone-dutra\/"}]}},"_links":{"self":[{"href":"https:\/\/jornaltimoneiro.com.br\/index.php\/wp-json\/wp\/v2\/posts\/39447"}],"collection":[{"href":"https:\/\/jornaltimoneiro.com.br\/index.php\/wp-json\/wp\/v2\/posts"}],"about":[{"href":"https:\/\/jornaltimoneiro.com.br\/index.php\/wp-json\/wp\/v2\/types\/post"}],"author":[{"embeddable":true,"href":"https:\/\/jornaltimoneiro.com.br\/index.php\/wp-json\/wp\/v2\/users\/2"}],"replies":[{"embeddable":true,"href":"https:\/\/jornaltimoneiro.com.br\/index.php\/wp-json\/wp\/v2\/comments?post=39447"}],"version-history":[{"count":1,"href":"https:\/\/jornaltimoneiro.com.br\/index.php\/wp-json\/wp\/v2\/posts\/39447\/revisions"}],"predecessor-version":[{"id":39449,"href":"https:\/\/jornaltimoneiro.com.br\/index.php\/wp-json\/wp\/v2\/posts\/39447\/revisions\/39449"}],"wp:featuredmedia":[{"embeddable":true,"href":"https:\/\/jornaltimoneiro.com.br\/index.php\/wp-json\/wp\/v2\/media\/39448"}],"wp:attachment":[{"href":"https:\/\/jornaltimoneiro.com.br\/index.php\/wp-json\/wp\/v2\/media?parent=39447"}],"wp:term":[{"taxonomy":"category","embeddable":true,"href":"https:\/\/jornaltimoneiro.com.br\/index.php\/wp-json\/wp\/v2\/categories?post=39447"},{"taxonomy":"post_tag","embeddable":true,"href":"https:\/\/jornaltimoneiro.com.br\/index.php\/wp-json\/wp\/v2\/tags?post=39447"}],"curies":[{"name":"wp","href":"https:\/\/api.w.org\/{rel}","templated":true}]}}