{"id":3944,"date":"2016-05-27T18:27:13","date_gmt":"2016-05-27T21:27:13","guid":{"rendered":"http:\/\/otimoneiro.com.br\/?p=3944"},"modified":"2016-05-27T18:27:13","modified_gmt":"2016-05-27T21:27:13","slug":"fomos-estuprados","status":"publish","type":"post","link":"https:\/\/jornaltimoneiro.com.br\/index.php\/2016\/05\/27\/fomos-estuprados\/","title":{"rendered":"Fomos estuprados"},"content":{"rendered":"<p><a href=\"http:\/\/otimoneiro.com.br\/wp-content\/uploads\/2016\/05\/op-si.jpg\"><img decoding=\"async\" class=\"aligncenter  wp-image-3945\" src=\"http:\/\/otimoneiro.com.br\/wp-content\/uploads\/2016\/05\/op-si.jpg\" alt=\"op si\" width=\"833\" height=\"660\" \/><\/a><\/p>\n<p>Meus olhos ardem, minhas m\u00e3os tremem. Minha cabe\u00e7a parece que vai explodir. O cora\u00e7\u00e3o dispara. Para! Tudo. Uma menina foi estuprada por 33 homens. Parem todos! Para tudo, agora!<br \/>\nO que fere mais nem \u00e9 o fato em si, por mais nauseante que ele seja, por mais absurdo, por mais assustador e revoltante. O que assassina a esperan\u00e7a aos poucos \u00e9 o fato de isto ser antigo, pauta de luta contr\u00e1ria h\u00e1 d\u00e9cadas. Prova cabal de nossa estagna\u00e7\u00e3o na reconstru\u00e7\u00e3o do respeito, nos estudos e pr\u00e1ticas acerca da honradez humana e sobretudo feminina. Prova de nossa impot\u00eancia diante do machismo di\u00e1rio. Prova de nossa incapacidade de proteger &#8211; como sociedade, irm\u00e3os, pais, tios, professores, policiais, amigos, ativistas &#8211; uma menina de 16 anos. Quem pode nos proteger quando o inimigo est\u00e1 no poder?<br \/>\n\u00c9 claro que estes estupros acontecem o tempo todo. H\u00e1 s\u00e9culos. Dentro de casa, na casa do amiguinho, na inf\u00e2ncia, na adolesc\u00eancia, na rua, nas penitenci\u00e1rias, na vida adulta. Ningu\u00e9m est\u00e1 surpreso. O que nos tira o f\u00f4lego \u00e9 a tamanha covardia e o pouco avan\u00e7o pragm\u00e1tico das rela\u00e7\u00f5es.<br \/>\nPor qu\u00ea ser\u00e1 que tudo est\u00e1 t\u00e3o silencioso?! O almo\u00e7o na mesa&#8230; Pessoas nas salas de espera de cl\u00ednicas de cirurgia pl\u00e1stica, lendo revistas de moda&#8230; No supermercado&#8230; Alienados trocando receitas de bolo, dicas de viagem&#8230; Sim, alienado, voc\u00ea! Um amoral. Como voc\u00ea pode ser t\u00e3o babaca e insens\u00edvel diante da enxurrada esquizofr\u00eanica em nossa fachada moral?! \u00c9 que voc\u00ea \u00e9 o bo\u00e7al que concorda com estas pr\u00e1ticas (ali\u00e1s, \u00e9 bem comum que caras bem aventurados tenham perdido sua virgindade estuprando animais em fazendas, \u00e9 t\u00e3o engra\u00e7ado!). \u00c9 por voc\u00ea que acha muito ruim, por\u00e9m normal, afinal homens s\u00e3o assim. Voc\u00ea que acha horr\u00edvel, \u201cmas n\u00e3o foi comigo\u201d; &#8220;cad\u00ea os pais desta menina que deixaram isto acontecer?!&#8221; A culpa \u00e9 sua tamb\u00e9m, analfabeto pol\u00edtico que apoia retrocessos. Sua, ignorante que critica sem conhecimento a causa feminista. Voc\u00ea a\u00ed, masturbador cibern\u00e9tico, em busca de divers\u00e3o na madrugada, tratando tudo \u00e0 base de coment\u00e1rios raivosos sob o escudo de uma tela de computador; zero na pr\u00e1tica, zero em resultado positivo, zero em ajuda ao pr\u00f3ximo, zero em empatia, um zero \u00e0 esquerda. Voc\u00ea que est\u00e1 neste momento lendo isto, achando que n\u00e3o estou falando de voc\u00ea tamb\u00e9m, se liga! Pare de planejar as f\u00e9rias. Pare de falar de fofoca. Pare com as selfies, chega de trocar tantas vezes a foto de perfil do facebook! T\u00e1 feio, t\u00e1 chato, seu in\u00fatil social!<br \/>\nAgora, vamos falar desta menina, n\u00e3o adianta dizer que \u201cnem quero saber, porque me sinto mal\u201d. Isto n\u00e3o resolve, e enquanto n\u00e3o nos convencermos de que todos n\u00f3s temos que fazer parte das decis\u00f5es, o mundo vai continuar assim. Um esperando que o outro conserte os erros de toda uma popula\u00e7\u00e3o, que mude conceitos de gera\u00e7\u00f5es e gera\u00e7\u00f5es, \u201ccomigo apenas pensando no meu umbigo e fazendo o jogo do feliz nas redes sociais\u201d. As pessoas n\u00e3o est\u00e3o educando seus filhos ao abafar esta realidade, fortalecendo, assim, essa cultura retr\u00f3grada nos guris e gurias que, um dia, ter\u00e3o seus pap\u00e9is delineados em situa\u00e7\u00f5es semelhantes futuras. Ao passo que poucos realmente se arriscam na busca por mudan\u00e7a, sofrendo quase uma ditadura nas escolas e universidades (professores), indo pras ruas, atuando nos coletivos de mulheres, escrevendo artigos, debatendo criminalidade, fazendo seu papel de cidad\u00e3o, se importando de verdade.<br \/>\nComportamentos como este n\u00e3o v\u00e3o mudar facilmente. Infelizmente, ser\u00e1 preciso esperar que esta gera\u00e7\u00e3o de crian\u00e7as de hoje assuma o poder para que, quem sabe, isso passe a ser visto como algo hediondo que de fato \u00e9.<br \/>\nMas enquanto isso, falemos disso em casa, na padaria, na igreja, na pra\u00e7a, no shopping, na boate. N\u00e3o calemos diante da barbaridade. O sil\u00eancio muda nada. \u00c9 por causa dele que estamos aqui agora, discutindo o direito da mulher, do adolescente, da integridade f\u00edsica e ps\u00edquica do indiv\u00edduo em plenos anos 2016.<br \/>\nEstupraram a todos n\u00f3s e voc\u00ea nem viu. Estupraram a gente na nossa cara. Nos estupram h\u00e1 anos. Est\u00e3o nos estuprando neste momento. E a culpa \u00e9 sua. \u00c9 nossa. Durmamos com este barulho. Ou melhor, que tenhamos ins\u00f4nia.<\/p>\n","protected":false},"excerpt":{"rendered":"<p>Meus olhos ardem, minhas m\u00e3os tremem. Minha cabe\u00e7a parece que vai explodir. O cora\u00e7\u00e3o dispara. Para! Tudo. Uma menina foi estuprada por 33 homens. Parem todos! Para tudo, agora! O que fere mais nem \u00e9 o fato em si, por mais nauseante que ele seja, por mais absurdo, por mais assustador e revoltante. O que [&hellip;]<\/p>\n","protected":false},"author":1,"featured_media":3945,"comment_status":"open","ping_status":"open","sticky":false,"template":"","format":"standard","meta":{"amp_status":"","footnotes":""},"categories":[19,21],"tags":[],"class_list":["post-3944","post","type-post","status-publish","format-standard","has-post-thumbnail","hentry","category-destaques","category-opiniao"],"yoast_head":"<!-- This site is optimized with the Yoast SEO plugin v20.5 - https:\/\/yoast.com\/wordpress\/plugins\/seo\/ -->\n<title>Fomos estuprados - O Timoneiro Jornal Canoas RS<\/title>\n<meta name=\"robots\" content=\"index, follow, max-snippet:-1, max-image-preview:large, max-video-preview:-1\" \/>\n<link rel=\"canonical\" href=\"https:\/\/jornaltimoneiro.com.br\/index.php\/2016\/05\/27\/fomos-estuprados\/\" \/>\n<meta property=\"og:locale\" content=\"pt_BR\" \/>\n<meta property=\"og:type\" content=\"article\" \/>\n<meta property=\"og:title\" content=\"Fomos estuprados - O Timoneiro Jornal Canoas RS\" \/>\n<meta property=\"og:description\" content=\"Meus olhos ardem, minhas m\u00e3os tremem. Minha cabe\u00e7a parece que vai explodir. O cora\u00e7\u00e3o dispara. Para! Tudo. Uma menina foi estuprada por 33 homens. Parem todos! Para tudo, agora! O que fere mais nem \u00e9 o fato em si, por mais nauseante que ele seja, por mais absurdo, por mais assustador e revoltante. O que [&hellip;]\" \/>\n<meta property=\"og:url\" content=\"https:\/\/jornaltimoneiro.com.br\/index.php\/2016\/05\/27\/fomos-estuprados\/\" \/>\n<meta property=\"og:site_name\" content=\"O Timoneiro Jornal Canoas RS\" \/>\n<meta property=\"article:publisher\" content=\"https:\/\/www.facebook.com\/jornaltimoneiro\" \/>\n<meta property=\"article:published_time\" content=\"2016-05-27T21:27:13+00:00\" \/>\n<meta name=\"author\" content=\"Reda\u00e7\u00e3o\" \/>\n<meta name=\"twitter:card\" content=\"summary_large_image\" \/>\n<meta name=\"twitter:creator\" content=\"@_OTimoneiro\" \/>\n<meta name=\"twitter:site\" content=\"@_OTimoneiro\" \/>\n<meta name=\"twitter:label1\" content=\"Escrito por\" \/>\n\t<meta name=\"twitter:data1\" content=\"Reda\u00e7\u00e3o\" \/>\n\t<meta name=\"twitter:label2\" content=\"Est. tempo de leitura\" \/>\n\t<meta name=\"twitter:data2\" content=\"4 minutos\" \/>\n<script type=\"application\/ld+json\" class=\"yoast-schema-graph\">{\"@context\":\"https:\/\/schema.org\",\"@graph\":[{\"@type\":\"Article\",\"@id\":\"https:\/\/jornaltimoneiro.com.br\/index.php\/2016\/05\/27\/fomos-estuprados\/#article\",\"isPartOf\":{\"@id\":\"https:\/\/jornaltimoneiro.com.br\/index.php\/2016\/05\/27\/fomos-estuprados\/\"},\"author\":{\"name\":\"Reda\u00e7\u00e3o\",\"@id\":\"https:\/\/jornaltimoneiro.com.br\/#\/schema\/person\/620efd1d8244466117482be494360b08\"},\"headline\":\"Fomos estuprados\",\"datePublished\":\"2016-05-27T21:27:13+00:00\",\"dateModified\":\"2016-05-27T21:27:13+00:00\",\"mainEntityOfPage\":{\"@id\":\"https:\/\/jornaltimoneiro.com.br\/index.php\/2016\/05\/27\/fomos-estuprados\/\"},\"wordCount\":744,\"commentCount\":0,\"publisher\":{\"@id\":\"https:\/\/jornaltimoneiro.com.br\/#organization\"},\"articleSection\":[\"Destaques\",\"Opini\u00e3o\"],\"inLanguage\":\"pt-BR\",\"potentialAction\":[{\"@type\":\"CommentAction\",\"name\":\"Comment\",\"target\":[\"https:\/\/jornaltimoneiro.com.br\/index.php\/2016\/05\/27\/fomos-estuprados\/#respond\"]}]},{\"@type\":\"WebPage\",\"@id\":\"https:\/\/jornaltimoneiro.com.br\/index.php\/2016\/05\/27\/fomos-estuprados\/\",\"url\":\"https:\/\/jornaltimoneiro.com.br\/index.php\/2016\/05\/27\/fomos-estuprados\/\",\"name\":\"Fomos estuprados - O Timoneiro Jornal Canoas RS\",\"isPartOf\":{\"@id\":\"https:\/\/jornaltimoneiro.com.br\/#website\"},\"datePublished\":\"2016-05-27T21:27:13+00:00\",\"dateModified\":\"2016-05-27T21:27:13+00:00\",\"breadcrumb\":{\"@id\":\"https:\/\/jornaltimoneiro.com.br\/index.php\/2016\/05\/27\/fomos-estuprados\/#breadcrumb\"},\"inLanguage\":\"pt-BR\",\"potentialAction\":[{\"@type\":\"ReadAction\",\"target\":[\"https:\/\/jornaltimoneiro.com.br\/index.php\/2016\/05\/27\/fomos-estuprados\/\"]}]},{\"@type\":\"BreadcrumbList\",\"@id\":\"https:\/\/jornaltimoneiro.com.br\/index.php\/2016\/05\/27\/fomos-estuprados\/#breadcrumb\",\"itemListElement\":[{\"@type\":\"ListItem\",\"position\":1,\"name\":\"In\u00edcio\",\"item\":\"https:\/\/jornaltimoneiro.com.br\/\"},{\"@type\":\"ListItem\",\"position\":2,\"name\":\"Fomos estuprados\"}]},{\"@type\":\"WebSite\",\"@id\":\"https:\/\/jornaltimoneiro.com.br\/#website\",\"url\":\"https:\/\/jornaltimoneiro.com.br\/\",\"name\":\"Jornal Timoneiro Canoas RS\",\"description\":\"Jornal O Timoneiro, o verdadeiro jornal de Canoas\",\"publisher\":{\"@id\":\"https:\/\/jornaltimoneiro.com.br\/#organization\"},\"potentialAction\":[{\"@type\":\"SearchAction\",\"target\":{\"@type\":\"EntryPoint\",\"urlTemplate\":\"https:\/\/jornaltimoneiro.com.br\/?s={search_term_string}\"},\"query-input\":\"required name=search_term_string\"}],\"inLanguage\":\"pt-BR\"},{\"@type\":\"Organization\",\"@id\":\"https:\/\/jornaltimoneiro.com.br\/#organization\",\"name\":\"Jornal Timoneiro Canoas RS\",\"url\":\"https:\/\/jornaltimoneiro.com.br\/\",\"logo\":{\"@type\":\"ImageObject\",\"inLanguage\":\"pt-BR\",\"@id\":\"https:\/\/jornaltimoneiro.com.br\/#\/schema\/logo\/image\/\",\"url\":\"https:\/\/jornaltimoneiro.com.br\/wp-content\/uploads\/2023\/03\/logonovo.png\",\"contentUrl\":\"https:\/\/jornaltimoneiro.com.br\/wp-content\/uploads\/2023\/03\/logonovo.png\",\"width\":\"469\",\"height\":\"171\",\"caption\":\"Jornal Timoneiro Canoas RS\"},\"image\":{\"@id\":\"https:\/\/jornaltimoneiro.com.br\/#\/schema\/logo\/image\/\"},\"sameAs\":[\"https:\/\/www.facebook.com\/jornaltimoneiro\",\"https:\/\/twitter.com\/_OTimoneiro\",\"https:\/\/www.instagram.com\/jornaltimoneirocanoas\/\",\"https:\/\/www.youtube.com\/@jornalotimoneiro7927\"]},{\"@type\":\"Person\",\"@id\":\"https:\/\/jornaltimoneiro.com.br\/#\/schema\/person\/620efd1d8244466117482be494360b08\",\"name\":\"Reda\u00e7\u00e3o\",\"image\":{\"@type\":\"ImageObject\",\"inLanguage\":\"pt-BR\",\"@id\":\"https:\/\/jornaltimoneiro.com.br\/#\/schema\/person\/image\/\",\"url\":\"https:\/\/secure.gravatar.com\/avatar\/2f04e1b304682a8d9db336c7acd77f08?s=96&d=mm&r=g\",\"contentUrl\":\"https:\/\/secure.gravatar.com\/avatar\/2f04e1b304682a8d9db336c7acd77f08?s=96&d=mm&r=g\",\"caption\":\"Reda\u00e7\u00e3o\"},\"url\":\"https:\/\/jornaltimoneiro.com.br\/index.php\/author\/timoneirocanoas\/\"}]}<\/script>\n<!-- \/ Yoast SEO plugin. -->","yoast_head_json":{"title":"Fomos estuprados - O Timoneiro Jornal Canoas RS","robots":{"index":"index","follow":"follow","max-snippet":"max-snippet:-1","max-image-preview":"max-image-preview:large","max-video-preview":"max-video-preview:-1"},"canonical":"https:\/\/jornaltimoneiro.com.br\/index.php\/2016\/05\/27\/fomos-estuprados\/","og_locale":"pt_BR","og_type":"article","og_title":"Fomos estuprados - O Timoneiro Jornal Canoas RS","og_description":"Meus olhos ardem, minhas m\u00e3os tremem. Minha cabe\u00e7a parece que vai explodir. O cora\u00e7\u00e3o dispara. Para! Tudo. Uma menina foi estuprada por 33 homens. Parem todos! Para tudo, agora! O que fere mais nem \u00e9 o fato em si, por mais nauseante que ele seja, por mais absurdo, por mais assustador e revoltante. O que [&hellip;]","og_url":"https:\/\/jornaltimoneiro.com.br\/index.php\/2016\/05\/27\/fomos-estuprados\/","og_site_name":"O Timoneiro Jornal Canoas RS","article_publisher":"https:\/\/www.facebook.com\/jornaltimoneiro","article_published_time":"2016-05-27T21:27:13+00:00","author":"Reda\u00e7\u00e3o","twitter_card":"summary_large_image","twitter_creator":"@_OTimoneiro","twitter_site":"@_OTimoneiro","twitter_misc":{"Escrito por":"Reda\u00e7\u00e3o","Est. tempo de leitura":"4 minutos"},"schema":{"@context":"https:\/\/schema.org","@graph":[{"@type":"Article","@id":"https:\/\/jornaltimoneiro.com.br\/index.php\/2016\/05\/27\/fomos-estuprados\/#article","isPartOf":{"@id":"https:\/\/jornaltimoneiro.com.br\/index.php\/2016\/05\/27\/fomos-estuprados\/"},"author":{"name":"Reda\u00e7\u00e3o","@id":"https:\/\/jornaltimoneiro.com.br\/#\/schema\/person\/620efd1d8244466117482be494360b08"},"headline":"Fomos estuprados","datePublished":"2016-05-27T21:27:13+00:00","dateModified":"2016-05-27T21:27:13+00:00","mainEntityOfPage":{"@id":"https:\/\/jornaltimoneiro.com.br\/index.php\/2016\/05\/27\/fomos-estuprados\/"},"wordCount":744,"commentCount":0,"publisher":{"@id":"https:\/\/jornaltimoneiro.com.br\/#organization"},"articleSection":["Destaques","Opini\u00e3o"],"inLanguage":"pt-BR","potentialAction":[{"@type":"CommentAction","name":"Comment","target":["https:\/\/jornaltimoneiro.com.br\/index.php\/2016\/05\/27\/fomos-estuprados\/#respond"]}]},{"@type":"WebPage","@id":"https:\/\/jornaltimoneiro.com.br\/index.php\/2016\/05\/27\/fomos-estuprados\/","url":"https:\/\/jornaltimoneiro.com.br\/index.php\/2016\/05\/27\/fomos-estuprados\/","name":"Fomos estuprados - O Timoneiro Jornal Canoas RS","isPartOf":{"@id":"https:\/\/jornaltimoneiro.com.br\/#website"},"datePublished":"2016-05-27T21:27:13+00:00","dateModified":"2016-05-27T21:27:13+00:00","breadcrumb":{"@id":"https:\/\/jornaltimoneiro.com.br\/index.php\/2016\/05\/27\/fomos-estuprados\/#breadcrumb"},"inLanguage":"pt-BR","potentialAction":[{"@type":"ReadAction","target":["https:\/\/jornaltimoneiro.com.br\/index.php\/2016\/05\/27\/fomos-estuprados\/"]}]},{"@type":"BreadcrumbList","@id":"https:\/\/jornaltimoneiro.com.br\/index.php\/2016\/05\/27\/fomos-estuprados\/#breadcrumb","itemListElement":[{"@type":"ListItem","position":1,"name":"In\u00edcio","item":"https:\/\/jornaltimoneiro.com.br\/"},{"@type":"ListItem","position":2,"name":"Fomos estuprados"}]},{"@type":"WebSite","@id":"https:\/\/jornaltimoneiro.com.br\/#website","url":"https:\/\/jornaltimoneiro.com.br\/","name":"Jornal Timoneiro Canoas RS","description":"Jornal O Timoneiro, o verdadeiro jornal de Canoas","publisher":{"@id":"https:\/\/jornaltimoneiro.com.br\/#organization"},"potentialAction":[{"@type":"SearchAction","target":{"@type":"EntryPoint","urlTemplate":"https:\/\/jornaltimoneiro.com.br\/?s={search_term_string}"},"query-input":"required name=search_term_string"}],"inLanguage":"pt-BR"},{"@type":"Organization","@id":"https:\/\/jornaltimoneiro.com.br\/#organization","name":"Jornal Timoneiro Canoas RS","url":"https:\/\/jornaltimoneiro.com.br\/","logo":{"@type":"ImageObject","inLanguage":"pt-BR","@id":"https:\/\/jornaltimoneiro.com.br\/#\/schema\/logo\/image\/","url":"https:\/\/jornaltimoneiro.com.br\/wp-content\/uploads\/2023\/03\/logonovo.png","contentUrl":"https:\/\/jornaltimoneiro.com.br\/wp-content\/uploads\/2023\/03\/logonovo.png","width":"469","height":"171","caption":"Jornal Timoneiro Canoas RS"},"image":{"@id":"https:\/\/jornaltimoneiro.com.br\/#\/schema\/logo\/image\/"},"sameAs":["https:\/\/www.facebook.com\/jornaltimoneiro","https:\/\/twitter.com\/_OTimoneiro","https:\/\/www.instagram.com\/jornaltimoneirocanoas\/","https:\/\/www.youtube.com\/@jornalotimoneiro7927"]},{"@type":"Person","@id":"https:\/\/jornaltimoneiro.com.br\/#\/schema\/person\/620efd1d8244466117482be494360b08","name":"Reda\u00e7\u00e3o","image":{"@type":"ImageObject","inLanguage":"pt-BR","@id":"https:\/\/jornaltimoneiro.com.br\/#\/schema\/person\/image\/","url":"https:\/\/secure.gravatar.com\/avatar\/2f04e1b304682a8d9db336c7acd77f08?s=96&d=mm&r=g","contentUrl":"https:\/\/secure.gravatar.com\/avatar\/2f04e1b304682a8d9db336c7acd77f08?s=96&d=mm&r=g","caption":"Reda\u00e7\u00e3o"},"url":"https:\/\/jornaltimoneiro.com.br\/index.php\/author\/timoneirocanoas\/"}]}},"_links":{"self":[{"href":"https:\/\/jornaltimoneiro.com.br\/index.php\/wp-json\/wp\/v2\/posts\/3944"}],"collection":[{"href":"https:\/\/jornaltimoneiro.com.br\/index.php\/wp-json\/wp\/v2\/posts"}],"about":[{"href":"https:\/\/jornaltimoneiro.com.br\/index.php\/wp-json\/wp\/v2\/types\/post"}],"author":[{"embeddable":true,"href":"https:\/\/jornaltimoneiro.com.br\/index.php\/wp-json\/wp\/v2\/users\/1"}],"replies":[{"embeddable":true,"href":"https:\/\/jornaltimoneiro.com.br\/index.php\/wp-json\/wp\/v2\/comments?post=3944"}],"version-history":[{"count":0,"href":"https:\/\/jornaltimoneiro.com.br\/index.php\/wp-json\/wp\/v2\/posts\/3944\/revisions"}],"wp:featuredmedia":[{"embeddable":true,"href":"https:\/\/jornaltimoneiro.com.br\/index.php\/wp-json\/"}],"wp:attachment":[{"href":"https:\/\/jornaltimoneiro.com.br\/index.php\/wp-json\/wp\/v2\/media?parent=3944"}],"wp:term":[{"taxonomy":"category","embeddable":true,"href":"https:\/\/jornaltimoneiro.com.br\/index.php\/wp-json\/wp\/v2\/categories?post=3944"},{"taxonomy":"post_tag","embeddable":true,"href":"https:\/\/jornaltimoneiro.com.br\/index.php\/wp-json\/wp\/v2\/tags?post=3944"}],"curies":[{"name":"wp","href":"https:\/\/api.w.org\/{rel}","templated":true}]}}