{"id":39435,"date":"2026-03-09T13:59:08","date_gmt":"2026-03-09T16:59:08","guid":{"rendered":"https:\/\/jornaltimoneiro.com.br\/?p=39435"},"modified":"2026-03-09T13:59:08","modified_gmt":"2026-03-09T16:59:08","slug":"slug-vagas-emprego-sine-nova-santa-rita-entrevistas-11-marco","status":"publish","type":"post","link":"https:\/\/jornaltimoneiro.com.br\/index.php\/2026\/03\/09\/slug-vagas-emprego-sine-nova-santa-rita-entrevistas-11-marco\/","title":{"rendered":"Sine de Nova Santa Rita realiza entrevistas para vagas em diversas \u00e1reas nesta quarta-feira, 11"},"content":{"rendered":"<p>O Sistema Nacional de Emprego (Sine) de Nova Santa Rita realiza nesta quarta-feira, 11, um processo de entrevistas para preenchimento de sete vagas de trabalho em diferentes \u00e1reas. O atendimento ocorre das 9h \u00e0s 12h, na unidade localizada no Centro da cidade.<\/p>\n<p>Entre as oportunidades oferecidas est\u00e3o duas vagas para analista de marketing, com sal\u00e1rio de R$ 2.800. Para o cargo \u00e9 exigido ensino m\u00e9dio completo, experi\u00eancia m\u00ednima de seis meses, carteira de habilita\u00e7\u00e3o categoria B e disponibilidade para viagens.<\/p>\n<p>Tamb\u00e9m h\u00e1 uma vaga para geometristra (alinhador veicular), com sal\u00e1rio de R$ 2.089 e adicional de insalubridade de 20%. A fun\u00e7\u00e3o exige ensino m\u00e9dio incompleto, experi\u00eancia de seis meses e CNH categoria B.<\/p>\n<p>Outra oportunidade \u00e9 para montador, com sal\u00e1rio de R$ 1.880. Neste caso, \u00e9 necess\u00e1rio ensino fundamental completo e CNH categoria B, mas n\u00e3o \u00e9 exigida experi\u00eancia.<\/p>\n<p>H\u00e1 ainda uma vaga para estoquista, com sal\u00e1rio de R$ 1.880 e exig\u00eancia de ensino m\u00e9dio incompleto e experi\u00eancia m\u00ednima de seis meses.<\/p>\n<p>Completando a lista, tr\u00eas vagas s\u00e3o destinadas ao cargo de operador de recapagem, com sal\u00e1rio de R$ 2.089 e adicional de insalubridade de 20%. Para essa fun\u00e7\u00e3o \u00e9 necess\u00e1rio ensino m\u00e9dio completo e n\u00e3o \u00e9 exigida experi\u00eancia.<\/p>\n<p>Os cargos oferecem benef\u00edcios como refei\u00e7\u00e3o no local, com caf\u00e9 da manh\u00e3 e almo\u00e7o, vale-transporte ou aux\u00edlio mobilidade, acesso ao Gympass, telemedicina e premia\u00e7\u00f5es por assiduidade e produtividade, conforme a vaga.<\/p>\n<p>Os interessados devem comparecer presencialmente ao Sine, na Rua Waldemar Vicente da Costa, 130, no Centro, levando curr\u00edculo.<\/p>\n<p>Mais informa\u00e7\u00f5es podem ser obtidas pelo telefone (51) 99406-1975.<\/p>\n","protected":false},"excerpt":{"rendered":"<p>O Sistema Nacional de Emprego (Sine) de Nova Santa Rita realiza nesta quarta-feira, 11, um processo de entrevistas para preenchimento de sete vagas de trabalho em diferentes \u00e1reas. O atendimento ocorre das 9h \u00e0s 12h, na unidade localizada no Centro da cidade. Entre as oportunidades oferecidas est\u00e3o duas vagas para analista de marketing, com sal\u00e1rio [&hellip;]<\/p>\n","protected":false},"author":2,"featured_media":39436,"comment_status":"open","ping_status":"open","sticky":false,"template":"","format":"standard","meta":{"amp_status":"","footnotes":""},"categories":[2092],"tags":[31,82,190,612,422],"class_list":["post-39435","post","type-post","status-publish","format-standard","has-post-thumbnail","hentry","category-emprego","tag-canoas","tag-emprego","tag-featured","tag-oportunidade","tag-prefeitura-de-nova-santa-rita"],"yoast_head":"<!-- This site is optimized with the Yoast SEO plugin v20.5 - https:\/\/yoast.com\/wordpress\/plugins\/seo\/ -->\n<title>Sine de Nova Santa Rita realiza entrevistas para vagas em diversas \u00e1reas nesta quarta-feira, 11 - O Timoneiro Jornal Canoas RS<\/title>\n<meta name=\"description\" content=\"Sine de Nova Santa Rita realiza entrevistas nesta quarta-feira (11) para sete vagas de emprego em diferentes \u00e1reas. Candidatos devem levar curr\u00edculo.\" \/>\n<meta name=\"robots\" content=\"index, follow, max-snippet:-1, max-image-preview:large, max-video-preview:-1\" \/>\n<link rel=\"canonical\" href=\"https:\/\/jornaltimoneiro.com.br\/index.php\/2026\/03\/09\/slug-vagas-emprego-sine-nova-santa-rita-entrevistas-11-marco\/\" \/>\n<meta property=\"og:locale\" content=\"pt_BR\" \/>\n<meta property=\"og:type\" content=\"article\" \/>\n<meta property=\"og:title\" content=\"Sine de Nova Santa Rita realiza entrevistas para vagas em diversas \u00e1reas nesta quarta-feira, 11 - O Timoneiro Jornal Canoas RS\" \/>\n<meta property=\"og:description\" content=\"Sine de Nova Santa Rita realiza entrevistas nesta quarta-feira (11) para sete vagas de emprego em diferentes \u00e1reas. Candidatos devem levar curr\u00edculo.\" \/>\n<meta property=\"og:url\" content=\"https:\/\/jornaltimoneiro.com.br\/index.php\/2026\/03\/09\/slug-vagas-emprego-sine-nova-santa-rita-entrevistas-11-marco\/\" \/>\n<meta property=\"og:site_name\" content=\"O Timoneiro Jornal Canoas RS\" \/>\n<meta property=\"article:publisher\" content=\"https:\/\/www.facebook.com\/jornaltimoneiro\" \/>\n<meta property=\"article:published_time\" content=\"2026-03-09T16:59:08+00:00\" \/>\n<meta property=\"og:image\" content=\"https:\/\/jornaltimoneiro.com.br\/wp-content\/uploads\/2026\/03\/female-candidate-sitting-queue-receiving-cv-files-waiting-start-job-interview-about-career-opportunity-woman-getting-ready-attend-recruitment-meeting-with-hr-employee-scaled.jpg\" \/>\n\t<meta property=\"og:image:width\" content=\"2560\" \/>\n\t<meta property=\"og:image:height\" content=\"1440\" \/>\n\t<meta property=\"og:image:type\" content=\"image\/jpeg\" \/>\n<meta name=\"author\" content=\"Reda\u00e7\u00e3o\" \/>\n<meta name=\"twitter:card\" content=\"summary_large_image\" \/>\n<meta name=\"twitter:creator\" content=\"@_OTimoneiro\" \/>\n<meta name=\"twitter:site\" content=\"@_OTimoneiro\" \/>\n<meta name=\"twitter:label1\" content=\"Escrito por\" \/>\n\t<meta name=\"twitter:data1\" content=\"Reda\u00e7\u00e3o\" \/>\n\t<meta name=\"twitter:label2\" content=\"Est. tempo de leitura\" \/>\n\t<meta name=\"twitter:data2\" content=\"2 minutos\" \/>\n<script type=\"application\/ld+json\" class=\"yoast-schema-graph\">{\"@context\":\"https:\/\/schema.org\",\"@graph\":[{\"@type\":\"Article\",\"@id\":\"https:\/\/jornaltimoneiro.com.br\/index.php\/2026\/03\/09\/slug-vagas-emprego-sine-nova-santa-rita-entrevistas-11-marco\/#article\",\"isPartOf\":{\"@id\":\"https:\/\/jornaltimoneiro.com.br\/index.php\/2026\/03\/09\/slug-vagas-emprego-sine-nova-santa-rita-entrevistas-11-marco\/\"},\"author\":{\"name\":\"Reda\u00e7\u00e3o\",\"@id\":\"https:\/\/jornaltimoneiro.com.br\/#\/schema\/person\/f63482f1a02b1a9592707865e509ab40\"},\"headline\":\"Sine de Nova Santa Rita realiza entrevistas para vagas em diversas \u00e1reas nesta quarta-feira, 11\",\"datePublished\":\"2026-03-09T16:59:08+00:00\",\"dateModified\":\"2026-03-09T16:59:08+00:00\",\"mainEntityOfPage\":{\"@id\":\"https:\/\/jornaltimoneiro.com.br\/index.php\/2026\/03\/09\/slug-vagas-emprego-sine-nova-santa-rita-entrevistas-11-marco\/\"},\"wordCount\":290,\"commentCount\":0,\"publisher\":{\"@id\":\"https:\/\/jornaltimoneiro.com.br\/#organization\"},\"keywords\":[\"canoas\",\"emprego\",\"featured\",\"oportunidade\",\"prefeitura de nova santa rita\"],\"articleSection\":[\"Emprego\"],\"inLanguage\":\"pt-BR\",\"potentialAction\":[{\"@type\":\"CommentAction\",\"name\":\"Comment\",\"target\":[\"https:\/\/jornaltimoneiro.com.br\/index.php\/2026\/03\/09\/slug-vagas-emprego-sine-nova-santa-rita-entrevistas-11-marco\/#respond\"]}]},{\"@type\":\"WebPage\",\"@id\":\"https:\/\/jornaltimoneiro.com.br\/index.php\/2026\/03\/09\/slug-vagas-emprego-sine-nova-santa-rita-entrevistas-11-marco\/\",\"url\":\"https:\/\/jornaltimoneiro.com.br\/index.php\/2026\/03\/09\/slug-vagas-emprego-sine-nova-santa-rita-entrevistas-11-marco\/\",\"name\":\"Sine de Nova Santa Rita realiza entrevistas para vagas em diversas \u00e1reas nesta quarta-feira, 11 - O Timoneiro Jornal Canoas RS\",\"isPartOf\":{\"@id\":\"https:\/\/jornaltimoneiro.com.br\/#website\"},\"datePublished\":\"2026-03-09T16:59:08+00:00\",\"dateModified\":\"2026-03-09T16:59:08+00:00\",\"description\":\"Sine de Nova Santa Rita realiza entrevistas nesta quarta-feira (11) para sete vagas de emprego em diferentes \u00e1reas. Candidatos devem levar curr\u00edculo.\",\"breadcrumb\":{\"@id\":\"https:\/\/jornaltimoneiro.com.br\/index.php\/2026\/03\/09\/slug-vagas-emprego-sine-nova-santa-rita-entrevistas-11-marco\/#breadcrumb\"},\"inLanguage\":\"pt-BR\",\"potentialAction\":[{\"@type\":\"ReadAction\",\"target\":[\"https:\/\/jornaltimoneiro.com.br\/index.php\/2026\/03\/09\/slug-vagas-emprego-sine-nova-santa-rita-entrevistas-11-marco\/\"]}]},{\"@type\":\"BreadcrumbList\",\"@id\":\"https:\/\/jornaltimoneiro.com.br\/index.php\/2026\/03\/09\/slug-vagas-emprego-sine-nova-santa-rita-entrevistas-11-marco\/#breadcrumb\",\"itemListElement\":[{\"@type\":\"ListItem\",\"position\":1,\"name\":\"In\u00edcio\",\"item\":\"https:\/\/jornaltimoneiro.com.br\/\"},{\"@type\":\"ListItem\",\"position\":2,\"name\":\"Sine de Nova Santa Rita realiza entrevistas para vagas em diversas \u00e1reas nesta quarta-feira, 11\"}]},{\"@type\":\"WebSite\",\"@id\":\"https:\/\/jornaltimoneiro.com.br\/#website\",\"url\":\"https:\/\/jornaltimoneiro.com.br\/\",\"name\":\"Jornal Timoneiro Canoas RS\",\"description\":\"Jornal O Timoneiro, o verdadeiro jornal de Canoas\",\"publisher\":{\"@id\":\"https:\/\/jornaltimoneiro.com.br\/#organization\"},\"potentialAction\":[{\"@type\":\"SearchAction\",\"target\":{\"@type\":\"EntryPoint\",\"urlTemplate\":\"https:\/\/jornaltimoneiro.com.br\/?s={search_term_string}\"},\"query-input\":\"required name=search_term_string\"}],\"inLanguage\":\"pt-BR\"},{\"@type\":\"Organization\",\"@id\":\"https:\/\/jornaltimoneiro.com.br\/#organization\",\"name\":\"Jornal Timoneiro Canoas RS\",\"url\":\"https:\/\/jornaltimoneiro.com.br\/\",\"logo\":{\"@type\":\"ImageObject\",\"inLanguage\":\"pt-BR\",\"@id\":\"https:\/\/jornaltimoneiro.com.br\/#\/schema\/logo\/image\/\",\"url\":\"https:\/\/jornaltimoneiro.com.br\/wp-content\/uploads\/2023\/03\/logonovo.png\",\"contentUrl\":\"https:\/\/jornaltimoneiro.com.br\/wp-content\/uploads\/2023\/03\/logonovo.png\",\"width\":\"469\",\"height\":\"171\",\"caption\":\"Jornal Timoneiro Canoas RS\"},\"image\":{\"@id\":\"https:\/\/jornaltimoneiro.com.br\/#\/schema\/logo\/image\/\"},\"sameAs\":[\"https:\/\/www.facebook.com\/jornaltimoneiro\",\"https:\/\/twitter.com\/_OTimoneiro\",\"https:\/\/www.instagram.com\/jornaltimoneirocanoas\/\",\"https:\/\/www.youtube.com\/@jornalotimoneiro7927\"]},{\"@type\":\"Person\",\"@id\":\"https:\/\/jornaltimoneiro.com.br\/#\/schema\/person\/f63482f1a02b1a9592707865e509ab40\",\"name\":\"Reda\u00e7\u00e3o\",\"image\":{\"@type\":\"ImageObject\",\"inLanguage\":\"pt-BR\",\"@id\":\"https:\/\/jornaltimoneiro.com.br\/#\/schema\/person\/image\/\",\"url\":\"https:\/\/jornaltimoneiro.com.br\/wp-content\/uploads\/2023\/03\/download.jpeg\",\"contentUrl\":\"https:\/\/jornaltimoneiro.com.br\/wp-content\/uploads\/2023\/03\/download.jpeg\",\"caption\":\"Reda\u00e7\u00e3o\"},\"url\":\"https:\/\/jornaltimoneiro.com.br\/index.php\/author\/simone-dutra\/\"}]}<\/script>\n<!-- \/ Yoast SEO plugin. -->","yoast_head_json":{"title":"Sine de Nova Santa Rita realiza entrevistas para vagas em diversas \u00e1reas nesta quarta-feira, 11 - O Timoneiro Jornal Canoas RS","description":"Sine de Nova Santa Rita realiza entrevistas nesta quarta-feira (11) para sete vagas de emprego em diferentes \u00e1reas. Candidatos devem levar curr\u00edculo.","robots":{"index":"index","follow":"follow","max-snippet":"max-snippet:-1","max-image-preview":"max-image-preview:large","max-video-preview":"max-video-preview:-1"},"canonical":"https:\/\/jornaltimoneiro.com.br\/index.php\/2026\/03\/09\/slug-vagas-emprego-sine-nova-santa-rita-entrevistas-11-marco\/","og_locale":"pt_BR","og_type":"article","og_title":"Sine de Nova Santa Rita realiza entrevistas para vagas em diversas \u00e1reas nesta quarta-feira, 11 - O Timoneiro Jornal Canoas RS","og_description":"Sine de Nova Santa Rita realiza entrevistas nesta quarta-feira (11) para sete vagas de emprego em diferentes \u00e1reas. Candidatos devem levar curr\u00edculo.","og_url":"https:\/\/jornaltimoneiro.com.br\/index.php\/2026\/03\/09\/slug-vagas-emprego-sine-nova-santa-rita-entrevistas-11-marco\/","og_site_name":"O Timoneiro Jornal Canoas RS","article_publisher":"https:\/\/www.facebook.com\/jornaltimoneiro","article_published_time":"2026-03-09T16:59:08+00:00","og_image":[{"width":"2560","height":"1440","url":"https:\/\/jornaltimoneiro.com.br\/wp-content\/uploads\/2026\/03\/female-candidate-sitting-queue-receiving-cv-files-waiting-start-job-interview-about-career-opportunity-woman-getting-ready-attend-recruitment-meeting-with-hr-employee-scaled.jpg","type":"image\/jpeg"}],"author":"Reda\u00e7\u00e3o","twitter_card":"summary_large_image","twitter_creator":"@_OTimoneiro","twitter_site":"@_OTimoneiro","twitter_misc":{"Escrito por":"Reda\u00e7\u00e3o","Est. tempo de leitura":"2 minutos"},"schema":{"@context":"https:\/\/schema.org","@graph":[{"@type":"Article","@id":"https:\/\/jornaltimoneiro.com.br\/index.php\/2026\/03\/09\/slug-vagas-emprego-sine-nova-santa-rita-entrevistas-11-marco\/#article","isPartOf":{"@id":"https:\/\/jornaltimoneiro.com.br\/index.php\/2026\/03\/09\/slug-vagas-emprego-sine-nova-santa-rita-entrevistas-11-marco\/"},"author":{"name":"Reda\u00e7\u00e3o","@id":"https:\/\/jornaltimoneiro.com.br\/#\/schema\/person\/f63482f1a02b1a9592707865e509ab40"},"headline":"Sine de Nova Santa Rita realiza entrevistas para vagas em diversas \u00e1reas nesta quarta-feira, 11","datePublished":"2026-03-09T16:59:08+00:00","dateModified":"2026-03-09T16:59:08+00:00","mainEntityOfPage":{"@id":"https:\/\/jornaltimoneiro.com.br\/index.php\/2026\/03\/09\/slug-vagas-emprego-sine-nova-santa-rita-entrevistas-11-marco\/"},"wordCount":290,"commentCount":0,"publisher":{"@id":"https:\/\/jornaltimoneiro.com.br\/#organization"},"keywords":["canoas","emprego","featured","oportunidade","prefeitura de nova santa rita"],"articleSection":["Emprego"],"inLanguage":"pt-BR","potentialAction":[{"@type":"CommentAction","name":"Comment","target":["https:\/\/jornaltimoneiro.com.br\/index.php\/2026\/03\/09\/slug-vagas-emprego-sine-nova-santa-rita-entrevistas-11-marco\/#respond"]}]},{"@type":"WebPage","@id":"https:\/\/jornaltimoneiro.com.br\/index.php\/2026\/03\/09\/slug-vagas-emprego-sine-nova-santa-rita-entrevistas-11-marco\/","url":"https:\/\/jornaltimoneiro.com.br\/index.php\/2026\/03\/09\/slug-vagas-emprego-sine-nova-santa-rita-entrevistas-11-marco\/","name":"Sine de Nova Santa Rita realiza entrevistas para vagas em diversas \u00e1reas nesta quarta-feira, 11 - O Timoneiro Jornal Canoas RS","isPartOf":{"@id":"https:\/\/jornaltimoneiro.com.br\/#website"},"datePublished":"2026-03-09T16:59:08+00:00","dateModified":"2026-03-09T16:59:08+00:00","description":"Sine de Nova Santa Rita realiza entrevistas nesta quarta-feira (11) para sete vagas de emprego em diferentes \u00e1reas. Candidatos devem levar curr\u00edculo.","breadcrumb":{"@id":"https:\/\/jornaltimoneiro.com.br\/index.php\/2026\/03\/09\/slug-vagas-emprego-sine-nova-santa-rita-entrevistas-11-marco\/#breadcrumb"},"inLanguage":"pt-BR","potentialAction":[{"@type":"ReadAction","target":["https:\/\/jornaltimoneiro.com.br\/index.php\/2026\/03\/09\/slug-vagas-emprego-sine-nova-santa-rita-entrevistas-11-marco\/"]}]},{"@type":"BreadcrumbList","@id":"https:\/\/jornaltimoneiro.com.br\/index.php\/2026\/03\/09\/slug-vagas-emprego-sine-nova-santa-rita-entrevistas-11-marco\/#breadcrumb","itemListElement":[{"@type":"ListItem","position":1,"name":"In\u00edcio","item":"https:\/\/jornaltimoneiro.com.br\/"},{"@type":"ListItem","position":2,"name":"Sine de Nova Santa Rita realiza entrevistas para vagas em diversas \u00e1reas nesta quarta-feira, 11"}]},{"@type":"WebSite","@id":"https:\/\/jornaltimoneiro.com.br\/#website","url":"https:\/\/jornaltimoneiro.com.br\/","name":"Jornal Timoneiro Canoas RS","description":"Jornal O Timoneiro, o verdadeiro jornal de Canoas","publisher":{"@id":"https:\/\/jornaltimoneiro.com.br\/#organization"},"potentialAction":[{"@type":"SearchAction","target":{"@type":"EntryPoint","urlTemplate":"https:\/\/jornaltimoneiro.com.br\/?s={search_term_string}"},"query-input":"required name=search_term_string"}],"inLanguage":"pt-BR"},{"@type":"Organization","@id":"https:\/\/jornaltimoneiro.com.br\/#organization","name":"Jornal Timoneiro Canoas RS","url":"https:\/\/jornaltimoneiro.com.br\/","logo":{"@type":"ImageObject","inLanguage":"pt-BR","@id":"https:\/\/jornaltimoneiro.com.br\/#\/schema\/logo\/image\/","url":"https:\/\/jornaltimoneiro.com.br\/wp-content\/uploads\/2023\/03\/logonovo.png","contentUrl":"https:\/\/jornaltimoneiro.com.br\/wp-content\/uploads\/2023\/03\/logonovo.png","width":"469","height":"171","caption":"Jornal Timoneiro Canoas RS"},"image":{"@id":"https:\/\/jornaltimoneiro.com.br\/#\/schema\/logo\/image\/"},"sameAs":["https:\/\/www.facebook.com\/jornaltimoneiro","https:\/\/twitter.com\/_OTimoneiro","https:\/\/www.instagram.com\/jornaltimoneirocanoas\/","https:\/\/www.youtube.com\/@jornalotimoneiro7927"]},{"@type":"Person","@id":"https:\/\/jornaltimoneiro.com.br\/#\/schema\/person\/f63482f1a02b1a9592707865e509ab40","name":"Reda\u00e7\u00e3o","image":{"@type":"ImageObject","inLanguage":"pt-BR","@id":"https:\/\/jornaltimoneiro.com.br\/#\/schema\/person\/image\/","url":"https:\/\/jornaltimoneiro.com.br\/wp-content\/uploads\/2023\/03\/download.jpeg","contentUrl":"https:\/\/jornaltimoneiro.com.br\/wp-content\/uploads\/2023\/03\/download.jpeg","caption":"Reda\u00e7\u00e3o"},"url":"https:\/\/jornaltimoneiro.com.br\/index.php\/author\/simone-dutra\/"}]}},"_links":{"self":[{"href":"https:\/\/jornaltimoneiro.com.br\/index.php\/wp-json\/wp\/v2\/posts\/39435"}],"collection":[{"href":"https:\/\/jornaltimoneiro.com.br\/index.php\/wp-json\/wp\/v2\/posts"}],"about":[{"href":"https:\/\/jornaltimoneiro.com.br\/index.php\/wp-json\/wp\/v2\/types\/post"}],"author":[{"embeddable":true,"href":"https:\/\/jornaltimoneiro.com.br\/index.php\/wp-json\/wp\/v2\/users\/2"}],"replies":[{"embeddable":true,"href":"https:\/\/jornaltimoneiro.com.br\/index.php\/wp-json\/wp\/v2\/comments?post=39435"}],"version-history":[{"count":1,"href":"https:\/\/jornaltimoneiro.com.br\/index.php\/wp-json\/wp\/v2\/posts\/39435\/revisions"}],"predecessor-version":[{"id":39437,"href":"https:\/\/jornaltimoneiro.com.br\/index.php\/wp-json\/wp\/v2\/posts\/39435\/revisions\/39437"}],"wp:featuredmedia":[{"embeddable":true,"href":"https:\/\/jornaltimoneiro.com.br\/index.php\/wp-json\/wp\/v2\/media\/39436"}],"wp:attachment":[{"href":"https:\/\/jornaltimoneiro.com.br\/index.php\/wp-json\/wp\/v2\/media?parent=39435"}],"wp:term":[{"taxonomy":"category","embeddable":true,"href":"https:\/\/jornaltimoneiro.com.br\/index.php\/wp-json\/wp\/v2\/categories?post=39435"},{"taxonomy":"post_tag","embeddable":true,"href":"https:\/\/jornaltimoneiro.com.br\/index.php\/wp-json\/wp\/v2\/tags?post=39435"}],"curies":[{"name":"wp","href":"https:\/\/api.w.org\/{rel}","templated":true}]}}