{"id":39428,"date":"2026-03-09T09:25:33","date_gmt":"2026-03-09T12:25:33","guid":{"rendered":"https:\/\/jornaltimoneiro.com.br\/?p=39428"},"modified":"2026-03-09T09:25:33","modified_gmt":"2026-03-09T12:25:33","slug":"canoas-recebe-delegacao-internacional-expodireto-investimentos","status":"publish","type":"post","link":"https:\/\/jornaltimoneiro.com.br\/index.php\/2026\/03\/09\/canoas-recebe-delegacao-internacional-expodireto-investimentos\/","title":{"rendered":"Delega\u00e7\u00e3o internacional da Expodireto Cotrijal participa de encontro durante passagem pelo RS"},"content":{"rendered":"<p data-start=\"114\" data-end=\"342\">Canoas recebeu, na noite de s\u00e1bado, 7, uma delega\u00e7\u00e3o internacional ligada \u00e0 <span class=\"hover:entity-accent entity-underline inline cursor-pointer align-baseline\"><span class=\"whitespace-normal\">Expodireto Cotrijal<\/span><\/span> em um encontro voltado \u00e0 apresenta\u00e7\u00e3o do potencial econ\u00f4mico e das oportunidades de investimento no munic\u00edpio.<\/p>\n<p data-start=\"344\" data-end=\"492\">O evento reuniu investidores e empres\u00e1rios de pa\u00edses como Nig\u00e9ria, \u00cdndia, China, Peru, Paraguai e Alemanha, al\u00e9m de representantes do setor p\u00fablico.<\/p>\n<p data-start=\"494\" data-end=\"828\" data-is-last-node=\"\" data-is-only-node=\"\">A visita ocorreu durante a passagem de empres\u00e1rios e investidores internacionais pelo Rio Grande do Sul para participar da feira, considerada uma das maiores do setor do agroneg\u00f3cio no pa\u00eds. A proposta do encontro foi apresentar Canoas como um munic\u00edpio com potencial industrial e econ\u00f4mico para a instala\u00e7\u00e3o de novos empreendimentos.<\/p>\n<p>O prefeito Airton Souza destacou a import\u00e2ncia de aproximar investidores internacionais do munic\u00edpio.<\/p>\n<blockquote><p>\u201cCanoas hoje \u00e9 uma das principais economias do Rio Grande do Sul e tem um ambiente favor\u00e1vel para novos neg\u00f3cios. Receber empres\u00e1rios de v\u00e1rios pa\u00edses \u00e9 uma oportunidade de mostrar o potencial da cidade e abrir portas para novos investimentos que possam gerar emprego e desenvolvimento\u201d, afirmou.<\/p><\/blockquote>\n<p>A secret\u00e1ria municipal de Desenvolvimento Econ\u00f4mico e Inova\u00e7\u00e3o, Patr\u00edcia Augsten, destacou os diferenciais do munic\u00edpio para atrair novos empreendimentos.<\/p>\n<blockquote><p>\u201cCanoas \u00e9 o segundo maior polo educacional do Estado e conta com o Parque Canoas de Inova\u00e7\u00e3o. Temos grandes atrativos e o objetivo \u00e9 mostrar esse potencial para atrair investimentos, gerar renda e criar empregos na cidade\u201d, afirmou.<\/p><\/blockquote>\n<p>Para Leonardo Steinfeldd, da coordena\u00e7\u00e3o da \u00e1rea internacional da Expodireto, o interesse pela visita surgiu a partir da relev\u00e2ncia econ\u00f4mica do munic\u00edpio.<\/p>\n<blockquote><p>\u201cCanoas \u00e9 uma refer\u00eancia n\u00e3o s\u00f3 no Estado como no Brasil, e isso despertou o interesse da delega\u00e7\u00e3o internacional. A visita \u00e9 uma oportunidade para que representantes de diferentes pa\u00edses conhe\u00e7am a cidade e iniciem uma rela\u00e7\u00e3o que pode gerar futuros interc\u00e2mbios e investimentos\u201d, disse.<\/p><\/blockquote>\n","protected":false},"excerpt":{"rendered":"<p>Canoas recebeu, na noite de s\u00e1bado, 7, uma delega\u00e7\u00e3o internacional ligada \u00e0 Expodireto Cotrijal em um encontro voltado \u00e0 apresenta\u00e7\u00e3o do potencial econ\u00f4mico e das oportunidades de investimento no munic\u00edpio. O evento reuniu investidores e empres\u00e1rios de pa\u00edses como Nig\u00e9ria, \u00cdndia, China, Peru, Paraguai e Alemanha, al\u00e9m de representantes do setor p\u00fablico. A visita ocorreu [&hellip;]<\/p>\n","protected":false},"author":2,"featured_media":39429,"comment_status":"open","ping_status":"open","sticky":false,"template":"","format":"standard","meta":{"amp_status":"","footnotes":""},"categories":[2866],"tags":[31,3667,190],"class_list":["post-39428","post","type-post","status-publish","format-standard","has-post-thumbnail","hentry","category-canoas","tag-canoas","tag-desenvolvimento-economico","tag-featured"],"yoast_head":"<!-- This site is optimized with the Yoast SEO plugin v20.5 - https:\/\/yoast.com\/wordpress\/plugins\/seo\/ -->\n<title>Delega\u00e7\u00e3o internacional da Expodireto Cotrijal participa de encontro durante passagem pelo RS - O Timoneiro Jornal Canoas RS<\/title>\n<meta name=\"description\" content=\"Canoas recebe delega\u00e7\u00e3o internacional ligada \u00e0 Expodireto em encontro voltado \u00e0 apresenta\u00e7\u00e3o do potencial econ\u00f4mico e de oportunidades de investimento no munic\u00edpio.\" \/>\n<meta name=\"robots\" content=\"index, follow, max-snippet:-1, max-image-preview:large, max-video-preview:-1\" \/>\n<link rel=\"canonical\" href=\"https:\/\/jornaltimoneiro.com.br\/index.php\/2026\/03\/09\/canoas-recebe-delegacao-internacional-expodireto-investimentos\/\" \/>\n<meta property=\"og:locale\" content=\"pt_BR\" \/>\n<meta property=\"og:type\" content=\"article\" \/>\n<meta property=\"og:title\" content=\"Delega\u00e7\u00e3o internacional da Expodireto Cotrijal participa de encontro durante passagem pelo RS - O Timoneiro Jornal Canoas RS\" \/>\n<meta property=\"og:description\" content=\"Canoas recebe delega\u00e7\u00e3o internacional ligada \u00e0 Expodireto em encontro voltado \u00e0 apresenta\u00e7\u00e3o do potencial econ\u00f4mico e de oportunidades de investimento no munic\u00edpio.\" \/>\n<meta property=\"og:url\" content=\"https:\/\/jornaltimoneiro.com.br\/index.php\/2026\/03\/09\/canoas-recebe-delegacao-internacional-expodireto-investimentos\/\" \/>\n<meta property=\"og:site_name\" content=\"O Timoneiro Jornal Canoas RS\" \/>\n<meta property=\"article:publisher\" content=\"https:\/\/www.facebook.com\/jornaltimoneiro\" \/>\n<meta property=\"article:published_time\" content=\"2026-03-09T12:25:33+00:00\" \/>\n<meta property=\"og:image\" content=\"https:\/\/jornaltimoneiro.com.br\/wp-content\/uploads\/2026\/03\/RED-07-03-26-VISITA-DA-DELEGACAO-INTERNACIONAL-VINICIUS-MEDEIROS-62.jpg\" \/>\n\t<meta property=\"og:image:width\" content=\"2048\" \/>\n\t<meta property=\"og:image:height\" content=\"1365\" \/>\n\t<meta property=\"og:image:type\" content=\"image\/jpeg\" \/>\n<meta name=\"author\" content=\"Reda\u00e7\u00e3o\" \/>\n<meta name=\"twitter:card\" content=\"summary_large_image\" \/>\n<meta name=\"twitter:creator\" content=\"@_OTimoneiro\" \/>\n<meta name=\"twitter:site\" content=\"@_OTimoneiro\" \/>\n<meta name=\"twitter:label1\" content=\"Escrito por\" \/>\n\t<meta name=\"twitter:data1\" content=\"Reda\u00e7\u00e3o\" \/>\n\t<meta name=\"twitter:label2\" content=\"Est. tempo de leitura\" \/>\n\t<meta name=\"twitter:data2\" content=\"2 minutos\" \/>\n<script type=\"application\/ld+json\" class=\"yoast-schema-graph\">{\"@context\":\"https:\/\/schema.org\",\"@graph\":[{\"@type\":\"Article\",\"@id\":\"https:\/\/jornaltimoneiro.com.br\/index.php\/2026\/03\/09\/canoas-recebe-delegacao-internacional-expodireto-investimentos\/#article\",\"isPartOf\":{\"@id\":\"https:\/\/jornaltimoneiro.com.br\/index.php\/2026\/03\/09\/canoas-recebe-delegacao-internacional-expodireto-investimentos\/\"},\"author\":{\"name\":\"Reda\u00e7\u00e3o\",\"@id\":\"https:\/\/jornaltimoneiro.com.br\/#\/schema\/person\/f63482f1a02b1a9592707865e509ab40\"},\"headline\":\"Delega\u00e7\u00e3o internacional da Expodireto Cotrijal participa de encontro durante passagem pelo RS\",\"datePublished\":\"2026-03-09T12:25:33+00:00\",\"dateModified\":\"2026-03-09T12:25:33+00:00\",\"mainEntityOfPage\":{\"@id\":\"https:\/\/jornaltimoneiro.com.br\/index.php\/2026\/03\/09\/canoas-recebe-delegacao-internacional-expodireto-investimentos\/\"},\"wordCount\":331,\"commentCount\":0,\"publisher\":{\"@id\":\"https:\/\/jornaltimoneiro.com.br\/#organization\"},\"keywords\":[\"canoas\",\"desenvolvimento econ\u00f4mico\",\"featured\"],\"articleSection\":[\"Canoas\"],\"inLanguage\":\"pt-BR\",\"potentialAction\":[{\"@type\":\"CommentAction\",\"name\":\"Comment\",\"target\":[\"https:\/\/jornaltimoneiro.com.br\/index.php\/2026\/03\/09\/canoas-recebe-delegacao-internacional-expodireto-investimentos\/#respond\"]}]},{\"@type\":\"WebPage\",\"@id\":\"https:\/\/jornaltimoneiro.com.br\/index.php\/2026\/03\/09\/canoas-recebe-delegacao-internacional-expodireto-investimentos\/\",\"url\":\"https:\/\/jornaltimoneiro.com.br\/index.php\/2026\/03\/09\/canoas-recebe-delegacao-internacional-expodireto-investimentos\/\",\"name\":\"Delega\u00e7\u00e3o internacional da Expodireto Cotrijal participa de encontro durante passagem pelo RS - O Timoneiro Jornal Canoas RS\",\"isPartOf\":{\"@id\":\"https:\/\/jornaltimoneiro.com.br\/#website\"},\"datePublished\":\"2026-03-09T12:25:33+00:00\",\"dateModified\":\"2026-03-09T12:25:33+00:00\",\"description\":\"Canoas recebe delega\u00e7\u00e3o internacional ligada \u00e0 Expodireto em encontro voltado \u00e0 apresenta\u00e7\u00e3o do potencial econ\u00f4mico e de oportunidades de investimento no munic\u00edpio.\",\"breadcrumb\":{\"@id\":\"https:\/\/jornaltimoneiro.com.br\/index.php\/2026\/03\/09\/canoas-recebe-delegacao-internacional-expodireto-investimentos\/#breadcrumb\"},\"inLanguage\":\"pt-BR\",\"potentialAction\":[{\"@type\":\"ReadAction\",\"target\":[\"https:\/\/jornaltimoneiro.com.br\/index.php\/2026\/03\/09\/canoas-recebe-delegacao-internacional-expodireto-investimentos\/\"]}]},{\"@type\":\"BreadcrumbList\",\"@id\":\"https:\/\/jornaltimoneiro.com.br\/index.php\/2026\/03\/09\/canoas-recebe-delegacao-internacional-expodireto-investimentos\/#breadcrumb\",\"itemListElement\":[{\"@type\":\"ListItem\",\"position\":1,\"name\":\"In\u00edcio\",\"item\":\"https:\/\/jornaltimoneiro.com.br\/\"},{\"@type\":\"ListItem\",\"position\":2,\"name\":\"Delega\u00e7\u00e3o internacional da Expodireto Cotrijal participa de encontro durante passagem pelo RS\"}]},{\"@type\":\"WebSite\",\"@id\":\"https:\/\/jornaltimoneiro.com.br\/#website\",\"url\":\"https:\/\/jornaltimoneiro.com.br\/\",\"name\":\"Jornal Timoneiro Canoas RS\",\"description\":\"Jornal O Timoneiro, o verdadeiro jornal de Canoas\",\"publisher\":{\"@id\":\"https:\/\/jornaltimoneiro.com.br\/#organization\"},\"potentialAction\":[{\"@type\":\"SearchAction\",\"target\":{\"@type\":\"EntryPoint\",\"urlTemplate\":\"https:\/\/jornaltimoneiro.com.br\/?s={search_term_string}\"},\"query-input\":\"required name=search_term_string\"}],\"inLanguage\":\"pt-BR\"},{\"@type\":\"Organization\",\"@id\":\"https:\/\/jornaltimoneiro.com.br\/#organization\",\"name\":\"Jornal Timoneiro Canoas RS\",\"url\":\"https:\/\/jornaltimoneiro.com.br\/\",\"logo\":{\"@type\":\"ImageObject\",\"inLanguage\":\"pt-BR\",\"@id\":\"https:\/\/jornaltimoneiro.com.br\/#\/schema\/logo\/image\/\",\"url\":\"https:\/\/jornaltimoneiro.com.br\/wp-content\/uploads\/2023\/03\/logonovo.png\",\"contentUrl\":\"https:\/\/jornaltimoneiro.com.br\/wp-content\/uploads\/2023\/03\/logonovo.png\",\"width\":\"469\",\"height\":\"171\",\"caption\":\"Jornal Timoneiro Canoas RS\"},\"image\":{\"@id\":\"https:\/\/jornaltimoneiro.com.br\/#\/schema\/logo\/image\/\"},\"sameAs\":[\"https:\/\/www.facebook.com\/jornaltimoneiro\",\"https:\/\/twitter.com\/_OTimoneiro\",\"https:\/\/www.instagram.com\/jornaltimoneirocanoas\/\",\"https:\/\/www.youtube.com\/@jornalotimoneiro7927\"]},{\"@type\":\"Person\",\"@id\":\"https:\/\/jornaltimoneiro.com.br\/#\/schema\/person\/f63482f1a02b1a9592707865e509ab40\",\"name\":\"Reda\u00e7\u00e3o\",\"image\":{\"@type\":\"ImageObject\",\"inLanguage\":\"pt-BR\",\"@id\":\"https:\/\/jornaltimoneiro.com.br\/#\/schema\/person\/image\/\",\"url\":\"https:\/\/jornaltimoneiro.com.br\/wp-content\/uploads\/2023\/03\/download.jpeg\",\"contentUrl\":\"https:\/\/jornaltimoneiro.com.br\/wp-content\/uploads\/2023\/03\/download.jpeg\",\"caption\":\"Reda\u00e7\u00e3o\"},\"url\":\"https:\/\/jornaltimoneiro.com.br\/index.php\/author\/simone-dutra\/\"}]}<\/script>\n<!-- \/ Yoast SEO plugin. -->","yoast_head_json":{"title":"Delega\u00e7\u00e3o internacional da Expodireto Cotrijal participa de encontro durante passagem pelo RS - O Timoneiro Jornal Canoas RS","description":"Canoas recebe delega\u00e7\u00e3o internacional ligada \u00e0 Expodireto em encontro voltado \u00e0 apresenta\u00e7\u00e3o do potencial econ\u00f4mico e de oportunidades de investimento no munic\u00edpio.","robots":{"index":"index","follow":"follow","max-snippet":"max-snippet:-1","max-image-preview":"max-image-preview:large","max-video-preview":"max-video-preview:-1"},"canonical":"https:\/\/jornaltimoneiro.com.br\/index.php\/2026\/03\/09\/canoas-recebe-delegacao-internacional-expodireto-investimentos\/","og_locale":"pt_BR","og_type":"article","og_title":"Delega\u00e7\u00e3o internacional da Expodireto Cotrijal participa de encontro durante passagem pelo RS - O Timoneiro Jornal Canoas RS","og_description":"Canoas recebe delega\u00e7\u00e3o internacional ligada \u00e0 Expodireto em encontro voltado \u00e0 apresenta\u00e7\u00e3o do potencial econ\u00f4mico e de oportunidades de investimento no munic\u00edpio.","og_url":"https:\/\/jornaltimoneiro.com.br\/index.php\/2026\/03\/09\/canoas-recebe-delegacao-internacional-expodireto-investimentos\/","og_site_name":"O Timoneiro Jornal Canoas RS","article_publisher":"https:\/\/www.facebook.com\/jornaltimoneiro","article_published_time":"2026-03-09T12:25:33+00:00","og_image":[{"width":"2048","height":"1365","url":"https:\/\/jornaltimoneiro.com.br\/wp-content\/uploads\/2026\/03\/RED-07-03-26-VISITA-DA-DELEGACAO-INTERNACIONAL-VINICIUS-MEDEIROS-62.jpg","type":"image\/jpeg"}],"author":"Reda\u00e7\u00e3o","twitter_card":"summary_large_image","twitter_creator":"@_OTimoneiro","twitter_site":"@_OTimoneiro","twitter_misc":{"Escrito por":"Reda\u00e7\u00e3o","Est. tempo de leitura":"2 minutos"},"schema":{"@context":"https:\/\/schema.org","@graph":[{"@type":"Article","@id":"https:\/\/jornaltimoneiro.com.br\/index.php\/2026\/03\/09\/canoas-recebe-delegacao-internacional-expodireto-investimentos\/#article","isPartOf":{"@id":"https:\/\/jornaltimoneiro.com.br\/index.php\/2026\/03\/09\/canoas-recebe-delegacao-internacional-expodireto-investimentos\/"},"author":{"name":"Reda\u00e7\u00e3o","@id":"https:\/\/jornaltimoneiro.com.br\/#\/schema\/person\/f63482f1a02b1a9592707865e509ab40"},"headline":"Delega\u00e7\u00e3o internacional da Expodireto Cotrijal participa de encontro durante passagem pelo RS","datePublished":"2026-03-09T12:25:33+00:00","dateModified":"2026-03-09T12:25:33+00:00","mainEntityOfPage":{"@id":"https:\/\/jornaltimoneiro.com.br\/index.php\/2026\/03\/09\/canoas-recebe-delegacao-internacional-expodireto-investimentos\/"},"wordCount":331,"commentCount":0,"publisher":{"@id":"https:\/\/jornaltimoneiro.com.br\/#organization"},"keywords":["canoas","desenvolvimento econ\u00f4mico","featured"],"articleSection":["Canoas"],"inLanguage":"pt-BR","potentialAction":[{"@type":"CommentAction","name":"Comment","target":["https:\/\/jornaltimoneiro.com.br\/index.php\/2026\/03\/09\/canoas-recebe-delegacao-internacional-expodireto-investimentos\/#respond"]}]},{"@type":"WebPage","@id":"https:\/\/jornaltimoneiro.com.br\/index.php\/2026\/03\/09\/canoas-recebe-delegacao-internacional-expodireto-investimentos\/","url":"https:\/\/jornaltimoneiro.com.br\/index.php\/2026\/03\/09\/canoas-recebe-delegacao-internacional-expodireto-investimentos\/","name":"Delega\u00e7\u00e3o internacional da Expodireto Cotrijal participa de encontro durante passagem pelo RS - O Timoneiro Jornal Canoas RS","isPartOf":{"@id":"https:\/\/jornaltimoneiro.com.br\/#website"},"datePublished":"2026-03-09T12:25:33+00:00","dateModified":"2026-03-09T12:25:33+00:00","description":"Canoas recebe delega\u00e7\u00e3o internacional ligada \u00e0 Expodireto em encontro voltado \u00e0 apresenta\u00e7\u00e3o do potencial econ\u00f4mico e de oportunidades de investimento no munic\u00edpio.","breadcrumb":{"@id":"https:\/\/jornaltimoneiro.com.br\/index.php\/2026\/03\/09\/canoas-recebe-delegacao-internacional-expodireto-investimentos\/#breadcrumb"},"inLanguage":"pt-BR","potentialAction":[{"@type":"ReadAction","target":["https:\/\/jornaltimoneiro.com.br\/index.php\/2026\/03\/09\/canoas-recebe-delegacao-internacional-expodireto-investimentos\/"]}]},{"@type":"BreadcrumbList","@id":"https:\/\/jornaltimoneiro.com.br\/index.php\/2026\/03\/09\/canoas-recebe-delegacao-internacional-expodireto-investimentos\/#breadcrumb","itemListElement":[{"@type":"ListItem","position":1,"name":"In\u00edcio","item":"https:\/\/jornaltimoneiro.com.br\/"},{"@type":"ListItem","position":2,"name":"Delega\u00e7\u00e3o internacional da Expodireto Cotrijal participa de encontro durante passagem pelo RS"}]},{"@type":"WebSite","@id":"https:\/\/jornaltimoneiro.com.br\/#website","url":"https:\/\/jornaltimoneiro.com.br\/","name":"Jornal Timoneiro Canoas RS","description":"Jornal O Timoneiro, o verdadeiro jornal de Canoas","publisher":{"@id":"https:\/\/jornaltimoneiro.com.br\/#organization"},"potentialAction":[{"@type":"SearchAction","target":{"@type":"EntryPoint","urlTemplate":"https:\/\/jornaltimoneiro.com.br\/?s={search_term_string}"},"query-input":"required name=search_term_string"}],"inLanguage":"pt-BR"},{"@type":"Organization","@id":"https:\/\/jornaltimoneiro.com.br\/#organization","name":"Jornal Timoneiro Canoas RS","url":"https:\/\/jornaltimoneiro.com.br\/","logo":{"@type":"ImageObject","inLanguage":"pt-BR","@id":"https:\/\/jornaltimoneiro.com.br\/#\/schema\/logo\/image\/","url":"https:\/\/jornaltimoneiro.com.br\/wp-content\/uploads\/2023\/03\/logonovo.png","contentUrl":"https:\/\/jornaltimoneiro.com.br\/wp-content\/uploads\/2023\/03\/logonovo.png","width":"469","height":"171","caption":"Jornal Timoneiro Canoas RS"},"image":{"@id":"https:\/\/jornaltimoneiro.com.br\/#\/schema\/logo\/image\/"},"sameAs":["https:\/\/www.facebook.com\/jornaltimoneiro","https:\/\/twitter.com\/_OTimoneiro","https:\/\/www.instagram.com\/jornaltimoneirocanoas\/","https:\/\/www.youtube.com\/@jornalotimoneiro7927"]},{"@type":"Person","@id":"https:\/\/jornaltimoneiro.com.br\/#\/schema\/person\/f63482f1a02b1a9592707865e509ab40","name":"Reda\u00e7\u00e3o","image":{"@type":"ImageObject","inLanguage":"pt-BR","@id":"https:\/\/jornaltimoneiro.com.br\/#\/schema\/person\/image\/","url":"https:\/\/jornaltimoneiro.com.br\/wp-content\/uploads\/2023\/03\/download.jpeg","contentUrl":"https:\/\/jornaltimoneiro.com.br\/wp-content\/uploads\/2023\/03\/download.jpeg","caption":"Reda\u00e7\u00e3o"},"url":"https:\/\/jornaltimoneiro.com.br\/index.php\/author\/simone-dutra\/"}]}},"_links":{"self":[{"href":"https:\/\/jornaltimoneiro.com.br\/index.php\/wp-json\/wp\/v2\/posts\/39428"}],"collection":[{"href":"https:\/\/jornaltimoneiro.com.br\/index.php\/wp-json\/wp\/v2\/posts"}],"about":[{"href":"https:\/\/jornaltimoneiro.com.br\/index.php\/wp-json\/wp\/v2\/types\/post"}],"author":[{"embeddable":true,"href":"https:\/\/jornaltimoneiro.com.br\/index.php\/wp-json\/wp\/v2\/users\/2"}],"replies":[{"embeddable":true,"href":"https:\/\/jornaltimoneiro.com.br\/index.php\/wp-json\/wp\/v2\/comments?post=39428"}],"version-history":[{"count":1,"href":"https:\/\/jornaltimoneiro.com.br\/index.php\/wp-json\/wp\/v2\/posts\/39428\/revisions"}],"predecessor-version":[{"id":39430,"href":"https:\/\/jornaltimoneiro.com.br\/index.php\/wp-json\/wp\/v2\/posts\/39428\/revisions\/39430"}],"wp:featuredmedia":[{"embeddable":true,"href":"https:\/\/jornaltimoneiro.com.br\/index.php\/wp-json\/wp\/v2\/media\/39429"}],"wp:attachment":[{"href":"https:\/\/jornaltimoneiro.com.br\/index.php\/wp-json\/wp\/v2\/media?parent=39428"}],"wp:term":[{"taxonomy":"category","embeddable":true,"href":"https:\/\/jornaltimoneiro.com.br\/index.php\/wp-json\/wp\/v2\/categories?post=39428"},{"taxonomy":"post_tag","embeddable":true,"href":"https:\/\/jornaltimoneiro.com.br\/index.php\/wp-json\/wp\/v2\/tags?post=39428"}],"curies":[{"name":"wp","href":"https:\/\/api.w.org\/{rel}","templated":true}]}}