{"id":39425,"date":"2026-03-09T08:45:52","date_gmt":"2026-03-09T11:45:52","guid":{"rendered":"https:\/\/jornaltimoneiro.com.br\/?p=39425"},"modified":"2026-03-09T08:45:52","modified_gmt":"2026-03-09T11:45:52","slug":"viatura-discreta-policia-civil-canoas-emenda-impositiva","status":"publish","type":"post","link":"https:\/\/jornaltimoneiro.com.br\/index.php\/2026\/03\/09\/viatura-discreta-policia-civil-canoas-emenda-impositiva\/","title":{"rendered":"Pol\u00edcia Civil de Canoas receber\u00e1 viatura discreta adquirida com emenda parlamentar"},"content":{"rendered":"<p data-start=\"98\" data-end=\"446\">A Pol\u00edcia Civil de <span class=\"hover:entity-accent entity-underline inline cursor-pointer align-baseline\"><span class=\"whitespace-normal\">Canoas<\/span><\/span> deve receber, nos pr\u00f3ximos dias, uma nova viatura para uso em atividades investigativas no munic\u00edpio. O ve\u00edculo, modelo <span class=\"hover:entity-accent entity-underline inline cursor-pointer align-baseline\"><span class=\"whitespace-normal\">Fiat Fastback<\/span><\/span>, foi adquirido com recursos de emenda impositiva do vereador <span class=\"hover:entity-accent entity-underline inline cursor-pointer align-baseline\"><span class=\"whitespace-normal\">Juares Hoy<\/span><\/span>. O investimento foi de R$ 117 mil.<\/p>\n<p data-start=\"448\" data-end=\"640\">O autom\u00f3vel possui caracter\u00edsticas discretas, sem identifica\u00e7\u00e3o visual policial. Esse tipo de viatura \u00e9 utilizado em opera\u00e7\u00f5es que exigem acompanhamento de suspeitos e investiga\u00e7\u00f5es sigilosas.<\/p>\n<p data-start=\"642\" data-end=\"896\">Na manh\u00e3 de sexta-feira, 6, o secret\u00e1rio municipal de Seguran\u00e7a, <span class=\"hover:entity-accent entity-underline inline cursor-pointer align-baseline\"><span class=\"whitespace-normal\">Alexandre Alberto Rocha<\/span><\/span>, e o vereador estiveram no local para conhecer o ve\u00edculo. Segundo o secret\u00e1rio, a viatura ser\u00e1 destinada \u00e0 <span class=\"hover:entity-accent entity-underline inline cursor-pointer align-baseline\"><span class=\"whitespace-normal\">2\u00aa Delegacia de Pol\u00edcia Regional Metropolitana<\/span><\/span>.<\/p>\n","protected":false},"excerpt":{"rendered":"<p>A Pol\u00edcia Civil de Canoas deve receber, nos pr\u00f3ximos dias, uma nova viatura para uso em atividades investigativas no munic\u00edpio. O ve\u00edculo, modelo Fiat Fastback, foi adquirido com recursos de emenda impositiva do vereador Juares Hoy. O investimento foi de R$ 117 mil. O autom\u00f3vel possui caracter\u00edsticas discretas, sem identifica\u00e7\u00e3o visual policial. Esse tipo de [&hellip;]<\/p>\n","protected":false},"author":2,"featured_media":39426,"comment_status":"open","ping_status":"open","sticky":false,"template":"","format":"standard","meta":{"amp_status":"","footnotes":""},"categories":[4081],"tags":[31,190,718,1804,4281],"class_list":["post-39425","post","type-post","status-publish","format-standard","has-post-thumbnail","hentry","category-seguranca","tag-canoas","tag-featured","tag-policia-civil","tag-seguranca","tag-viaturas"],"yoast_head":"<!-- This site is optimized with the Yoast SEO plugin v20.5 - https:\/\/yoast.com\/wordpress\/plugins\/seo\/ -->\n<title>Pol\u00edcia Civil de Canoas receber\u00e1 viatura discreta adquirida com emenda parlamentar - O Timoneiro Jornal Canoas RS<\/title>\n<meta name=\"description\" content=\"Canoas adquire viatura discreta para a Pol\u00edcia Civil com recursos de emenda impositiva de R$ 117 mil destinada \u00e0 2\u00aa DPRM.\" \/>\n<meta name=\"robots\" content=\"index, follow, max-snippet:-1, max-image-preview:large, max-video-preview:-1\" \/>\n<link rel=\"canonical\" href=\"https:\/\/jornaltimoneiro.com.br\/index.php\/2026\/03\/09\/viatura-discreta-policia-civil-canoas-emenda-impositiva\/\" \/>\n<meta property=\"og:locale\" content=\"pt_BR\" \/>\n<meta property=\"og:type\" content=\"article\" \/>\n<meta property=\"og:title\" content=\"Pol\u00edcia Civil de Canoas receber\u00e1 viatura discreta adquirida com emenda parlamentar - O Timoneiro Jornal Canoas RS\" \/>\n<meta property=\"og:description\" content=\"Canoas adquire viatura discreta para a Pol\u00edcia Civil com recursos de emenda impositiva de R$ 117 mil destinada \u00e0 2\u00aa DPRM.\" \/>\n<meta property=\"og:url\" content=\"https:\/\/jornaltimoneiro.com.br\/index.php\/2026\/03\/09\/viatura-discreta-policia-civil-canoas-emenda-impositiva\/\" \/>\n<meta property=\"og:site_name\" content=\"O Timoneiro Jornal Canoas RS\" \/>\n<meta property=\"article:publisher\" content=\"https:\/\/www.facebook.com\/jornaltimoneiro\" \/>\n<meta property=\"article:published_time\" content=\"2026-03-09T11:45:52+00:00\" \/>\n<meta property=\"og:image\" content=\"https:\/\/jornaltimoneiro.com.br\/wp-content\/uploads\/2026\/03\/viatura.jpg\" \/>\n\t<meta property=\"og:image:width\" content=\"1600\" \/>\n\t<meta property=\"og:image:height\" content=\"1062\" \/>\n\t<meta property=\"og:image:type\" content=\"image\/jpeg\" \/>\n<meta name=\"author\" content=\"Reda\u00e7\u00e3o\" \/>\n<meta name=\"twitter:card\" content=\"summary_large_image\" \/>\n<meta name=\"twitter:creator\" content=\"@_OTimoneiro\" \/>\n<meta name=\"twitter:site\" content=\"@_OTimoneiro\" \/>\n<meta name=\"twitter:label1\" content=\"Escrito por\" \/>\n\t<meta name=\"twitter:data1\" content=\"Reda\u00e7\u00e3o\" \/>\n\t<meta name=\"twitter:label2\" content=\"Est. tempo de leitura\" \/>\n\t<meta name=\"twitter:data2\" content=\"1 minuto\" \/>\n<script type=\"application\/ld+json\" class=\"yoast-schema-graph\">{\"@context\":\"https:\/\/schema.org\",\"@graph\":[{\"@type\":\"Article\",\"@id\":\"https:\/\/jornaltimoneiro.com.br\/index.php\/2026\/03\/09\/viatura-discreta-policia-civil-canoas-emenda-impositiva\/#article\",\"isPartOf\":{\"@id\":\"https:\/\/jornaltimoneiro.com.br\/index.php\/2026\/03\/09\/viatura-discreta-policia-civil-canoas-emenda-impositiva\/\"},\"author\":{\"name\":\"Reda\u00e7\u00e3o\",\"@id\":\"https:\/\/jornaltimoneiro.com.br\/#\/schema\/person\/f63482f1a02b1a9592707865e509ab40\"},\"headline\":\"Pol\u00edcia Civil de Canoas receber\u00e1 viatura discreta adquirida com emenda parlamentar\",\"datePublished\":\"2026-03-09T11:45:52+00:00\",\"dateModified\":\"2026-03-09T11:45:52+00:00\",\"mainEntityOfPage\":{\"@id\":\"https:\/\/jornaltimoneiro.com.br\/index.php\/2026\/03\/09\/viatura-discreta-policia-civil-canoas-emenda-impositiva\/\"},\"wordCount\":126,\"commentCount\":0,\"publisher\":{\"@id\":\"https:\/\/jornaltimoneiro.com.br\/#organization\"},\"keywords\":[\"canoas\",\"featured\",\"pol\u00edcia civil\",\"seguran\u00e7a\",\"viaturas\"],\"articleSection\":[\"Seguran\u00e7a\"],\"inLanguage\":\"pt-BR\",\"potentialAction\":[{\"@type\":\"CommentAction\",\"name\":\"Comment\",\"target\":[\"https:\/\/jornaltimoneiro.com.br\/index.php\/2026\/03\/09\/viatura-discreta-policia-civil-canoas-emenda-impositiva\/#respond\"]}]},{\"@type\":\"WebPage\",\"@id\":\"https:\/\/jornaltimoneiro.com.br\/index.php\/2026\/03\/09\/viatura-discreta-policia-civil-canoas-emenda-impositiva\/\",\"url\":\"https:\/\/jornaltimoneiro.com.br\/index.php\/2026\/03\/09\/viatura-discreta-policia-civil-canoas-emenda-impositiva\/\",\"name\":\"Pol\u00edcia Civil de Canoas receber\u00e1 viatura discreta adquirida com emenda parlamentar - O Timoneiro Jornal Canoas RS\",\"isPartOf\":{\"@id\":\"https:\/\/jornaltimoneiro.com.br\/#website\"},\"datePublished\":\"2026-03-09T11:45:52+00:00\",\"dateModified\":\"2026-03-09T11:45:52+00:00\",\"description\":\"Canoas adquire viatura discreta para a Pol\u00edcia Civil com recursos de emenda impositiva de R$ 117 mil destinada \u00e0 2\u00aa DPRM.\",\"breadcrumb\":{\"@id\":\"https:\/\/jornaltimoneiro.com.br\/index.php\/2026\/03\/09\/viatura-discreta-policia-civil-canoas-emenda-impositiva\/#breadcrumb\"},\"inLanguage\":\"pt-BR\",\"potentialAction\":[{\"@type\":\"ReadAction\",\"target\":[\"https:\/\/jornaltimoneiro.com.br\/index.php\/2026\/03\/09\/viatura-discreta-policia-civil-canoas-emenda-impositiva\/\"]}]},{\"@type\":\"BreadcrumbList\",\"@id\":\"https:\/\/jornaltimoneiro.com.br\/index.php\/2026\/03\/09\/viatura-discreta-policia-civil-canoas-emenda-impositiva\/#breadcrumb\",\"itemListElement\":[{\"@type\":\"ListItem\",\"position\":1,\"name\":\"In\u00edcio\",\"item\":\"https:\/\/jornaltimoneiro.com.br\/\"},{\"@type\":\"ListItem\",\"position\":2,\"name\":\"Pol\u00edcia Civil de Canoas receber\u00e1 viatura discreta adquirida com emenda parlamentar\"}]},{\"@type\":\"WebSite\",\"@id\":\"https:\/\/jornaltimoneiro.com.br\/#website\",\"url\":\"https:\/\/jornaltimoneiro.com.br\/\",\"name\":\"Jornal Timoneiro Canoas RS\",\"description\":\"Jornal O Timoneiro, o verdadeiro jornal de Canoas\",\"publisher\":{\"@id\":\"https:\/\/jornaltimoneiro.com.br\/#organization\"},\"potentialAction\":[{\"@type\":\"SearchAction\",\"target\":{\"@type\":\"EntryPoint\",\"urlTemplate\":\"https:\/\/jornaltimoneiro.com.br\/?s={search_term_string}\"},\"query-input\":\"required name=search_term_string\"}],\"inLanguage\":\"pt-BR\"},{\"@type\":\"Organization\",\"@id\":\"https:\/\/jornaltimoneiro.com.br\/#organization\",\"name\":\"Jornal Timoneiro Canoas RS\",\"url\":\"https:\/\/jornaltimoneiro.com.br\/\",\"logo\":{\"@type\":\"ImageObject\",\"inLanguage\":\"pt-BR\",\"@id\":\"https:\/\/jornaltimoneiro.com.br\/#\/schema\/logo\/image\/\",\"url\":\"https:\/\/jornaltimoneiro.com.br\/wp-content\/uploads\/2023\/03\/logonovo.png\",\"contentUrl\":\"https:\/\/jornaltimoneiro.com.br\/wp-content\/uploads\/2023\/03\/logonovo.png\",\"width\":\"469\",\"height\":\"171\",\"caption\":\"Jornal Timoneiro Canoas RS\"},\"image\":{\"@id\":\"https:\/\/jornaltimoneiro.com.br\/#\/schema\/logo\/image\/\"},\"sameAs\":[\"https:\/\/www.facebook.com\/jornaltimoneiro\",\"https:\/\/twitter.com\/_OTimoneiro\",\"https:\/\/www.instagram.com\/jornaltimoneirocanoas\/\",\"https:\/\/www.youtube.com\/@jornalotimoneiro7927\"]},{\"@type\":\"Person\",\"@id\":\"https:\/\/jornaltimoneiro.com.br\/#\/schema\/person\/f63482f1a02b1a9592707865e509ab40\",\"name\":\"Reda\u00e7\u00e3o\",\"image\":{\"@type\":\"ImageObject\",\"inLanguage\":\"pt-BR\",\"@id\":\"https:\/\/jornaltimoneiro.com.br\/#\/schema\/person\/image\/\",\"url\":\"https:\/\/jornaltimoneiro.com.br\/wp-content\/uploads\/2023\/03\/download.jpeg\",\"contentUrl\":\"https:\/\/jornaltimoneiro.com.br\/wp-content\/uploads\/2023\/03\/download.jpeg\",\"caption\":\"Reda\u00e7\u00e3o\"},\"url\":\"https:\/\/jornaltimoneiro.com.br\/index.php\/author\/simone-dutra\/\"}]}<\/script>\n<!-- \/ Yoast SEO plugin. -->","yoast_head_json":{"title":"Pol\u00edcia Civil de Canoas receber\u00e1 viatura discreta adquirida com emenda parlamentar - O Timoneiro Jornal Canoas RS","description":"Canoas adquire viatura discreta para a Pol\u00edcia Civil com recursos de emenda impositiva de R$ 117 mil destinada \u00e0 2\u00aa DPRM.","robots":{"index":"index","follow":"follow","max-snippet":"max-snippet:-1","max-image-preview":"max-image-preview:large","max-video-preview":"max-video-preview:-1"},"canonical":"https:\/\/jornaltimoneiro.com.br\/index.php\/2026\/03\/09\/viatura-discreta-policia-civil-canoas-emenda-impositiva\/","og_locale":"pt_BR","og_type":"article","og_title":"Pol\u00edcia Civil de Canoas receber\u00e1 viatura discreta adquirida com emenda parlamentar - O Timoneiro Jornal Canoas RS","og_description":"Canoas adquire viatura discreta para a Pol\u00edcia Civil com recursos de emenda impositiva de R$ 117 mil destinada \u00e0 2\u00aa DPRM.","og_url":"https:\/\/jornaltimoneiro.com.br\/index.php\/2026\/03\/09\/viatura-discreta-policia-civil-canoas-emenda-impositiva\/","og_site_name":"O Timoneiro Jornal Canoas RS","article_publisher":"https:\/\/www.facebook.com\/jornaltimoneiro","article_published_time":"2026-03-09T11:45:52+00:00","og_image":[{"width":"1600","height":"1062","url":"https:\/\/jornaltimoneiro.com.br\/wp-content\/uploads\/2026\/03\/viatura.jpg","type":"image\/jpeg"}],"author":"Reda\u00e7\u00e3o","twitter_card":"summary_large_image","twitter_creator":"@_OTimoneiro","twitter_site":"@_OTimoneiro","twitter_misc":{"Escrito por":"Reda\u00e7\u00e3o","Est. tempo de leitura":"1 minuto"},"schema":{"@context":"https:\/\/schema.org","@graph":[{"@type":"Article","@id":"https:\/\/jornaltimoneiro.com.br\/index.php\/2026\/03\/09\/viatura-discreta-policia-civil-canoas-emenda-impositiva\/#article","isPartOf":{"@id":"https:\/\/jornaltimoneiro.com.br\/index.php\/2026\/03\/09\/viatura-discreta-policia-civil-canoas-emenda-impositiva\/"},"author":{"name":"Reda\u00e7\u00e3o","@id":"https:\/\/jornaltimoneiro.com.br\/#\/schema\/person\/f63482f1a02b1a9592707865e509ab40"},"headline":"Pol\u00edcia Civil de Canoas receber\u00e1 viatura discreta adquirida com emenda parlamentar","datePublished":"2026-03-09T11:45:52+00:00","dateModified":"2026-03-09T11:45:52+00:00","mainEntityOfPage":{"@id":"https:\/\/jornaltimoneiro.com.br\/index.php\/2026\/03\/09\/viatura-discreta-policia-civil-canoas-emenda-impositiva\/"},"wordCount":126,"commentCount":0,"publisher":{"@id":"https:\/\/jornaltimoneiro.com.br\/#organization"},"keywords":["canoas","featured","pol\u00edcia civil","seguran\u00e7a","viaturas"],"articleSection":["Seguran\u00e7a"],"inLanguage":"pt-BR","potentialAction":[{"@type":"CommentAction","name":"Comment","target":["https:\/\/jornaltimoneiro.com.br\/index.php\/2026\/03\/09\/viatura-discreta-policia-civil-canoas-emenda-impositiva\/#respond"]}]},{"@type":"WebPage","@id":"https:\/\/jornaltimoneiro.com.br\/index.php\/2026\/03\/09\/viatura-discreta-policia-civil-canoas-emenda-impositiva\/","url":"https:\/\/jornaltimoneiro.com.br\/index.php\/2026\/03\/09\/viatura-discreta-policia-civil-canoas-emenda-impositiva\/","name":"Pol\u00edcia Civil de Canoas receber\u00e1 viatura discreta adquirida com emenda parlamentar - O Timoneiro Jornal Canoas RS","isPartOf":{"@id":"https:\/\/jornaltimoneiro.com.br\/#website"},"datePublished":"2026-03-09T11:45:52+00:00","dateModified":"2026-03-09T11:45:52+00:00","description":"Canoas adquire viatura discreta para a Pol\u00edcia Civil com recursos de emenda impositiva de R$ 117 mil destinada \u00e0 2\u00aa DPRM.","breadcrumb":{"@id":"https:\/\/jornaltimoneiro.com.br\/index.php\/2026\/03\/09\/viatura-discreta-policia-civil-canoas-emenda-impositiva\/#breadcrumb"},"inLanguage":"pt-BR","potentialAction":[{"@type":"ReadAction","target":["https:\/\/jornaltimoneiro.com.br\/index.php\/2026\/03\/09\/viatura-discreta-policia-civil-canoas-emenda-impositiva\/"]}]},{"@type":"BreadcrumbList","@id":"https:\/\/jornaltimoneiro.com.br\/index.php\/2026\/03\/09\/viatura-discreta-policia-civil-canoas-emenda-impositiva\/#breadcrumb","itemListElement":[{"@type":"ListItem","position":1,"name":"In\u00edcio","item":"https:\/\/jornaltimoneiro.com.br\/"},{"@type":"ListItem","position":2,"name":"Pol\u00edcia Civil de Canoas receber\u00e1 viatura discreta adquirida com emenda parlamentar"}]},{"@type":"WebSite","@id":"https:\/\/jornaltimoneiro.com.br\/#website","url":"https:\/\/jornaltimoneiro.com.br\/","name":"Jornal Timoneiro Canoas RS","description":"Jornal O Timoneiro, o verdadeiro jornal de Canoas","publisher":{"@id":"https:\/\/jornaltimoneiro.com.br\/#organization"},"potentialAction":[{"@type":"SearchAction","target":{"@type":"EntryPoint","urlTemplate":"https:\/\/jornaltimoneiro.com.br\/?s={search_term_string}"},"query-input":"required name=search_term_string"}],"inLanguage":"pt-BR"},{"@type":"Organization","@id":"https:\/\/jornaltimoneiro.com.br\/#organization","name":"Jornal Timoneiro Canoas RS","url":"https:\/\/jornaltimoneiro.com.br\/","logo":{"@type":"ImageObject","inLanguage":"pt-BR","@id":"https:\/\/jornaltimoneiro.com.br\/#\/schema\/logo\/image\/","url":"https:\/\/jornaltimoneiro.com.br\/wp-content\/uploads\/2023\/03\/logonovo.png","contentUrl":"https:\/\/jornaltimoneiro.com.br\/wp-content\/uploads\/2023\/03\/logonovo.png","width":"469","height":"171","caption":"Jornal Timoneiro Canoas RS"},"image":{"@id":"https:\/\/jornaltimoneiro.com.br\/#\/schema\/logo\/image\/"},"sameAs":["https:\/\/www.facebook.com\/jornaltimoneiro","https:\/\/twitter.com\/_OTimoneiro","https:\/\/www.instagram.com\/jornaltimoneirocanoas\/","https:\/\/www.youtube.com\/@jornalotimoneiro7927"]},{"@type":"Person","@id":"https:\/\/jornaltimoneiro.com.br\/#\/schema\/person\/f63482f1a02b1a9592707865e509ab40","name":"Reda\u00e7\u00e3o","image":{"@type":"ImageObject","inLanguage":"pt-BR","@id":"https:\/\/jornaltimoneiro.com.br\/#\/schema\/person\/image\/","url":"https:\/\/jornaltimoneiro.com.br\/wp-content\/uploads\/2023\/03\/download.jpeg","contentUrl":"https:\/\/jornaltimoneiro.com.br\/wp-content\/uploads\/2023\/03\/download.jpeg","caption":"Reda\u00e7\u00e3o"},"url":"https:\/\/jornaltimoneiro.com.br\/index.php\/author\/simone-dutra\/"}]}},"_links":{"self":[{"href":"https:\/\/jornaltimoneiro.com.br\/index.php\/wp-json\/wp\/v2\/posts\/39425"}],"collection":[{"href":"https:\/\/jornaltimoneiro.com.br\/index.php\/wp-json\/wp\/v2\/posts"}],"about":[{"href":"https:\/\/jornaltimoneiro.com.br\/index.php\/wp-json\/wp\/v2\/types\/post"}],"author":[{"embeddable":true,"href":"https:\/\/jornaltimoneiro.com.br\/index.php\/wp-json\/wp\/v2\/users\/2"}],"replies":[{"embeddable":true,"href":"https:\/\/jornaltimoneiro.com.br\/index.php\/wp-json\/wp\/v2\/comments?post=39425"}],"version-history":[{"count":1,"href":"https:\/\/jornaltimoneiro.com.br\/index.php\/wp-json\/wp\/v2\/posts\/39425\/revisions"}],"predecessor-version":[{"id":39427,"href":"https:\/\/jornaltimoneiro.com.br\/index.php\/wp-json\/wp\/v2\/posts\/39425\/revisions\/39427"}],"wp:featuredmedia":[{"embeddable":true,"href":"https:\/\/jornaltimoneiro.com.br\/index.php\/wp-json\/wp\/v2\/media\/39426"}],"wp:attachment":[{"href":"https:\/\/jornaltimoneiro.com.br\/index.php\/wp-json\/wp\/v2\/media?parent=39425"}],"wp:term":[{"taxonomy":"category","embeddable":true,"href":"https:\/\/jornaltimoneiro.com.br\/index.php\/wp-json\/wp\/v2\/categories?post=39425"},{"taxonomy":"post_tag","embeddable":true,"href":"https:\/\/jornaltimoneiro.com.br\/index.php\/wp-json\/wp\/v2\/tags?post=39425"}],"curies":[{"name":"wp","href":"https:\/\/api.w.org\/{rel}","templated":true}]}}