{"id":39412,"date":"2026-03-06T14:26:09","date_gmt":"2026-03-06T17:26:09","guid":{"rendered":"https:\/\/jornaltimoneiro.com.br\/?p=39412"},"modified":"2026-03-06T14:26:09","modified_gmt":"2026-03-06T17:26:09","slug":"seletivas-programa-talentos-do-esporte-canoas","status":"publish","type":"post","link":"https:\/\/jornaltimoneiro.com.br\/index.php\/2026\/03\/06\/seletivas-programa-talentos-do-esporte-canoas\/","title":{"rendered":"Secretaria de Esporte e Lazer segue com avalia\u00e7\u00f5es do Programa Talentos do Esporte em Canoas"},"content":{"rendered":"<p data-start=\"0\" data-end=\"275\">A Secretaria Municipal de Esporte e Lazer continua na pr\u00f3xima semana com as sele\u00e7\u00f5es de jovens atletas por meio do Programa Talentos do Esporte, em Canoas. As avalia\u00e7\u00f5es esportivas come\u00e7aram na ter\u00e7a-feira, 3, e seguem ao longo do m\u00eas, contemplando diferentes faixas et\u00e1rias.<\/p>\n<p data-start=\"277\" data-end=\"524\">As atividades acontecem no Centro Esportivo S\u00e3o Jos\u00e9, no Centro Ol\u00edmpico Municipal e no CEL Esta\u00e7\u00e3o Cidadania. Est\u00e3o previstas avalia\u00e7\u00f5es nas modalidades de basquete, gin\u00e1stica art\u00edstica e r\u00edtmica, jud\u00f4, atletismo, hockey 5\u2019s, voleibol e handebol.<\/p>\n<p data-start=\"526\" data-end=\"706\" data-is-last-node=\"\" data-is-only-node=\"\">Para participar, n\u00e3o \u00e9 necess\u00e1rio realizar inscri\u00e7\u00e3o antecipada. Os interessados devem comparecer diretamente ao local indicado, na data e hor\u00e1rio programados para cada modalidade.<\/p>\n<p>Confira o calend\u00e1rio:<\/p>\n<p data-start=\"1799\" data-end=\"1970\"><strong data-start=\"1799\" data-end=\"1813\">9 de mar\u00e7o<\/strong><br data-start=\"1813\" data-end=\"1816\" \/>Gin\u00e1stica Art\u00edstica Feminina \u2013 nascidas entre 2013 e 2020, \u00e0s 9h30<br data-start=\"1882\" data-end=\"1885\" \/>Local: CEL Esta\u00e7\u00e3o Cidadania, Avenida Rio Grande do Sul, 3320, bairro Mathias Velho<\/p>\n<p data-start=\"1972\" data-end=\"2126\"><strong data-start=\"1972\" data-end=\"1987\">10 de mar\u00e7o<\/strong><br data-start=\"1987\" data-end=\"1990\" \/>Voleibol Masculino Adulto \u2013 nascidos a partir de 2007, \u00e0s 19h<br data-start=\"2051\" data-end=\"2054\" \/>Local: Centro Ol\u00edmpico Municipal, Avenida Araguaia, 1151, bairro Igara<\/p>\n<p data-start=\"2128\" data-end=\"2293\"><strong data-start=\"2128\" data-end=\"2143\">11 de mar\u00e7o<\/strong><br data-start=\"2143\" data-end=\"2146\" \/>Handebol Masculino Mirim e Infantil \u2013 nascidos entre 2010 e 2014, \u00e0s 16h<br data-start=\"2218\" data-end=\"2221\" \/>Local: Centro Ol\u00edmpico Municipal, Avenida Araguaia, 1151, bairro Igara<\/p>\n<p data-start=\"2295\" data-end=\"2503\">Handebol Feminino<br data-start=\"2312\" data-end=\"2315\" \/>Nascidas em 2013, 2014 e 2015, \u00e0s 14h<br data-start=\"2352\" data-end=\"2355\" \/>Nascidas em 2010, 2011 e 2012, \u00e0s 15h<br data-start=\"2392\" data-end=\"2395\" \/>Nascidas a partir de 2009, \u00e0s 19h<br data-start=\"2428\" data-end=\"2431\" \/>Local: Centro Ol\u00edmpico Municipal, Avenida Araguaia, 1151, bairro Igara<\/p>\n<p data-start=\"2505\" data-end=\"2659\"><strong data-start=\"2505\" data-end=\"2520\">12 de mar\u00e7o<\/strong><br data-start=\"2520\" data-end=\"2523\" \/>Handebol Masculino Adulto \u2013 nascidos a partir de 2007, \u00e0s 21h<br data-start=\"2584\" data-end=\"2587\" \/>Local: Centro Ol\u00edmpico Municipal, Avenida Araguaia, 1151, bairro Igara<\/p>\n<p data-start=\"2661\" data-end=\"2827\" data-is-last-node=\"\" data-is-only-node=\"\"><strong data-start=\"2661\" data-end=\"2676\">13 de mar\u00e7o<\/strong><br data-start=\"2676\" data-end=\"2679\" \/>Jud\u00f4 Masculino e Feminino \u2013 nascidos entre 2016 e 2019, \u00e0s 9h<br data-start=\"2740\" data-end=\"2743\" \/>Local: CEL Esta\u00e7\u00e3o Cidadania, Avenida Rio Grande do Sul, 3320, bairro Mathias Velho.<\/p>\n","protected":false},"excerpt":{"rendered":"<p>A Secretaria Municipal de Esporte e Lazer continua na pr\u00f3xima semana com as sele\u00e7\u00f5es de jovens atletas por meio do Programa Talentos do Esporte, em Canoas. As avalia\u00e7\u00f5es esportivas come\u00e7aram na ter\u00e7a-feira, 3, e seguem ao longo do m\u00eas, contemplando diferentes faixas et\u00e1rias. As atividades acontecem no Centro Esportivo S\u00e3o Jos\u00e9, no Centro Ol\u00edmpico Municipal [&hellip;]<\/p>\n","protected":false},"author":2,"featured_media":39413,"comment_status":"open","ping_status":"open","sticky":false,"template":"","format":"standard","meta":{"amp_status":"","footnotes":""},"categories":[24],"tags":[31,234,190,2226],"class_list":["post-39412","post","type-post","status-publish","format-standard","has-post-thumbnail","hentry","category-esporte","tag-canoas","tag-esporte","tag-featured","tag-selecao"],"yoast_head":"<!-- This site is optimized with the Yoast SEO plugin v20.5 - https:\/\/yoast.com\/wordpress\/plugins\/seo\/ -->\n<title>Secretaria de Esporte e Lazer segue com avalia\u00e7\u00f5es do Programa Talentos do Esporte em Canoas - O Timoneiro Jornal Canoas RS<\/title>\n<meta name=\"description\" content=\"Secretaria Municipal de Esporte e Lazer de Canoas realiza avalia\u00e7\u00f5es do Programa Talentos do Esporte em diversas modalidades ao longo do m\u00eas.\" \/>\n<meta name=\"robots\" content=\"index, follow, max-snippet:-1, max-image-preview:large, max-video-preview:-1\" \/>\n<link rel=\"canonical\" href=\"https:\/\/jornaltimoneiro.com.br\/index.php\/2026\/03\/06\/seletivas-programa-talentos-do-esporte-canoas\/\" \/>\n<meta property=\"og:locale\" content=\"pt_BR\" \/>\n<meta property=\"og:type\" content=\"article\" \/>\n<meta property=\"og:title\" content=\"Secretaria de Esporte e Lazer segue com avalia\u00e7\u00f5es do Programa Talentos do Esporte em Canoas - O Timoneiro Jornal Canoas RS\" \/>\n<meta property=\"og:description\" content=\"Secretaria Municipal de Esporte e Lazer de Canoas realiza avalia\u00e7\u00f5es do Programa Talentos do Esporte em diversas modalidades ao longo do m\u00eas.\" \/>\n<meta property=\"og:url\" content=\"https:\/\/jornaltimoneiro.com.br\/index.php\/2026\/03\/06\/seletivas-programa-talentos-do-esporte-canoas\/\" \/>\n<meta property=\"og:site_name\" content=\"O Timoneiro Jornal Canoas RS\" \/>\n<meta property=\"article:publisher\" content=\"https:\/\/www.facebook.com\/jornaltimoneiro\" \/>\n<meta property=\"article:published_time\" content=\"2026-03-06T17:26:09+00:00\" \/>\n<meta property=\"og:image\" content=\"https:\/\/jornaltimoneiro.com.br\/wp-content\/uploads\/2026\/03\/ginastica-ritmica.jpeg\" \/>\n\t<meta property=\"og:image:width\" content=\"1280\" \/>\n\t<meta property=\"og:image:height\" content=\"853\" \/>\n\t<meta property=\"og:image:type\" content=\"image\/jpeg\" \/>\n<meta name=\"author\" content=\"Reda\u00e7\u00e3o\" \/>\n<meta name=\"twitter:card\" content=\"summary_large_image\" \/>\n<meta name=\"twitter:creator\" content=\"@_OTimoneiro\" \/>\n<meta name=\"twitter:site\" content=\"@_OTimoneiro\" \/>\n<meta name=\"twitter:label1\" content=\"Escrito por\" \/>\n\t<meta name=\"twitter:data1\" content=\"Reda\u00e7\u00e3o\" \/>\n\t<meta name=\"twitter:label2\" content=\"Est. tempo de leitura\" \/>\n\t<meta name=\"twitter:data2\" content=\"2 minutos\" \/>\n<script type=\"application\/ld+json\" class=\"yoast-schema-graph\">{\"@context\":\"https:\/\/schema.org\",\"@graph\":[{\"@type\":\"Article\",\"@id\":\"https:\/\/jornaltimoneiro.com.br\/index.php\/2026\/03\/06\/seletivas-programa-talentos-do-esporte-canoas\/#article\",\"isPartOf\":{\"@id\":\"https:\/\/jornaltimoneiro.com.br\/index.php\/2026\/03\/06\/seletivas-programa-talentos-do-esporte-canoas\/\"},\"author\":{\"name\":\"Reda\u00e7\u00e3o\",\"@id\":\"https:\/\/jornaltimoneiro.com.br\/#\/schema\/person\/f63482f1a02b1a9592707865e509ab40\"},\"headline\":\"Secretaria de Esporte e Lazer segue com avalia\u00e7\u00f5es do Programa Talentos do Esporte em Canoas\",\"datePublished\":\"2026-03-06T17:26:09+00:00\",\"dateModified\":\"2026-03-06T17:26:09+00:00\",\"mainEntityOfPage\":{\"@id\":\"https:\/\/jornaltimoneiro.com.br\/index.php\/2026\/03\/06\/seletivas-programa-talentos-do-esporte-canoas\/\"},\"wordCount\":273,\"commentCount\":0,\"publisher\":{\"@id\":\"https:\/\/jornaltimoneiro.com.br\/#organization\"},\"keywords\":[\"canoas\",\"esporte\",\"featured\",\"sele\u00e7\u00e3o\"],\"articleSection\":[\"Esporte\"],\"inLanguage\":\"pt-BR\",\"potentialAction\":[{\"@type\":\"CommentAction\",\"name\":\"Comment\",\"target\":[\"https:\/\/jornaltimoneiro.com.br\/index.php\/2026\/03\/06\/seletivas-programa-talentos-do-esporte-canoas\/#respond\"]}]},{\"@type\":\"WebPage\",\"@id\":\"https:\/\/jornaltimoneiro.com.br\/index.php\/2026\/03\/06\/seletivas-programa-talentos-do-esporte-canoas\/\",\"url\":\"https:\/\/jornaltimoneiro.com.br\/index.php\/2026\/03\/06\/seletivas-programa-talentos-do-esporte-canoas\/\",\"name\":\"Secretaria de Esporte e Lazer segue com avalia\u00e7\u00f5es do Programa Talentos do Esporte em Canoas - O Timoneiro Jornal Canoas RS\",\"isPartOf\":{\"@id\":\"https:\/\/jornaltimoneiro.com.br\/#website\"},\"datePublished\":\"2026-03-06T17:26:09+00:00\",\"dateModified\":\"2026-03-06T17:26:09+00:00\",\"description\":\"Secretaria Municipal de Esporte e Lazer de Canoas realiza avalia\u00e7\u00f5es do Programa Talentos do Esporte em diversas modalidades ao longo do m\u00eas.\",\"breadcrumb\":{\"@id\":\"https:\/\/jornaltimoneiro.com.br\/index.php\/2026\/03\/06\/seletivas-programa-talentos-do-esporte-canoas\/#breadcrumb\"},\"inLanguage\":\"pt-BR\",\"potentialAction\":[{\"@type\":\"ReadAction\",\"target\":[\"https:\/\/jornaltimoneiro.com.br\/index.php\/2026\/03\/06\/seletivas-programa-talentos-do-esporte-canoas\/\"]}]},{\"@type\":\"BreadcrumbList\",\"@id\":\"https:\/\/jornaltimoneiro.com.br\/index.php\/2026\/03\/06\/seletivas-programa-talentos-do-esporte-canoas\/#breadcrumb\",\"itemListElement\":[{\"@type\":\"ListItem\",\"position\":1,\"name\":\"In\u00edcio\",\"item\":\"https:\/\/jornaltimoneiro.com.br\/\"},{\"@type\":\"ListItem\",\"position\":2,\"name\":\"Secretaria de Esporte e Lazer segue com avalia\u00e7\u00f5es do Programa Talentos do Esporte em Canoas\"}]},{\"@type\":\"WebSite\",\"@id\":\"https:\/\/jornaltimoneiro.com.br\/#website\",\"url\":\"https:\/\/jornaltimoneiro.com.br\/\",\"name\":\"Jornal Timoneiro Canoas RS\",\"description\":\"Jornal O Timoneiro, o verdadeiro jornal de Canoas\",\"publisher\":{\"@id\":\"https:\/\/jornaltimoneiro.com.br\/#organization\"},\"potentialAction\":[{\"@type\":\"SearchAction\",\"target\":{\"@type\":\"EntryPoint\",\"urlTemplate\":\"https:\/\/jornaltimoneiro.com.br\/?s={search_term_string}\"},\"query-input\":\"required name=search_term_string\"}],\"inLanguage\":\"pt-BR\"},{\"@type\":\"Organization\",\"@id\":\"https:\/\/jornaltimoneiro.com.br\/#organization\",\"name\":\"Jornal Timoneiro Canoas RS\",\"url\":\"https:\/\/jornaltimoneiro.com.br\/\",\"logo\":{\"@type\":\"ImageObject\",\"inLanguage\":\"pt-BR\",\"@id\":\"https:\/\/jornaltimoneiro.com.br\/#\/schema\/logo\/image\/\",\"url\":\"https:\/\/jornaltimoneiro.com.br\/wp-content\/uploads\/2023\/03\/logonovo.png\",\"contentUrl\":\"https:\/\/jornaltimoneiro.com.br\/wp-content\/uploads\/2023\/03\/logonovo.png\",\"width\":\"469\",\"height\":\"171\",\"caption\":\"Jornal Timoneiro Canoas RS\"},\"image\":{\"@id\":\"https:\/\/jornaltimoneiro.com.br\/#\/schema\/logo\/image\/\"},\"sameAs\":[\"https:\/\/www.facebook.com\/jornaltimoneiro\",\"https:\/\/twitter.com\/_OTimoneiro\",\"https:\/\/www.instagram.com\/jornaltimoneirocanoas\/\",\"https:\/\/www.youtube.com\/@jornalotimoneiro7927\"]},{\"@type\":\"Person\",\"@id\":\"https:\/\/jornaltimoneiro.com.br\/#\/schema\/person\/f63482f1a02b1a9592707865e509ab40\",\"name\":\"Reda\u00e7\u00e3o\",\"image\":{\"@type\":\"ImageObject\",\"inLanguage\":\"pt-BR\",\"@id\":\"https:\/\/jornaltimoneiro.com.br\/#\/schema\/person\/image\/\",\"url\":\"https:\/\/jornaltimoneiro.com.br\/wp-content\/uploads\/2023\/03\/download.jpeg\",\"contentUrl\":\"https:\/\/jornaltimoneiro.com.br\/wp-content\/uploads\/2023\/03\/download.jpeg\",\"caption\":\"Reda\u00e7\u00e3o\"},\"url\":\"https:\/\/jornaltimoneiro.com.br\/index.php\/author\/simone-dutra\/\"}]}<\/script>\n<!-- \/ Yoast SEO plugin. -->","yoast_head_json":{"title":"Secretaria de Esporte e Lazer segue com avalia\u00e7\u00f5es do Programa Talentos do Esporte em Canoas - O Timoneiro Jornal Canoas RS","description":"Secretaria Municipal de Esporte e Lazer de Canoas realiza avalia\u00e7\u00f5es do Programa Talentos do Esporte em diversas modalidades ao longo do m\u00eas.","robots":{"index":"index","follow":"follow","max-snippet":"max-snippet:-1","max-image-preview":"max-image-preview:large","max-video-preview":"max-video-preview:-1"},"canonical":"https:\/\/jornaltimoneiro.com.br\/index.php\/2026\/03\/06\/seletivas-programa-talentos-do-esporte-canoas\/","og_locale":"pt_BR","og_type":"article","og_title":"Secretaria de Esporte e Lazer segue com avalia\u00e7\u00f5es do Programa Talentos do Esporte em Canoas - O Timoneiro Jornal Canoas RS","og_description":"Secretaria Municipal de Esporte e Lazer de Canoas realiza avalia\u00e7\u00f5es do Programa Talentos do Esporte em diversas modalidades ao longo do m\u00eas.","og_url":"https:\/\/jornaltimoneiro.com.br\/index.php\/2026\/03\/06\/seletivas-programa-talentos-do-esporte-canoas\/","og_site_name":"O Timoneiro Jornal Canoas RS","article_publisher":"https:\/\/www.facebook.com\/jornaltimoneiro","article_published_time":"2026-03-06T17:26:09+00:00","og_image":[{"width":"1280","height":"853","url":"https:\/\/jornaltimoneiro.com.br\/wp-content\/uploads\/2026\/03\/ginastica-ritmica.jpeg","type":"image\/jpeg"}],"author":"Reda\u00e7\u00e3o","twitter_card":"summary_large_image","twitter_creator":"@_OTimoneiro","twitter_site":"@_OTimoneiro","twitter_misc":{"Escrito por":"Reda\u00e7\u00e3o","Est. tempo de leitura":"2 minutos"},"schema":{"@context":"https:\/\/schema.org","@graph":[{"@type":"Article","@id":"https:\/\/jornaltimoneiro.com.br\/index.php\/2026\/03\/06\/seletivas-programa-talentos-do-esporte-canoas\/#article","isPartOf":{"@id":"https:\/\/jornaltimoneiro.com.br\/index.php\/2026\/03\/06\/seletivas-programa-talentos-do-esporte-canoas\/"},"author":{"name":"Reda\u00e7\u00e3o","@id":"https:\/\/jornaltimoneiro.com.br\/#\/schema\/person\/f63482f1a02b1a9592707865e509ab40"},"headline":"Secretaria de Esporte e Lazer segue com avalia\u00e7\u00f5es do Programa Talentos do Esporte em Canoas","datePublished":"2026-03-06T17:26:09+00:00","dateModified":"2026-03-06T17:26:09+00:00","mainEntityOfPage":{"@id":"https:\/\/jornaltimoneiro.com.br\/index.php\/2026\/03\/06\/seletivas-programa-talentos-do-esporte-canoas\/"},"wordCount":273,"commentCount":0,"publisher":{"@id":"https:\/\/jornaltimoneiro.com.br\/#organization"},"keywords":["canoas","esporte","featured","sele\u00e7\u00e3o"],"articleSection":["Esporte"],"inLanguage":"pt-BR","potentialAction":[{"@type":"CommentAction","name":"Comment","target":["https:\/\/jornaltimoneiro.com.br\/index.php\/2026\/03\/06\/seletivas-programa-talentos-do-esporte-canoas\/#respond"]}]},{"@type":"WebPage","@id":"https:\/\/jornaltimoneiro.com.br\/index.php\/2026\/03\/06\/seletivas-programa-talentos-do-esporte-canoas\/","url":"https:\/\/jornaltimoneiro.com.br\/index.php\/2026\/03\/06\/seletivas-programa-talentos-do-esporte-canoas\/","name":"Secretaria de Esporte e Lazer segue com avalia\u00e7\u00f5es do Programa Talentos do Esporte em Canoas - O Timoneiro Jornal Canoas RS","isPartOf":{"@id":"https:\/\/jornaltimoneiro.com.br\/#website"},"datePublished":"2026-03-06T17:26:09+00:00","dateModified":"2026-03-06T17:26:09+00:00","description":"Secretaria Municipal de Esporte e Lazer de Canoas realiza avalia\u00e7\u00f5es do Programa Talentos do Esporte em diversas modalidades ao longo do m\u00eas.","breadcrumb":{"@id":"https:\/\/jornaltimoneiro.com.br\/index.php\/2026\/03\/06\/seletivas-programa-talentos-do-esporte-canoas\/#breadcrumb"},"inLanguage":"pt-BR","potentialAction":[{"@type":"ReadAction","target":["https:\/\/jornaltimoneiro.com.br\/index.php\/2026\/03\/06\/seletivas-programa-talentos-do-esporte-canoas\/"]}]},{"@type":"BreadcrumbList","@id":"https:\/\/jornaltimoneiro.com.br\/index.php\/2026\/03\/06\/seletivas-programa-talentos-do-esporte-canoas\/#breadcrumb","itemListElement":[{"@type":"ListItem","position":1,"name":"In\u00edcio","item":"https:\/\/jornaltimoneiro.com.br\/"},{"@type":"ListItem","position":2,"name":"Secretaria de Esporte e Lazer segue com avalia\u00e7\u00f5es do Programa Talentos do Esporte em Canoas"}]},{"@type":"WebSite","@id":"https:\/\/jornaltimoneiro.com.br\/#website","url":"https:\/\/jornaltimoneiro.com.br\/","name":"Jornal Timoneiro Canoas RS","description":"Jornal O Timoneiro, o verdadeiro jornal de Canoas","publisher":{"@id":"https:\/\/jornaltimoneiro.com.br\/#organization"},"potentialAction":[{"@type":"SearchAction","target":{"@type":"EntryPoint","urlTemplate":"https:\/\/jornaltimoneiro.com.br\/?s={search_term_string}"},"query-input":"required name=search_term_string"}],"inLanguage":"pt-BR"},{"@type":"Organization","@id":"https:\/\/jornaltimoneiro.com.br\/#organization","name":"Jornal Timoneiro Canoas RS","url":"https:\/\/jornaltimoneiro.com.br\/","logo":{"@type":"ImageObject","inLanguage":"pt-BR","@id":"https:\/\/jornaltimoneiro.com.br\/#\/schema\/logo\/image\/","url":"https:\/\/jornaltimoneiro.com.br\/wp-content\/uploads\/2023\/03\/logonovo.png","contentUrl":"https:\/\/jornaltimoneiro.com.br\/wp-content\/uploads\/2023\/03\/logonovo.png","width":"469","height":"171","caption":"Jornal Timoneiro Canoas RS"},"image":{"@id":"https:\/\/jornaltimoneiro.com.br\/#\/schema\/logo\/image\/"},"sameAs":["https:\/\/www.facebook.com\/jornaltimoneiro","https:\/\/twitter.com\/_OTimoneiro","https:\/\/www.instagram.com\/jornaltimoneirocanoas\/","https:\/\/www.youtube.com\/@jornalotimoneiro7927"]},{"@type":"Person","@id":"https:\/\/jornaltimoneiro.com.br\/#\/schema\/person\/f63482f1a02b1a9592707865e509ab40","name":"Reda\u00e7\u00e3o","image":{"@type":"ImageObject","inLanguage":"pt-BR","@id":"https:\/\/jornaltimoneiro.com.br\/#\/schema\/person\/image\/","url":"https:\/\/jornaltimoneiro.com.br\/wp-content\/uploads\/2023\/03\/download.jpeg","contentUrl":"https:\/\/jornaltimoneiro.com.br\/wp-content\/uploads\/2023\/03\/download.jpeg","caption":"Reda\u00e7\u00e3o"},"url":"https:\/\/jornaltimoneiro.com.br\/index.php\/author\/simone-dutra\/"}]}},"_links":{"self":[{"href":"https:\/\/jornaltimoneiro.com.br\/index.php\/wp-json\/wp\/v2\/posts\/39412"}],"collection":[{"href":"https:\/\/jornaltimoneiro.com.br\/index.php\/wp-json\/wp\/v2\/posts"}],"about":[{"href":"https:\/\/jornaltimoneiro.com.br\/index.php\/wp-json\/wp\/v2\/types\/post"}],"author":[{"embeddable":true,"href":"https:\/\/jornaltimoneiro.com.br\/index.php\/wp-json\/wp\/v2\/users\/2"}],"replies":[{"embeddable":true,"href":"https:\/\/jornaltimoneiro.com.br\/index.php\/wp-json\/wp\/v2\/comments?post=39412"}],"version-history":[{"count":1,"href":"https:\/\/jornaltimoneiro.com.br\/index.php\/wp-json\/wp\/v2\/posts\/39412\/revisions"}],"predecessor-version":[{"id":39414,"href":"https:\/\/jornaltimoneiro.com.br\/index.php\/wp-json\/wp\/v2\/posts\/39412\/revisions\/39414"}],"wp:featuredmedia":[{"embeddable":true,"href":"https:\/\/jornaltimoneiro.com.br\/index.php\/wp-json\/wp\/v2\/media\/39413"}],"wp:attachment":[{"href":"https:\/\/jornaltimoneiro.com.br\/index.php\/wp-json\/wp\/v2\/media?parent=39412"}],"wp:term":[{"taxonomy":"category","embeddable":true,"href":"https:\/\/jornaltimoneiro.com.br\/index.php\/wp-json\/wp\/v2\/categories?post=39412"},{"taxonomy":"post_tag","embeddable":true,"href":"https:\/\/jornaltimoneiro.com.br\/index.php\/wp-json\/wp\/v2\/tags?post=39412"}],"curies":[{"name":"wp","href":"https:\/\/api.w.org\/{rel}","templated":true}]}}