{"id":3941,"date":"2016-05-27T11:41:58","date_gmt":"2016-05-27T14:41:58","guid":{"rendered":"http:\/\/otimoneiro.com.br\/?p=3941"},"modified":"2016-05-27T11:41:58","modified_gmt":"2016-05-27T14:41:58","slug":"pior-quadrimestre-em-35-anos-avalia-sindicato-dos-comerciarios","status":"publish","type":"post","link":"https:\/\/jornaltimoneiro.com.br\/index.php\/2016\/05\/27\/pior-quadrimestre-em-35-anos-avalia-sindicato-dos-comerciarios\/","title":{"rendered":"Pior quadrimestre em 35 anos, avalia Sindicato dos Comerci\u00e1rios"},"content":{"rendered":"<div id=\"attachment_2184\" style=\"width: 618px\" class=\"wp-caption aligncenter\"><a href=\"http:\/\/otimoneiro.com.br\/wp-content\/uploads\/2015\/12\/DSC_8115.jpg\"><img decoding=\"async\" aria-describedby=\"caption-attachment-2184\" class=\"wp-image-2184\" src=\"http:\/\/otimoneiro.com.br\/wp-content\/uploads\/2015\/12\/DSC_8115-1024x683.jpg\" alt=\"Centro da cidade continua com os t\u00e3o indesejados fios. Foto: Bruno Lara\/OT\" width=\"608\" height=\"405\" \/><\/a><p id=\"caption-attachment-2184\" class=\"wp-caption-text\">Cal\u00e7ad\u00e3o de Canoas concentra boa parte do com\u00e9rcio da cidade. Foto: Bruno Lara\/arquivo-OT<\/p><\/div>\n<p>O Sindicato dos Comerci\u00e1rios de Canoas e Nova Santa Rita (Sindec) apontou, na \u00faltima semana, que ao menos mil demiss\u00f5es foram registradas no setor apenas nos quatro primeiros meses. Por\u00e9m, o n\u00famero pode ser ainda maior, pois apenas aqueles com mais de um ano de contrato passam pelo sindicato para o desligamento.<\/p>\n<p>A situa\u00e7\u00e3o, segundo o presidente do Sindec, Ant\u00f4nio Felini, alterou a din\u00e2mica do sindicato a partir da necessidade de um grande n\u00famero de desligamentos. \u201cN\u00f3s t\u00ednhamos, a cada meia hora, uma rescis\u00e3o. Tivemos de mudar a nossa agenda e fazer a cada cinco minutos, ou nossa agenda acabaria em julho\u201d, aponta. \u201cEm todos esses 35 anos que eu estou no sindicato, eu nunca vi uma recess\u00e3o igual a essa. Est\u00e3o cortando e n\u00e3o est\u00e3o repondo. Os sal\u00e1rios maiores est\u00e3o sofrendo maior retalia\u00e7\u00e3o\u201d, afirma.<\/p>\n<p>O motivo dessa crise, acredita ele, \u00e9 a falta de dinheiro das pessoas devido a falta de empregos. \u201cA estabilidade do governo. N\u00f3s temos dois governos. Um interino e outro paralelo que n\u00e3o sabe se vai sair. Se voltar muda toda a pol\u00edtica econ\u00f4mica do pa\u00eds. As pessoas n\u00e3o est\u00e3o mais comprando 10, 15, 20 vezes, est\u00e3o comprando tr\u00eas vezes por n\u00e3o saber como estar\u00e1 a situa\u00e7\u00e3o daqui h\u00e1 tr\u00eas meses\u201d, pontua.<\/p>\n<h3>Empreendedor\u00a0na crise<\/h3>\n<p>J\u00e1 Itamar Tadeu, presidente do Sindilojas Canoas, acredita que o fechamento de algumas empresas \u00e9 o maior motivo para o grande n\u00famero de demiss\u00f5es. Embora deposite a esperan\u00e7a de dias melhores no novo shopping, que est\u00e1 sendo constru\u00eddo no bairro Marechal Rondon, pr\u00f3ximo ao Cap\u00e3o do Corvo, ele ressalta que h\u00e1 preocupa\u00e7\u00e3o no setor.<\/p>\n<p>\u201cExiste uma preocupa\u00e7\u00e3o muito grande e agente estava esperando um impacto imediato com a sa\u00edda da Dilma, mas n\u00f3s n\u00e3o estamos sentindo essa seguran\u00e7a, essa mudan\u00e7a. Nesse primeiro momento \u00e9 dif\u00edcil tu retomar a tua economia, a tua loja, o teu estabelecimento. Por isso est\u00e1 ainda ocorrendo algumas demiss\u00f5es, principalmente das que est\u00e3o h\u00e1 mais de um ano e que tem que ir ao sindicato fazer a homologa\u00e7\u00e3o\u201d, pontua.<\/p>\n<p>A procupa\u00e7\u00e3o de ambos os sindicatos \u00e9 que o n\u00famero pode ser muito maior do que os registros mostram em fun\u00e7\u00e3o dos colaboradores que tem menos de um ano. \u201cA Lei diz que pode fazer o pagamento na sua pr\u00f3pria empresa. Com certeza tem mais algumas pessoas que est\u00e3o sendo demitidas e que n\u00e3o se confere pelo sindicato a sa\u00edda delas\u201d, acredita Tadeu.<\/p>\n<h3>Ind\u00fastria parcela<\/h3>\n<p>Seguindo a l\u00f3gica do Governo do Estado, a ind\u00fastria canoense, segundo Tadeu, tamb\u00e9m tem parcelado o sal\u00e1rio de seus funcion\u00e1rios. \u201cEst\u00e3o fazendo o pagamento de seus sal\u00e1rios em duas ou tr\u00eas vez, pois n\u00e3o est\u00e3o conseguindo fazer o pagamento at\u00e9 o quinto dia \u00fatil. Mas ind\u00fastria, com\u00e9rcio n\u00e3o \u00e9 tanto porque s\u00e3o pequenas as quantidades de colaboradores\u201d, pondera.<\/p>\n<h3>Seguran\u00e7a<\/h3>\n<p>Para o presidente do Sindilojas, a seguran\u00e7a \u00e9 um dos fatores que resulta no fechamento de algumas lojas. \u201cO que tamb\u00e9m preocupa agente \u00e9 o fechamento de algumas lojas. A gente deve lembrar que hoje a gente tem um problema grave em nosso munic\u00edpio, que j\u00e1 melhorou muito, que \u00e9 a falta de seguran\u00e7a. Isso nos deixa muito preocupados. O pequeno com\u00e9rcio, que tem dificuldade para se manter, ainda enfrenta isso\u201d, opina. \u201cO primeiro a sofrer \u00e9 o nosso funcion\u00e1rio\u201d, conclui.<\/p>\n<p>Mas o sindicato patronal acredita que com a sa\u00edda da presidente da rep\u00fablica, Dilma Rousseff (PT), a situa\u00e7\u00e3o deve melhorar. \u201cN\u00f3s estamos otimistas. Queremos que dentro de dois meses, fazendo essas mudan\u00e7as que o presidente est\u00e1 fazendo, algumas coisas bem interessantes e outras nem t\u00e3o interessantes. N\u00e3o nos agrada, mas algu\u00e9m tem que ser peitudo, algu\u00e9m tem que fazer a mudan\u00e7a. E n\u00f3s temos que apostar que algu\u00e9m vai fazer a mudan\u00e7a\u201d, acredita afirmando que tudo se resolve a partir da credibilidade do Governo Federal, embora garanta que a luta ser\u00e1 contra a cria\u00e7\u00e3o de novos impostos. \u201cN\u00e3o podemos aceitar qualquer tipo de imposto novo. A CPMF n\u00e3o vai retornar, pelo menos pela nossa briga. Para que ela continue enterrada\u201d, pontua.<\/p>\n","protected":false},"excerpt":{"rendered":"<p>O Sindicato dos Comerci\u00e1rios de Canoas e Nova Santa Rita (Sindec) apontou, na \u00faltima semana, que ao menos mil demiss\u00f5es foram registradas no setor apenas nos quatro primeiros meses. Por\u00e9m, o n\u00famero pode ser ainda maior, pois apenas aqueles com mais de um ano de contrato passam pelo sindicato para o desligamento. A situa\u00e7\u00e3o, segundo [&hellip;]<\/p>\n","protected":false},"author":1,"featured_media":2184,"comment_status":"open","ping_status":"open","sticky":false,"template":"","format":"standard","meta":{"amp_status":"","footnotes":""},"categories":[25,19,22],"tags":[],"class_list":["post-3941","post","type-post","status-publish","format-standard","has-post-thumbnail","hentry","category-comunidade","category-destaques","category-noticias"],"yoast_head":"<!-- This site is optimized with the Yoast SEO plugin v20.5 - https:\/\/yoast.com\/wordpress\/plugins\/seo\/ -->\n<title>Pior quadrimestre em 35 anos, avalia Sindicato dos Comerci\u00e1rios - O Timoneiro Jornal Canoas RS<\/title>\n<meta name=\"robots\" content=\"index, follow, max-snippet:-1, max-image-preview:large, max-video-preview:-1\" \/>\n<link rel=\"canonical\" href=\"https:\/\/jornaltimoneiro.com.br\/index.php\/2016\/05\/27\/pior-quadrimestre-em-35-anos-avalia-sindicato-dos-comerciarios\/\" \/>\n<meta property=\"og:locale\" content=\"pt_BR\" \/>\n<meta property=\"og:type\" content=\"article\" \/>\n<meta property=\"og:title\" content=\"Pior quadrimestre em 35 anos, avalia Sindicato dos Comerci\u00e1rios - O Timoneiro Jornal Canoas RS\" \/>\n<meta property=\"og:description\" content=\"O Sindicato dos Comerci\u00e1rios de Canoas e Nova Santa Rita (Sindec) apontou, na \u00faltima semana, que ao menos mil demiss\u00f5es foram registradas no setor apenas nos quatro primeiros meses. Por\u00e9m, o n\u00famero pode ser ainda maior, pois apenas aqueles com mais de um ano de contrato passam pelo sindicato para o desligamento. A situa\u00e7\u00e3o, segundo [&hellip;]\" \/>\n<meta property=\"og:url\" content=\"https:\/\/jornaltimoneiro.com.br\/index.php\/2016\/05\/27\/pior-quadrimestre-em-35-anos-avalia-sindicato-dos-comerciarios\/\" \/>\n<meta property=\"og:site_name\" content=\"O Timoneiro Jornal Canoas RS\" \/>\n<meta property=\"article:publisher\" content=\"https:\/\/www.facebook.com\/jornaltimoneiro\" \/>\n<meta property=\"article:published_time\" content=\"2016-05-27T14:41:58+00:00\" \/>\n<meta name=\"author\" content=\"Reda\u00e7\u00e3o\" \/>\n<meta name=\"twitter:card\" content=\"summary_large_image\" \/>\n<meta name=\"twitter:creator\" content=\"@_OTimoneiro\" \/>\n<meta name=\"twitter:site\" content=\"@_OTimoneiro\" \/>\n<meta name=\"twitter:label1\" content=\"Escrito por\" \/>\n\t<meta name=\"twitter:data1\" content=\"Reda\u00e7\u00e3o\" \/>\n\t<meta name=\"twitter:label2\" content=\"Est. tempo de leitura\" \/>\n\t<meta name=\"twitter:data2\" content=\"4 minutos\" \/>\n<script type=\"application\/ld+json\" class=\"yoast-schema-graph\">{\"@context\":\"https:\/\/schema.org\",\"@graph\":[{\"@type\":\"Article\",\"@id\":\"https:\/\/jornaltimoneiro.com.br\/index.php\/2016\/05\/27\/pior-quadrimestre-em-35-anos-avalia-sindicato-dos-comerciarios\/#article\",\"isPartOf\":{\"@id\":\"https:\/\/jornaltimoneiro.com.br\/index.php\/2016\/05\/27\/pior-quadrimestre-em-35-anos-avalia-sindicato-dos-comerciarios\/\"},\"author\":{\"name\":\"Reda\u00e7\u00e3o\",\"@id\":\"https:\/\/jornaltimoneiro.com.br\/#\/schema\/person\/620efd1d8244466117482be494360b08\"},\"headline\":\"Pior quadrimestre em 35 anos, avalia Sindicato dos Comerci\u00e1rios\",\"datePublished\":\"2016-05-27T14:41:58+00:00\",\"dateModified\":\"2016-05-27T14:41:58+00:00\",\"mainEntityOfPage\":{\"@id\":\"https:\/\/jornaltimoneiro.com.br\/index.php\/2016\/05\/27\/pior-quadrimestre-em-35-anos-avalia-sindicato-dos-comerciarios\/\"},\"wordCount\":771,\"commentCount\":0,\"publisher\":{\"@id\":\"https:\/\/jornaltimoneiro.com.br\/#organization\"},\"articleSection\":[\"Comunidade\",\"Destaques\",\"Not\u00edcias\"],\"inLanguage\":\"pt-BR\",\"potentialAction\":[{\"@type\":\"CommentAction\",\"name\":\"Comment\",\"target\":[\"https:\/\/jornaltimoneiro.com.br\/index.php\/2016\/05\/27\/pior-quadrimestre-em-35-anos-avalia-sindicato-dos-comerciarios\/#respond\"]}]},{\"@type\":\"WebPage\",\"@id\":\"https:\/\/jornaltimoneiro.com.br\/index.php\/2016\/05\/27\/pior-quadrimestre-em-35-anos-avalia-sindicato-dos-comerciarios\/\",\"url\":\"https:\/\/jornaltimoneiro.com.br\/index.php\/2016\/05\/27\/pior-quadrimestre-em-35-anos-avalia-sindicato-dos-comerciarios\/\",\"name\":\"Pior quadrimestre em 35 anos, avalia Sindicato dos Comerci\u00e1rios - O Timoneiro Jornal Canoas RS\",\"isPartOf\":{\"@id\":\"https:\/\/jornaltimoneiro.com.br\/#website\"},\"datePublished\":\"2016-05-27T14:41:58+00:00\",\"dateModified\":\"2016-05-27T14:41:58+00:00\",\"breadcrumb\":{\"@id\":\"https:\/\/jornaltimoneiro.com.br\/index.php\/2016\/05\/27\/pior-quadrimestre-em-35-anos-avalia-sindicato-dos-comerciarios\/#breadcrumb\"},\"inLanguage\":\"pt-BR\",\"potentialAction\":[{\"@type\":\"ReadAction\",\"target\":[\"https:\/\/jornaltimoneiro.com.br\/index.php\/2016\/05\/27\/pior-quadrimestre-em-35-anos-avalia-sindicato-dos-comerciarios\/\"]}]},{\"@type\":\"BreadcrumbList\",\"@id\":\"https:\/\/jornaltimoneiro.com.br\/index.php\/2016\/05\/27\/pior-quadrimestre-em-35-anos-avalia-sindicato-dos-comerciarios\/#breadcrumb\",\"itemListElement\":[{\"@type\":\"ListItem\",\"position\":1,\"name\":\"In\u00edcio\",\"item\":\"https:\/\/jornaltimoneiro.com.br\/\"},{\"@type\":\"ListItem\",\"position\":2,\"name\":\"Pior quadrimestre em 35 anos, avalia Sindicato dos Comerci\u00e1rios\"}]},{\"@type\":\"WebSite\",\"@id\":\"https:\/\/jornaltimoneiro.com.br\/#website\",\"url\":\"https:\/\/jornaltimoneiro.com.br\/\",\"name\":\"Jornal Timoneiro Canoas RS\",\"description\":\"Jornal O Timoneiro, o verdadeiro jornal de Canoas\",\"publisher\":{\"@id\":\"https:\/\/jornaltimoneiro.com.br\/#organization\"},\"potentialAction\":[{\"@type\":\"SearchAction\",\"target\":{\"@type\":\"EntryPoint\",\"urlTemplate\":\"https:\/\/jornaltimoneiro.com.br\/?s={search_term_string}\"},\"query-input\":\"required name=search_term_string\"}],\"inLanguage\":\"pt-BR\"},{\"@type\":\"Organization\",\"@id\":\"https:\/\/jornaltimoneiro.com.br\/#organization\",\"name\":\"Jornal Timoneiro Canoas RS\",\"url\":\"https:\/\/jornaltimoneiro.com.br\/\",\"logo\":{\"@type\":\"ImageObject\",\"inLanguage\":\"pt-BR\",\"@id\":\"https:\/\/jornaltimoneiro.com.br\/#\/schema\/logo\/image\/\",\"url\":\"https:\/\/jornaltimoneiro.com.br\/wp-content\/uploads\/2023\/03\/logonovo.png\",\"contentUrl\":\"https:\/\/jornaltimoneiro.com.br\/wp-content\/uploads\/2023\/03\/logonovo.png\",\"width\":\"469\",\"height\":\"171\",\"caption\":\"Jornal Timoneiro Canoas RS\"},\"image\":{\"@id\":\"https:\/\/jornaltimoneiro.com.br\/#\/schema\/logo\/image\/\"},\"sameAs\":[\"https:\/\/www.facebook.com\/jornaltimoneiro\",\"https:\/\/twitter.com\/_OTimoneiro\",\"https:\/\/www.instagram.com\/jornaltimoneirocanoas\/\",\"https:\/\/www.youtube.com\/@jornalotimoneiro7927\"]},{\"@type\":\"Person\",\"@id\":\"https:\/\/jornaltimoneiro.com.br\/#\/schema\/person\/620efd1d8244466117482be494360b08\",\"name\":\"Reda\u00e7\u00e3o\",\"image\":{\"@type\":\"ImageObject\",\"inLanguage\":\"pt-BR\",\"@id\":\"https:\/\/jornaltimoneiro.com.br\/#\/schema\/person\/image\/\",\"url\":\"https:\/\/secure.gravatar.com\/avatar\/2f04e1b304682a8d9db336c7acd77f08?s=96&d=mm&r=g\",\"contentUrl\":\"https:\/\/secure.gravatar.com\/avatar\/2f04e1b304682a8d9db336c7acd77f08?s=96&d=mm&r=g\",\"caption\":\"Reda\u00e7\u00e3o\"},\"url\":\"https:\/\/jornaltimoneiro.com.br\/index.php\/author\/timoneirocanoas\/\"}]}<\/script>\n<!-- \/ Yoast SEO plugin. -->","yoast_head_json":{"title":"Pior quadrimestre em 35 anos, avalia Sindicato dos Comerci\u00e1rios - O Timoneiro Jornal Canoas RS","robots":{"index":"index","follow":"follow","max-snippet":"max-snippet:-1","max-image-preview":"max-image-preview:large","max-video-preview":"max-video-preview:-1"},"canonical":"https:\/\/jornaltimoneiro.com.br\/index.php\/2016\/05\/27\/pior-quadrimestre-em-35-anos-avalia-sindicato-dos-comerciarios\/","og_locale":"pt_BR","og_type":"article","og_title":"Pior quadrimestre em 35 anos, avalia Sindicato dos Comerci\u00e1rios - O Timoneiro Jornal Canoas RS","og_description":"O Sindicato dos Comerci\u00e1rios de Canoas e Nova Santa Rita (Sindec) apontou, na \u00faltima semana, que ao menos mil demiss\u00f5es foram registradas no setor apenas nos quatro primeiros meses. Por\u00e9m, o n\u00famero pode ser ainda maior, pois apenas aqueles com mais de um ano de contrato passam pelo sindicato para o desligamento. A situa\u00e7\u00e3o, segundo [&hellip;]","og_url":"https:\/\/jornaltimoneiro.com.br\/index.php\/2016\/05\/27\/pior-quadrimestre-em-35-anos-avalia-sindicato-dos-comerciarios\/","og_site_name":"O Timoneiro Jornal Canoas RS","article_publisher":"https:\/\/www.facebook.com\/jornaltimoneiro","article_published_time":"2016-05-27T14:41:58+00:00","author":"Reda\u00e7\u00e3o","twitter_card":"summary_large_image","twitter_creator":"@_OTimoneiro","twitter_site":"@_OTimoneiro","twitter_misc":{"Escrito por":"Reda\u00e7\u00e3o","Est. tempo de leitura":"4 minutos"},"schema":{"@context":"https:\/\/schema.org","@graph":[{"@type":"Article","@id":"https:\/\/jornaltimoneiro.com.br\/index.php\/2016\/05\/27\/pior-quadrimestre-em-35-anos-avalia-sindicato-dos-comerciarios\/#article","isPartOf":{"@id":"https:\/\/jornaltimoneiro.com.br\/index.php\/2016\/05\/27\/pior-quadrimestre-em-35-anos-avalia-sindicato-dos-comerciarios\/"},"author":{"name":"Reda\u00e7\u00e3o","@id":"https:\/\/jornaltimoneiro.com.br\/#\/schema\/person\/620efd1d8244466117482be494360b08"},"headline":"Pior quadrimestre em 35 anos, avalia Sindicato dos Comerci\u00e1rios","datePublished":"2016-05-27T14:41:58+00:00","dateModified":"2016-05-27T14:41:58+00:00","mainEntityOfPage":{"@id":"https:\/\/jornaltimoneiro.com.br\/index.php\/2016\/05\/27\/pior-quadrimestre-em-35-anos-avalia-sindicato-dos-comerciarios\/"},"wordCount":771,"commentCount":0,"publisher":{"@id":"https:\/\/jornaltimoneiro.com.br\/#organization"},"articleSection":["Comunidade","Destaques","Not\u00edcias"],"inLanguage":"pt-BR","potentialAction":[{"@type":"CommentAction","name":"Comment","target":["https:\/\/jornaltimoneiro.com.br\/index.php\/2016\/05\/27\/pior-quadrimestre-em-35-anos-avalia-sindicato-dos-comerciarios\/#respond"]}]},{"@type":"WebPage","@id":"https:\/\/jornaltimoneiro.com.br\/index.php\/2016\/05\/27\/pior-quadrimestre-em-35-anos-avalia-sindicato-dos-comerciarios\/","url":"https:\/\/jornaltimoneiro.com.br\/index.php\/2016\/05\/27\/pior-quadrimestre-em-35-anos-avalia-sindicato-dos-comerciarios\/","name":"Pior quadrimestre em 35 anos, avalia Sindicato dos Comerci\u00e1rios - O Timoneiro Jornal Canoas RS","isPartOf":{"@id":"https:\/\/jornaltimoneiro.com.br\/#website"},"datePublished":"2016-05-27T14:41:58+00:00","dateModified":"2016-05-27T14:41:58+00:00","breadcrumb":{"@id":"https:\/\/jornaltimoneiro.com.br\/index.php\/2016\/05\/27\/pior-quadrimestre-em-35-anos-avalia-sindicato-dos-comerciarios\/#breadcrumb"},"inLanguage":"pt-BR","potentialAction":[{"@type":"ReadAction","target":["https:\/\/jornaltimoneiro.com.br\/index.php\/2016\/05\/27\/pior-quadrimestre-em-35-anos-avalia-sindicato-dos-comerciarios\/"]}]},{"@type":"BreadcrumbList","@id":"https:\/\/jornaltimoneiro.com.br\/index.php\/2016\/05\/27\/pior-quadrimestre-em-35-anos-avalia-sindicato-dos-comerciarios\/#breadcrumb","itemListElement":[{"@type":"ListItem","position":1,"name":"In\u00edcio","item":"https:\/\/jornaltimoneiro.com.br\/"},{"@type":"ListItem","position":2,"name":"Pior quadrimestre em 35 anos, avalia Sindicato dos Comerci\u00e1rios"}]},{"@type":"WebSite","@id":"https:\/\/jornaltimoneiro.com.br\/#website","url":"https:\/\/jornaltimoneiro.com.br\/","name":"Jornal Timoneiro Canoas RS","description":"Jornal O Timoneiro, o verdadeiro jornal de Canoas","publisher":{"@id":"https:\/\/jornaltimoneiro.com.br\/#organization"},"potentialAction":[{"@type":"SearchAction","target":{"@type":"EntryPoint","urlTemplate":"https:\/\/jornaltimoneiro.com.br\/?s={search_term_string}"},"query-input":"required name=search_term_string"}],"inLanguage":"pt-BR"},{"@type":"Organization","@id":"https:\/\/jornaltimoneiro.com.br\/#organization","name":"Jornal Timoneiro Canoas RS","url":"https:\/\/jornaltimoneiro.com.br\/","logo":{"@type":"ImageObject","inLanguage":"pt-BR","@id":"https:\/\/jornaltimoneiro.com.br\/#\/schema\/logo\/image\/","url":"https:\/\/jornaltimoneiro.com.br\/wp-content\/uploads\/2023\/03\/logonovo.png","contentUrl":"https:\/\/jornaltimoneiro.com.br\/wp-content\/uploads\/2023\/03\/logonovo.png","width":"469","height":"171","caption":"Jornal Timoneiro Canoas RS"},"image":{"@id":"https:\/\/jornaltimoneiro.com.br\/#\/schema\/logo\/image\/"},"sameAs":["https:\/\/www.facebook.com\/jornaltimoneiro","https:\/\/twitter.com\/_OTimoneiro","https:\/\/www.instagram.com\/jornaltimoneirocanoas\/","https:\/\/www.youtube.com\/@jornalotimoneiro7927"]},{"@type":"Person","@id":"https:\/\/jornaltimoneiro.com.br\/#\/schema\/person\/620efd1d8244466117482be494360b08","name":"Reda\u00e7\u00e3o","image":{"@type":"ImageObject","inLanguage":"pt-BR","@id":"https:\/\/jornaltimoneiro.com.br\/#\/schema\/person\/image\/","url":"https:\/\/secure.gravatar.com\/avatar\/2f04e1b304682a8d9db336c7acd77f08?s=96&d=mm&r=g","contentUrl":"https:\/\/secure.gravatar.com\/avatar\/2f04e1b304682a8d9db336c7acd77f08?s=96&d=mm&r=g","caption":"Reda\u00e7\u00e3o"},"url":"https:\/\/jornaltimoneiro.com.br\/index.php\/author\/timoneirocanoas\/"}]}},"_links":{"self":[{"href":"https:\/\/jornaltimoneiro.com.br\/index.php\/wp-json\/wp\/v2\/posts\/3941"}],"collection":[{"href":"https:\/\/jornaltimoneiro.com.br\/index.php\/wp-json\/wp\/v2\/posts"}],"about":[{"href":"https:\/\/jornaltimoneiro.com.br\/index.php\/wp-json\/wp\/v2\/types\/post"}],"author":[{"embeddable":true,"href":"https:\/\/jornaltimoneiro.com.br\/index.php\/wp-json\/wp\/v2\/users\/1"}],"replies":[{"embeddable":true,"href":"https:\/\/jornaltimoneiro.com.br\/index.php\/wp-json\/wp\/v2\/comments?post=3941"}],"version-history":[{"count":0,"href":"https:\/\/jornaltimoneiro.com.br\/index.php\/wp-json\/wp\/v2\/posts\/3941\/revisions"}],"wp:featuredmedia":[{"embeddable":true,"href":"https:\/\/jornaltimoneiro.com.br\/index.php\/wp-json\/"}],"wp:attachment":[{"href":"https:\/\/jornaltimoneiro.com.br\/index.php\/wp-json\/wp\/v2\/media?parent=3941"}],"wp:term":[{"taxonomy":"category","embeddable":true,"href":"https:\/\/jornaltimoneiro.com.br\/index.php\/wp-json\/wp\/v2\/categories?post=3941"},{"taxonomy":"post_tag","embeddable":true,"href":"https:\/\/jornaltimoneiro.com.br\/index.php\/wp-json\/wp\/v2\/tags?post=3941"}],"curies":[{"name":"wp","href":"https:\/\/api.w.org\/{rel}","templated":true}]}}