{"id":39403,"date":"2026-03-06T13:43:12","date_gmt":"2026-03-06T16:43:12","guid":{"rendered":"https:\/\/jornaltimoneiro.com.br\/?p=39403"},"modified":"2026-03-06T13:43:12","modified_gmt":"2026-03-06T16:43:12","slug":"peneira-basquete-talentos-do-esporte-canoas-2026","status":"publish","type":"post","link":"https:\/\/jornaltimoneiro.com.br\/index.php\/2026\/03\/06\/peneira-basquete-talentos-do-esporte-canoas-2026\/","title":{"rendered":"Seletiva de basquete do Programa Talentos do Esporte re\u00fane jovens atletas em Canoas"},"content":{"rendered":"<p data-start=\"90\" data-end=\"405\">O Centro Esportivo S\u00e3o Jos\u00e9 recebeu, na ter\u00e7a-feira, 4, uma seletiva de basquete do Programa Talentos do Esporte. A atividade marcou o in\u00edcio do calend\u00e1rio da modalidade em 2026 e reuniu adolescentes da categoria Sub-16 interessados em conquistar uma vaga nas equipes que representam o munic\u00edpio em competi\u00e7\u00f5es.<\/p>\n<p data-start=\"407\" data-end=\"712\">A avalia\u00e7\u00e3o foi organizada pela Secretaria Municipal de Esporte e Lazer e integra a programa\u00e7\u00e3o do Talentos do Esporte, que durante o m\u00eas de mar\u00e7o promove seletivas em diferentes modalidades. A proposta \u00e9 identificar novos talentos e incentivar a pr\u00e1tica esportiva entre crian\u00e7as e adolescentes da cidade.<\/p>\n<p data-start=\"714\" data-end=\"1155\">Entre os participantes estava o estudante Lu\u00eds Cassiano, de 15 anos, que falou sobre a rela\u00e7\u00e3o com o projeto.<\/p>\n<blockquote>\n<p data-start=\"714\" data-end=\"1155\">\u201cDesde pequeno sou apaixonado pelo basquete e sempre pensei em mudar a hist\u00f3ria da minha fam\u00edlia por meio do esporte. O Talentos do Esporte me acolheu desde sempre. O projeto me moldou por dentro, melhorei meu mental, meu f\u00edsico e priorizei coisas que nunca imaginei. \u00c9 um dos muitos motivos que me fazem estar aqui hoje\u201d, afirmou.<\/p>\n<\/blockquote>\n<p data-start=\"1157\" data-end=\"1528\">Outro participante foi Maicon Dias, tamb\u00e9m de 15 anos, que contou como soube da seletiva.<\/p>\n<blockquote>\n<p data-start=\"1157\" data-end=\"1528\">\u201cComecei a jogar com 13 anos e me apaixonei. Quero realizar meu sonho de ser jogador de basquete. Fiquei sabendo da peneira por um post no Instagram que amigos me enviaram. Espero ter a oportunidade de jogar campeonatos, conhecer outras pessoas e evoluir na minha carreira\u201d, disse.<\/p>\n<\/blockquote>\n<p data-start=\"1530\" data-end=\"1966\">De acordo com o professor da Funda\u00e7\u00e3o La Salle, Juliano Oliveira, a atividade tem um papel importante na forma\u00e7\u00e3o dos jovens.<\/p>\n<blockquote>\n<p data-start=\"1530\" data-end=\"1966\">\u201cEstamos abrindo o ano do basquete com bastante expectativa. Chegou muita gente. Oferecer esporte para os jovens \u00e9 de grande valia. Vamos ocupar esses meninos pelo menos duas vezes por semana, com treinos e competi\u00e7\u00f5es. O foco do esporte \u00e9 fundamental, n\u00e3o s\u00f3 para eles, mas para toda a comunidade\u201d, ressaltou.<\/p>\n<\/blockquote>\n<p data-start=\"1968\" data-end=\"2360\" data-is-last-node=\"\" data-is-only-node=\"\">As seletivas do Programa Talentos do Esporte seguem ao longo de mar\u00e7o em Canoas. A programa\u00e7\u00e3o inclui modalidades como gin\u00e1stica, atletismo, jud\u00f4, v\u00f4lei, handebol e hockey 5\u2019s, com atividades em diferentes centros esportivos da cidade. Para participar, n\u00e3o \u00e9 necess\u00e1rio realizar inscri\u00e7\u00e3o antecipada. Os interessados devem comparecer ao local na data e hor\u00e1rio previstos para cada modalidade.<\/p>\n<p>Confira a programa\u00e7\u00e3o das pr\u00f3ximas seletivas:<br \/>\n5 de mar\u00e7o<br \/>\nGin\u00e1stica R\u00edtmica \u2013 Nascidas entre 2014 e 2020 \u00e0s 9h30 e \u00e0s 14h30<br \/>\nLocal: CEL Esta\u00e7\u00e3o Cidadania \u2013 Avenida Rio Grande do Sul, 3320, bairro Mathias Velho<\/p>\n<p>Atletismo \u2013 Masculino e Feminino \u2013 de 10 a 18 anos \u00e0s 9h e \u00e0s 14h<br \/>\nLocal: CEL Esta\u00e7\u00e3o Cidadania \u2013 Avenida Rio Grande do Sul, 3320, bairro Mathias Velho<\/p>\n<p>Hockey 5\u2019s Masculino \u2013 Sub 15 e Sub 18 das 18h30 \u00e0s 20h<br \/>\nLocal: Centro Ol\u00edmpico Municipal \u2013 Avenida Araguaia, 1151, bairro Igara<\/p>\n<p>6 de mar\u00e7o<\/p>\n<p>Basquete Masculino \u2013 Adulto \u00e0s 21h<br \/>\nLocal: Centro Ol\u00edmpico Municipal \u2013 Avenida Araguaia, 1151, bairro Igara<\/p>\n<p>9 de mar\u00e7o<br \/>\nGin\u00e1stica Art\u00edstica Feminina \u2013 Nascidas entre 2013 e 2020 \u00e0s 9h30min<br \/>\nLocal: CEL Esta\u00e7\u00e3o Cidadania \u2013 Avenida Rio Grande do Sul, 3320, bairro Mathias Velho<\/p>\n<p>10 de mar\u00e7o<br \/>\nVoleibol Masculino \u2013 Adulto \u2013 Nascidos a partir de 2007 \u00e0s 19h<br \/>\nLocal: Centro Ol\u00edmpico Municipal \u2013 Avenida Araguaia, 1151, bairro Igara<\/p>\n<p>11 de mar\u00e7o<br \/>\nHandebol Masculino \u2013 Mirim\/Infantil \u2013 Nascidos entre 2010 e 2014 \u00e0s 16h<br \/>\nLocal: Centro Ol\u00edmpico Municipal \u2013 Avenida Araguaia, 1151, bairro Igara<\/p>\n<p>Handebol Feminino<br \/>\nNascidas em 2013\/2014\/2015 \u00e0s 14h<br \/>\nNascidas em 2010\/2011\/2012 \u00e0s 15h<br \/>\nNascidas em 2009\/2008\/2007 em diante \u00e0s 19h<br \/>\nLocal: Centro Ol\u00edmpico Municipal \u2013 Avenida Araguaia, 1151, bairro Igara<\/p>\n<p>12 de mar\u00e7o<br \/>\nHandebol Masculino \u2013 Adulto \u2013 Nascidos em 2007 em diante \u00e0s 21h<br \/>\nLocal: Centro Ol\u00edmpico Municipal \u2013 Avenida Araguaia, 1151, bairro Igara<\/p>\n<p>13 de mar\u00e7o<br \/>\nJud\u00f4 \u2013 Masculino e Feminino \u2013 Nascidos entre 2016 e 2019 \u00e0s 9h<br \/>\nLocal: CEL Esta\u00e7\u00e3o Cidadania \u2013 Avenida Rio Grande do Sul, 3320, bairro Mathias Velho<\/p>\n","protected":false},"excerpt":{"rendered":"<p>O Centro Esportivo S\u00e3o Jos\u00e9 recebeu, na ter\u00e7a-feira, 4, uma seletiva de basquete do Programa Talentos do Esporte. A atividade marcou o in\u00edcio do calend\u00e1rio da modalidade em 2026 e reuniu adolescentes da categoria Sub-16 interessados em conquistar uma vaga nas equipes que representam o munic\u00edpio em competi\u00e7\u00f5es. A avalia\u00e7\u00e3o foi organizada pela Secretaria Municipal [&hellip;]<\/p>\n","protected":false},"author":2,"featured_media":39404,"comment_status":"open","ping_status":"open","sticky":false,"template":"","format":"standard","meta":{"amp_status":"","footnotes":""},"categories":[24],"tags":[31,234,190,2226],"class_list":["post-39403","post","type-post","status-publish","format-standard","has-post-thumbnail","hentry","category-esporte","tag-canoas","tag-esporte","tag-featured","tag-selecao"],"yoast_head":"<!-- This site is optimized with the Yoast SEO plugin v20.5 - https:\/\/yoast.com\/wordpress\/plugins\/seo\/ -->\n<title>Seletiva de basquete do Programa Talentos do Esporte re\u00fane jovens atletas em Canoas - O Timoneiro Jornal Canoas RS<\/title>\n<meta name=\"description\" content=\"Seletiva de basquete do Programa Talentos do Esporte re\u00fane jovens atletas no Centro Esportivo S\u00e3o Jos\u00e9 e marca o in\u00edcio do calend\u00e1rio da modalidade em 2026 em Canoas.\" \/>\n<meta name=\"robots\" content=\"index, follow, max-snippet:-1, max-image-preview:large, max-video-preview:-1\" \/>\n<link rel=\"canonical\" href=\"https:\/\/jornaltimoneiro.com.br\/index.php\/2026\/03\/06\/peneira-basquete-talentos-do-esporte-canoas-2026\/\" \/>\n<meta property=\"og:locale\" content=\"pt_BR\" \/>\n<meta property=\"og:type\" content=\"article\" \/>\n<meta property=\"og:title\" content=\"Seletiva de basquete do Programa Talentos do Esporte re\u00fane jovens atletas em Canoas - O Timoneiro Jornal Canoas RS\" \/>\n<meta property=\"og:description\" content=\"Seletiva de basquete do Programa Talentos do Esporte re\u00fane jovens atletas no Centro Esportivo S\u00e3o Jos\u00e9 e marca o in\u00edcio do calend\u00e1rio da modalidade em 2026 em Canoas.\" \/>\n<meta property=\"og:url\" content=\"https:\/\/jornaltimoneiro.com.br\/index.php\/2026\/03\/06\/peneira-basquete-talentos-do-esporte-canoas-2026\/\" \/>\n<meta property=\"og:site_name\" content=\"O Timoneiro Jornal Canoas RS\" \/>\n<meta property=\"article:publisher\" content=\"https:\/\/www.facebook.com\/jornaltimoneiro\" \/>\n<meta property=\"article:published_time\" content=\"2026-03-06T16:43:12+00:00\" \/>\n<meta property=\"og:image\" content=\"https:\/\/jornaltimoneiro.com.br\/wp-content\/uploads\/2026\/03\/RED-04-03-26-PENEIRA-DE-BASQUETE-SUB-16-VINICIUS-MEDEIROS-11.jpg\" \/>\n\t<meta property=\"og:image:width\" content=\"2048\" \/>\n\t<meta property=\"og:image:height\" content=\"1365\" \/>\n\t<meta property=\"og:image:type\" content=\"image\/jpeg\" \/>\n<meta name=\"author\" content=\"Reda\u00e7\u00e3o\" \/>\n<meta name=\"twitter:card\" content=\"summary_large_image\" \/>\n<meta name=\"twitter:creator\" content=\"@_OTimoneiro\" \/>\n<meta name=\"twitter:site\" content=\"@_OTimoneiro\" \/>\n<meta name=\"twitter:label1\" content=\"Escrito por\" \/>\n\t<meta name=\"twitter:data1\" content=\"Reda\u00e7\u00e3o\" \/>\n\t<meta name=\"twitter:label2\" content=\"Est. tempo de leitura\" \/>\n\t<meta name=\"twitter:data2\" content=\"4 minutos\" \/>\n<script type=\"application\/ld+json\" class=\"yoast-schema-graph\">{\"@context\":\"https:\/\/schema.org\",\"@graph\":[{\"@type\":\"Article\",\"@id\":\"https:\/\/jornaltimoneiro.com.br\/index.php\/2026\/03\/06\/peneira-basquete-talentos-do-esporte-canoas-2026\/#article\",\"isPartOf\":{\"@id\":\"https:\/\/jornaltimoneiro.com.br\/index.php\/2026\/03\/06\/peneira-basquete-talentos-do-esporte-canoas-2026\/\"},\"author\":{\"name\":\"Reda\u00e7\u00e3o\",\"@id\":\"https:\/\/jornaltimoneiro.com.br\/#\/schema\/person\/f63482f1a02b1a9592707865e509ab40\"},\"headline\":\"Seletiva de basquete do Programa Talentos do Esporte re\u00fane jovens atletas em Canoas\",\"datePublished\":\"2026-03-06T16:43:12+00:00\",\"dateModified\":\"2026-03-06T16:43:12+00:00\",\"mainEntityOfPage\":{\"@id\":\"https:\/\/jornaltimoneiro.com.br\/index.php\/2026\/03\/06\/peneira-basquete-talentos-do-esporte-canoas-2026\/\"},\"wordCount\":633,\"commentCount\":0,\"publisher\":{\"@id\":\"https:\/\/jornaltimoneiro.com.br\/#organization\"},\"keywords\":[\"canoas\",\"esporte\",\"featured\",\"sele\u00e7\u00e3o\"],\"articleSection\":[\"Esporte\"],\"inLanguage\":\"pt-BR\",\"potentialAction\":[{\"@type\":\"CommentAction\",\"name\":\"Comment\",\"target\":[\"https:\/\/jornaltimoneiro.com.br\/index.php\/2026\/03\/06\/peneira-basquete-talentos-do-esporte-canoas-2026\/#respond\"]}]},{\"@type\":\"WebPage\",\"@id\":\"https:\/\/jornaltimoneiro.com.br\/index.php\/2026\/03\/06\/peneira-basquete-talentos-do-esporte-canoas-2026\/\",\"url\":\"https:\/\/jornaltimoneiro.com.br\/index.php\/2026\/03\/06\/peneira-basquete-talentos-do-esporte-canoas-2026\/\",\"name\":\"Seletiva de basquete do Programa Talentos do Esporte re\u00fane jovens atletas em Canoas - O Timoneiro Jornal Canoas RS\",\"isPartOf\":{\"@id\":\"https:\/\/jornaltimoneiro.com.br\/#website\"},\"datePublished\":\"2026-03-06T16:43:12+00:00\",\"dateModified\":\"2026-03-06T16:43:12+00:00\",\"description\":\"Seletiva de basquete do Programa Talentos do Esporte re\u00fane jovens atletas no Centro Esportivo S\u00e3o Jos\u00e9 e marca o in\u00edcio do calend\u00e1rio da modalidade em 2026 em Canoas.\",\"breadcrumb\":{\"@id\":\"https:\/\/jornaltimoneiro.com.br\/index.php\/2026\/03\/06\/peneira-basquete-talentos-do-esporte-canoas-2026\/#breadcrumb\"},\"inLanguage\":\"pt-BR\",\"potentialAction\":[{\"@type\":\"ReadAction\",\"target\":[\"https:\/\/jornaltimoneiro.com.br\/index.php\/2026\/03\/06\/peneira-basquete-talentos-do-esporte-canoas-2026\/\"]}]},{\"@type\":\"BreadcrumbList\",\"@id\":\"https:\/\/jornaltimoneiro.com.br\/index.php\/2026\/03\/06\/peneira-basquete-talentos-do-esporte-canoas-2026\/#breadcrumb\",\"itemListElement\":[{\"@type\":\"ListItem\",\"position\":1,\"name\":\"In\u00edcio\",\"item\":\"https:\/\/jornaltimoneiro.com.br\/\"},{\"@type\":\"ListItem\",\"position\":2,\"name\":\"Seletiva de basquete do Programa Talentos do Esporte re\u00fane jovens atletas em Canoas\"}]},{\"@type\":\"WebSite\",\"@id\":\"https:\/\/jornaltimoneiro.com.br\/#website\",\"url\":\"https:\/\/jornaltimoneiro.com.br\/\",\"name\":\"Jornal Timoneiro Canoas RS\",\"description\":\"Jornal O Timoneiro, o verdadeiro jornal de Canoas\",\"publisher\":{\"@id\":\"https:\/\/jornaltimoneiro.com.br\/#organization\"},\"potentialAction\":[{\"@type\":\"SearchAction\",\"target\":{\"@type\":\"EntryPoint\",\"urlTemplate\":\"https:\/\/jornaltimoneiro.com.br\/?s={search_term_string}\"},\"query-input\":\"required name=search_term_string\"}],\"inLanguage\":\"pt-BR\"},{\"@type\":\"Organization\",\"@id\":\"https:\/\/jornaltimoneiro.com.br\/#organization\",\"name\":\"Jornal Timoneiro Canoas RS\",\"url\":\"https:\/\/jornaltimoneiro.com.br\/\",\"logo\":{\"@type\":\"ImageObject\",\"inLanguage\":\"pt-BR\",\"@id\":\"https:\/\/jornaltimoneiro.com.br\/#\/schema\/logo\/image\/\",\"url\":\"https:\/\/jornaltimoneiro.com.br\/wp-content\/uploads\/2023\/03\/logonovo.png\",\"contentUrl\":\"https:\/\/jornaltimoneiro.com.br\/wp-content\/uploads\/2023\/03\/logonovo.png\",\"width\":\"469\",\"height\":\"171\",\"caption\":\"Jornal Timoneiro Canoas RS\"},\"image\":{\"@id\":\"https:\/\/jornaltimoneiro.com.br\/#\/schema\/logo\/image\/\"},\"sameAs\":[\"https:\/\/www.facebook.com\/jornaltimoneiro\",\"https:\/\/twitter.com\/_OTimoneiro\",\"https:\/\/www.instagram.com\/jornaltimoneirocanoas\/\",\"https:\/\/www.youtube.com\/@jornalotimoneiro7927\"]},{\"@type\":\"Person\",\"@id\":\"https:\/\/jornaltimoneiro.com.br\/#\/schema\/person\/f63482f1a02b1a9592707865e509ab40\",\"name\":\"Reda\u00e7\u00e3o\",\"image\":{\"@type\":\"ImageObject\",\"inLanguage\":\"pt-BR\",\"@id\":\"https:\/\/jornaltimoneiro.com.br\/#\/schema\/person\/image\/\",\"url\":\"https:\/\/jornaltimoneiro.com.br\/wp-content\/uploads\/2023\/03\/download.jpeg\",\"contentUrl\":\"https:\/\/jornaltimoneiro.com.br\/wp-content\/uploads\/2023\/03\/download.jpeg\",\"caption\":\"Reda\u00e7\u00e3o\"},\"url\":\"https:\/\/jornaltimoneiro.com.br\/index.php\/author\/simone-dutra\/\"}]}<\/script>\n<!-- \/ Yoast SEO plugin. -->","yoast_head_json":{"title":"Seletiva de basquete do Programa Talentos do Esporte re\u00fane jovens atletas em Canoas - O Timoneiro Jornal Canoas RS","description":"Seletiva de basquete do Programa Talentos do Esporte re\u00fane jovens atletas no Centro Esportivo S\u00e3o Jos\u00e9 e marca o in\u00edcio do calend\u00e1rio da modalidade em 2026 em Canoas.","robots":{"index":"index","follow":"follow","max-snippet":"max-snippet:-1","max-image-preview":"max-image-preview:large","max-video-preview":"max-video-preview:-1"},"canonical":"https:\/\/jornaltimoneiro.com.br\/index.php\/2026\/03\/06\/peneira-basquete-talentos-do-esporte-canoas-2026\/","og_locale":"pt_BR","og_type":"article","og_title":"Seletiva de basquete do Programa Talentos do Esporte re\u00fane jovens atletas em Canoas - O Timoneiro Jornal Canoas RS","og_description":"Seletiva de basquete do Programa Talentos do Esporte re\u00fane jovens atletas no Centro Esportivo S\u00e3o Jos\u00e9 e marca o in\u00edcio do calend\u00e1rio da modalidade em 2026 em Canoas.","og_url":"https:\/\/jornaltimoneiro.com.br\/index.php\/2026\/03\/06\/peneira-basquete-talentos-do-esporte-canoas-2026\/","og_site_name":"O Timoneiro Jornal Canoas RS","article_publisher":"https:\/\/www.facebook.com\/jornaltimoneiro","article_published_time":"2026-03-06T16:43:12+00:00","og_image":[{"width":"2048","height":"1365","url":"https:\/\/jornaltimoneiro.com.br\/wp-content\/uploads\/2026\/03\/RED-04-03-26-PENEIRA-DE-BASQUETE-SUB-16-VINICIUS-MEDEIROS-11.jpg","type":"image\/jpeg"}],"author":"Reda\u00e7\u00e3o","twitter_card":"summary_large_image","twitter_creator":"@_OTimoneiro","twitter_site":"@_OTimoneiro","twitter_misc":{"Escrito por":"Reda\u00e7\u00e3o","Est. tempo de leitura":"4 minutos"},"schema":{"@context":"https:\/\/schema.org","@graph":[{"@type":"Article","@id":"https:\/\/jornaltimoneiro.com.br\/index.php\/2026\/03\/06\/peneira-basquete-talentos-do-esporte-canoas-2026\/#article","isPartOf":{"@id":"https:\/\/jornaltimoneiro.com.br\/index.php\/2026\/03\/06\/peneira-basquete-talentos-do-esporte-canoas-2026\/"},"author":{"name":"Reda\u00e7\u00e3o","@id":"https:\/\/jornaltimoneiro.com.br\/#\/schema\/person\/f63482f1a02b1a9592707865e509ab40"},"headline":"Seletiva de basquete do Programa Talentos do Esporte re\u00fane jovens atletas em Canoas","datePublished":"2026-03-06T16:43:12+00:00","dateModified":"2026-03-06T16:43:12+00:00","mainEntityOfPage":{"@id":"https:\/\/jornaltimoneiro.com.br\/index.php\/2026\/03\/06\/peneira-basquete-talentos-do-esporte-canoas-2026\/"},"wordCount":633,"commentCount":0,"publisher":{"@id":"https:\/\/jornaltimoneiro.com.br\/#organization"},"keywords":["canoas","esporte","featured","sele\u00e7\u00e3o"],"articleSection":["Esporte"],"inLanguage":"pt-BR","potentialAction":[{"@type":"CommentAction","name":"Comment","target":["https:\/\/jornaltimoneiro.com.br\/index.php\/2026\/03\/06\/peneira-basquete-talentos-do-esporte-canoas-2026\/#respond"]}]},{"@type":"WebPage","@id":"https:\/\/jornaltimoneiro.com.br\/index.php\/2026\/03\/06\/peneira-basquete-talentos-do-esporte-canoas-2026\/","url":"https:\/\/jornaltimoneiro.com.br\/index.php\/2026\/03\/06\/peneira-basquete-talentos-do-esporte-canoas-2026\/","name":"Seletiva de basquete do Programa Talentos do Esporte re\u00fane jovens atletas em Canoas - O Timoneiro Jornal Canoas RS","isPartOf":{"@id":"https:\/\/jornaltimoneiro.com.br\/#website"},"datePublished":"2026-03-06T16:43:12+00:00","dateModified":"2026-03-06T16:43:12+00:00","description":"Seletiva de basquete do Programa Talentos do Esporte re\u00fane jovens atletas no Centro Esportivo S\u00e3o Jos\u00e9 e marca o in\u00edcio do calend\u00e1rio da modalidade em 2026 em Canoas.","breadcrumb":{"@id":"https:\/\/jornaltimoneiro.com.br\/index.php\/2026\/03\/06\/peneira-basquete-talentos-do-esporte-canoas-2026\/#breadcrumb"},"inLanguage":"pt-BR","potentialAction":[{"@type":"ReadAction","target":["https:\/\/jornaltimoneiro.com.br\/index.php\/2026\/03\/06\/peneira-basquete-talentos-do-esporte-canoas-2026\/"]}]},{"@type":"BreadcrumbList","@id":"https:\/\/jornaltimoneiro.com.br\/index.php\/2026\/03\/06\/peneira-basquete-talentos-do-esporte-canoas-2026\/#breadcrumb","itemListElement":[{"@type":"ListItem","position":1,"name":"In\u00edcio","item":"https:\/\/jornaltimoneiro.com.br\/"},{"@type":"ListItem","position":2,"name":"Seletiva de basquete do Programa Talentos do Esporte re\u00fane jovens atletas em Canoas"}]},{"@type":"WebSite","@id":"https:\/\/jornaltimoneiro.com.br\/#website","url":"https:\/\/jornaltimoneiro.com.br\/","name":"Jornal Timoneiro Canoas RS","description":"Jornal O Timoneiro, o verdadeiro jornal de Canoas","publisher":{"@id":"https:\/\/jornaltimoneiro.com.br\/#organization"},"potentialAction":[{"@type":"SearchAction","target":{"@type":"EntryPoint","urlTemplate":"https:\/\/jornaltimoneiro.com.br\/?s={search_term_string}"},"query-input":"required name=search_term_string"}],"inLanguage":"pt-BR"},{"@type":"Organization","@id":"https:\/\/jornaltimoneiro.com.br\/#organization","name":"Jornal Timoneiro Canoas RS","url":"https:\/\/jornaltimoneiro.com.br\/","logo":{"@type":"ImageObject","inLanguage":"pt-BR","@id":"https:\/\/jornaltimoneiro.com.br\/#\/schema\/logo\/image\/","url":"https:\/\/jornaltimoneiro.com.br\/wp-content\/uploads\/2023\/03\/logonovo.png","contentUrl":"https:\/\/jornaltimoneiro.com.br\/wp-content\/uploads\/2023\/03\/logonovo.png","width":"469","height":"171","caption":"Jornal Timoneiro Canoas RS"},"image":{"@id":"https:\/\/jornaltimoneiro.com.br\/#\/schema\/logo\/image\/"},"sameAs":["https:\/\/www.facebook.com\/jornaltimoneiro","https:\/\/twitter.com\/_OTimoneiro","https:\/\/www.instagram.com\/jornaltimoneirocanoas\/","https:\/\/www.youtube.com\/@jornalotimoneiro7927"]},{"@type":"Person","@id":"https:\/\/jornaltimoneiro.com.br\/#\/schema\/person\/f63482f1a02b1a9592707865e509ab40","name":"Reda\u00e7\u00e3o","image":{"@type":"ImageObject","inLanguage":"pt-BR","@id":"https:\/\/jornaltimoneiro.com.br\/#\/schema\/person\/image\/","url":"https:\/\/jornaltimoneiro.com.br\/wp-content\/uploads\/2023\/03\/download.jpeg","contentUrl":"https:\/\/jornaltimoneiro.com.br\/wp-content\/uploads\/2023\/03\/download.jpeg","caption":"Reda\u00e7\u00e3o"},"url":"https:\/\/jornaltimoneiro.com.br\/index.php\/author\/simone-dutra\/"}]}},"_links":{"self":[{"href":"https:\/\/jornaltimoneiro.com.br\/index.php\/wp-json\/wp\/v2\/posts\/39403"}],"collection":[{"href":"https:\/\/jornaltimoneiro.com.br\/index.php\/wp-json\/wp\/v2\/posts"}],"about":[{"href":"https:\/\/jornaltimoneiro.com.br\/index.php\/wp-json\/wp\/v2\/types\/post"}],"author":[{"embeddable":true,"href":"https:\/\/jornaltimoneiro.com.br\/index.php\/wp-json\/wp\/v2\/users\/2"}],"replies":[{"embeddable":true,"href":"https:\/\/jornaltimoneiro.com.br\/index.php\/wp-json\/wp\/v2\/comments?post=39403"}],"version-history":[{"count":1,"href":"https:\/\/jornaltimoneiro.com.br\/index.php\/wp-json\/wp\/v2\/posts\/39403\/revisions"}],"predecessor-version":[{"id":39405,"href":"https:\/\/jornaltimoneiro.com.br\/index.php\/wp-json\/wp\/v2\/posts\/39403\/revisions\/39405"}],"wp:featuredmedia":[{"embeddable":true,"href":"https:\/\/jornaltimoneiro.com.br\/index.php\/wp-json\/wp\/v2\/media\/39404"}],"wp:attachment":[{"href":"https:\/\/jornaltimoneiro.com.br\/index.php\/wp-json\/wp\/v2\/media?parent=39403"}],"wp:term":[{"taxonomy":"category","embeddable":true,"href":"https:\/\/jornaltimoneiro.com.br\/index.php\/wp-json\/wp\/v2\/categories?post=39403"},{"taxonomy":"post_tag","embeddable":true,"href":"https:\/\/jornaltimoneiro.com.br\/index.php\/wp-json\/wp\/v2\/tags?post=39403"}],"curies":[{"name":"wp","href":"https:\/\/api.w.org\/{rel}","templated":true}]}}