{"id":3938,"date":"2016-05-27T11:35:46","date_gmt":"2016-05-27T14:35:46","guid":{"rendered":"http:\/\/otimoneiro.com.br\/?p=3938"},"modified":"2016-05-27T11:35:46","modified_gmt":"2016-05-27T14:35:46","slug":"novo-diretor-do-foro-aposta-em-conciliacao-no-judiciario","status":"publish","type":"post","link":"https:\/\/jornaltimoneiro.com.br\/index.php\/2016\/05\/27\/novo-diretor-do-foro-aposta-em-conciliacao-no-judiciario\/","title":{"rendered":"Novo Diretor do Foro aposta em concilia\u00e7\u00e3o no Judici\u00e1rio"},"content":{"rendered":"<div id=\"attachment_3939\" style=\"width: 615px\" class=\"wp-caption aligncenter\"><a href=\"http:\/\/otimoneiro.com.br\/wp-content\/uploads\/2016\/05\/DSC0346.jpg\"><img decoding=\"async\" aria-describedby=\"caption-attachment-3939\" class=\" wp-image-3939\" src=\"http:\/\/otimoneiro.com.br\/wp-content\/uploads\/2016\/05\/DSC0346-1024x683.jpg\" alt=\"Novo diretor do Foro, Geraldo Anast\u00e1cio Brandeburski J\u00fanior. Foto: Bruno Lara\/OT.\" width=\"605\" height=\"405\" \/><\/a><p id=\"caption-attachment-3939\" class=\"wp-caption-text\">Novo diretor do Foro, Geraldo Anast\u00e1cio Brandeburski J\u00fanior. Foto: Bruno Lara\/OT.<\/p><\/div>\n<p>&nbsp;<\/p>\n<p style=\"text-align: right;\">Por <em><strong>Bruno Lara<\/strong><\/em><\/p>\n<p>&nbsp;<\/p>\n<p>O novo diretor do Foro de Canoas, Juiz de Direito, Geraldo Anast\u00e1cio Brandeburski J\u00fanior, veio de Novo Hamburgo e tomou posse no \u00faltimo dia 15 de maio. Em 15 de outubro de 2001 teve a cidade de Cap\u00e3o da Canoas como a primeira comarca que assumiu e onde trabalhou por um ano, passando depois por Farroupilha, onde ficou seis anos, passando depois por Pelotas e Novo Hamburgo, por onde ficou atuando durante cinco anos na Vara de Fam\u00edlia. \u201cNo ano passado resolvi me movimentar na carreira e pedir remo\u00e7\u00e3o para a primeira Vara C\u00edvel daqui da comarca de Canoas\u201d, pontua.<\/p>\n<h3>Volume de processos<\/h3>\n<p>Segundo o magistrado, o diferencial da cidade est\u00e1 no n\u00famero de processos. \u201cMuita movimenta\u00e7\u00e3o de processos. Na segunda Vara de Fam\u00edlia, para tu teres ideia, em Novo Hamburgo, eu tinha 2.500 processos. No segundo juizado da primeira c\u00edvel, que \u00e9 a minha jurisdi\u00e7\u00e3o, eu tenho 7.500 processos das mais variadas mat\u00e9rias no \u00e2mbito c\u00edvel deste execu\u00e7\u00e3o fiscal, responsabilidade civil do Estado, revis\u00e3o de contratos banc\u00e1rios, invent\u00e1rio. \u00c9 uma Vara com muita movimenta\u00e7\u00e3o e mat\u00e9rias bem diferenciadas que pega basicamente todas as disciplinas do direito\u201d, afirma.<\/p>\n<h3>Novo projeto<\/h3>\n<p>Uma forma de resolver este grande n\u00famero de processos, acredita ele, \u00e9 atrav\u00e9s da concilia\u00e7\u00e3o. \u201cEstou lan\u00e7ando esse projeto agora, a partir do dia 31 de maio, que \u00e9 um projeto restrito para o segundo juizado, no qual eu sou o titular, que \u00e9 o projeto \u201cVem conciliar comigo\u201d. Esse projeto vai ser feito todas as ter\u00e7as e quintas-feiras, come\u00e7ando a partir do dia 31 de maio, tem um prazo de seis meses, e vai das 9 horas \u00e0s 11h30min\u201d, explica.<\/p>\n<p>O projeto faz com que o juiz n\u00e3o precise marcar audi\u00eancia de reconcilia\u00e7\u00e3o. \u201cAs partes, com seus advogados, e isso \u00e9 obrigat\u00f3rio, que tanto o autor quanto o r\u00e9u, cada um com seu procurador, dentro desse esp\u00edrito de fazer acordo, v\u00e3o vir at\u00e9 o cart\u00f3rio da 1\u00aa Vara C\u00edvel, chegam ao balc\u00e3o do cart\u00f3rio, que j\u00e1 estar\u00e1 preparado para receb\u00ea-los, onde v\u00e3o manifestar a vontade de fazer o acordo\u201d, aponta.<\/p>\n<p>A partir disso, a ideia do diretor \u00e9 que seja algo espont\u00e2neo, \u201cque exista uma co-participa\u00e7\u00e3o das partes e dos advogados que \u00e9 o esp\u00edrito do novo c\u00f3digo de processo civil, que \u00e9 estimular a participa\u00e7\u00e3o. A diferen\u00e7a \u00e9 que aqui vai ser presidido pelo juiz, pelo magistrado, n\u00e3o por um conciliador ou um mediador\u201d, conclui.<\/p>\n<h3>Desburocratizar<\/h3>\n<p>Em seu entendimento, o novo processo ajudar\u00e1 a pular algumas etapas deste processo. \u201cAs vezes, as partes fazem um acordo, mas elas fazem em uma peti\u00e7\u00e3o conjunta. Essa peti\u00e7\u00e3o vai ser protocolada no protocolo geral. A\u00ed, derrepente, vai demorar entre 10 e 15 dias para chegar ao cart\u00f3rio da primeira c\u00edvel e de l\u00e1 at\u00e9 ser feita a peti\u00e7\u00e3o para o juiz homologar para o gabinete pode levar at\u00e9 um m\u00eas. Assim as pr\u00f3prias partes n\u00e3o ter\u00e3o de fazer essa peti\u00e7\u00e3o conjunta. Basta vir na ter\u00e7a-feira ou na quinta-feira, neste hor\u00e1rio, e eu passo para a sala de audi\u00eancia e j\u00e1 fa\u00e7o e encaminho o acordo\u201d, explica. \u201cAgiliza, simplifica, n\u00e3o sai intima\u00e7\u00e3o das partes, n\u00e3o sai intima\u00e7\u00e3o para advogados, nota de expediente nem nada\u201d, pondera.<\/p>\n<p>Isso se d\u00e1 em fun\u00e7\u00e3o de que o acordo ser\u00e1 feito pelo pr\u00f3prio juiz. \u201cO juiz t\u00e9cnico tem maiores condi\u00e7\u00f5es at\u00e9 para redigir a pr\u00f3pria ata. At\u00e9 para poder sentir se h\u00e1 esse desequil\u00edbrio no acordo, na concilia\u00e7\u00e3o, e tentar pelo menos colocar as partes em uma situa\u00e7\u00e3o de igualdade para que ambas saiam satisfeitas da audi\u00eancia\u201d, coloca lembrando que a concilia\u00e7\u00e3o atinge todos os processos.<\/p>\n","protected":false},"excerpt":{"rendered":"<p>Segundo ele, novo projeto dever\u00e1 reduzir o n\u00famero de processos movimentados na cidade<\/p>\n","protected":false},"author":1,"featured_media":3939,"comment_status":"open","ping_status":"open","sticky":false,"template":"","format":"standard","meta":{"amp_status":"","footnotes":""},"categories":[19,28,22],"tags":[],"class_list":["post-3938","post","type-post","status-publish","format-standard","has-post-thumbnail","hentry","category-destaques","category-especiais","category-noticias"],"yoast_head":"<!-- This site is optimized with the Yoast SEO plugin v20.5 - https:\/\/yoast.com\/wordpress\/plugins\/seo\/ -->\n<title>Novo Diretor do Foro aposta em concilia\u00e7\u00e3o no Judici\u00e1rio - O Timoneiro Jornal Canoas RS<\/title>\n<meta name=\"robots\" content=\"index, follow, max-snippet:-1, max-image-preview:large, max-video-preview:-1\" \/>\n<link rel=\"canonical\" href=\"https:\/\/jornaltimoneiro.com.br\/index.php\/2016\/05\/27\/novo-diretor-do-foro-aposta-em-conciliacao-no-judiciario\/\" \/>\n<meta property=\"og:locale\" content=\"pt_BR\" \/>\n<meta property=\"og:type\" content=\"article\" \/>\n<meta property=\"og:title\" content=\"Novo Diretor do Foro aposta em concilia\u00e7\u00e3o no Judici\u00e1rio - O Timoneiro Jornal Canoas RS\" \/>\n<meta property=\"og:description\" content=\"Segundo ele, novo projeto dever\u00e1 reduzir o n\u00famero de processos movimentados na cidade\" \/>\n<meta property=\"og:url\" content=\"https:\/\/jornaltimoneiro.com.br\/index.php\/2016\/05\/27\/novo-diretor-do-foro-aposta-em-conciliacao-no-judiciario\/\" \/>\n<meta property=\"og:site_name\" content=\"O Timoneiro Jornal Canoas RS\" \/>\n<meta property=\"article:publisher\" content=\"https:\/\/www.facebook.com\/jornaltimoneiro\" \/>\n<meta property=\"article:published_time\" content=\"2016-05-27T14:35:46+00:00\" \/>\n<meta name=\"author\" content=\"Reda\u00e7\u00e3o\" \/>\n<meta name=\"twitter:card\" content=\"summary_large_image\" \/>\n<meta name=\"twitter:creator\" content=\"@_OTimoneiro\" \/>\n<meta name=\"twitter:site\" content=\"@_OTimoneiro\" \/>\n<meta name=\"twitter:label1\" content=\"Escrito por\" \/>\n\t<meta name=\"twitter:data1\" content=\"Reda\u00e7\u00e3o\" \/>\n\t<meta name=\"twitter:label2\" content=\"Est. tempo de leitura\" \/>\n\t<meta name=\"twitter:data2\" content=\"3 minutos\" \/>\n<script type=\"application\/ld+json\" class=\"yoast-schema-graph\">{\"@context\":\"https:\/\/schema.org\",\"@graph\":[{\"@type\":\"Article\",\"@id\":\"https:\/\/jornaltimoneiro.com.br\/index.php\/2016\/05\/27\/novo-diretor-do-foro-aposta-em-conciliacao-no-judiciario\/#article\",\"isPartOf\":{\"@id\":\"https:\/\/jornaltimoneiro.com.br\/index.php\/2016\/05\/27\/novo-diretor-do-foro-aposta-em-conciliacao-no-judiciario\/\"},\"author\":{\"name\":\"Reda\u00e7\u00e3o\",\"@id\":\"https:\/\/jornaltimoneiro.com.br\/#\/schema\/person\/620efd1d8244466117482be494360b08\"},\"headline\":\"Novo Diretor do Foro aposta em concilia\u00e7\u00e3o no Judici\u00e1rio\",\"datePublished\":\"2016-05-27T14:35:46+00:00\",\"dateModified\":\"2016-05-27T14:35:46+00:00\",\"mainEntityOfPage\":{\"@id\":\"https:\/\/jornaltimoneiro.com.br\/index.php\/2016\/05\/27\/novo-diretor-do-foro-aposta-em-conciliacao-no-judiciario\/\"},\"wordCount\":679,\"commentCount\":0,\"publisher\":{\"@id\":\"https:\/\/jornaltimoneiro.com.br\/#organization\"},\"articleSection\":[\"Destaques\",\"Especiais\",\"Not\u00edcias\"],\"inLanguage\":\"pt-BR\",\"potentialAction\":[{\"@type\":\"CommentAction\",\"name\":\"Comment\",\"target\":[\"https:\/\/jornaltimoneiro.com.br\/index.php\/2016\/05\/27\/novo-diretor-do-foro-aposta-em-conciliacao-no-judiciario\/#respond\"]}]},{\"@type\":\"WebPage\",\"@id\":\"https:\/\/jornaltimoneiro.com.br\/index.php\/2016\/05\/27\/novo-diretor-do-foro-aposta-em-conciliacao-no-judiciario\/\",\"url\":\"https:\/\/jornaltimoneiro.com.br\/index.php\/2016\/05\/27\/novo-diretor-do-foro-aposta-em-conciliacao-no-judiciario\/\",\"name\":\"Novo Diretor do Foro aposta em concilia\u00e7\u00e3o no Judici\u00e1rio - O Timoneiro Jornal Canoas RS\",\"isPartOf\":{\"@id\":\"https:\/\/jornaltimoneiro.com.br\/#website\"},\"datePublished\":\"2016-05-27T14:35:46+00:00\",\"dateModified\":\"2016-05-27T14:35:46+00:00\",\"breadcrumb\":{\"@id\":\"https:\/\/jornaltimoneiro.com.br\/index.php\/2016\/05\/27\/novo-diretor-do-foro-aposta-em-conciliacao-no-judiciario\/#breadcrumb\"},\"inLanguage\":\"pt-BR\",\"potentialAction\":[{\"@type\":\"ReadAction\",\"target\":[\"https:\/\/jornaltimoneiro.com.br\/index.php\/2016\/05\/27\/novo-diretor-do-foro-aposta-em-conciliacao-no-judiciario\/\"]}]},{\"@type\":\"BreadcrumbList\",\"@id\":\"https:\/\/jornaltimoneiro.com.br\/index.php\/2016\/05\/27\/novo-diretor-do-foro-aposta-em-conciliacao-no-judiciario\/#breadcrumb\",\"itemListElement\":[{\"@type\":\"ListItem\",\"position\":1,\"name\":\"In\u00edcio\",\"item\":\"https:\/\/jornaltimoneiro.com.br\/\"},{\"@type\":\"ListItem\",\"position\":2,\"name\":\"Novo Diretor do Foro aposta em concilia\u00e7\u00e3o no Judici\u00e1rio\"}]},{\"@type\":\"WebSite\",\"@id\":\"https:\/\/jornaltimoneiro.com.br\/#website\",\"url\":\"https:\/\/jornaltimoneiro.com.br\/\",\"name\":\"Jornal Timoneiro Canoas RS\",\"description\":\"Jornal O Timoneiro, o verdadeiro jornal de Canoas\",\"publisher\":{\"@id\":\"https:\/\/jornaltimoneiro.com.br\/#organization\"},\"potentialAction\":[{\"@type\":\"SearchAction\",\"target\":{\"@type\":\"EntryPoint\",\"urlTemplate\":\"https:\/\/jornaltimoneiro.com.br\/?s={search_term_string}\"},\"query-input\":\"required name=search_term_string\"}],\"inLanguage\":\"pt-BR\"},{\"@type\":\"Organization\",\"@id\":\"https:\/\/jornaltimoneiro.com.br\/#organization\",\"name\":\"Jornal Timoneiro Canoas RS\",\"url\":\"https:\/\/jornaltimoneiro.com.br\/\",\"logo\":{\"@type\":\"ImageObject\",\"inLanguage\":\"pt-BR\",\"@id\":\"https:\/\/jornaltimoneiro.com.br\/#\/schema\/logo\/image\/\",\"url\":\"https:\/\/jornaltimoneiro.com.br\/wp-content\/uploads\/2023\/03\/logonovo.png\",\"contentUrl\":\"https:\/\/jornaltimoneiro.com.br\/wp-content\/uploads\/2023\/03\/logonovo.png\",\"width\":\"469\",\"height\":\"171\",\"caption\":\"Jornal Timoneiro Canoas RS\"},\"image\":{\"@id\":\"https:\/\/jornaltimoneiro.com.br\/#\/schema\/logo\/image\/\"},\"sameAs\":[\"https:\/\/www.facebook.com\/jornaltimoneiro\",\"https:\/\/twitter.com\/_OTimoneiro\",\"https:\/\/www.instagram.com\/jornaltimoneirocanoas\/\",\"https:\/\/www.youtube.com\/@jornalotimoneiro7927\"]},{\"@type\":\"Person\",\"@id\":\"https:\/\/jornaltimoneiro.com.br\/#\/schema\/person\/620efd1d8244466117482be494360b08\",\"name\":\"Reda\u00e7\u00e3o\",\"image\":{\"@type\":\"ImageObject\",\"inLanguage\":\"pt-BR\",\"@id\":\"https:\/\/jornaltimoneiro.com.br\/#\/schema\/person\/image\/\",\"url\":\"https:\/\/secure.gravatar.com\/avatar\/2f04e1b304682a8d9db336c7acd77f08?s=96&d=mm&r=g\",\"contentUrl\":\"https:\/\/secure.gravatar.com\/avatar\/2f04e1b304682a8d9db336c7acd77f08?s=96&d=mm&r=g\",\"caption\":\"Reda\u00e7\u00e3o\"},\"url\":\"https:\/\/jornaltimoneiro.com.br\/index.php\/author\/timoneirocanoas\/\"}]}<\/script>\n<!-- \/ Yoast SEO plugin. -->","yoast_head_json":{"title":"Novo Diretor do Foro aposta em concilia\u00e7\u00e3o no Judici\u00e1rio - O Timoneiro Jornal Canoas RS","robots":{"index":"index","follow":"follow","max-snippet":"max-snippet:-1","max-image-preview":"max-image-preview:large","max-video-preview":"max-video-preview:-1"},"canonical":"https:\/\/jornaltimoneiro.com.br\/index.php\/2016\/05\/27\/novo-diretor-do-foro-aposta-em-conciliacao-no-judiciario\/","og_locale":"pt_BR","og_type":"article","og_title":"Novo Diretor do Foro aposta em concilia\u00e7\u00e3o no Judici\u00e1rio - O Timoneiro Jornal Canoas RS","og_description":"Segundo ele, novo projeto dever\u00e1 reduzir o n\u00famero de processos movimentados na cidade","og_url":"https:\/\/jornaltimoneiro.com.br\/index.php\/2016\/05\/27\/novo-diretor-do-foro-aposta-em-conciliacao-no-judiciario\/","og_site_name":"O Timoneiro Jornal Canoas RS","article_publisher":"https:\/\/www.facebook.com\/jornaltimoneiro","article_published_time":"2016-05-27T14:35:46+00:00","author":"Reda\u00e7\u00e3o","twitter_card":"summary_large_image","twitter_creator":"@_OTimoneiro","twitter_site":"@_OTimoneiro","twitter_misc":{"Escrito por":"Reda\u00e7\u00e3o","Est. tempo de leitura":"3 minutos"},"schema":{"@context":"https:\/\/schema.org","@graph":[{"@type":"Article","@id":"https:\/\/jornaltimoneiro.com.br\/index.php\/2016\/05\/27\/novo-diretor-do-foro-aposta-em-conciliacao-no-judiciario\/#article","isPartOf":{"@id":"https:\/\/jornaltimoneiro.com.br\/index.php\/2016\/05\/27\/novo-diretor-do-foro-aposta-em-conciliacao-no-judiciario\/"},"author":{"name":"Reda\u00e7\u00e3o","@id":"https:\/\/jornaltimoneiro.com.br\/#\/schema\/person\/620efd1d8244466117482be494360b08"},"headline":"Novo Diretor do Foro aposta em concilia\u00e7\u00e3o no Judici\u00e1rio","datePublished":"2016-05-27T14:35:46+00:00","dateModified":"2016-05-27T14:35:46+00:00","mainEntityOfPage":{"@id":"https:\/\/jornaltimoneiro.com.br\/index.php\/2016\/05\/27\/novo-diretor-do-foro-aposta-em-conciliacao-no-judiciario\/"},"wordCount":679,"commentCount":0,"publisher":{"@id":"https:\/\/jornaltimoneiro.com.br\/#organization"},"articleSection":["Destaques","Especiais","Not\u00edcias"],"inLanguage":"pt-BR","potentialAction":[{"@type":"CommentAction","name":"Comment","target":["https:\/\/jornaltimoneiro.com.br\/index.php\/2016\/05\/27\/novo-diretor-do-foro-aposta-em-conciliacao-no-judiciario\/#respond"]}]},{"@type":"WebPage","@id":"https:\/\/jornaltimoneiro.com.br\/index.php\/2016\/05\/27\/novo-diretor-do-foro-aposta-em-conciliacao-no-judiciario\/","url":"https:\/\/jornaltimoneiro.com.br\/index.php\/2016\/05\/27\/novo-diretor-do-foro-aposta-em-conciliacao-no-judiciario\/","name":"Novo Diretor do Foro aposta em concilia\u00e7\u00e3o no Judici\u00e1rio - O Timoneiro Jornal Canoas RS","isPartOf":{"@id":"https:\/\/jornaltimoneiro.com.br\/#website"},"datePublished":"2016-05-27T14:35:46+00:00","dateModified":"2016-05-27T14:35:46+00:00","breadcrumb":{"@id":"https:\/\/jornaltimoneiro.com.br\/index.php\/2016\/05\/27\/novo-diretor-do-foro-aposta-em-conciliacao-no-judiciario\/#breadcrumb"},"inLanguage":"pt-BR","potentialAction":[{"@type":"ReadAction","target":["https:\/\/jornaltimoneiro.com.br\/index.php\/2016\/05\/27\/novo-diretor-do-foro-aposta-em-conciliacao-no-judiciario\/"]}]},{"@type":"BreadcrumbList","@id":"https:\/\/jornaltimoneiro.com.br\/index.php\/2016\/05\/27\/novo-diretor-do-foro-aposta-em-conciliacao-no-judiciario\/#breadcrumb","itemListElement":[{"@type":"ListItem","position":1,"name":"In\u00edcio","item":"https:\/\/jornaltimoneiro.com.br\/"},{"@type":"ListItem","position":2,"name":"Novo Diretor do Foro aposta em concilia\u00e7\u00e3o no Judici\u00e1rio"}]},{"@type":"WebSite","@id":"https:\/\/jornaltimoneiro.com.br\/#website","url":"https:\/\/jornaltimoneiro.com.br\/","name":"Jornal Timoneiro Canoas RS","description":"Jornal O Timoneiro, o verdadeiro jornal de Canoas","publisher":{"@id":"https:\/\/jornaltimoneiro.com.br\/#organization"},"potentialAction":[{"@type":"SearchAction","target":{"@type":"EntryPoint","urlTemplate":"https:\/\/jornaltimoneiro.com.br\/?s={search_term_string}"},"query-input":"required name=search_term_string"}],"inLanguage":"pt-BR"},{"@type":"Organization","@id":"https:\/\/jornaltimoneiro.com.br\/#organization","name":"Jornal Timoneiro Canoas RS","url":"https:\/\/jornaltimoneiro.com.br\/","logo":{"@type":"ImageObject","inLanguage":"pt-BR","@id":"https:\/\/jornaltimoneiro.com.br\/#\/schema\/logo\/image\/","url":"https:\/\/jornaltimoneiro.com.br\/wp-content\/uploads\/2023\/03\/logonovo.png","contentUrl":"https:\/\/jornaltimoneiro.com.br\/wp-content\/uploads\/2023\/03\/logonovo.png","width":"469","height":"171","caption":"Jornal Timoneiro Canoas RS"},"image":{"@id":"https:\/\/jornaltimoneiro.com.br\/#\/schema\/logo\/image\/"},"sameAs":["https:\/\/www.facebook.com\/jornaltimoneiro","https:\/\/twitter.com\/_OTimoneiro","https:\/\/www.instagram.com\/jornaltimoneirocanoas\/","https:\/\/www.youtube.com\/@jornalotimoneiro7927"]},{"@type":"Person","@id":"https:\/\/jornaltimoneiro.com.br\/#\/schema\/person\/620efd1d8244466117482be494360b08","name":"Reda\u00e7\u00e3o","image":{"@type":"ImageObject","inLanguage":"pt-BR","@id":"https:\/\/jornaltimoneiro.com.br\/#\/schema\/person\/image\/","url":"https:\/\/secure.gravatar.com\/avatar\/2f04e1b304682a8d9db336c7acd77f08?s=96&d=mm&r=g","contentUrl":"https:\/\/secure.gravatar.com\/avatar\/2f04e1b304682a8d9db336c7acd77f08?s=96&d=mm&r=g","caption":"Reda\u00e7\u00e3o"},"url":"https:\/\/jornaltimoneiro.com.br\/index.php\/author\/timoneirocanoas\/"}]}},"_links":{"self":[{"href":"https:\/\/jornaltimoneiro.com.br\/index.php\/wp-json\/wp\/v2\/posts\/3938"}],"collection":[{"href":"https:\/\/jornaltimoneiro.com.br\/index.php\/wp-json\/wp\/v2\/posts"}],"about":[{"href":"https:\/\/jornaltimoneiro.com.br\/index.php\/wp-json\/wp\/v2\/types\/post"}],"author":[{"embeddable":true,"href":"https:\/\/jornaltimoneiro.com.br\/index.php\/wp-json\/wp\/v2\/users\/1"}],"replies":[{"embeddable":true,"href":"https:\/\/jornaltimoneiro.com.br\/index.php\/wp-json\/wp\/v2\/comments?post=3938"}],"version-history":[{"count":0,"href":"https:\/\/jornaltimoneiro.com.br\/index.php\/wp-json\/wp\/v2\/posts\/3938\/revisions"}],"wp:featuredmedia":[{"embeddable":true,"href":"https:\/\/jornaltimoneiro.com.br\/index.php\/wp-json\/"}],"wp:attachment":[{"href":"https:\/\/jornaltimoneiro.com.br\/index.php\/wp-json\/wp\/v2\/media?parent=3938"}],"wp:term":[{"taxonomy":"category","embeddable":true,"href":"https:\/\/jornaltimoneiro.com.br\/index.php\/wp-json\/wp\/v2\/categories?post=3938"},{"taxonomy":"post_tag","embeddable":true,"href":"https:\/\/jornaltimoneiro.com.br\/index.php\/wp-json\/wp\/v2\/tags?post=3938"}],"curies":[{"name":"wp","href":"https:\/\/api.w.org\/{rel}","templated":true}]}}