{"id":39379,"date":"2026-03-06T10:05:38","date_gmt":"2026-03-06T13:05:38","guid":{"rendered":"https:\/\/jornaltimoneiro.com.br\/?p=39379"},"modified":"2026-03-06T10:05:38","modified_gmt":"2026-03-06T13:05:38","slug":"exposicao-territorios-criativos-hangar-cultural-canoas-br116-cartazes","status":"publish","type":"post","link":"https:\/\/jornaltimoneiro.com.br\/index.php\/2026\/03\/06\/exposicao-territorios-criativos-hangar-cultural-canoas-br116-cartazes\/","title":{"rendered":"Hangar Cultural recebe exposi\u00e7\u00e3o Territ\u00f3rios Criativos &#8211; Interven\u00e7\u00f5es Art\u00edsticas Urbanas"},"content":{"rendered":"<p><span data-contrast=\"auto\">Frases ouvidas \u00e0s margens da BR-116, em Canoas, v\u00e3o ganhar novos sentidos ao serem transformadas em cartazes expostos. Essa \u00e9 a proposta do artista visual Fabiano Gummo na exposi\u00e7\u00e3o que ser\u00e1 apresentada na Galeria a C\u00e9u Aberto, no Hangar Cultural, localizado na estrada do Naz\u00e1rio 3150, no bairro Guajuviras, em Canoas.\u00a0<\/span><span data-ccp-props=\"{}\">\u00a0<\/span><\/p>\n<p><span data-contrast=\"auto\">A exposi\u00e7\u00e3o Territ\u00f3rios Criativos- Interven\u00e7\u00f5es Art\u00edsticas Urbanas faz parte do conceito de expositivo e busca se tornar um ambiente cultural de escuta e pertencimento da comunidade do Guajuviras.\u00a0<\/span><span data-ccp-props=\"{}\">\u00a0<\/span><\/p>\n<p><span data-contrast=\"auto\">A abertura da exposi\u00e7\u00e3o ser\u00e1 no dia 7 de mar\u00e7o, \u00e0s 14h, com per\u00edodo para visitas at\u00e9 8 de abril. O ponto de partida da exposi\u00e7\u00e3o \u00e9 o document\u00e1rio Um Filme de BR, de 2025, dirigido por Wender Zanon. No filme, o diretor e sua equipe percorrem um trecho da BR-116 em Canoas, entre o Centro e o bairro Igara, coletando relatos de pessoas que vivem ou trabalham no entorno da rodovia, como moradores, motoboys, grafiteiros e comerciantes.\u00a0<\/span><span data-ccp-props=\"{}\">\u00a0<\/span><\/p>\n<p><span data-contrast=\"auto\">As entrevistas revelam hist\u00f3rias de trabalho, sobreviv\u00eancia, f\u00e9, viol\u00eancia, mem\u00f3ria e pertencimento, compondo um retrato sens\u00edvel da vida que se desenvolve ao longo da rodovia. A partir desse material, Fabiano Gummo realizou um processo de \u201cminera\u00e7\u00e3o\u201d das falas do document\u00e1rio, selecionando e condensando trechos que carregam forte pot\u00eancia po\u00e9tica. Essas frases, retiradas da narrativa cont\u00ednua do filme, foram reorganizadas como enunciados independentes e transformadas em 38 cartazes.\u00a0<\/span><span data-ccp-props=\"{}\">\u00a0<\/span><\/p>\n<p><span data-contrast=\"auto\">Sem imagens ou explica\u00e7\u00f5es adicionais, o texto assume o protagonismo, convidando o p\u00fablico a uma leitura direta e reflexiva.<\/span><span data-ccp-props=\"{}\">\u00a0<\/span><\/p>\n","protected":false},"excerpt":{"rendered":"<p>Frases ouvidas \u00e0s margens da BR-116, em Canoas, v\u00e3o ganhar novos sentidos ao serem transformadas em cartazes expostos. Essa \u00e9 a proposta do artista visual Fabiano Gummo na exposi\u00e7\u00e3o que ser\u00e1 apresentada na Galeria a C\u00e9u Aberto, no Hangar Cultural, localizado na estrada do Naz\u00e1rio 3150, no bairro Guajuviras, em Canoas.\u00a0\u00a0 A exposi\u00e7\u00e3o Territ\u00f3rios Criativos- [&hellip;]<\/p>\n","protected":false},"author":2,"featured_media":39380,"comment_status":"open","ping_status":"open","sticky":false,"template":"","format":"standard","meta":{"amp_status":"","footnotes":""},"categories":[76],"tags":[31,116,190],"class_list":["post-39379","post","type-post","status-publish","format-standard","has-post-thumbnail","hentry","category-cultura","tag-canoas","tag-cultura","tag-featured"],"yoast_head":"<!-- This site is optimized with the Yoast SEO plugin v20.5 - https:\/\/yoast.com\/wordpress\/plugins\/seo\/ -->\n<title>Hangar Cultural recebe exposi\u00e7\u00e3o Territ\u00f3rios Criativos - Interven\u00e7\u00f5es Art\u00edsticas Urbanas - O Timoneiro Jornal Canoas RS<\/title>\n<meta name=\"description\" content=\"Exposi\u00e7\u00e3o \u201cTerrit\u00f3rios Criativos \u2013 Interven\u00e7\u00f5es Art\u00edsticas Urbanas\u201d abre no dia 7 de mar\u00e7o, no Hangar Cultural, em Canoas, com frases coletadas \u00e0s margens da BR-116 transformadas em cartazes.\" \/>\n<meta name=\"robots\" content=\"index, follow, max-snippet:-1, max-image-preview:large, max-video-preview:-1\" \/>\n<link rel=\"canonical\" href=\"https:\/\/jornaltimoneiro.com.br\/index.php\/2026\/03\/06\/exposicao-territorios-criativos-hangar-cultural-canoas-br116-cartazes\/\" \/>\n<meta property=\"og:locale\" content=\"pt_BR\" \/>\n<meta property=\"og:type\" content=\"article\" \/>\n<meta property=\"og:title\" content=\"Hangar Cultural recebe exposi\u00e7\u00e3o Territ\u00f3rios Criativos - Interven\u00e7\u00f5es Art\u00edsticas Urbanas - O Timoneiro Jornal Canoas RS\" \/>\n<meta property=\"og:description\" content=\"Exposi\u00e7\u00e3o \u201cTerrit\u00f3rios Criativos \u2013 Interven\u00e7\u00f5es Art\u00edsticas Urbanas\u201d abre no dia 7 de mar\u00e7o, no Hangar Cultural, em Canoas, com frases coletadas \u00e0s margens da BR-116 transformadas em cartazes.\" \/>\n<meta property=\"og:url\" content=\"https:\/\/jornaltimoneiro.com.br\/index.php\/2026\/03\/06\/exposicao-territorios-criativos-hangar-cultural-canoas-br116-cartazes\/\" \/>\n<meta property=\"og:site_name\" content=\"O Timoneiro Jornal Canoas RS\" \/>\n<meta property=\"article:publisher\" content=\"https:\/\/www.facebook.com\/jornaltimoneiro\" \/>\n<meta property=\"article:published_time\" content=\"2026-03-06T13:05:38+00:00\" \/>\n<meta property=\"og:image\" content=\"https:\/\/jornaltimoneiro.com.br\/wp-content\/uploads\/2026\/03\/WhatsApp-Image-2026-03-05-at-08.12.49.jpeg\" \/>\n\t<meta property=\"og:image:width\" content=\"1600\" \/>\n\t<meta property=\"og:image:height\" content=\"1066\" \/>\n\t<meta property=\"og:image:type\" content=\"image\/jpeg\" \/>\n<meta name=\"author\" content=\"Reda\u00e7\u00e3o\" \/>\n<meta name=\"twitter:card\" content=\"summary_large_image\" \/>\n<meta name=\"twitter:creator\" content=\"@_OTimoneiro\" \/>\n<meta name=\"twitter:site\" content=\"@_OTimoneiro\" \/>\n<meta name=\"twitter:label1\" content=\"Escrito por\" \/>\n\t<meta name=\"twitter:data1\" content=\"Reda\u00e7\u00e3o\" \/>\n\t<meta name=\"twitter:label2\" content=\"Est. tempo de leitura\" \/>\n\t<meta name=\"twitter:data2\" content=\"2 minutos\" \/>\n<script type=\"application\/ld+json\" class=\"yoast-schema-graph\">{\"@context\":\"https:\/\/schema.org\",\"@graph\":[{\"@type\":\"Article\",\"@id\":\"https:\/\/jornaltimoneiro.com.br\/index.php\/2026\/03\/06\/exposicao-territorios-criativos-hangar-cultural-canoas-br116-cartazes\/#article\",\"isPartOf\":{\"@id\":\"https:\/\/jornaltimoneiro.com.br\/index.php\/2026\/03\/06\/exposicao-territorios-criativos-hangar-cultural-canoas-br116-cartazes\/\"},\"author\":{\"name\":\"Reda\u00e7\u00e3o\",\"@id\":\"https:\/\/jornaltimoneiro.com.br\/#\/schema\/person\/f63482f1a02b1a9592707865e509ab40\"},\"headline\":\"Hangar Cultural recebe exposi\u00e7\u00e3o Territ\u00f3rios Criativos &#8211; Interven\u00e7\u00f5es Art\u00edsticas Urbanas\",\"datePublished\":\"2026-03-06T13:05:38+00:00\",\"dateModified\":\"2026-03-06T13:05:38+00:00\",\"mainEntityOfPage\":{\"@id\":\"https:\/\/jornaltimoneiro.com.br\/index.php\/2026\/03\/06\/exposicao-territorios-criativos-hangar-cultural-canoas-br116-cartazes\/\"},\"wordCount\":275,\"commentCount\":0,\"publisher\":{\"@id\":\"https:\/\/jornaltimoneiro.com.br\/#organization\"},\"keywords\":[\"canoas\",\"cultura\",\"featured\"],\"articleSection\":[\"Cultura\"],\"inLanguage\":\"pt-BR\",\"potentialAction\":[{\"@type\":\"CommentAction\",\"name\":\"Comment\",\"target\":[\"https:\/\/jornaltimoneiro.com.br\/index.php\/2026\/03\/06\/exposicao-territorios-criativos-hangar-cultural-canoas-br116-cartazes\/#respond\"]}]},{\"@type\":\"WebPage\",\"@id\":\"https:\/\/jornaltimoneiro.com.br\/index.php\/2026\/03\/06\/exposicao-territorios-criativos-hangar-cultural-canoas-br116-cartazes\/\",\"url\":\"https:\/\/jornaltimoneiro.com.br\/index.php\/2026\/03\/06\/exposicao-territorios-criativos-hangar-cultural-canoas-br116-cartazes\/\",\"name\":\"Hangar Cultural recebe exposi\u00e7\u00e3o Territ\u00f3rios Criativos - Interven\u00e7\u00f5es Art\u00edsticas Urbanas - O Timoneiro Jornal Canoas RS\",\"isPartOf\":{\"@id\":\"https:\/\/jornaltimoneiro.com.br\/#website\"},\"datePublished\":\"2026-03-06T13:05:38+00:00\",\"dateModified\":\"2026-03-06T13:05:38+00:00\",\"description\":\"Exposi\u00e7\u00e3o \u201cTerrit\u00f3rios Criativos \u2013 Interven\u00e7\u00f5es Art\u00edsticas Urbanas\u201d abre no dia 7 de mar\u00e7o, no Hangar Cultural, em Canoas, com frases coletadas \u00e0s margens da BR-116 transformadas em cartazes.\",\"breadcrumb\":{\"@id\":\"https:\/\/jornaltimoneiro.com.br\/index.php\/2026\/03\/06\/exposicao-territorios-criativos-hangar-cultural-canoas-br116-cartazes\/#breadcrumb\"},\"inLanguage\":\"pt-BR\",\"potentialAction\":[{\"@type\":\"ReadAction\",\"target\":[\"https:\/\/jornaltimoneiro.com.br\/index.php\/2026\/03\/06\/exposicao-territorios-criativos-hangar-cultural-canoas-br116-cartazes\/\"]}]},{\"@type\":\"BreadcrumbList\",\"@id\":\"https:\/\/jornaltimoneiro.com.br\/index.php\/2026\/03\/06\/exposicao-territorios-criativos-hangar-cultural-canoas-br116-cartazes\/#breadcrumb\",\"itemListElement\":[{\"@type\":\"ListItem\",\"position\":1,\"name\":\"In\u00edcio\",\"item\":\"https:\/\/jornaltimoneiro.com.br\/\"},{\"@type\":\"ListItem\",\"position\":2,\"name\":\"Hangar Cultural recebe exposi\u00e7\u00e3o Territ\u00f3rios Criativos &#8211; Interven\u00e7\u00f5es Art\u00edsticas Urbanas\"}]},{\"@type\":\"WebSite\",\"@id\":\"https:\/\/jornaltimoneiro.com.br\/#website\",\"url\":\"https:\/\/jornaltimoneiro.com.br\/\",\"name\":\"Jornal Timoneiro Canoas RS\",\"description\":\"Jornal O Timoneiro, o verdadeiro jornal de Canoas\",\"publisher\":{\"@id\":\"https:\/\/jornaltimoneiro.com.br\/#organization\"},\"potentialAction\":[{\"@type\":\"SearchAction\",\"target\":{\"@type\":\"EntryPoint\",\"urlTemplate\":\"https:\/\/jornaltimoneiro.com.br\/?s={search_term_string}\"},\"query-input\":\"required name=search_term_string\"}],\"inLanguage\":\"pt-BR\"},{\"@type\":\"Organization\",\"@id\":\"https:\/\/jornaltimoneiro.com.br\/#organization\",\"name\":\"Jornal Timoneiro Canoas RS\",\"url\":\"https:\/\/jornaltimoneiro.com.br\/\",\"logo\":{\"@type\":\"ImageObject\",\"inLanguage\":\"pt-BR\",\"@id\":\"https:\/\/jornaltimoneiro.com.br\/#\/schema\/logo\/image\/\",\"url\":\"https:\/\/jornaltimoneiro.com.br\/wp-content\/uploads\/2023\/03\/logonovo.png\",\"contentUrl\":\"https:\/\/jornaltimoneiro.com.br\/wp-content\/uploads\/2023\/03\/logonovo.png\",\"width\":\"469\",\"height\":\"171\",\"caption\":\"Jornal Timoneiro Canoas RS\"},\"image\":{\"@id\":\"https:\/\/jornaltimoneiro.com.br\/#\/schema\/logo\/image\/\"},\"sameAs\":[\"https:\/\/www.facebook.com\/jornaltimoneiro\",\"https:\/\/twitter.com\/_OTimoneiro\",\"https:\/\/www.instagram.com\/jornaltimoneirocanoas\/\",\"https:\/\/www.youtube.com\/@jornalotimoneiro7927\"]},{\"@type\":\"Person\",\"@id\":\"https:\/\/jornaltimoneiro.com.br\/#\/schema\/person\/f63482f1a02b1a9592707865e509ab40\",\"name\":\"Reda\u00e7\u00e3o\",\"image\":{\"@type\":\"ImageObject\",\"inLanguage\":\"pt-BR\",\"@id\":\"https:\/\/jornaltimoneiro.com.br\/#\/schema\/person\/image\/\",\"url\":\"https:\/\/jornaltimoneiro.com.br\/wp-content\/uploads\/2023\/03\/download.jpeg\",\"contentUrl\":\"https:\/\/jornaltimoneiro.com.br\/wp-content\/uploads\/2023\/03\/download.jpeg\",\"caption\":\"Reda\u00e7\u00e3o\"},\"url\":\"https:\/\/jornaltimoneiro.com.br\/index.php\/author\/simone-dutra\/\"}]}<\/script>\n<!-- \/ Yoast SEO plugin. -->","yoast_head_json":{"title":"Hangar Cultural recebe exposi\u00e7\u00e3o Territ\u00f3rios Criativos - Interven\u00e7\u00f5es Art\u00edsticas Urbanas - O Timoneiro Jornal Canoas RS","description":"Exposi\u00e7\u00e3o \u201cTerrit\u00f3rios Criativos \u2013 Interven\u00e7\u00f5es Art\u00edsticas Urbanas\u201d abre no dia 7 de mar\u00e7o, no Hangar Cultural, em Canoas, com frases coletadas \u00e0s margens da BR-116 transformadas em cartazes.","robots":{"index":"index","follow":"follow","max-snippet":"max-snippet:-1","max-image-preview":"max-image-preview:large","max-video-preview":"max-video-preview:-1"},"canonical":"https:\/\/jornaltimoneiro.com.br\/index.php\/2026\/03\/06\/exposicao-territorios-criativos-hangar-cultural-canoas-br116-cartazes\/","og_locale":"pt_BR","og_type":"article","og_title":"Hangar Cultural recebe exposi\u00e7\u00e3o Territ\u00f3rios Criativos - Interven\u00e7\u00f5es Art\u00edsticas Urbanas - O Timoneiro Jornal Canoas RS","og_description":"Exposi\u00e7\u00e3o \u201cTerrit\u00f3rios Criativos \u2013 Interven\u00e7\u00f5es Art\u00edsticas Urbanas\u201d abre no dia 7 de mar\u00e7o, no Hangar Cultural, em Canoas, com frases coletadas \u00e0s margens da BR-116 transformadas em cartazes.","og_url":"https:\/\/jornaltimoneiro.com.br\/index.php\/2026\/03\/06\/exposicao-territorios-criativos-hangar-cultural-canoas-br116-cartazes\/","og_site_name":"O Timoneiro Jornal Canoas RS","article_publisher":"https:\/\/www.facebook.com\/jornaltimoneiro","article_published_time":"2026-03-06T13:05:38+00:00","og_image":[{"width":"1600","height":"1066","url":"https:\/\/jornaltimoneiro.com.br\/wp-content\/uploads\/2026\/03\/WhatsApp-Image-2026-03-05-at-08.12.49.jpeg","type":"image\/jpeg"}],"author":"Reda\u00e7\u00e3o","twitter_card":"summary_large_image","twitter_creator":"@_OTimoneiro","twitter_site":"@_OTimoneiro","twitter_misc":{"Escrito por":"Reda\u00e7\u00e3o","Est. tempo de leitura":"2 minutos"},"schema":{"@context":"https:\/\/schema.org","@graph":[{"@type":"Article","@id":"https:\/\/jornaltimoneiro.com.br\/index.php\/2026\/03\/06\/exposicao-territorios-criativos-hangar-cultural-canoas-br116-cartazes\/#article","isPartOf":{"@id":"https:\/\/jornaltimoneiro.com.br\/index.php\/2026\/03\/06\/exposicao-territorios-criativos-hangar-cultural-canoas-br116-cartazes\/"},"author":{"name":"Reda\u00e7\u00e3o","@id":"https:\/\/jornaltimoneiro.com.br\/#\/schema\/person\/f63482f1a02b1a9592707865e509ab40"},"headline":"Hangar Cultural recebe exposi\u00e7\u00e3o Territ\u00f3rios Criativos &#8211; Interven\u00e7\u00f5es Art\u00edsticas Urbanas","datePublished":"2026-03-06T13:05:38+00:00","dateModified":"2026-03-06T13:05:38+00:00","mainEntityOfPage":{"@id":"https:\/\/jornaltimoneiro.com.br\/index.php\/2026\/03\/06\/exposicao-territorios-criativos-hangar-cultural-canoas-br116-cartazes\/"},"wordCount":275,"commentCount":0,"publisher":{"@id":"https:\/\/jornaltimoneiro.com.br\/#organization"},"keywords":["canoas","cultura","featured"],"articleSection":["Cultura"],"inLanguage":"pt-BR","potentialAction":[{"@type":"CommentAction","name":"Comment","target":["https:\/\/jornaltimoneiro.com.br\/index.php\/2026\/03\/06\/exposicao-territorios-criativos-hangar-cultural-canoas-br116-cartazes\/#respond"]}]},{"@type":"WebPage","@id":"https:\/\/jornaltimoneiro.com.br\/index.php\/2026\/03\/06\/exposicao-territorios-criativos-hangar-cultural-canoas-br116-cartazes\/","url":"https:\/\/jornaltimoneiro.com.br\/index.php\/2026\/03\/06\/exposicao-territorios-criativos-hangar-cultural-canoas-br116-cartazes\/","name":"Hangar Cultural recebe exposi\u00e7\u00e3o Territ\u00f3rios Criativos - Interven\u00e7\u00f5es Art\u00edsticas Urbanas - O Timoneiro Jornal Canoas RS","isPartOf":{"@id":"https:\/\/jornaltimoneiro.com.br\/#website"},"datePublished":"2026-03-06T13:05:38+00:00","dateModified":"2026-03-06T13:05:38+00:00","description":"Exposi\u00e7\u00e3o \u201cTerrit\u00f3rios Criativos \u2013 Interven\u00e7\u00f5es Art\u00edsticas Urbanas\u201d abre no dia 7 de mar\u00e7o, no Hangar Cultural, em Canoas, com frases coletadas \u00e0s margens da BR-116 transformadas em cartazes.","breadcrumb":{"@id":"https:\/\/jornaltimoneiro.com.br\/index.php\/2026\/03\/06\/exposicao-territorios-criativos-hangar-cultural-canoas-br116-cartazes\/#breadcrumb"},"inLanguage":"pt-BR","potentialAction":[{"@type":"ReadAction","target":["https:\/\/jornaltimoneiro.com.br\/index.php\/2026\/03\/06\/exposicao-territorios-criativos-hangar-cultural-canoas-br116-cartazes\/"]}]},{"@type":"BreadcrumbList","@id":"https:\/\/jornaltimoneiro.com.br\/index.php\/2026\/03\/06\/exposicao-territorios-criativos-hangar-cultural-canoas-br116-cartazes\/#breadcrumb","itemListElement":[{"@type":"ListItem","position":1,"name":"In\u00edcio","item":"https:\/\/jornaltimoneiro.com.br\/"},{"@type":"ListItem","position":2,"name":"Hangar Cultural recebe exposi\u00e7\u00e3o Territ\u00f3rios Criativos &#8211; Interven\u00e7\u00f5es Art\u00edsticas Urbanas"}]},{"@type":"WebSite","@id":"https:\/\/jornaltimoneiro.com.br\/#website","url":"https:\/\/jornaltimoneiro.com.br\/","name":"Jornal Timoneiro Canoas RS","description":"Jornal O Timoneiro, o verdadeiro jornal de Canoas","publisher":{"@id":"https:\/\/jornaltimoneiro.com.br\/#organization"},"potentialAction":[{"@type":"SearchAction","target":{"@type":"EntryPoint","urlTemplate":"https:\/\/jornaltimoneiro.com.br\/?s={search_term_string}"},"query-input":"required name=search_term_string"}],"inLanguage":"pt-BR"},{"@type":"Organization","@id":"https:\/\/jornaltimoneiro.com.br\/#organization","name":"Jornal Timoneiro Canoas RS","url":"https:\/\/jornaltimoneiro.com.br\/","logo":{"@type":"ImageObject","inLanguage":"pt-BR","@id":"https:\/\/jornaltimoneiro.com.br\/#\/schema\/logo\/image\/","url":"https:\/\/jornaltimoneiro.com.br\/wp-content\/uploads\/2023\/03\/logonovo.png","contentUrl":"https:\/\/jornaltimoneiro.com.br\/wp-content\/uploads\/2023\/03\/logonovo.png","width":"469","height":"171","caption":"Jornal Timoneiro Canoas RS"},"image":{"@id":"https:\/\/jornaltimoneiro.com.br\/#\/schema\/logo\/image\/"},"sameAs":["https:\/\/www.facebook.com\/jornaltimoneiro","https:\/\/twitter.com\/_OTimoneiro","https:\/\/www.instagram.com\/jornaltimoneirocanoas\/","https:\/\/www.youtube.com\/@jornalotimoneiro7927"]},{"@type":"Person","@id":"https:\/\/jornaltimoneiro.com.br\/#\/schema\/person\/f63482f1a02b1a9592707865e509ab40","name":"Reda\u00e7\u00e3o","image":{"@type":"ImageObject","inLanguage":"pt-BR","@id":"https:\/\/jornaltimoneiro.com.br\/#\/schema\/person\/image\/","url":"https:\/\/jornaltimoneiro.com.br\/wp-content\/uploads\/2023\/03\/download.jpeg","contentUrl":"https:\/\/jornaltimoneiro.com.br\/wp-content\/uploads\/2023\/03\/download.jpeg","caption":"Reda\u00e7\u00e3o"},"url":"https:\/\/jornaltimoneiro.com.br\/index.php\/author\/simone-dutra\/"}]}},"_links":{"self":[{"href":"https:\/\/jornaltimoneiro.com.br\/index.php\/wp-json\/wp\/v2\/posts\/39379"}],"collection":[{"href":"https:\/\/jornaltimoneiro.com.br\/index.php\/wp-json\/wp\/v2\/posts"}],"about":[{"href":"https:\/\/jornaltimoneiro.com.br\/index.php\/wp-json\/wp\/v2\/types\/post"}],"author":[{"embeddable":true,"href":"https:\/\/jornaltimoneiro.com.br\/index.php\/wp-json\/wp\/v2\/users\/2"}],"replies":[{"embeddable":true,"href":"https:\/\/jornaltimoneiro.com.br\/index.php\/wp-json\/wp\/v2\/comments?post=39379"}],"version-history":[{"count":1,"href":"https:\/\/jornaltimoneiro.com.br\/index.php\/wp-json\/wp\/v2\/posts\/39379\/revisions"}],"predecessor-version":[{"id":39381,"href":"https:\/\/jornaltimoneiro.com.br\/index.php\/wp-json\/wp\/v2\/posts\/39379\/revisions\/39381"}],"wp:featuredmedia":[{"embeddable":true,"href":"https:\/\/jornaltimoneiro.com.br\/index.php\/wp-json\/wp\/v2\/media\/39380"}],"wp:attachment":[{"href":"https:\/\/jornaltimoneiro.com.br\/index.php\/wp-json\/wp\/v2\/media?parent=39379"}],"wp:term":[{"taxonomy":"category","embeddable":true,"href":"https:\/\/jornaltimoneiro.com.br\/index.php\/wp-json\/wp\/v2\/categories?post=39379"},{"taxonomy":"post_tag","embeddable":true,"href":"https:\/\/jornaltimoneiro.com.br\/index.php\/wp-json\/wp\/v2\/tags?post=39379"}],"curies":[{"name":"wp","href":"https:\/\/api.w.org\/{rel}","templated":true}]}}