{"id":39375,"date":"2026-03-06T10:20:34","date_gmt":"2026-03-06T13:20:34","guid":{"rendered":"https:\/\/jornaltimoneiro.com.br\/?p=39375"},"modified":"2026-03-06T10:48:37","modified_gmt":"2026-03-06T13:48:37","slug":"turno-unico-definitivo-prefeitura-canoas-reacao-entidades-empresariais","status":"publish","type":"post","link":"https:\/\/jornaltimoneiro.com.br\/index.php\/2026\/03\/06\/turno-unico-definitivo-prefeitura-canoas-reacao-entidades-empresariais\/","title":{"rendered":"Turno \u00fanico permanente \u00e9 oficializado em Canoas; entidades empresariais alertam para preju\u00edzos \u00e0 economia"},"content":{"rendered":"<p>A Administra\u00e7\u00e3o Municipal de Canoas decidiu tornar definitiva a ado\u00e7\u00e3o do turno \u00fanico no servi\u00e7o p\u00fablico municipal. A medida, que j\u00e1 vinha sendo testada em car\u00e1ter experimental nos \u00faltimos quatro meses, visa, segundo o Executivo, garantir a austeridade nos gastos p\u00fablicos e a efici\u00eancia da m\u00e1quina administrativa. No entanto, a decis\u00e3o gerou uma forte rea\u00e7\u00e3o contr\u00e1ria de diversos setores produtivos da cidade, que temem impactos negativos no desenvolvimento econ\u00f4mico e no atendimento ao cidad\u00e3o.<\/p>\n<h4>A justificativa da Prefeitura: Austeridade e Motiva\u00e7\u00e3o<\/h4>\n<p>De acordo com o prefeito Airton Souza, em fala durante evento de an\u00fancio do passe livre definitivo no dia 27 de fevereiro, a decis\u00e3o foi baseada em estudos t\u00e9cnicos que apontaram a necessidade de um controle mais r\u00edgido das despesas. O objetivo central \u00e9 &#8220;enxugar a m\u00e1quina&#8221; para equilibrar as contas, mesmo diante de uma arrecada\u00e7\u00e3o considerada boa.<\/p>\n<blockquote><p>&#8220;Nosso governo persegue desde o primeiro dia uma austeridade na economia com os gastos p\u00fablicos&#8221;, afirmou o prefeito. Ele destacou que a medida permite economizar em itens como materiais de higiene, energia el\u00e9trica, telefone e internet. Al\u00e9m da quest\u00e3o financeira, Souza apontou um ganho na gest\u00e3o de pessoas: &#8220;Entendemos que esse \u00e9 um instrumento muito importante porque vamos economizar e tamb\u00e9m muito mais motiva\u00e7\u00e3o do servidor que chega em um meio turno&#8221;. O prefeito informou ainda a cria\u00e7\u00e3o de uma comiss\u00e3o para analisar contratos e otimizar a entrega de servi\u00e7os \u00e0 popula\u00e7\u00e3o.<\/p><\/blockquote>\n<h4>Entidades manifestam preocupa\u00e7\u00e3o com o ambiente de neg\u00f3cios<\/h4>\n<p>Apesar dos argumentos da prefeitura, o F\u00f3rum das Entidades Empresariais de Canoas manifestou oficialmente sua preocupa\u00e7\u00e3o com a medida. Em of\u00edcio encaminhado ao Executivo, o grupo reconhece os desafios fiscais, mas ressalta que mudan\u00e7as estruturais no funcionamento da prefeitura afetam diretamente a atratividade de novos investimentos e a din\u00e2mica urbana.<\/p>\n<p>Entre os principais riscos apontados pelas entidades est\u00e3o:<\/p>\n<p>&#8211; Atraso em processos essenciais: poss\u00edvel lentid\u00e3o na libera\u00e7\u00e3o de licen\u00e7as, alvar\u00e1s e an\u00e1lises t\u00e9cnicas necess\u00e1rias para a atividade econ\u00f4mica.<br \/>\n&#8211; Impacto no fluxo urbano: a redu\u00e7\u00e3o do hor\u00e1rio de atendimento diminui a circula\u00e7\u00e3o de pessoas, especialmente no Centro, prejudicando o com\u00e9rcio local.<br \/>\n&#8211; Necessidade de moderniza\u00e7\u00e3o: o F\u00f3rum defende que qualquer ajuste na jornada deveria ser acompanhado de uma digitaliza\u00e7\u00e3o integral de processos para n\u00e3o prejudicar a efici\u00eancia.<\/p>\n<h4>Com\u00e9rcio teme preju\u00edzos e critica redu\u00e7\u00e3o de carga hor\u00e1ria<\/h4>\n<p>O setor varejista tamb\u00e9m expressou descontentamento. O presidente eleito do Sindilojas Canoas, Adnan Abed Zarruq, afirmou que o sentimento de preocupa\u00e7\u00e3o \u00e9 un\u00e2nime entre as lideran\u00e7as do F\u00f3rum das Entidades. Para ele, a economia gerada pela Prefeitura \u00e9 pequena diante do potencial preju\u00edzo para a cidade, que ainda tenta se recuperar das enchentes de 2024.<\/p>\n<blockquote><p>&#8220;Um munic\u00edpio que quer se reerguer aumenta o trabalho e n\u00e3o diminui o trabalho&#8221;, criticou Adnan. Ele argumentou que a economia administrativa \u00e9 &#8220;in\u00f3cua&#8221; perto dos impactos no setor de servi\u00e7os, como restaurantes que dependem do fluxo de servidores e da popula\u00e7\u00e3o que busca atendimento no Centro. &#8220;A Prefeitura est\u00e1 a\u00ed para servir o morador canoense. Como exemplo mundial, o Jap\u00e3o em \u00e9poca de crise aumentou a carga hor\u00e1ria para colocar o pa\u00eds nos eixos. N\u00f3s estamos na dire\u00e7\u00e3o contr\u00e1ria&#8221;, afirmou o representante do Sindilojas.<\/p>\n<div id=\"attachment_39385\" style=\"width: 238px\" class=\"wp-caption aligncenter\"><img decoding=\"async\" aria-describedby=\"caption-attachment-39385\" class=\" wp-image-39385\" src=\"https:\/\/jornaltimoneiro.com.br\/wp-content\/uploads\/2026\/03\/IMG_1001.JPG-630x1024.jpeg\" alt=\"\" width=\"228\" height=\"370\" srcset=\"https:\/\/jornaltimoneiro.com.br\/wp-content\/uploads\/2026\/03\/IMG_1001.JPG-630x1024.jpeg 630w, https:\/\/jornaltimoneiro.com.br\/wp-content\/uploads\/2026\/03\/IMG_1001.JPG-185x300.jpeg 185w, https:\/\/jornaltimoneiro.com.br\/wp-content\/uploads\/2026\/03\/IMG_1001.JPG-768x1248.jpeg 768w, https:\/\/jornaltimoneiro.com.br\/wp-content\/uploads\/2026\/03\/IMG_1001.JPG-946x1536.jpeg 946w, https:\/\/jornaltimoneiro.com.br\/wp-content\/uploads\/2026\/03\/IMG_1001.JPG-1261x2048.jpeg 1261w, https:\/\/jornaltimoneiro.com.br\/wp-content\/uploads\/2026\/03\/IMG_1001.JPG.jpeg 1438w\" sizes=\"(max-width: 228px) 100vw, 228px\" \/><p id=\"caption-attachment-39385\" class=\"wp-caption-text\">Presidente eleito do Sindilojas<br \/>Canoas, Adnan Abed Zarruq<\/p><\/div><\/blockquote>\n<p>As entidades empresariais agora buscam uma audi\u00eancia com o Executivo para tentar construir alternativas que conciliem o equil\u00edbrio das contas p\u00fablicas com a manuten\u00e7\u00e3o da efici\u00eancia e do est\u00edmulo ao desenvolvimento econ\u00f4mico de Canoas. Acompanhe no Instagram de O Timoneiro as falas em v\u00eddeo e mais informa\u00e7\u00f5es sobre o tema.<\/p>\n","protected":false},"excerpt":{"rendered":"<p>A Administra\u00e7\u00e3o Municipal de Canoas decidiu tornar definitiva a ado\u00e7\u00e3o do turno \u00fanico no servi\u00e7o p\u00fablico municipal. A medida, que j\u00e1 vinha sendo testada em car\u00e1ter experimental nos \u00faltimos quatro meses, visa, segundo o Executivo, garantir a austeridade nos gastos p\u00fablicos e a efici\u00eancia da m\u00e1quina administrativa. No entanto, a decis\u00e3o gerou uma forte rea\u00e7\u00e3o [&hellip;]<\/p>\n","protected":false},"author":2,"featured_media":39384,"comment_status":"open","ping_status":"open","sticky":false,"template":"","format":"standard","meta":{"amp_status":"","footnotes":""},"categories":[5030],"tags":[31,634,190,1941,4910],"class_list":["post-39375","post","type-post","status-publish","format-standard","has-post-thumbnail","hentry","category-servicos-publico","tag-canoas","tag-comercio","tag-featured","tag-servicos-publicos","tag-turno-unico"],"yoast_head":"<!-- This site is optimized with the Yoast SEO plugin v20.5 - https:\/\/yoast.com\/wordpress\/plugins\/seo\/ -->\n<title>Turno \u00fanico permanente \u00e9 oficializado em Canoas; entidades empresariais alertam para preju\u00edzos \u00e0 economia - O Timoneiro Jornal Canoas RS<\/title>\n<meta name=\"description\" content=\"A decis\u00e3o da Prefeitura de Canoas de tornar definitivo o turno \u00fanico no servi\u00e7o p\u00fablico gera rea\u00e7\u00e3o de entidades empresariais e do com\u00e9rcio, que apontam poss\u00edveis impactos na economia e no atendimento \u00e0 popula\u00e7\u00e3o.\" \/>\n<meta name=\"robots\" content=\"index, follow, max-snippet:-1, max-image-preview:large, max-video-preview:-1\" \/>\n<link rel=\"canonical\" href=\"https:\/\/jornaltimoneiro.com.br\/index.php\/2026\/03\/06\/turno-unico-definitivo-prefeitura-canoas-reacao-entidades-empresariais\/\" \/>\n<meta property=\"og:locale\" content=\"pt_BR\" \/>\n<meta property=\"og:type\" content=\"article\" \/>\n<meta property=\"og:title\" content=\"Turno \u00fanico permanente \u00e9 oficializado em Canoas; entidades empresariais alertam para preju\u00edzos \u00e0 economia - O Timoneiro Jornal Canoas RS\" \/>\n<meta property=\"og:description\" content=\"A decis\u00e3o da Prefeitura de Canoas de tornar definitivo o turno \u00fanico no servi\u00e7o p\u00fablico gera rea\u00e7\u00e3o de entidades empresariais e do com\u00e9rcio, que apontam poss\u00edveis impactos na economia e no atendimento \u00e0 popula\u00e7\u00e3o.\" \/>\n<meta property=\"og:url\" content=\"https:\/\/jornaltimoneiro.com.br\/index.php\/2026\/03\/06\/turno-unico-definitivo-prefeitura-canoas-reacao-entidades-empresariais\/\" \/>\n<meta property=\"og:site_name\" content=\"O Timoneiro Jornal Canoas RS\" \/>\n<meta property=\"article:publisher\" content=\"https:\/\/www.facebook.com\/jornaltimoneiro\" \/>\n<meta property=\"article:published_time\" content=\"2026-03-06T13:20:34+00:00\" \/>\n<meta property=\"article:modified_time\" content=\"2026-03-06T13:48:37+00:00\" \/>\n<meta property=\"og:image\" content=\"https:\/\/jornaltimoneiro.com.br\/wp-content\/uploads\/2026\/03\/Prefeitura-de-Canoas.jpg.jpeg\" \/>\n\t<meta property=\"og:image:width\" content=\"900\" \/>\n\t<meta property=\"og:image:height\" content=\"600\" \/>\n\t<meta property=\"og:image:type\" content=\"image\/jpeg\" \/>\n<meta name=\"author\" content=\"Reda\u00e7\u00e3o\" \/>\n<meta name=\"twitter:card\" content=\"summary_large_image\" \/>\n<meta name=\"twitter:creator\" content=\"@_OTimoneiro\" \/>\n<meta name=\"twitter:site\" content=\"@_OTimoneiro\" \/>\n<meta name=\"twitter:label1\" content=\"Escrito por\" \/>\n\t<meta name=\"twitter:data1\" content=\"Reda\u00e7\u00e3o\" \/>\n\t<meta name=\"twitter:label2\" content=\"Est. tempo de leitura\" \/>\n\t<meta name=\"twitter:data2\" content=\"4 minutos\" \/>\n<script type=\"application\/ld+json\" class=\"yoast-schema-graph\">{\"@context\":\"https:\/\/schema.org\",\"@graph\":[{\"@type\":\"Article\",\"@id\":\"https:\/\/jornaltimoneiro.com.br\/index.php\/2026\/03\/06\/turno-unico-definitivo-prefeitura-canoas-reacao-entidades-empresariais\/#article\",\"isPartOf\":{\"@id\":\"https:\/\/jornaltimoneiro.com.br\/index.php\/2026\/03\/06\/turno-unico-definitivo-prefeitura-canoas-reacao-entidades-empresariais\/\"},\"author\":{\"name\":\"Reda\u00e7\u00e3o\",\"@id\":\"https:\/\/jornaltimoneiro.com.br\/#\/schema\/person\/f63482f1a02b1a9592707865e509ab40\"},\"headline\":\"Turno \u00fanico permanente \u00e9 oficializado em Canoas; entidades empresariais alertam para preju\u00edzos \u00e0 economia\",\"datePublished\":\"2026-03-06T13:20:34+00:00\",\"dateModified\":\"2026-03-06T13:48:37+00:00\",\"mainEntityOfPage\":{\"@id\":\"https:\/\/jornaltimoneiro.com.br\/index.php\/2026\/03\/06\/turno-unico-definitivo-prefeitura-canoas-reacao-entidades-empresariais\/\"},\"wordCount\":671,\"commentCount\":0,\"publisher\":{\"@id\":\"https:\/\/jornaltimoneiro.com.br\/#organization\"},\"keywords\":[\"canoas\",\"com\u00e9rcio\",\"featured\",\"servi\u00e7os p\u00fablicos\",\"turno unico\"],\"articleSection\":[\"Servi\u00e7os P\u00fablico\"],\"inLanguage\":\"pt-BR\",\"potentialAction\":[{\"@type\":\"CommentAction\",\"name\":\"Comment\",\"target\":[\"https:\/\/jornaltimoneiro.com.br\/index.php\/2026\/03\/06\/turno-unico-definitivo-prefeitura-canoas-reacao-entidades-empresariais\/#respond\"]}]},{\"@type\":\"WebPage\",\"@id\":\"https:\/\/jornaltimoneiro.com.br\/index.php\/2026\/03\/06\/turno-unico-definitivo-prefeitura-canoas-reacao-entidades-empresariais\/\",\"url\":\"https:\/\/jornaltimoneiro.com.br\/index.php\/2026\/03\/06\/turno-unico-definitivo-prefeitura-canoas-reacao-entidades-empresariais\/\",\"name\":\"Turno \u00fanico permanente \u00e9 oficializado em Canoas; entidades empresariais alertam para preju\u00edzos \u00e0 economia - O Timoneiro Jornal Canoas RS\",\"isPartOf\":{\"@id\":\"https:\/\/jornaltimoneiro.com.br\/#website\"},\"datePublished\":\"2026-03-06T13:20:34+00:00\",\"dateModified\":\"2026-03-06T13:48:37+00:00\",\"description\":\"A decis\u00e3o da Prefeitura de Canoas de tornar definitivo o turno \u00fanico no servi\u00e7o p\u00fablico gera rea\u00e7\u00e3o de entidades empresariais e do com\u00e9rcio, que apontam poss\u00edveis impactos na economia e no atendimento \u00e0 popula\u00e7\u00e3o.\",\"breadcrumb\":{\"@id\":\"https:\/\/jornaltimoneiro.com.br\/index.php\/2026\/03\/06\/turno-unico-definitivo-prefeitura-canoas-reacao-entidades-empresariais\/#breadcrumb\"},\"inLanguage\":\"pt-BR\",\"potentialAction\":[{\"@type\":\"ReadAction\",\"target\":[\"https:\/\/jornaltimoneiro.com.br\/index.php\/2026\/03\/06\/turno-unico-definitivo-prefeitura-canoas-reacao-entidades-empresariais\/\"]}]},{\"@type\":\"BreadcrumbList\",\"@id\":\"https:\/\/jornaltimoneiro.com.br\/index.php\/2026\/03\/06\/turno-unico-definitivo-prefeitura-canoas-reacao-entidades-empresariais\/#breadcrumb\",\"itemListElement\":[{\"@type\":\"ListItem\",\"position\":1,\"name\":\"In\u00edcio\",\"item\":\"https:\/\/jornaltimoneiro.com.br\/\"},{\"@type\":\"ListItem\",\"position\":2,\"name\":\"Turno \u00fanico permanente \u00e9 oficializado em Canoas; entidades empresariais alertam para preju\u00edzos \u00e0 economia\"}]},{\"@type\":\"WebSite\",\"@id\":\"https:\/\/jornaltimoneiro.com.br\/#website\",\"url\":\"https:\/\/jornaltimoneiro.com.br\/\",\"name\":\"Jornal Timoneiro Canoas RS\",\"description\":\"Jornal O Timoneiro, o verdadeiro jornal de Canoas\",\"publisher\":{\"@id\":\"https:\/\/jornaltimoneiro.com.br\/#organization\"},\"potentialAction\":[{\"@type\":\"SearchAction\",\"target\":{\"@type\":\"EntryPoint\",\"urlTemplate\":\"https:\/\/jornaltimoneiro.com.br\/?s={search_term_string}\"},\"query-input\":\"required name=search_term_string\"}],\"inLanguage\":\"pt-BR\"},{\"@type\":\"Organization\",\"@id\":\"https:\/\/jornaltimoneiro.com.br\/#organization\",\"name\":\"Jornal Timoneiro Canoas RS\",\"url\":\"https:\/\/jornaltimoneiro.com.br\/\",\"logo\":{\"@type\":\"ImageObject\",\"inLanguage\":\"pt-BR\",\"@id\":\"https:\/\/jornaltimoneiro.com.br\/#\/schema\/logo\/image\/\",\"url\":\"https:\/\/jornaltimoneiro.com.br\/wp-content\/uploads\/2023\/03\/logonovo.png\",\"contentUrl\":\"https:\/\/jornaltimoneiro.com.br\/wp-content\/uploads\/2023\/03\/logonovo.png\",\"width\":\"469\",\"height\":\"171\",\"caption\":\"Jornal Timoneiro Canoas RS\"},\"image\":{\"@id\":\"https:\/\/jornaltimoneiro.com.br\/#\/schema\/logo\/image\/\"},\"sameAs\":[\"https:\/\/www.facebook.com\/jornaltimoneiro\",\"https:\/\/twitter.com\/_OTimoneiro\",\"https:\/\/www.instagram.com\/jornaltimoneirocanoas\/\",\"https:\/\/www.youtube.com\/@jornalotimoneiro7927\"]},{\"@type\":\"Person\",\"@id\":\"https:\/\/jornaltimoneiro.com.br\/#\/schema\/person\/f63482f1a02b1a9592707865e509ab40\",\"name\":\"Reda\u00e7\u00e3o\",\"image\":{\"@type\":\"ImageObject\",\"inLanguage\":\"pt-BR\",\"@id\":\"https:\/\/jornaltimoneiro.com.br\/#\/schema\/person\/image\/\",\"url\":\"https:\/\/jornaltimoneiro.com.br\/wp-content\/uploads\/2023\/03\/download.jpeg\",\"contentUrl\":\"https:\/\/jornaltimoneiro.com.br\/wp-content\/uploads\/2023\/03\/download.jpeg\",\"caption\":\"Reda\u00e7\u00e3o\"},\"url\":\"https:\/\/jornaltimoneiro.com.br\/index.php\/author\/simone-dutra\/\"}]}<\/script>\n<!-- \/ Yoast SEO plugin. -->","yoast_head_json":{"title":"Turno \u00fanico permanente \u00e9 oficializado em Canoas; entidades empresariais alertam para preju\u00edzos \u00e0 economia - O Timoneiro Jornal Canoas RS","description":"A decis\u00e3o da Prefeitura de Canoas de tornar definitivo o turno \u00fanico no servi\u00e7o p\u00fablico gera rea\u00e7\u00e3o de entidades empresariais e do com\u00e9rcio, que apontam poss\u00edveis impactos na economia e no atendimento \u00e0 popula\u00e7\u00e3o.","robots":{"index":"index","follow":"follow","max-snippet":"max-snippet:-1","max-image-preview":"max-image-preview:large","max-video-preview":"max-video-preview:-1"},"canonical":"https:\/\/jornaltimoneiro.com.br\/index.php\/2026\/03\/06\/turno-unico-definitivo-prefeitura-canoas-reacao-entidades-empresariais\/","og_locale":"pt_BR","og_type":"article","og_title":"Turno \u00fanico permanente \u00e9 oficializado em Canoas; entidades empresariais alertam para preju\u00edzos \u00e0 economia - O Timoneiro Jornal Canoas RS","og_description":"A decis\u00e3o da Prefeitura de Canoas de tornar definitivo o turno \u00fanico no servi\u00e7o p\u00fablico gera rea\u00e7\u00e3o de entidades empresariais e do com\u00e9rcio, que apontam poss\u00edveis impactos na economia e no atendimento \u00e0 popula\u00e7\u00e3o.","og_url":"https:\/\/jornaltimoneiro.com.br\/index.php\/2026\/03\/06\/turno-unico-definitivo-prefeitura-canoas-reacao-entidades-empresariais\/","og_site_name":"O Timoneiro Jornal Canoas RS","article_publisher":"https:\/\/www.facebook.com\/jornaltimoneiro","article_published_time":"2026-03-06T13:20:34+00:00","article_modified_time":"2026-03-06T13:48:37+00:00","og_image":[{"width":"900","height":"600","url":"https:\/\/jornaltimoneiro.com.br\/wp-content\/uploads\/2026\/03\/Prefeitura-de-Canoas.jpg.jpeg","type":"image\/jpeg"}],"author":"Reda\u00e7\u00e3o","twitter_card":"summary_large_image","twitter_creator":"@_OTimoneiro","twitter_site":"@_OTimoneiro","twitter_misc":{"Escrito por":"Reda\u00e7\u00e3o","Est. tempo de leitura":"4 minutos"},"schema":{"@context":"https:\/\/schema.org","@graph":[{"@type":"Article","@id":"https:\/\/jornaltimoneiro.com.br\/index.php\/2026\/03\/06\/turno-unico-definitivo-prefeitura-canoas-reacao-entidades-empresariais\/#article","isPartOf":{"@id":"https:\/\/jornaltimoneiro.com.br\/index.php\/2026\/03\/06\/turno-unico-definitivo-prefeitura-canoas-reacao-entidades-empresariais\/"},"author":{"name":"Reda\u00e7\u00e3o","@id":"https:\/\/jornaltimoneiro.com.br\/#\/schema\/person\/f63482f1a02b1a9592707865e509ab40"},"headline":"Turno \u00fanico permanente \u00e9 oficializado em Canoas; entidades empresariais alertam para preju\u00edzos \u00e0 economia","datePublished":"2026-03-06T13:20:34+00:00","dateModified":"2026-03-06T13:48:37+00:00","mainEntityOfPage":{"@id":"https:\/\/jornaltimoneiro.com.br\/index.php\/2026\/03\/06\/turno-unico-definitivo-prefeitura-canoas-reacao-entidades-empresariais\/"},"wordCount":671,"commentCount":0,"publisher":{"@id":"https:\/\/jornaltimoneiro.com.br\/#organization"},"keywords":["canoas","com\u00e9rcio","featured","servi\u00e7os p\u00fablicos","turno unico"],"articleSection":["Servi\u00e7os P\u00fablico"],"inLanguage":"pt-BR","potentialAction":[{"@type":"CommentAction","name":"Comment","target":["https:\/\/jornaltimoneiro.com.br\/index.php\/2026\/03\/06\/turno-unico-definitivo-prefeitura-canoas-reacao-entidades-empresariais\/#respond"]}]},{"@type":"WebPage","@id":"https:\/\/jornaltimoneiro.com.br\/index.php\/2026\/03\/06\/turno-unico-definitivo-prefeitura-canoas-reacao-entidades-empresariais\/","url":"https:\/\/jornaltimoneiro.com.br\/index.php\/2026\/03\/06\/turno-unico-definitivo-prefeitura-canoas-reacao-entidades-empresariais\/","name":"Turno \u00fanico permanente \u00e9 oficializado em Canoas; entidades empresariais alertam para preju\u00edzos \u00e0 economia - O Timoneiro Jornal Canoas RS","isPartOf":{"@id":"https:\/\/jornaltimoneiro.com.br\/#website"},"datePublished":"2026-03-06T13:20:34+00:00","dateModified":"2026-03-06T13:48:37+00:00","description":"A decis\u00e3o da Prefeitura de Canoas de tornar definitivo o turno \u00fanico no servi\u00e7o p\u00fablico gera rea\u00e7\u00e3o de entidades empresariais e do com\u00e9rcio, que apontam poss\u00edveis impactos na economia e no atendimento \u00e0 popula\u00e7\u00e3o.","breadcrumb":{"@id":"https:\/\/jornaltimoneiro.com.br\/index.php\/2026\/03\/06\/turno-unico-definitivo-prefeitura-canoas-reacao-entidades-empresariais\/#breadcrumb"},"inLanguage":"pt-BR","potentialAction":[{"@type":"ReadAction","target":["https:\/\/jornaltimoneiro.com.br\/index.php\/2026\/03\/06\/turno-unico-definitivo-prefeitura-canoas-reacao-entidades-empresariais\/"]}]},{"@type":"BreadcrumbList","@id":"https:\/\/jornaltimoneiro.com.br\/index.php\/2026\/03\/06\/turno-unico-definitivo-prefeitura-canoas-reacao-entidades-empresariais\/#breadcrumb","itemListElement":[{"@type":"ListItem","position":1,"name":"In\u00edcio","item":"https:\/\/jornaltimoneiro.com.br\/"},{"@type":"ListItem","position":2,"name":"Turno \u00fanico permanente \u00e9 oficializado em Canoas; entidades empresariais alertam para preju\u00edzos \u00e0 economia"}]},{"@type":"WebSite","@id":"https:\/\/jornaltimoneiro.com.br\/#website","url":"https:\/\/jornaltimoneiro.com.br\/","name":"Jornal Timoneiro Canoas RS","description":"Jornal O Timoneiro, o verdadeiro jornal de Canoas","publisher":{"@id":"https:\/\/jornaltimoneiro.com.br\/#organization"},"potentialAction":[{"@type":"SearchAction","target":{"@type":"EntryPoint","urlTemplate":"https:\/\/jornaltimoneiro.com.br\/?s={search_term_string}"},"query-input":"required name=search_term_string"}],"inLanguage":"pt-BR"},{"@type":"Organization","@id":"https:\/\/jornaltimoneiro.com.br\/#organization","name":"Jornal Timoneiro Canoas RS","url":"https:\/\/jornaltimoneiro.com.br\/","logo":{"@type":"ImageObject","inLanguage":"pt-BR","@id":"https:\/\/jornaltimoneiro.com.br\/#\/schema\/logo\/image\/","url":"https:\/\/jornaltimoneiro.com.br\/wp-content\/uploads\/2023\/03\/logonovo.png","contentUrl":"https:\/\/jornaltimoneiro.com.br\/wp-content\/uploads\/2023\/03\/logonovo.png","width":"469","height":"171","caption":"Jornal Timoneiro Canoas RS"},"image":{"@id":"https:\/\/jornaltimoneiro.com.br\/#\/schema\/logo\/image\/"},"sameAs":["https:\/\/www.facebook.com\/jornaltimoneiro","https:\/\/twitter.com\/_OTimoneiro","https:\/\/www.instagram.com\/jornaltimoneirocanoas\/","https:\/\/www.youtube.com\/@jornalotimoneiro7927"]},{"@type":"Person","@id":"https:\/\/jornaltimoneiro.com.br\/#\/schema\/person\/f63482f1a02b1a9592707865e509ab40","name":"Reda\u00e7\u00e3o","image":{"@type":"ImageObject","inLanguage":"pt-BR","@id":"https:\/\/jornaltimoneiro.com.br\/#\/schema\/person\/image\/","url":"https:\/\/jornaltimoneiro.com.br\/wp-content\/uploads\/2023\/03\/download.jpeg","contentUrl":"https:\/\/jornaltimoneiro.com.br\/wp-content\/uploads\/2023\/03\/download.jpeg","caption":"Reda\u00e7\u00e3o"},"url":"https:\/\/jornaltimoneiro.com.br\/index.php\/author\/simone-dutra\/"}]}},"_links":{"self":[{"href":"https:\/\/jornaltimoneiro.com.br\/index.php\/wp-json\/wp\/v2\/posts\/39375"}],"collection":[{"href":"https:\/\/jornaltimoneiro.com.br\/index.php\/wp-json\/wp\/v2\/posts"}],"about":[{"href":"https:\/\/jornaltimoneiro.com.br\/index.php\/wp-json\/wp\/v2\/types\/post"}],"author":[{"embeddable":true,"href":"https:\/\/jornaltimoneiro.com.br\/index.php\/wp-json\/wp\/v2\/users\/2"}],"replies":[{"embeddable":true,"href":"https:\/\/jornaltimoneiro.com.br\/index.php\/wp-json\/wp\/v2\/comments?post=39375"}],"version-history":[{"count":3,"href":"https:\/\/jornaltimoneiro.com.br\/index.php\/wp-json\/wp\/v2\/posts\/39375\/revisions"}],"predecessor-version":[{"id":39387,"href":"https:\/\/jornaltimoneiro.com.br\/index.php\/wp-json\/wp\/v2\/posts\/39375\/revisions\/39387"}],"wp:featuredmedia":[{"embeddable":true,"href":"https:\/\/jornaltimoneiro.com.br\/index.php\/wp-json\/wp\/v2\/media\/39384"}],"wp:attachment":[{"href":"https:\/\/jornaltimoneiro.com.br\/index.php\/wp-json\/wp\/v2\/media?parent=39375"}],"wp:term":[{"taxonomy":"category","embeddable":true,"href":"https:\/\/jornaltimoneiro.com.br\/index.php\/wp-json\/wp\/v2\/categories?post=39375"},{"taxonomy":"post_tag","embeddable":true,"href":"https:\/\/jornaltimoneiro.com.br\/index.php\/wp-json\/wp\/v2\/tags?post=39375"}],"curies":[{"name":"wp","href":"https:\/\/api.w.org\/{rel}","templated":true}]}}