{"id":39271,"date":"2026-03-03T10:17:45","date_gmt":"2026-03-03T13:17:45","guid":{"rendered":"https:\/\/jornaltimoneiro.com.br\/?p=39271"},"modified":"2026-03-03T10:17:45","modified_gmt":"2026-03-03T13:17:45","slug":"homem-de-42-anos-e-preso-por-violencia-domestica-no-bairro-mathias-velho","status":"publish","type":"post","link":"https:\/\/jornaltimoneiro.com.br\/index.php\/2026\/03\/03\/homem-de-42-anos-e-preso-por-violencia-domestica-no-bairro-mathias-velho\/","title":{"rendered":"Homem de 42 anos \u00e9 preso por viol\u00eancia dom\u00e9stica no bairro Mathias Velho"},"content":{"rendered":"<p>Um homem de 42 anos foi preso na manh\u00e3 do domingo, 1, suspeito de viol\u00eancia dom\u00e9stica, em Canoas. O fato aconteceu no bairro Mathias Velho. de acordo com informa\u00e7\u00f5es, agentes da Guarda Municipal, que faziam o patrulhamento pela localidade, foram acionados para atender a ocorr\u00eancia de um homem que estaria amea\u00e7ando a companheira com uma arma de fogo. No endere\u00e7o, os agentes encontraram o suspeito ca\u00eddo na cozinha da resid\u00eancia com um ferimento na cabe\u00e7a.<\/p>\n<p>Aos guardas, a mulher revelou que teria se defendido das investidas do companheiro, atingindo ele com uma garrafa de vidro. O homem, segundo a Guarda Municipal, possu\u00eda extensa ficha criminal, com passagens policiais por homic\u00eddio, tr\u00e1fico e roubo. Ele foi detido, encaminhado para atendimento m\u00e9dico e, em seguida, apresentado na Delegacia de Pol\u00edcia de Pronto Atendimento (DPPA), onde foi feito o registro da ocorr\u00eancia. A suposta arma n\u00e3o foi encontrada com o suspeito.<\/p>\n","protected":false},"excerpt":{"rendered":"<p>Um homem de 42 anos foi preso na manh\u00e3 do domingo, 1, suspeito de viol\u00eancia dom\u00e9stica, em Canoas. O fato aconteceu no bairro Mathias Velho. de acordo com informa\u00e7\u00f5es, agentes da Guarda Municipal, que faziam o patrulhamento pela localidade, foram acionados para atender a ocorr\u00eancia de um homem que estaria amea\u00e7ando a companheira com uma [&hellip;]<\/p>\n","protected":false},"author":2,"featured_media":39272,"comment_status":"open","ping_status":"open","sticky":false,"template":"","format":"standard","meta":{"amp_status":"","footnotes":""},"categories":[30],"tags":[31,190,1555,1037,5014],"class_list":["post-39271","post","type-post","status-publish","format-standard","has-post-thumbnail","hentry","category-policial","tag-canoas","tag-featured","tag-guarda-municipal","tag-mathias-velho","tag-violencia-domestica"],"yoast_head":"<!-- This site is optimized with the Yoast SEO plugin v20.5 - https:\/\/yoast.com\/wordpress\/plugins\/seo\/ -->\n<title>Homem de 42 anos \u00e9 preso por viol\u00eancia dom\u00e9stica no bairro Mathias Velho - O Timoneiro Jornal Canoas RS<\/title>\n<meta name=\"description\" content=\"Um homem de 42 anos foi preso na manh\u00e3 do domingo, 1, suspeito de viol\u00eancia dom\u00e9stica, em Canoas. O fato aconteceu no bairro Mathias Velho\" \/>\n<meta name=\"robots\" content=\"index, follow, max-snippet:-1, max-image-preview:large, max-video-preview:-1\" \/>\n<link rel=\"canonical\" href=\"https:\/\/jornaltimoneiro.com.br\/index.php\/2026\/03\/03\/homem-de-42-anos-e-preso-por-violencia-domestica-no-bairro-mathias-velho\/\" \/>\n<meta property=\"og:locale\" content=\"pt_BR\" \/>\n<meta property=\"og:type\" content=\"article\" \/>\n<meta property=\"og:title\" content=\"Homem de 42 anos \u00e9 preso por viol\u00eancia dom\u00e9stica no bairro Mathias Velho - O Timoneiro Jornal Canoas RS\" \/>\n<meta property=\"og:description\" content=\"Um homem de 42 anos foi preso na manh\u00e3 do domingo, 1, suspeito de viol\u00eancia dom\u00e9stica, em Canoas. O fato aconteceu no bairro Mathias Velho\" \/>\n<meta property=\"og:url\" content=\"https:\/\/jornaltimoneiro.com.br\/index.php\/2026\/03\/03\/homem-de-42-anos-e-preso-por-violencia-domestica-no-bairro-mathias-velho\/\" \/>\n<meta property=\"og:site_name\" content=\"O Timoneiro Jornal Canoas RS\" \/>\n<meta property=\"article:publisher\" content=\"https:\/\/www.facebook.com\/jornaltimoneiro\" \/>\n<meta property=\"article:published_time\" content=\"2026-03-03T13:17:45+00:00\" \/>\n<meta property=\"og:image\" content=\"https:\/\/jornaltimoneiro.com.br\/wp-content\/uploads\/2026\/03\/Homem-de-42-anos-e-preso-por-violencia-domestica-no-bairro-Mathias-Velho.jpeg\" \/>\n\t<meta property=\"og:image:width\" content=\"1080\" \/>\n\t<meta property=\"og:image:height\" content=\"810\" \/>\n\t<meta property=\"og:image:type\" content=\"image\/jpeg\" \/>\n<meta name=\"author\" content=\"Reda\u00e7\u00e3o\" \/>\n<meta name=\"twitter:card\" content=\"summary_large_image\" \/>\n<meta name=\"twitter:creator\" content=\"@_OTimoneiro\" \/>\n<meta name=\"twitter:site\" content=\"@_OTimoneiro\" \/>\n<meta name=\"twitter:label1\" content=\"Escrito por\" \/>\n\t<meta name=\"twitter:data1\" content=\"Reda\u00e7\u00e3o\" \/>\n\t<meta name=\"twitter:label2\" content=\"Est. tempo de leitura\" \/>\n\t<meta name=\"twitter:data2\" content=\"1 minuto\" \/>\n<script type=\"application\/ld+json\" class=\"yoast-schema-graph\">{\"@context\":\"https:\/\/schema.org\",\"@graph\":[{\"@type\":\"Article\",\"@id\":\"https:\/\/jornaltimoneiro.com.br\/index.php\/2026\/03\/03\/homem-de-42-anos-e-preso-por-violencia-domestica-no-bairro-mathias-velho\/#article\",\"isPartOf\":{\"@id\":\"https:\/\/jornaltimoneiro.com.br\/index.php\/2026\/03\/03\/homem-de-42-anos-e-preso-por-violencia-domestica-no-bairro-mathias-velho\/\"},\"author\":{\"name\":\"Reda\u00e7\u00e3o\",\"@id\":\"https:\/\/jornaltimoneiro.com.br\/#\/schema\/person\/f63482f1a02b1a9592707865e509ab40\"},\"headline\":\"Homem de 42 anos \u00e9 preso por viol\u00eancia dom\u00e9stica no bairro Mathias Velho\",\"datePublished\":\"2026-03-03T13:17:45+00:00\",\"dateModified\":\"2026-03-03T13:17:45+00:00\",\"mainEntityOfPage\":{\"@id\":\"https:\/\/jornaltimoneiro.com.br\/index.php\/2026\/03\/03\/homem-de-42-anos-e-preso-por-violencia-domestica-no-bairro-mathias-velho\/\"},\"wordCount\":175,\"commentCount\":0,\"publisher\":{\"@id\":\"https:\/\/jornaltimoneiro.com.br\/#organization\"},\"keywords\":[\"canoas\",\"featured\",\"Guarda Municipal\",\"mathias velho\",\"viol\u00eancia dom\u00e9stica\"],\"articleSection\":[\"Policial\"],\"inLanguage\":\"pt-BR\",\"potentialAction\":[{\"@type\":\"CommentAction\",\"name\":\"Comment\",\"target\":[\"https:\/\/jornaltimoneiro.com.br\/index.php\/2026\/03\/03\/homem-de-42-anos-e-preso-por-violencia-domestica-no-bairro-mathias-velho\/#respond\"]}]},{\"@type\":\"WebPage\",\"@id\":\"https:\/\/jornaltimoneiro.com.br\/index.php\/2026\/03\/03\/homem-de-42-anos-e-preso-por-violencia-domestica-no-bairro-mathias-velho\/\",\"url\":\"https:\/\/jornaltimoneiro.com.br\/index.php\/2026\/03\/03\/homem-de-42-anos-e-preso-por-violencia-domestica-no-bairro-mathias-velho\/\",\"name\":\"Homem de 42 anos \u00e9 preso por viol\u00eancia dom\u00e9stica no bairro Mathias Velho - O Timoneiro Jornal Canoas RS\",\"isPartOf\":{\"@id\":\"https:\/\/jornaltimoneiro.com.br\/#website\"},\"datePublished\":\"2026-03-03T13:17:45+00:00\",\"dateModified\":\"2026-03-03T13:17:45+00:00\",\"description\":\"Um homem de 42 anos foi preso na manh\u00e3 do domingo, 1, suspeito de viol\u00eancia dom\u00e9stica, em Canoas. O fato aconteceu no bairro Mathias Velho\",\"breadcrumb\":{\"@id\":\"https:\/\/jornaltimoneiro.com.br\/index.php\/2026\/03\/03\/homem-de-42-anos-e-preso-por-violencia-domestica-no-bairro-mathias-velho\/#breadcrumb\"},\"inLanguage\":\"pt-BR\",\"potentialAction\":[{\"@type\":\"ReadAction\",\"target\":[\"https:\/\/jornaltimoneiro.com.br\/index.php\/2026\/03\/03\/homem-de-42-anos-e-preso-por-violencia-domestica-no-bairro-mathias-velho\/\"]}]},{\"@type\":\"BreadcrumbList\",\"@id\":\"https:\/\/jornaltimoneiro.com.br\/index.php\/2026\/03\/03\/homem-de-42-anos-e-preso-por-violencia-domestica-no-bairro-mathias-velho\/#breadcrumb\",\"itemListElement\":[{\"@type\":\"ListItem\",\"position\":1,\"name\":\"In\u00edcio\",\"item\":\"https:\/\/jornaltimoneiro.com.br\/\"},{\"@type\":\"ListItem\",\"position\":2,\"name\":\"Homem de 42 anos \u00e9 preso por viol\u00eancia dom\u00e9stica no bairro Mathias Velho\"}]},{\"@type\":\"WebSite\",\"@id\":\"https:\/\/jornaltimoneiro.com.br\/#website\",\"url\":\"https:\/\/jornaltimoneiro.com.br\/\",\"name\":\"Jornal Timoneiro Canoas RS\",\"description\":\"Jornal O Timoneiro, o verdadeiro jornal de Canoas\",\"publisher\":{\"@id\":\"https:\/\/jornaltimoneiro.com.br\/#organization\"},\"potentialAction\":[{\"@type\":\"SearchAction\",\"target\":{\"@type\":\"EntryPoint\",\"urlTemplate\":\"https:\/\/jornaltimoneiro.com.br\/?s={search_term_string}\"},\"query-input\":\"required name=search_term_string\"}],\"inLanguage\":\"pt-BR\"},{\"@type\":\"Organization\",\"@id\":\"https:\/\/jornaltimoneiro.com.br\/#organization\",\"name\":\"Jornal Timoneiro Canoas RS\",\"url\":\"https:\/\/jornaltimoneiro.com.br\/\",\"logo\":{\"@type\":\"ImageObject\",\"inLanguage\":\"pt-BR\",\"@id\":\"https:\/\/jornaltimoneiro.com.br\/#\/schema\/logo\/image\/\",\"url\":\"https:\/\/jornaltimoneiro.com.br\/wp-content\/uploads\/2023\/03\/logonovo.png\",\"contentUrl\":\"https:\/\/jornaltimoneiro.com.br\/wp-content\/uploads\/2023\/03\/logonovo.png\",\"width\":\"469\",\"height\":\"171\",\"caption\":\"Jornal Timoneiro Canoas RS\"},\"image\":{\"@id\":\"https:\/\/jornaltimoneiro.com.br\/#\/schema\/logo\/image\/\"},\"sameAs\":[\"https:\/\/www.facebook.com\/jornaltimoneiro\",\"https:\/\/twitter.com\/_OTimoneiro\",\"https:\/\/www.instagram.com\/jornaltimoneirocanoas\/\",\"https:\/\/www.youtube.com\/@jornalotimoneiro7927\"]},{\"@type\":\"Person\",\"@id\":\"https:\/\/jornaltimoneiro.com.br\/#\/schema\/person\/f63482f1a02b1a9592707865e509ab40\",\"name\":\"Reda\u00e7\u00e3o\",\"image\":{\"@type\":\"ImageObject\",\"inLanguage\":\"pt-BR\",\"@id\":\"https:\/\/jornaltimoneiro.com.br\/#\/schema\/person\/image\/\",\"url\":\"https:\/\/jornaltimoneiro.com.br\/wp-content\/uploads\/2023\/03\/download.jpeg\",\"contentUrl\":\"https:\/\/jornaltimoneiro.com.br\/wp-content\/uploads\/2023\/03\/download.jpeg\",\"caption\":\"Reda\u00e7\u00e3o\"},\"url\":\"https:\/\/jornaltimoneiro.com.br\/index.php\/author\/simone-dutra\/\"}]}<\/script>\n<!-- \/ Yoast SEO plugin. -->","yoast_head_json":{"title":"Homem de 42 anos \u00e9 preso por viol\u00eancia dom\u00e9stica no bairro Mathias Velho - O Timoneiro Jornal Canoas RS","description":"Um homem de 42 anos foi preso na manh\u00e3 do domingo, 1, suspeito de viol\u00eancia dom\u00e9stica, em Canoas. O fato aconteceu no bairro Mathias Velho","robots":{"index":"index","follow":"follow","max-snippet":"max-snippet:-1","max-image-preview":"max-image-preview:large","max-video-preview":"max-video-preview:-1"},"canonical":"https:\/\/jornaltimoneiro.com.br\/index.php\/2026\/03\/03\/homem-de-42-anos-e-preso-por-violencia-domestica-no-bairro-mathias-velho\/","og_locale":"pt_BR","og_type":"article","og_title":"Homem de 42 anos \u00e9 preso por viol\u00eancia dom\u00e9stica no bairro Mathias Velho - O Timoneiro Jornal Canoas RS","og_description":"Um homem de 42 anos foi preso na manh\u00e3 do domingo, 1, suspeito de viol\u00eancia dom\u00e9stica, em Canoas. O fato aconteceu no bairro Mathias Velho","og_url":"https:\/\/jornaltimoneiro.com.br\/index.php\/2026\/03\/03\/homem-de-42-anos-e-preso-por-violencia-domestica-no-bairro-mathias-velho\/","og_site_name":"O Timoneiro Jornal Canoas RS","article_publisher":"https:\/\/www.facebook.com\/jornaltimoneiro","article_published_time":"2026-03-03T13:17:45+00:00","og_image":[{"width":1080,"height":810,"url":"https:\/\/jornaltimoneiro.com.br\/wp-content\/uploads\/2026\/03\/Homem-de-42-anos-e-preso-por-violencia-domestica-no-bairro-Mathias-Velho.jpeg","type":"image\/jpeg"}],"author":"Reda\u00e7\u00e3o","twitter_card":"summary_large_image","twitter_creator":"@_OTimoneiro","twitter_site":"@_OTimoneiro","twitter_misc":{"Escrito por":"Reda\u00e7\u00e3o","Est. tempo de leitura":"1 minuto"},"schema":{"@context":"https:\/\/schema.org","@graph":[{"@type":"Article","@id":"https:\/\/jornaltimoneiro.com.br\/index.php\/2026\/03\/03\/homem-de-42-anos-e-preso-por-violencia-domestica-no-bairro-mathias-velho\/#article","isPartOf":{"@id":"https:\/\/jornaltimoneiro.com.br\/index.php\/2026\/03\/03\/homem-de-42-anos-e-preso-por-violencia-domestica-no-bairro-mathias-velho\/"},"author":{"name":"Reda\u00e7\u00e3o","@id":"https:\/\/jornaltimoneiro.com.br\/#\/schema\/person\/f63482f1a02b1a9592707865e509ab40"},"headline":"Homem de 42 anos \u00e9 preso por viol\u00eancia dom\u00e9stica no bairro Mathias Velho","datePublished":"2026-03-03T13:17:45+00:00","dateModified":"2026-03-03T13:17:45+00:00","mainEntityOfPage":{"@id":"https:\/\/jornaltimoneiro.com.br\/index.php\/2026\/03\/03\/homem-de-42-anos-e-preso-por-violencia-domestica-no-bairro-mathias-velho\/"},"wordCount":175,"commentCount":0,"publisher":{"@id":"https:\/\/jornaltimoneiro.com.br\/#organization"},"keywords":["canoas","featured","Guarda Municipal","mathias velho","viol\u00eancia dom\u00e9stica"],"articleSection":["Policial"],"inLanguage":"pt-BR","potentialAction":[{"@type":"CommentAction","name":"Comment","target":["https:\/\/jornaltimoneiro.com.br\/index.php\/2026\/03\/03\/homem-de-42-anos-e-preso-por-violencia-domestica-no-bairro-mathias-velho\/#respond"]}]},{"@type":"WebPage","@id":"https:\/\/jornaltimoneiro.com.br\/index.php\/2026\/03\/03\/homem-de-42-anos-e-preso-por-violencia-domestica-no-bairro-mathias-velho\/","url":"https:\/\/jornaltimoneiro.com.br\/index.php\/2026\/03\/03\/homem-de-42-anos-e-preso-por-violencia-domestica-no-bairro-mathias-velho\/","name":"Homem de 42 anos \u00e9 preso por viol\u00eancia dom\u00e9stica no bairro Mathias Velho - O Timoneiro Jornal Canoas RS","isPartOf":{"@id":"https:\/\/jornaltimoneiro.com.br\/#website"},"datePublished":"2026-03-03T13:17:45+00:00","dateModified":"2026-03-03T13:17:45+00:00","description":"Um homem de 42 anos foi preso na manh\u00e3 do domingo, 1, suspeito de viol\u00eancia dom\u00e9stica, em Canoas. O fato aconteceu no bairro Mathias Velho","breadcrumb":{"@id":"https:\/\/jornaltimoneiro.com.br\/index.php\/2026\/03\/03\/homem-de-42-anos-e-preso-por-violencia-domestica-no-bairro-mathias-velho\/#breadcrumb"},"inLanguage":"pt-BR","potentialAction":[{"@type":"ReadAction","target":["https:\/\/jornaltimoneiro.com.br\/index.php\/2026\/03\/03\/homem-de-42-anos-e-preso-por-violencia-domestica-no-bairro-mathias-velho\/"]}]},{"@type":"BreadcrumbList","@id":"https:\/\/jornaltimoneiro.com.br\/index.php\/2026\/03\/03\/homem-de-42-anos-e-preso-por-violencia-domestica-no-bairro-mathias-velho\/#breadcrumb","itemListElement":[{"@type":"ListItem","position":1,"name":"In\u00edcio","item":"https:\/\/jornaltimoneiro.com.br\/"},{"@type":"ListItem","position":2,"name":"Homem de 42 anos \u00e9 preso por viol\u00eancia dom\u00e9stica no bairro Mathias Velho"}]},{"@type":"WebSite","@id":"https:\/\/jornaltimoneiro.com.br\/#website","url":"https:\/\/jornaltimoneiro.com.br\/","name":"Jornal Timoneiro Canoas RS","description":"Jornal O Timoneiro, o verdadeiro jornal de Canoas","publisher":{"@id":"https:\/\/jornaltimoneiro.com.br\/#organization"},"potentialAction":[{"@type":"SearchAction","target":{"@type":"EntryPoint","urlTemplate":"https:\/\/jornaltimoneiro.com.br\/?s={search_term_string}"},"query-input":"required name=search_term_string"}],"inLanguage":"pt-BR"},{"@type":"Organization","@id":"https:\/\/jornaltimoneiro.com.br\/#organization","name":"Jornal Timoneiro Canoas RS","url":"https:\/\/jornaltimoneiro.com.br\/","logo":{"@type":"ImageObject","inLanguage":"pt-BR","@id":"https:\/\/jornaltimoneiro.com.br\/#\/schema\/logo\/image\/","url":"https:\/\/jornaltimoneiro.com.br\/wp-content\/uploads\/2023\/03\/logonovo.png","contentUrl":"https:\/\/jornaltimoneiro.com.br\/wp-content\/uploads\/2023\/03\/logonovo.png","width":"469","height":"171","caption":"Jornal Timoneiro Canoas RS"},"image":{"@id":"https:\/\/jornaltimoneiro.com.br\/#\/schema\/logo\/image\/"},"sameAs":["https:\/\/www.facebook.com\/jornaltimoneiro","https:\/\/twitter.com\/_OTimoneiro","https:\/\/www.instagram.com\/jornaltimoneirocanoas\/","https:\/\/www.youtube.com\/@jornalotimoneiro7927"]},{"@type":"Person","@id":"https:\/\/jornaltimoneiro.com.br\/#\/schema\/person\/f63482f1a02b1a9592707865e509ab40","name":"Reda\u00e7\u00e3o","image":{"@type":"ImageObject","inLanguage":"pt-BR","@id":"https:\/\/jornaltimoneiro.com.br\/#\/schema\/person\/image\/","url":"https:\/\/jornaltimoneiro.com.br\/wp-content\/uploads\/2023\/03\/download.jpeg","contentUrl":"https:\/\/jornaltimoneiro.com.br\/wp-content\/uploads\/2023\/03\/download.jpeg","caption":"Reda\u00e7\u00e3o"},"url":"https:\/\/jornaltimoneiro.com.br\/index.php\/author\/simone-dutra\/"}]}},"_links":{"self":[{"href":"https:\/\/jornaltimoneiro.com.br\/index.php\/wp-json\/wp\/v2\/posts\/39271"}],"collection":[{"href":"https:\/\/jornaltimoneiro.com.br\/index.php\/wp-json\/wp\/v2\/posts"}],"about":[{"href":"https:\/\/jornaltimoneiro.com.br\/index.php\/wp-json\/wp\/v2\/types\/post"}],"author":[{"embeddable":true,"href":"https:\/\/jornaltimoneiro.com.br\/index.php\/wp-json\/wp\/v2\/users\/2"}],"replies":[{"embeddable":true,"href":"https:\/\/jornaltimoneiro.com.br\/index.php\/wp-json\/wp\/v2\/comments?post=39271"}],"version-history":[{"count":1,"href":"https:\/\/jornaltimoneiro.com.br\/index.php\/wp-json\/wp\/v2\/posts\/39271\/revisions"}],"predecessor-version":[{"id":39273,"href":"https:\/\/jornaltimoneiro.com.br\/index.php\/wp-json\/wp\/v2\/posts\/39271\/revisions\/39273"}],"wp:featuredmedia":[{"embeddable":true,"href":"https:\/\/jornaltimoneiro.com.br\/index.php\/wp-json\/wp\/v2\/media\/39272"}],"wp:attachment":[{"href":"https:\/\/jornaltimoneiro.com.br\/index.php\/wp-json\/wp\/v2\/media?parent=39271"}],"wp:term":[{"taxonomy":"category","embeddable":true,"href":"https:\/\/jornaltimoneiro.com.br\/index.php\/wp-json\/wp\/v2\/categories?post=39271"},{"taxonomy":"post_tag","embeddable":true,"href":"https:\/\/jornaltimoneiro.com.br\/index.php\/wp-json\/wp\/v2\/tags?post=39271"}],"curies":[{"name":"wp","href":"https:\/\/api.w.org\/{rel}","templated":true}]}}