{"id":39046,"date":"2026-02-19T11:32:30","date_gmt":"2026-02-19T14:32:30","guid":{"rendered":"https:\/\/jornaltimoneiro.com.br\/?p=39046"},"modified":"2026-02-19T11:32:49","modified_gmt":"2026-02-19T14:32:49","slug":"corsan-reparo-rede-agua-canoas","status":"publish","type":"post","link":"https:\/\/jornaltimoneiro.com.br\/index.php\/2026\/02\/19\/corsan-reparo-rede-agua-canoas\/","title":{"rendered":"Corsan diz que \u00e1gua no bairro Est\u00e2ncia Velha deve voltar  completamente at\u00e9 fim do dia"},"content":{"rendered":"<p data-start=\"202\" data-end=\"517\">Nesta quinta-feira, 19, equipes da Corsan trabalham na Rua Ernesto da Silva Rocha, em Canoas, para reparar uma rede de \u00e1gua danificada, que tem causado varia\u00e7\u00f5es na press\u00e3o do abastecimento em parte do bairro Est\u00e2ncia Velha.<\/p>\n<p data-start=\"202\" data-end=\"517\">Segundo a Corsan, o abastecimento deve ser normalizado de forma gradual at\u00e9 o final da tarde.<\/p>\n<p data-start=\"519\" data-end=\"734\">A popula\u00e7\u00e3o pode acompanhar informa\u00e7\u00f5es e registrar solicita\u00e7\u00f5es por meio dos canais de atendimento da Corsan: aplicativo Corsan, site cliente.corsan.com.br, WhatsApp ou liga\u00e7\u00e3o gratuita pelo n\u00famero 0800.646.6444.<\/p>\n<p data-start=\"736\" data-end=\"1016\">A Companhia refor\u00e7a que esses canais est\u00e3o dispon\u00edveis continuamente e orienta os moradores a utiliz\u00e1-los para comunicados, pedidos de informa\u00e7\u00e3o ou solicita\u00e7\u00f5es de servi\u00e7o. Segundo a Corsan, esse procedimento contribui para agilizar a resposta e a atua\u00e7\u00e3o das equipes em campo.<\/p>\n","protected":false},"excerpt":{"rendered":"<p>Nesta quinta-feira, 19, equipes da Corsan trabalham na Rua Ernesto da Silva Rocha, em Canoas, para reparar uma rede de \u00e1gua danificada, que tem causado varia\u00e7\u00f5es na press\u00e3o do abastecimento em parte do bairro Est\u00e2ncia Velha. Segundo a Corsan, o abastecimento deve ser normalizado de forma gradual at\u00e9 o final da tarde. A popula\u00e7\u00e3o pode [&hellip;]<\/p>\n","protected":false},"author":2,"featured_media":39047,"comment_status":"open","ping_status":"open","sticky":false,"template":"","format":"standard","meta":{"amp_status":"","footnotes":""},"categories":[2866,1],"tags":[2225,867,31,868,190],"class_list":["post-39046","post","type-post","status-publish","format-standard","has-post-thumbnail","hentry","category-canoas","category-sem-categoria","tag-abastecimento","tag-agua","tag-canoas","tag-corsan","tag-featured"],"yoast_head":"<!-- This site is optimized with the Yoast SEO plugin v20.5 - https:\/\/yoast.com\/wordpress\/plugins\/seo\/ -->\n<title>Corsan diz que \u00e1gua no bairro Est\u00e2ncia Velha deve voltar completamente at\u00e9 fim do dia - O Timoneiro Jornal Canoas RS<\/title>\n<meta name=\"description\" content=\"Corsan informa que o abastecimento de \u00e1gua em parte do bairro Est\u00e2ncia Velha, Canoas, ser\u00e1 normalizado at\u00e9 o final da tarde ap\u00f3s reparo de rede.\" \/>\n<meta name=\"robots\" content=\"index, follow, max-snippet:-1, max-image-preview:large, max-video-preview:-1\" \/>\n<link rel=\"canonical\" href=\"https:\/\/jornaltimoneiro.com.br\/index.php\/2026\/02\/19\/corsan-reparo-rede-agua-canoas\/\" \/>\n<meta property=\"og:locale\" content=\"pt_BR\" \/>\n<meta property=\"og:type\" content=\"article\" \/>\n<meta property=\"og:title\" content=\"Corsan diz que \u00e1gua no bairro Est\u00e2ncia Velha deve voltar completamente at\u00e9 fim do dia - O Timoneiro Jornal Canoas RS\" \/>\n<meta property=\"og:description\" content=\"Corsan informa que o abastecimento de \u00e1gua em parte do bairro Est\u00e2ncia Velha, Canoas, ser\u00e1 normalizado at\u00e9 o final da tarde ap\u00f3s reparo de rede.\" \/>\n<meta property=\"og:url\" content=\"https:\/\/jornaltimoneiro.com.br\/index.php\/2026\/02\/19\/corsan-reparo-rede-agua-canoas\/\" \/>\n<meta property=\"og:site_name\" content=\"O Timoneiro Jornal Canoas RS\" \/>\n<meta property=\"article:publisher\" content=\"https:\/\/www.facebook.com\/jornaltimoneiro\" \/>\n<meta property=\"article:published_time\" content=\"2026-02-19T14:32:30+00:00\" \/>\n<meta property=\"article:modified_time\" content=\"2026-02-19T14:32:49+00:00\" \/>\n<meta property=\"og:image\" content=\"https:\/\/jornaltimoneiro.com.br\/wp-content\/uploads\/2026\/02\/WhatsApp-Image-2025-09-17-at-4.29.02-PM.jpeg\" \/>\n\t<meta property=\"og:image:width\" content=\"720\" \/>\n\t<meta property=\"og:image:height\" content=\"675\" \/>\n\t<meta property=\"og:image:type\" content=\"image\/jpeg\" \/>\n<meta name=\"author\" content=\"Reda\u00e7\u00e3o\" \/>\n<meta name=\"twitter:card\" content=\"summary_large_image\" \/>\n<meta name=\"twitter:creator\" content=\"@_OTimoneiro\" \/>\n<meta name=\"twitter:site\" content=\"@_OTimoneiro\" \/>\n<meta name=\"twitter:label1\" content=\"Escrito por\" \/>\n\t<meta name=\"twitter:data1\" content=\"Reda\u00e7\u00e3o\" \/>\n\t<meta name=\"twitter:label2\" content=\"Est. tempo de leitura\" \/>\n\t<meta name=\"twitter:data2\" content=\"1 minuto\" \/>\n<script type=\"application\/ld+json\" class=\"yoast-schema-graph\">{\"@context\":\"https:\/\/schema.org\",\"@graph\":[{\"@type\":\"Article\",\"@id\":\"https:\/\/jornaltimoneiro.com.br\/index.php\/2026\/02\/19\/corsan-reparo-rede-agua-canoas\/#article\",\"isPartOf\":{\"@id\":\"https:\/\/jornaltimoneiro.com.br\/index.php\/2026\/02\/19\/corsan-reparo-rede-agua-canoas\/\"},\"author\":{\"name\":\"Reda\u00e7\u00e3o\",\"@id\":\"https:\/\/jornaltimoneiro.com.br\/#\/schema\/person\/f63482f1a02b1a9592707865e509ab40\"},\"headline\":\"Corsan diz que \u00e1gua no bairro Est\u00e2ncia Velha deve voltar completamente at\u00e9 fim do dia\",\"datePublished\":\"2026-02-19T14:32:30+00:00\",\"dateModified\":\"2026-02-19T14:32:49+00:00\",\"mainEntityOfPage\":{\"@id\":\"https:\/\/jornaltimoneiro.com.br\/index.php\/2026\/02\/19\/corsan-reparo-rede-agua-canoas\/\"},\"wordCount\":153,\"commentCount\":0,\"publisher\":{\"@id\":\"https:\/\/jornaltimoneiro.com.br\/#organization\"},\"keywords\":[\"abastecimento\",\"\u00e1gua\",\"canoas\",\"corsan\",\"featured\"],\"articleSection\":[\"Canoas\"],\"inLanguage\":\"pt-BR\",\"potentialAction\":[{\"@type\":\"CommentAction\",\"name\":\"Comment\",\"target\":[\"https:\/\/jornaltimoneiro.com.br\/index.php\/2026\/02\/19\/corsan-reparo-rede-agua-canoas\/#respond\"]}]},{\"@type\":\"WebPage\",\"@id\":\"https:\/\/jornaltimoneiro.com.br\/index.php\/2026\/02\/19\/corsan-reparo-rede-agua-canoas\/\",\"url\":\"https:\/\/jornaltimoneiro.com.br\/index.php\/2026\/02\/19\/corsan-reparo-rede-agua-canoas\/\",\"name\":\"Corsan diz que \u00e1gua no bairro Est\u00e2ncia Velha deve voltar completamente at\u00e9 fim do dia - O Timoneiro Jornal Canoas RS\",\"isPartOf\":{\"@id\":\"https:\/\/jornaltimoneiro.com.br\/#website\"},\"datePublished\":\"2026-02-19T14:32:30+00:00\",\"dateModified\":\"2026-02-19T14:32:49+00:00\",\"description\":\"Corsan informa que o abastecimento de \u00e1gua em parte do bairro Est\u00e2ncia Velha, Canoas, ser\u00e1 normalizado at\u00e9 o final da tarde ap\u00f3s reparo de rede.\",\"breadcrumb\":{\"@id\":\"https:\/\/jornaltimoneiro.com.br\/index.php\/2026\/02\/19\/corsan-reparo-rede-agua-canoas\/#breadcrumb\"},\"inLanguage\":\"pt-BR\",\"potentialAction\":[{\"@type\":\"ReadAction\",\"target\":[\"https:\/\/jornaltimoneiro.com.br\/index.php\/2026\/02\/19\/corsan-reparo-rede-agua-canoas\/\"]}]},{\"@type\":\"BreadcrumbList\",\"@id\":\"https:\/\/jornaltimoneiro.com.br\/index.php\/2026\/02\/19\/corsan-reparo-rede-agua-canoas\/#breadcrumb\",\"itemListElement\":[{\"@type\":\"ListItem\",\"position\":1,\"name\":\"In\u00edcio\",\"item\":\"https:\/\/jornaltimoneiro.com.br\/\"},{\"@type\":\"ListItem\",\"position\":2,\"name\":\"Corsan diz que \u00e1gua no bairro Est\u00e2ncia Velha deve voltar completamente at\u00e9 fim do dia\"}]},{\"@type\":\"WebSite\",\"@id\":\"https:\/\/jornaltimoneiro.com.br\/#website\",\"url\":\"https:\/\/jornaltimoneiro.com.br\/\",\"name\":\"Jornal Timoneiro Canoas RS\",\"description\":\"Jornal O Timoneiro, o verdadeiro jornal de Canoas\",\"publisher\":{\"@id\":\"https:\/\/jornaltimoneiro.com.br\/#organization\"},\"potentialAction\":[{\"@type\":\"SearchAction\",\"target\":{\"@type\":\"EntryPoint\",\"urlTemplate\":\"https:\/\/jornaltimoneiro.com.br\/?s={search_term_string}\"},\"query-input\":\"required name=search_term_string\"}],\"inLanguage\":\"pt-BR\"},{\"@type\":\"Organization\",\"@id\":\"https:\/\/jornaltimoneiro.com.br\/#organization\",\"name\":\"Jornal Timoneiro Canoas RS\",\"url\":\"https:\/\/jornaltimoneiro.com.br\/\",\"logo\":{\"@type\":\"ImageObject\",\"inLanguage\":\"pt-BR\",\"@id\":\"https:\/\/jornaltimoneiro.com.br\/#\/schema\/logo\/image\/\",\"url\":\"https:\/\/jornaltimoneiro.com.br\/wp-content\/uploads\/2023\/03\/logonovo.png\",\"contentUrl\":\"https:\/\/jornaltimoneiro.com.br\/wp-content\/uploads\/2023\/03\/logonovo.png\",\"width\":\"469\",\"height\":\"171\",\"caption\":\"Jornal Timoneiro Canoas RS\"},\"image\":{\"@id\":\"https:\/\/jornaltimoneiro.com.br\/#\/schema\/logo\/image\/\"},\"sameAs\":[\"https:\/\/www.facebook.com\/jornaltimoneiro\",\"https:\/\/twitter.com\/_OTimoneiro\",\"https:\/\/www.instagram.com\/jornaltimoneirocanoas\/\",\"https:\/\/www.youtube.com\/@jornalotimoneiro7927\"]},{\"@type\":\"Person\",\"@id\":\"https:\/\/jornaltimoneiro.com.br\/#\/schema\/person\/f63482f1a02b1a9592707865e509ab40\",\"name\":\"Reda\u00e7\u00e3o\",\"image\":{\"@type\":\"ImageObject\",\"inLanguage\":\"pt-BR\",\"@id\":\"https:\/\/jornaltimoneiro.com.br\/#\/schema\/person\/image\/\",\"url\":\"https:\/\/jornaltimoneiro.com.br\/wp-content\/uploads\/2023\/03\/download.jpeg\",\"contentUrl\":\"https:\/\/jornaltimoneiro.com.br\/wp-content\/uploads\/2023\/03\/download.jpeg\",\"caption\":\"Reda\u00e7\u00e3o\"},\"url\":\"https:\/\/jornaltimoneiro.com.br\/index.php\/author\/simone-dutra\/\"}]}<\/script>\n<!-- \/ Yoast SEO plugin. -->","yoast_head_json":{"title":"Corsan diz que \u00e1gua no bairro Est\u00e2ncia Velha deve voltar completamente at\u00e9 fim do dia - O Timoneiro Jornal Canoas RS","description":"Corsan informa que o abastecimento de \u00e1gua em parte do bairro Est\u00e2ncia Velha, Canoas, ser\u00e1 normalizado at\u00e9 o final da tarde ap\u00f3s reparo de rede.","robots":{"index":"index","follow":"follow","max-snippet":"max-snippet:-1","max-image-preview":"max-image-preview:large","max-video-preview":"max-video-preview:-1"},"canonical":"https:\/\/jornaltimoneiro.com.br\/index.php\/2026\/02\/19\/corsan-reparo-rede-agua-canoas\/","og_locale":"pt_BR","og_type":"article","og_title":"Corsan diz que \u00e1gua no bairro Est\u00e2ncia Velha deve voltar completamente at\u00e9 fim do dia - O Timoneiro Jornal Canoas RS","og_description":"Corsan informa que o abastecimento de \u00e1gua em parte do bairro Est\u00e2ncia Velha, Canoas, ser\u00e1 normalizado at\u00e9 o final da tarde ap\u00f3s reparo de rede.","og_url":"https:\/\/jornaltimoneiro.com.br\/index.php\/2026\/02\/19\/corsan-reparo-rede-agua-canoas\/","og_site_name":"O Timoneiro Jornal Canoas RS","article_publisher":"https:\/\/www.facebook.com\/jornaltimoneiro","article_published_time":"2026-02-19T14:32:30+00:00","article_modified_time":"2026-02-19T14:32:49+00:00","og_image":[{"width":"720","height":"675","url":"https:\/\/jornaltimoneiro.com.br\/wp-content\/uploads\/2026\/02\/WhatsApp-Image-2025-09-17-at-4.29.02-PM.jpeg","type":"image\/jpeg"}],"author":"Reda\u00e7\u00e3o","twitter_card":"summary_large_image","twitter_creator":"@_OTimoneiro","twitter_site":"@_OTimoneiro","twitter_misc":{"Escrito por":"Reda\u00e7\u00e3o","Est. tempo de leitura":"1 minuto"},"schema":{"@context":"https:\/\/schema.org","@graph":[{"@type":"Article","@id":"https:\/\/jornaltimoneiro.com.br\/index.php\/2026\/02\/19\/corsan-reparo-rede-agua-canoas\/#article","isPartOf":{"@id":"https:\/\/jornaltimoneiro.com.br\/index.php\/2026\/02\/19\/corsan-reparo-rede-agua-canoas\/"},"author":{"name":"Reda\u00e7\u00e3o","@id":"https:\/\/jornaltimoneiro.com.br\/#\/schema\/person\/f63482f1a02b1a9592707865e509ab40"},"headline":"Corsan diz que \u00e1gua no bairro Est\u00e2ncia Velha deve voltar completamente at\u00e9 fim do dia","datePublished":"2026-02-19T14:32:30+00:00","dateModified":"2026-02-19T14:32:49+00:00","mainEntityOfPage":{"@id":"https:\/\/jornaltimoneiro.com.br\/index.php\/2026\/02\/19\/corsan-reparo-rede-agua-canoas\/"},"wordCount":153,"commentCount":0,"publisher":{"@id":"https:\/\/jornaltimoneiro.com.br\/#organization"},"keywords":["abastecimento","\u00e1gua","canoas","corsan","featured"],"articleSection":["Canoas"],"inLanguage":"pt-BR","potentialAction":[{"@type":"CommentAction","name":"Comment","target":["https:\/\/jornaltimoneiro.com.br\/index.php\/2026\/02\/19\/corsan-reparo-rede-agua-canoas\/#respond"]}]},{"@type":"WebPage","@id":"https:\/\/jornaltimoneiro.com.br\/index.php\/2026\/02\/19\/corsan-reparo-rede-agua-canoas\/","url":"https:\/\/jornaltimoneiro.com.br\/index.php\/2026\/02\/19\/corsan-reparo-rede-agua-canoas\/","name":"Corsan diz que \u00e1gua no bairro Est\u00e2ncia Velha deve voltar completamente at\u00e9 fim do dia - O Timoneiro Jornal Canoas RS","isPartOf":{"@id":"https:\/\/jornaltimoneiro.com.br\/#website"},"datePublished":"2026-02-19T14:32:30+00:00","dateModified":"2026-02-19T14:32:49+00:00","description":"Corsan informa que o abastecimento de \u00e1gua em parte do bairro Est\u00e2ncia Velha, Canoas, ser\u00e1 normalizado at\u00e9 o final da tarde ap\u00f3s reparo de rede.","breadcrumb":{"@id":"https:\/\/jornaltimoneiro.com.br\/index.php\/2026\/02\/19\/corsan-reparo-rede-agua-canoas\/#breadcrumb"},"inLanguage":"pt-BR","potentialAction":[{"@type":"ReadAction","target":["https:\/\/jornaltimoneiro.com.br\/index.php\/2026\/02\/19\/corsan-reparo-rede-agua-canoas\/"]}]},{"@type":"BreadcrumbList","@id":"https:\/\/jornaltimoneiro.com.br\/index.php\/2026\/02\/19\/corsan-reparo-rede-agua-canoas\/#breadcrumb","itemListElement":[{"@type":"ListItem","position":1,"name":"In\u00edcio","item":"https:\/\/jornaltimoneiro.com.br\/"},{"@type":"ListItem","position":2,"name":"Corsan diz que \u00e1gua no bairro Est\u00e2ncia Velha deve voltar completamente at\u00e9 fim do dia"}]},{"@type":"WebSite","@id":"https:\/\/jornaltimoneiro.com.br\/#website","url":"https:\/\/jornaltimoneiro.com.br\/","name":"Jornal Timoneiro Canoas RS","description":"Jornal O Timoneiro, o verdadeiro jornal de Canoas","publisher":{"@id":"https:\/\/jornaltimoneiro.com.br\/#organization"},"potentialAction":[{"@type":"SearchAction","target":{"@type":"EntryPoint","urlTemplate":"https:\/\/jornaltimoneiro.com.br\/?s={search_term_string}"},"query-input":"required name=search_term_string"}],"inLanguage":"pt-BR"},{"@type":"Organization","@id":"https:\/\/jornaltimoneiro.com.br\/#organization","name":"Jornal Timoneiro Canoas RS","url":"https:\/\/jornaltimoneiro.com.br\/","logo":{"@type":"ImageObject","inLanguage":"pt-BR","@id":"https:\/\/jornaltimoneiro.com.br\/#\/schema\/logo\/image\/","url":"https:\/\/jornaltimoneiro.com.br\/wp-content\/uploads\/2023\/03\/logonovo.png","contentUrl":"https:\/\/jornaltimoneiro.com.br\/wp-content\/uploads\/2023\/03\/logonovo.png","width":"469","height":"171","caption":"Jornal Timoneiro Canoas RS"},"image":{"@id":"https:\/\/jornaltimoneiro.com.br\/#\/schema\/logo\/image\/"},"sameAs":["https:\/\/www.facebook.com\/jornaltimoneiro","https:\/\/twitter.com\/_OTimoneiro","https:\/\/www.instagram.com\/jornaltimoneirocanoas\/","https:\/\/www.youtube.com\/@jornalotimoneiro7927"]},{"@type":"Person","@id":"https:\/\/jornaltimoneiro.com.br\/#\/schema\/person\/f63482f1a02b1a9592707865e509ab40","name":"Reda\u00e7\u00e3o","image":{"@type":"ImageObject","inLanguage":"pt-BR","@id":"https:\/\/jornaltimoneiro.com.br\/#\/schema\/person\/image\/","url":"https:\/\/jornaltimoneiro.com.br\/wp-content\/uploads\/2023\/03\/download.jpeg","contentUrl":"https:\/\/jornaltimoneiro.com.br\/wp-content\/uploads\/2023\/03\/download.jpeg","caption":"Reda\u00e7\u00e3o"},"url":"https:\/\/jornaltimoneiro.com.br\/index.php\/author\/simone-dutra\/"}]}},"_links":{"self":[{"href":"https:\/\/jornaltimoneiro.com.br\/index.php\/wp-json\/wp\/v2\/posts\/39046"}],"collection":[{"href":"https:\/\/jornaltimoneiro.com.br\/index.php\/wp-json\/wp\/v2\/posts"}],"about":[{"href":"https:\/\/jornaltimoneiro.com.br\/index.php\/wp-json\/wp\/v2\/types\/post"}],"author":[{"embeddable":true,"href":"https:\/\/jornaltimoneiro.com.br\/index.php\/wp-json\/wp\/v2\/users\/2"}],"replies":[{"embeddable":true,"href":"https:\/\/jornaltimoneiro.com.br\/index.php\/wp-json\/wp\/v2\/comments?post=39046"}],"version-history":[{"count":1,"href":"https:\/\/jornaltimoneiro.com.br\/index.php\/wp-json\/wp\/v2\/posts\/39046\/revisions"}],"predecessor-version":[{"id":39048,"href":"https:\/\/jornaltimoneiro.com.br\/index.php\/wp-json\/wp\/v2\/posts\/39046\/revisions\/39048"}],"wp:featuredmedia":[{"embeddable":true,"href":"https:\/\/jornaltimoneiro.com.br\/index.php\/wp-json\/wp\/v2\/media\/39047"}],"wp:attachment":[{"href":"https:\/\/jornaltimoneiro.com.br\/index.php\/wp-json\/wp\/v2\/media?parent=39046"}],"wp:term":[{"taxonomy":"category","embeddable":true,"href":"https:\/\/jornaltimoneiro.com.br\/index.php\/wp-json\/wp\/v2\/categories?post=39046"},{"taxonomy":"post_tag","embeddable":true,"href":"https:\/\/jornaltimoneiro.com.br\/index.php\/wp-json\/wp\/v2\/tags?post=39046"}],"curies":[{"name":"wp","href":"https:\/\/api.w.org\/{rel}","templated":true}]}}