{"id":38769,"date":"2026-01-30T13:38:11","date_gmt":"2026-01-30T16:38:11","guid":{"rendered":"https:\/\/jornaltimoneiro.com.br\/?p=38769"},"modified":"2026-01-30T13:38:11","modified_gmt":"2026-01-30T16:38:11","slug":"porto-alegre-canoas-navegantes-iemanja-2026","status":"publish","type":"post","link":"https:\/\/jornaltimoneiro.com.br\/index.php\/2026\/01\/30\/porto-alegre-canoas-navegantes-iemanja-2026\/","title":{"rendered":"Celebra\u00e7\u00f5es religiosas marcam o dia 2 de fevereiro em Porto Alegre e Canoas; confira programa\u00e7\u00e3o"},"content":{"rendered":"<p>Porto Alegre e Canoas ter\u00e3o programa\u00e7\u00f5es especiais na segunda-feira, 2 de fevereiro, em homenagem a Nossa Senhora dos Navegantes e a Iemanj\u00e1, datas de express\u00e3o religiosa e cultural no estado.<\/p>\n<p>Na capital ga\u00facha, a programa\u00e7\u00e3o come\u00e7a \u00e0s 7 horas com missa na Par\u00f3quia Nossa Senhora do Ros\u00e1rio, seguida por uma prociss\u00e3o com a imagem de Nossa Senhora dos Navegantes que percorrer\u00e1 v\u00e1rias avenidas at\u00e9 a Pra\u00e7a dos Navegantes. No per\u00edodo da tarde, na Orla do Gua\u00edba, est\u00e1 prevista a celebra\u00e7\u00e3o dedicada a Iemanj\u00e1, com prociss\u00e3o de barcos e oferendas ao mar.<\/p>\n<p>Em Canoas, as homenagens a Nossa Senhora dos Navegantes e a Iemanj\u00e1 acontecem no domingo, 1\u00ba, e na segunda-feira, 2, na Praia do Paquet\u00e1, no bairro Mato Grande. No domingo, a prociss\u00e3o dedicada a Iemanj\u00e1 sair\u00e1 da Rua Graciliano Ramos, no bairro Harmonia, \u00e0s 17h, com chegada prevista para as 19h, seguida das celebra\u00e7\u00f5es na praia. Na segunda-feira, haver\u00e1 uma programa\u00e7\u00e3o cultural ao longo do dia, das 13h \u00e0s 18h.<\/p>\n<p>No mesmo dia, os cat\u00f3licos participam da 39\u00aa Romaria de Nossa Senhora dos Navegantes, organizada pela Par\u00f3quia Sagrado Cora\u00e7\u00e3o de Jesus, que atende 15 comunidades. A imagem da santa sair\u00e1 do bairro Niter\u00f3i \u00e0s 10h, com chegada prevista \u00e0 Praia do Paquet\u00e1 \u00e0s 10h30, conforme a Prefeitura de Canoas.<\/p>\n<p>O 2 de fevereiro \u00e9 tradicionalmente celebrado no Rio Grande do Sul como dia de devo\u00e7\u00e3o \u00e0 Nossa Senhora dos Navegantes, padroeira de Porto Alegre, e tamb\u00e9m \u00e9 data em que muitos fi\u00e9is prestam homenagens \u00e0 Iemanj\u00e1, orix\u00e1 associada \u00e0s \u00e1guas em religi\u00f5es afro-brasileiras.<\/p>\n","protected":false},"excerpt":{"rendered":"<p>Porto Alegre e Canoas ter\u00e3o programa\u00e7\u00f5es especiais na segunda-feira, 2 de fevereiro, em homenagem a Nossa Senhora dos Navegantes e a Iemanj\u00e1, datas de express\u00e3o religiosa e cultural no estado. Na capital ga\u00facha, a programa\u00e7\u00e3o come\u00e7a \u00e0s 7 horas com missa na Par\u00f3quia Nossa Senhora do Ros\u00e1rio, seguida por uma prociss\u00e3o com a imagem de [&hellip;]<\/p>\n","protected":false},"author":2,"featured_media":38770,"comment_status":"open","ping_status":"open","sticky":false,"template":"","format":"standard","meta":{"amp_status":"","footnotes":""},"categories":[4991],"tags":[31,116,190,121,246],"class_list":["post-38769","post","type-post","status-publish","format-standard","has-post-thumbnail","hentry","category-religiao","tag-canoas","tag-cultura","tag-featured","tag-porto-alegre","tag-religiao"],"yoast_head":"<!-- This site is optimized with the Yoast SEO plugin v20.5 - https:\/\/yoast.com\/wordpress\/plugins\/seo\/ -->\n<title>Celebra\u00e7\u00f5es religiosas marcam o dia 2 de fevereiro em Porto Alegre e Canoas; confira programa\u00e7\u00e3o - O Timoneiro Jornal Canoas RS<\/title>\n<meta name=\"description\" content=\"Confira a programa\u00e7\u00e3o especial em Porto Alegre e Canoas para celebrar Nossa Senhora dos Navegantes e Iemanj\u00e1 nos dias 1\u00ba e 2 de fevereiro, com missas, prociss\u00f5es e celebra\u00e7\u00f5es culturais.\" \/>\n<meta name=\"robots\" content=\"index, follow, max-snippet:-1, max-image-preview:large, max-video-preview:-1\" \/>\n<link rel=\"canonical\" href=\"https:\/\/jornaltimoneiro.com.br\/index.php\/2026\/01\/30\/porto-alegre-canoas-navegantes-iemanja-2026\/\" \/>\n<meta property=\"og:locale\" content=\"pt_BR\" \/>\n<meta property=\"og:type\" content=\"article\" \/>\n<meta property=\"og:title\" content=\"Celebra\u00e7\u00f5es religiosas marcam o dia 2 de fevereiro em Porto Alegre e Canoas; confira programa\u00e7\u00e3o - O Timoneiro Jornal Canoas RS\" \/>\n<meta property=\"og:description\" content=\"Confira a programa\u00e7\u00e3o especial em Porto Alegre e Canoas para celebrar Nossa Senhora dos Navegantes e Iemanj\u00e1 nos dias 1\u00ba e 2 de fevereiro, com missas, prociss\u00f5es e celebra\u00e7\u00f5es culturais.\" \/>\n<meta property=\"og:url\" content=\"https:\/\/jornaltimoneiro.com.br\/index.php\/2026\/01\/30\/porto-alegre-canoas-navegantes-iemanja-2026\/\" \/>\n<meta property=\"og:site_name\" content=\"O Timoneiro Jornal Canoas RS\" \/>\n<meta property=\"article:publisher\" content=\"https:\/\/www.facebook.com\/jornaltimoneiro\" \/>\n<meta property=\"article:published_time\" content=\"2026-01-30T16:38:11+00:00\" \/>\n<meta property=\"og:image\" content=\"https:\/\/jornaltimoneiro.com.br\/wp-content\/uploads\/2026\/01\/WhatsApp-Image-2026-01-30-at-13.13.13.jpeg\" \/>\n\t<meta property=\"og:image:width\" content=\"540\" \/>\n\t<meta property=\"og:image:height\" content=\"360\" \/>\n\t<meta property=\"og:image:type\" content=\"image\/jpeg\" \/>\n<meta name=\"author\" content=\"Reda\u00e7\u00e3o\" \/>\n<meta name=\"twitter:card\" content=\"summary_large_image\" \/>\n<meta name=\"twitter:creator\" content=\"@_OTimoneiro\" \/>\n<meta name=\"twitter:site\" content=\"@_OTimoneiro\" \/>\n<meta name=\"twitter:label1\" content=\"Escrito por\" \/>\n\t<meta name=\"twitter:data1\" content=\"Reda\u00e7\u00e3o\" \/>\n\t<meta name=\"twitter:label2\" content=\"Est. tempo de leitura\" \/>\n\t<meta name=\"twitter:data2\" content=\"2 minutos\" \/>\n<script type=\"application\/ld+json\" class=\"yoast-schema-graph\">{\"@context\":\"https:\/\/schema.org\",\"@graph\":[{\"@type\":\"Article\",\"@id\":\"https:\/\/jornaltimoneiro.com.br\/index.php\/2026\/01\/30\/porto-alegre-canoas-navegantes-iemanja-2026\/#article\",\"isPartOf\":{\"@id\":\"https:\/\/jornaltimoneiro.com.br\/index.php\/2026\/01\/30\/porto-alegre-canoas-navegantes-iemanja-2026\/\"},\"author\":{\"name\":\"Reda\u00e7\u00e3o\",\"@id\":\"https:\/\/jornaltimoneiro.com.br\/#\/schema\/person\/f63482f1a02b1a9592707865e509ab40\"},\"headline\":\"Celebra\u00e7\u00f5es religiosas marcam o dia 2 de fevereiro em Porto Alegre e Canoas; confira programa\u00e7\u00e3o\",\"datePublished\":\"2026-01-30T16:38:11+00:00\",\"dateModified\":\"2026-01-30T16:38:11+00:00\",\"mainEntityOfPage\":{\"@id\":\"https:\/\/jornaltimoneiro.com.br\/index.php\/2026\/01\/30\/porto-alegre-canoas-navegantes-iemanja-2026\/\"},\"wordCount\":284,\"commentCount\":0,\"publisher\":{\"@id\":\"https:\/\/jornaltimoneiro.com.br\/#organization\"},\"keywords\":[\"canoas\",\"cultura\",\"featured\",\"Porto Alegre\",\"religi\u00e3o\"],\"articleSection\":[\"Religi\u00e3o\"],\"inLanguage\":\"pt-BR\",\"potentialAction\":[{\"@type\":\"CommentAction\",\"name\":\"Comment\",\"target\":[\"https:\/\/jornaltimoneiro.com.br\/index.php\/2026\/01\/30\/porto-alegre-canoas-navegantes-iemanja-2026\/#respond\"]}]},{\"@type\":\"WebPage\",\"@id\":\"https:\/\/jornaltimoneiro.com.br\/index.php\/2026\/01\/30\/porto-alegre-canoas-navegantes-iemanja-2026\/\",\"url\":\"https:\/\/jornaltimoneiro.com.br\/index.php\/2026\/01\/30\/porto-alegre-canoas-navegantes-iemanja-2026\/\",\"name\":\"Celebra\u00e7\u00f5es religiosas marcam o dia 2 de fevereiro em Porto Alegre e Canoas; confira programa\u00e7\u00e3o - O Timoneiro Jornal Canoas RS\",\"isPartOf\":{\"@id\":\"https:\/\/jornaltimoneiro.com.br\/#website\"},\"datePublished\":\"2026-01-30T16:38:11+00:00\",\"dateModified\":\"2026-01-30T16:38:11+00:00\",\"description\":\"Confira a programa\u00e7\u00e3o especial em Porto Alegre e Canoas para celebrar Nossa Senhora dos Navegantes e Iemanj\u00e1 nos dias 1\u00ba e 2 de fevereiro, com missas, prociss\u00f5es e celebra\u00e7\u00f5es culturais.\",\"breadcrumb\":{\"@id\":\"https:\/\/jornaltimoneiro.com.br\/index.php\/2026\/01\/30\/porto-alegre-canoas-navegantes-iemanja-2026\/#breadcrumb\"},\"inLanguage\":\"pt-BR\",\"potentialAction\":[{\"@type\":\"ReadAction\",\"target\":[\"https:\/\/jornaltimoneiro.com.br\/index.php\/2026\/01\/30\/porto-alegre-canoas-navegantes-iemanja-2026\/\"]}]},{\"@type\":\"BreadcrumbList\",\"@id\":\"https:\/\/jornaltimoneiro.com.br\/index.php\/2026\/01\/30\/porto-alegre-canoas-navegantes-iemanja-2026\/#breadcrumb\",\"itemListElement\":[{\"@type\":\"ListItem\",\"position\":1,\"name\":\"In\u00edcio\",\"item\":\"https:\/\/jornaltimoneiro.com.br\/\"},{\"@type\":\"ListItem\",\"position\":2,\"name\":\"Celebra\u00e7\u00f5es religiosas marcam o dia 2 de fevereiro em Porto Alegre e Canoas; confira programa\u00e7\u00e3o\"}]},{\"@type\":\"WebSite\",\"@id\":\"https:\/\/jornaltimoneiro.com.br\/#website\",\"url\":\"https:\/\/jornaltimoneiro.com.br\/\",\"name\":\"Jornal Timoneiro Canoas RS\",\"description\":\"Jornal O Timoneiro, o verdadeiro jornal de Canoas\",\"publisher\":{\"@id\":\"https:\/\/jornaltimoneiro.com.br\/#organization\"},\"potentialAction\":[{\"@type\":\"SearchAction\",\"target\":{\"@type\":\"EntryPoint\",\"urlTemplate\":\"https:\/\/jornaltimoneiro.com.br\/?s={search_term_string}\"},\"query-input\":\"required name=search_term_string\"}],\"inLanguage\":\"pt-BR\"},{\"@type\":\"Organization\",\"@id\":\"https:\/\/jornaltimoneiro.com.br\/#organization\",\"name\":\"Jornal Timoneiro Canoas RS\",\"url\":\"https:\/\/jornaltimoneiro.com.br\/\",\"logo\":{\"@type\":\"ImageObject\",\"inLanguage\":\"pt-BR\",\"@id\":\"https:\/\/jornaltimoneiro.com.br\/#\/schema\/logo\/image\/\",\"url\":\"https:\/\/jornaltimoneiro.com.br\/wp-content\/uploads\/2023\/03\/logonovo.png\",\"contentUrl\":\"https:\/\/jornaltimoneiro.com.br\/wp-content\/uploads\/2023\/03\/logonovo.png\",\"width\":\"469\",\"height\":\"171\",\"caption\":\"Jornal Timoneiro Canoas RS\"},\"image\":{\"@id\":\"https:\/\/jornaltimoneiro.com.br\/#\/schema\/logo\/image\/\"},\"sameAs\":[\"https:\/\/www.facebook.com\/jornaltimoneiro\",\"https:\/\/twitter.com\/_OTimoneiro\",\"https:\/\/www.instagram.com\/jornaltimoneirocanoas\/\",\"https:\/\/www.youtube.com\/@jornalotimoneiro7927\"]},{\"@type\":\"Person\",\"@id\":\"https:\/\/jornaltimoneiro.com.br\/#\/schema\/person\/f63482f1a02b1a9592707865e509ab40\",\"name\":\"Reda\u00e7\u00e3o\",\"image\":{\"@type\":\"ImageObject\",\"inLanguage\":\"pt-BR\",\"@id\":\"https:\/\/jornaltimoneiro.com.br\/#\/schema\/person\/image\/\",\"url\":\"https:\/\/jornaltimoneiro.com.br\/wp-content\/uploads\/2023\/03\/download.jpeg\",\"contentUrl\":\"https:\/\/jornaltimoneiro.com.br\/wp-content\/uploads\/2023\/03\/download.jpeg\",\"caption\":\"Reda\u00e7\u00e3o\"},\"url\":\"https:\/\/jornaltimoneiro.com.br\/index.php\/author\/simone-dutra\/\"}]}<\/script>\n<!-- \/ Yoast SEO plugin. -->","yoast_head_json":{"title":"Celebra\u00e7\u00f5es religiosas marcam o dia 2 de fevereiro em Porto Alegre e Canoas; confira programa\u00e7\u00e3o - O Timoneiro Jornal Canoas RS","description":"Confira a programa\u00e7\u00e3o especial em Porto Alegre e Canoas para celebrar Nossa Senhora dos Navegantes e Iemanj\u00e1 nos dias 1\u00ba e 2 de fevereiro, com missas, prociss\u00f5es e celebra\u00e7\u00f5es culturais.","robots":{"index":"index","follow":"follow","max-snippet":"max-snippet:-1","max-image-preview":"max-image-preview:large","max-video-preview":"max-video-preview:-1"},"canonical":"https:\/\/jornaltimoneiro.com.br\/index.php\/2026\/01\/30\/porto-alegre-canoas-navegantes-iemanja-2026\/","og_locale":"pt_BR","og_type":"article","og_title":"Celebra\u00e7\u00f5es religiosas marcam o dia 2 de fevereiro em Porto Alegre e Canoas; confira programa\u00e7\u00e3o - O Timoneiro Jornal Canoas RS","og_description":"Confira a programa\u00e7\u00e3o especial em Porto Alegre e Canoas para celebrar Nossa Senhora dos Navegantes e Iemanj\u00e1 nos dias 1\u00ba e 2 de fevereiro, com missas, prociss\u00f5es e celebra\u00e7\u00f5es culturais.","og_url":"https:\/\/jornaltimoneiro.com.br\/index.php\/2026\/01\/30\/porto-alegre-canoas-navegantes-iemanja-2026\/","og_site_name":"O Timoneiro Jornal Canoas RS","article_publisher":"https:\/\/www.facebook.com\/jornaltimoneiro","article_published_time":"2026-01-30T16:38:11+00:00","og_image":[{"width":"540","height":"360","url":"https:\/\/jornaltimoneiro.com.br\/wp-content\/uploads\/2026\/01\/WhatsApp-Image-2026-01-30-at-13.13.13.jpeg","type":"image\/jpeg"}],"author":"Reda\u00e7\u00e3o","twitter_card":"summary_large_image","twitter_creator":"@_OTimoneiro","twitter_site":"@_OTimoneiro","twitter_misc":{"Escrito por":"Reda\u00e7\u00e3o","Est. tempo de leitura":"2 minutos"},"schema":{"@context":"https:\/\/schema.org","@graph":[{"@type":"Article","@id":"https:\/\/jornaltimoneiro.com.br\/index.php\/2026\/01\/30\/porto-alegre-canoas-navegantes-iemanja-2026\/#article","isPartOf":{"@id":"https:\/\/jornaltimoneiro.com.br\/index.php\/2026\/01\/30\/porto-alegre-canoas-navegantes-iemanja-2026\/"},"author":{"name":"Reda\u00e7\u00e3o","@id":"https:\/\/jornaltimoneiro.com.br\/#\/schema\/person\/f63482f1a02b1a9592707865e509ab40"},"headline":"Celebra\u00e7\u00f5es religiosas marcam o dia 2 de fevereiro em Porto Alegre e Canoas; confira programa\u00e7\u00e3o","datePublished":"2026-01-30T16:38:11+00:00","dateModified":"2026-01-30T16:38:11+00:00","mainEntityOfPage":{"@id":"https:\/\/jornaltimoneiro.com.br\/index.php\/2026\/01\/30\/porto-alegre-canoas-navegantes-iemanja-2026\/"},"wordCount":284,"commentCount":0,"publisher":{"@id":"https:\/\/jornaltimoneiro.com.br\/#organization"},"keywords":["canoas","cultura","featured","Porto Alegre","religi\u00e3o"],"articleSection":["Religi\u00e3o"],"inLanguage":"pt-BR","potentialAction":[{"@type":"CommentAction","name":"Comment","target":["https:\/\/jornaltimoneiro.com.br\/index.php\/2026\/01\/30\/porto-alegre-canoas-navegantes-iemanja-2026\/#respond"]}]},{"@type":"WebPage","@id":"https:\/\/jornaltimoneiro.com.br\/index.php\/2026\/01\/30\/porto-alegre-canoas-navegantes-iemanja-2026\/","url":"https:\/\/jornaltimoneiro.com.br\/index.php\/2026\/01\/30\/porto-alegre-canoas-navegantes-iemanja-2026\/","name":"Celebra\u00e7\u00f5es religiosas marcam o dia 2 de fevereiro em Porto Alegre e Canoas; confira programa\u00e7\u00e3o - O Timoneiro Jornal Canoas RS","isPartOf":{"@id":"https:\/\/jornaltimoneiro.com.br\/#website"},"datePublished":"2026-01-30T16:38:11+00:00","dateModified":"2026-01-30T16:38:11+00:00","description":"Confira a programa\u00e7\u00e3o especial em Porto Alegre e Canoas para celebrar Nossa Senhora dos Navegantes e Iemanj\u00e1 nos dias 1\u00ba e 2 de fevereiro, com missas, prociss\u00f5es e celebra\u00e7\u00f5es culturais.","breadcrumb":{"@id":"https:\/\/jornaltimoneiro.com.br\/index.php\/2026\/01\/30\/porto-alegre-canoas-navegantes-iemanja-2026\/#breadcrumb"},"inLanguage":"pt-BR","potentialAction":[{"@type":"ReadAction","target":["https:\/\/jornaltimoneiro.com.br\/index.php\/2026\/01\/30\/porto-alegre-canoas-navegantes-iemanja-2026\/"]}]},{"@type":"BreadcrumbList","@id":"https:\/\/jornaltimoneiro.com.br\/index.php\/2026\/01\/30\/porto-alegre-canoas-navegantes-iemanja-2026\/#breadcrumb","itemListElement":[{"@type":"ListItem","position":1,"name":"In\u00edcio","item":"https:\/\/jornaltimoneiro.com.br\/"},{"@type":"ListItem","position":2,"name":"Celebra\u00e7\u00f5es religiosas marcam o dia 2 de fevereiro em Porto Alegre e Canoas; confira programa\u00e7\u00e3o"}]},{"@type":"WebSite","@id":"https:\/\/jornaltimoneiro.com.br\/#website","url":"https:\/\/jornaltimoneiro.com.br\/","name":"Jornal Timoneiro Canoas RS","description":"Jornal O Timoneiro, o verdadeiro jornal de Canoas","publisher":{"@id":"https:\/\/jornaltimoneiro.com.br\/#organization"},"potentialAction":[{"@type":"SearchAction","target":{"@type":"EntryPoint","urlTemplate":"https:\/\/jornaltimoneiro.com.br\/?s={search_term_string}"},"query-input":"required name=search_term_string"}],"inLanguage":"pt-BR"},{"@type":"Organization","@id":"https:\/\/jornaltimoneiro.com.br\/#organization","name":"Jornal Timoneiro Canoas RS","url":"https:\/\/jornaltimoneiro.com.br\/","logo":{"@type":"ImageObject","inLanguage":"pt-BR","@id":"https:\/\/jornaltimoneiro.com.br\/#\/schema\/logo\/image\/","url":"https:\/\/jornaltimoneiro.com.br\/wp-content\/uploads\/2023\/03\/logonovo.png","contentUrl":"https:\/\/jornaltimoneiro.com.br\/wp-content\/uploads\/2023\/03\/logonovo.png","width":"469","height":"171","caption":"Jornal Timoneiro Canoas RS"},"image":{"@id":"https:\/\/jornaltimoneiro.com.br\/#\/schema\/logo\/image\/"},"sameAs":["https:\/\/www.facebook.com\/jornaltimoneiro","https:\/\/twitter.com\/_OTimoneiro","https:\/\/www.instagram.com\/jornaltimoneirocanoas\/","https:\/\/www.youtube.com\/@jornalotimoneiro7927"]},{"@type":"Person","@id":"https:\/\/jornaltimoneiro.com.br\/#\/schema\/person\/f63482f1a02b1a9592707865e509ab40","name":"Reda\u00e7\u00e3o","image":{"@type":"ImageObject","inLanguage":"pt-BR","@id":"https:\/\/jornaltimoneiro.com.br\/#\/schema\/person\/image\/","url":"https:\/\/jornaltimoneiro.com.br\/wp-content\/uploads\/2023\/03\/download.jpeg","contentUrl":"https:\/\/jornaltimoneiro.com.br\/wp-content\/uploads\/2023\/03\/download.jpeg","caption":"Reda\u00e7\u00e3o"},"url":"https:\/\/jornaltimoneiro.com.br\/index.php\/author\/simone-dutra\/"}]}},"_links":{"self":[{"href":"https:\/\/jornaltimoneiro.com.br\/index.php\/wp-json\/wp\/v2\/posts\/38769"}],"collection":[{"href":"https:\/\/jornaltimoneiro.com.br\/index.php\/wp-json\/wp\/v2\/posts"}],"about":[{"href":"https:\/\/jornaltimoneiro.com.br\/index.php\/wp-json\/wp\/v2\/types\/post"}],"author":[{"embeddable":true,"href":"https:\/\/jornaltimoneiro.com.br\/index.php\/wp-json\/wp\/v2\/users\/2"}],"replies":[{"embeddable":true,"href":"https:\/\/jornaltimoneiro.com.br\/index.php\/wp-json\/wp\/v2\/comments?post=38769"}],"version-history":[{"count":1,"href":"https:\/\/jornaltimoneiro.com.br\/index.php\/wp-json\/wp\/v2\/posts\/38769\/revisions"}],"predecessor-version":[{"id":38771,"href":"https:\/\/jornaltimoneiro.com.br\/index.php\/wp-json\/wp\/v2\/posts\/38769\/revisions\/38771"}],"wp:featuredmedia":[{"embeddable":true,"href":"https:\/\/jornaltimoneiro.com.br\/index.php\/wp-json\/wp\/v2\/media\/38770"}],"wp:attachment":[{"href":"https:\/\/jornaltimoneiro.com.br\/index.php\/wp-json\/wp\/v2\/media?parent=38769"}],"wp:term":[{"taxonomy":"category","embeddable":true,"href":"https:\/\/jornaltimoneiro.com.br\/index.php\/wp-json\/wp\/v2\/categories?post=38769"},{"taxonomy":"post_tag","embeddable":true,"href":"https:\/\/jornaltimoneiro.com.br\/index.php\/wp-json\/wp\/v2\/tags?post=38769"}],"curies":[{"name":"wp","href":"https:\/\/api.w.org\/{rel}","templated":true}]}}