{"id":38751,"date":"2026-01-30T10:23:09","date_gmt":"2026-01-30T13:23:09","guid":{"rendered":"https:\/\/jornaltimoneiro.com.br\/?p=38751"},"modified":"2026-01-30T10:23:09","modified_gmt":"2026-01-30T13:23:09","slug":"servicos-funcionamento-canoas-feriado-nossa-senhora-dos-navegantes","status":"publish","type":"post","link":"https:\/\/jornaltimoneiro.com.br\/index.php\/2026\/01\/30\/servicos-funcionamento-canoas-feriado-nossa-senhora-dos-navegantes\/","title":{"rendered":"Confira quais servi\u00e7os funcionar\u00e3o no feriado de Nossa Senhora dos Navegantes em Canoas"},"content":{"rendered":"<p data-start=\"0\" data-end=\"281\">Saiba o que ir\u00e1 funcionar em Canoas durante o feriado de Nossa Senhora dos Navegantes, celebrado na segunda-feira, 2. Na data, n\u00e3o haver\u00e1 expediente nas reparti\u00e7\u00f5es administrativas do Munic\u00edpio. J\u00e1 os servi\u00e7os essenciais seguem funcionando normalmente, alguns em regime de plant\u00e3o.<\/p>\n<p data-start=\"283\" data-end=\"782\">Na \u00e1rea da Sa\u00fade, o atendimento de urg\u00eancia e emerg\u00eancia ser\u00e1 mantido. O SAMU funciona 24 horas pelo telefone 192 e os hospitais atendem normalmente. As UPAs Rio Branco, Boqueir\u00e3o e Liberty estar\u00e3o abertas, enquanto a UPA do Idoso permanecer\u00e1 fechada. As Unidades B\u00e1sicas de Sa\u00fade, o Centro de Refer\u00eancia da Mulher, as Farm\u00e1cias B\u00e1sicas e os CAPS IJ Arco \u00cdris e Novos Tempos n\u00e3o ter\u00e3o atendimento. J\u00e1 os CAPS Travessia, Recanto dos Girass\u00f3is e Amanhecer funcionar\u00e3o normalmente, assim como o CERTEA.<\/p>\n<p data-start=\"784\" data-end=\"873\">A Secretaria Municipal de Educa\u00e7\u00e3o n\u00e3o ter\u00e1 atividades administrativas durante o feriado.<\/p>\n<p data-start=\"875\" data-end=\"1001\">Na Assist\u00eancia Social, os Restaurantes Populares funcionar\u00e3o normalmente. O Albergue Municipal ter\u00e1 atendimento das 19h \u00e0s 7h.<\/p>\n<p data-start=\"1003\" data-end=\"1174\">A Secretaria Municipal de Obras e Reconstru\u00e7\u00e3o n\u00e3o ter\u00e1 expediente administrativo. Em caso de intercorr\u00eancias clim\u00e1ticas, as equipes do DEP e do DSP ficar\u00e3o de sobreaviso.<\/p>\n<p data-start=\"1176\" data-end=\"1371\">O atendimento de urg\u00eancia e emerg\u00eancia para animais ser\u00e1 realizado pela Secretaria Municipal de Bem-Estar Animal, em regime de plant\u00e3o, das 10h \u00e0s 22h, exclusivamente em casos com risco de \u00f3bito.<\/p>\n<p data-start=\"1373\" data-end=\"1591\">Na \u00e1rea ambiental, as equipes de fiscaliza\u00e7\u00e3o da Secretaria Municipal de Meio Ambiente atuar\u00e3o em plant\u00e3o pelo telefone 153. Os parques municipais estar\u00e3o abertos das 6h \u00e0s 23h, enquanto o Mini Zoo permanecer\u00e1 fechado.<\/p>\n<p data-start=\"1593\" data-end=\"1737\">A Guarda Municipal, vinculada \u00e0 Secretaria Municipal de Seguran\u00e7a P\u00fablica, manter\u00e1 equipes em plant\u00e3o 24 horas, com atendimento pelo n\u00famero 153.<\/p>\n<p data-start=\"1739\" data-end=\"1870\">A Defesa Civil e Resili\u00eancia Clim\u00e1tica tamb\u00e9m atuar\u00e1 em plant\u00e3o permanente, com atendimento 24 horas pelo WhatsApp (51) 98255-0805.<\/p>\n<p data-start=\"1872\" data-end=\"2231\">As Secretarias Municipais de Cultura e Turismo, Esporte e Lazer, Cidadania, Mulher e Inclus\u00e3o, Desenvolvimento Urbano, Desenvolvimento Econ\u00f4mico e Inova\u00e7\u00e3o, e Habita\u00e7\u00e3o e Regulariza\u00e7\u00e3o Fundi\u00e1ria n\u00e3o ter\u00e3o atividades administrativas. No caso do Desenvolvimento Urbano, ser\u00e1 mantida a Ronda de Fiscaliza\u00e7\u00e3o Preventiva de Ocupa\u00e7\u00f5es Irregulares em \u00e1reas p\u00fablicas.<\/p>\n<p data-start=\"2233\" data-end=\"2420\">O Conselho Tutelar, localizado na Rua Siqueira Campos, 40, funcionar\u00e1 em regime de plant\u00e3o pelo telefone (51) 3467-2062. Ap\u00f3s as 18h, o contato deve ser feito pelo n\u00famero (51) 99327-5389.<\/p>\n<p data-start=\"2422\" data-end=\"2637\">A Secretaria Municipal de Mobilidade Urbana n\u00e3o ter\u00e1 expediente administrativo. O transporte p\u00fablico seguir\u00e1 a tabela de hor\u00e1rios de feriados e a Diretoria de Tr\u00e2nsito atender\u00e1 em plant\u00e3o 24 horas pelo telefone 156.<\/p>\n<p data-start=\"2639\" data-end=\"2764\">A Secretaria Municipal da Fazenda prestar\u00e1 atendimento exclusivamente de forma online, por meio do site oficial do Munic\u00edpio.<\/p>\n<p data-start=\"2766\" data-end=\"3445\" data-is-last-node=\"\" data-is-only-node=\"\">Os servi\u00e7os de zeladoria urbana seguem ativos. A coleta de lixo residencial e conteinerizado ocorrer\u00e1 normalmente. Haver\u00e1 plant\u00e3o para corte e poda de \u00e1rvores em caso de eventos clim\u00e1ticos, fornecimento de \u00e1gua pot\u00e1vel com caminh\u00f5es-tanque, limpeza urbana e manuten\u00e7\u00e3o da ilumina\u00e7\u00e3o p\u00fablica, com atendimento 24 horas pelo telefone 0800 002 1757 ou pelo aplicativo Ilumina Canoas. Os cemit\u00e9rios municipais Santo Ant\u00f4nio e Ch\u00e1cara Barreto estar\u00e3o abertos das 8h \u00e0s 12h e das 13h \u00e0s 17h, com plant\u00e3o para sepultamentos das 8h \u00e0s 11h30 e das 13h \u00e0s 16h30. Os ecopontos funcionar\u00e3o normalmente. Para demandas emergenciais, os telefones de plant\u00e3o s\u00e3o (51) 9448-5383 e (51) 98946-8505.<\/p>\n","protected":false},"excerpt":{"rendered":"<p>Saiba o que ir\u00e1 funcionar em Canoas durante o feriado de Nossa Senhora dos Navegantes, celebrado na segunda-feira, 2. Na data, n\u00e3o haver\u00e1 expediente nas reparti\u00e7\u00f5es administrativas do Munic\u00edpio. J\u00e1 os servi\u00e7os essenciais seguem funcionando normalmente, alguns em regime de plant\u00e3o. Na \u00e1rea da Sa\u00fade, o atendimento de urg\u00eancia e emerg\u00eancia ser\u00e1 mantido. O SAMU [&hellip;]<\/p>\n","protected":false},"author":2,"featured_media":38752,"comment_status":"open","ping_status":"open","sticky":false,"template":"","format":"standard","meta":{"amp_status":"","footnotes":""},"categories":[3234],"tags":[31,190,289],"class_list":["post-38751","post","type-post","status-publish","format-standard","has-post-thumbnail","hentry","category-servicos","tag-canoas","tag-featured","tag-servicos"],"yoast_head":"<!-- This site is optimized with the Yoast SEO plugin v20.5 - https:\/\/yoast.com\/wordpress\/plugins\/seo\/ -->\n<title>Confira quais servi\u00e7os funcionar\u00e3o no feriado de Nossa Senhora dos Navegantes em Canoas - O Timoneiro Jornal Canoas RS<\/title>\n<meta name=\"description\" content=\"Confira o que abre e fecha em Canoas durante o feriado de Nossa Senhora dos Navegantes. Servi\u00e7os essenciais seguem funcionando em regime de plant\u00e3o.\" \/>\n<meta name=\"robots\" content=\"index, follow, max-snippet:-1, max-image-preview:large, max-video-preview:-1\" \/>\n<link rel=\"canonical\" href=\"https:\/\/jornaltimoneiro.com.br\/index.php\/2026\/01\/30\/servicos-funcionamento-canoas-feriado-nossa-senhora-dos-navegantes\/\" \/>\n<meta property=\"og:locale\" content=\"pt_BR\" \/>\n<meta property=\"og:type\" content=\"article\" \/>\n<meta property=\"og:title\" content=\"Confira quais servi\u00e7os funcionar\u00e3o no feriado de Nossa Senhora dos Navegantes em Canoas - O Timoneiro Jornal Canoas RS\" \/>\n<meta property=\"og:description\" content=\"Confira o que abre e fecha em Canoas durante o feriado de Nossa Senhora dos Navegantes. Servi\u00e7os essenciais seguem funcionando em regime de plant\u00e3o.\" \/>\n<meta property=\"og:url\" content=\"https:\/\/jornaltimoneiro.com.br\/index.php\/2026\/01\/30\/servicos-funcionamento-canoas-feriado-nossa-senhora-dos-navegantes\/\" \/>\n<meta property=\"og:site_name\" content=\"O Timoneiro Jornal Canoas RS\" \/>\n<meta property=\"article:publisher\" content=\"https:\/\/www.facebook.com\/jornaltimoneiro\" \/>\n<meta property=\"article:published_time\" content=\"2026-01-30T13:23:09+00:00\" \/>\n<meta property=\"og:image\" content=\"https:\/\/jornaltimoneiro.com.br\/wp-content\/uploads\/2026\/01\/14_01_MEDICAO_NIVEL_DO_RIO_PRAIA_DO_PAQUETA_Guilherme_Pereira-35-scaled.jpg\" \/>\n\t<meta property=\"og:image:width\" content=\"2560\" \/>\n\t<meta property=\"og:image:height\" content=\"1707\" \/>\n\t<meta property=\"og:image:type\" content=\"image\/jpeg\" \/>\n<meta name=\"author\" content=\"Reda\u00e7\u00e3o\" \/>\n<meta name=\"twitter:card\" content=\"summary_large_image\" \/>\n<meta name=\"twitter:creator\" content=\"@_OTimoneiro\" \/>\n<meta name=\"twitter:site\" content=\"@_OTimoneiro\" \/>\n<meta name=\"twitter:label1\" content=\"Escrito por\" \/>\n\t<meta name=\"twitter:data1\" content=\"Reda\u00e7\u00e3o\" \/>\n\t<meta name=\"twitter:label2\" content=\"Est. tempo de leitura\" \/>\n\t<meta name=\"twitter:data2\" content=\"3 minutos\" \/>\n<script type=\"application\/ld+json\" class=\"yoast-schema-graph\">{\"@context\":\"https:\/\/schema.org\",\"@graph\":[{\"@type\":\"Article\",\"@id\":\"https:\/\/jornaltimoneiro.com.br\/index.php\/2026\/01\/30\/servicos-funcionamento-canoas-feriado-nossa-senhora-dos-navegantes\/#article\",\"isPartOf\":{\"@id\":\"https:\/\/jornaltimoneiro.com.br\/index.php\/2026\/01\/30\/servicos-funcionamento-canoas-feriado-nossa-senhora-dos-navegantes\/\"},\"author\":{\"name\":\"Reda\u00e7\u00e3o\",\"@id\":\"https:\/\/jornaltimoneiro.com.br\/#\/schema\/person\/f63482f1a02b1a9592707865e509ab40\"},\"headline\":\"Confira quais servi\u00e7os funcionar\u00e3o no feriado de Nossa Senhora dos Navegantes em Canoas\",\"datePublished\":\"2026-01-30T13:23:09+00:00\",\"dateModified\":\"2026-01-30T13:23:09+00:00\",\"mainEntityOfPage\":{\"@id\":\"https:\/\/jornaltimoneiro.com.br\/index.php\/2026\/01\/30\/servicos-funcionamento-canoas-feriado-nossa-senhora-dos-navegantes\/\"},\"wordCount\":590,\"commentCount\":0,\"publisher\":{\"@id\":\"https:\/\/jornaltimoneiro.com.br\/#organization\"},\"keywords\":[\"canoas\",\"featured\",\"servi\u00e7os\"],\"articleSection\":[\"Servi\u00e7os\"],\"inLanguage\":\"pt-BR\",\"potentialAction\":[{\"@type\":\"CommentAction\",\"name\":\"Comment\",\"target\":[\"https:\/\/jornaltimoneiro.com.br\/index.php\/2026\/01\/30\/servicos-funcionamento-canoas-feriado-nossa-senhora-dos-navegantes\/#respond\"]}]},{\"@type\":\"WebPage\",\"@id\":\"https:\/\/jornaltimoneiro.com.br\/index.php\/2026\/01\/30\/servicos-funcionamento-canoas-feriado-nossa-senhora-dos-navegantes\/\",\"url\":\"https:\/\/jornaltimoneiro.com.br\/index.php\/2026\/01\/30\/servicos-funcionamento-canoas-feriado-nossa-senhora-dos-navegantes\/\",\"name\":\"Confira quais servi\u00e7os funcionar\u00e3o no feriado de Nossa Senhora dos Navegantes em Canoas - O Timoneiro Jornal Canoas RS\",\"isPartOf\":{\"@id\":\"https:\/\/jornaltimoneiro.com.br\/#website\"},\"datePublished\":\"2026-01-30T13:23:09+00:00\",\"dateModified\":\"2026-01-30T13:23:09+00:00\",\"description\":\"Confira o que abre e fecha em Canoas durante o feriado de Nossa Senhora dos Navegantes. Servi\u00e7os essenciais seguem funcionando em regime de plant\u00e3o.\",\"breadcrumb\":{\"@id\":\"https:\/\/jornaltimoneiro.com.br\/index.php\/2026\/01\/30\/servicos-funcionamento-canoas-feriado-nossa-senhora-dos-navegantes\/#breadcrumb\"},\"inLanguage\":\"pt-BR\",\"potentialAction\":[{\"@type\":\"ReadAction\",\"target\":[\"https:\/\/jornaltimoneiro.com.br\/index.php\/2026\/01\/30\/servicos-funcionamento-canoas-feriado-nossa-senhora-dos-navegantes\/\"]}]},{\"@type\":\"BreadcrumbList\",\"@id\":\"https:\/\/jornaltimoneiro.com.br\/index.php\/2026\/01\/30\/servicos-funcionamento-canoas-feriado-nossa-senhora-dos-navegantes\/#breadcrumb\",\"itemListElement\":[{\"@type\":\"ListItem\",\"position\":1,\"name\":\"In\u00edcio\",\"item\":\"https:\/\/jornaltimoneiro.com.br\/\"},{\"@type\":\"ListItem\",\"position\":2,\"name\":\"Confira quais servi\u00e7os funcionar\u00e3o no feriado de Nossa Senhora dos Navegantes em Canoas\"}]},{\"@type\":\"WebSite\",\"@id\":\"https:\/\/jornaltimoneiro.com.br\/#website\",\"url\":\"https:\/\/jornaltimoneiro.com.br\/\",\"name\":\"Jornal Timoneiro Canoas RS\",\"description\":\"Jornal O Timoneiro, o verdadeiro jornal de Canoas\",\"publisher\":{\"@id\":\"https:\/\/jornaltimoneiro.com.br\/#organization\"},\"potentialAction\":[{\"@type\":\"SearchAction\",\"target\":{\"@type\":\"EntryPoint\",\"urlTemplate\":\"https:\/\/jornaltimoneiro.com.br\/?s={search_term_string}\"},\"query-input\":\"required name=search_term_string\"}],\"inLanguage\":\"pt-BR\"},{\"@type\":\"Organization\",\"@id\":\"https:\/\/jornaltimoneiro.com.br\/#organization\",\"name\":\"Jornal Timoneiro Canoas RS\",\"url\":\"https:\/\/jornaltimoneiro.com.br\/\",\"logo\":{\"@type\":\"ImageObject\",\"inLanguage\":\"pt-BR\",\"@id\":\"https:\/\/jornaltimoneiro.com.br\/#\/schema\/logo\/image\/\",\"url\":\"https:\/\/jornaltimoneiro.com.br\/wp-content\/uploads\/2023\/03\/logonovo.png\",\"contentUrl\":\"https:\/\/jornaltimoneiro.com.br\/wp-content\/uploads\/2023\/03\/logonovo.png\",\"width\":\"469\",\"height\":\"171\",\"caption\":\"Jornal Timoneiro Canoas RS\"},\"image\":{\"@id\":\"https:\/\/jornaltimoneiro.com.br\/#\/schema\/logo\/image\/\"},\"sameAs\":[\"https:\/\/www.facebook.com\/jornaltimoneiro\",\"https:\/\/twitter.com\/_OTimoneiro\",\"https:\/\/www.instagram.com\/jornaltimoneirocanoas\/\",\"https:\/\/www.youtube.com\/@jornalotimoneiro7927\"]},{\"@type\":\"Person\",\"@id\":\"https:\/\/jornaltimoneiro.com.br\/#\/schema\/person\/f63482f1a02b1a9592707865e509ab40\",\"name\":\"Reda\u00e7\u00e3o\",\"image\":{\"@type\":\"ImageObject\",\"inLanguage\":\"pt-BR\",\"@id\":\"https:\/\/jornaltimoneiro.com.br\/#\/schema\/person\/image\/\",\"url\":\"https:\/\/jornaltimoneiro.com.br\/wp-content\/uploads\/2023\/03\/download.jpeg\",\"contentUrl\":\"https:\/\/jornaltimoneiro.com.br\/wp-content\/uploads\/2023\/03\/download.jpeg\",\"caption\":\"Reda\u00e7\u00e3o\"},\"url\":\"https:\/\/jornaltimoneiro.com.br\/index.php\/author\/simone-dutra\/\"}]}<\/script>\n<!-- \/ Yoast SEO plugin. -->","yoast_head_json":{"title":"Confira quais servi\u00e7os funcionar\u00e3o no feriado de Nossa Senhora dos Navegantes em Canoas - O Timoneiro Jornal Canoas RS","description":"Confira o que abre e fecha em Canoas durante o feriado de Nossa Senhora dos Navegantes. Servi\u00e7os essenciais seguem funcionando em regime de plant\u00e3o.","robots":{"index":"index","follow":"follow","max-snippet":"max-snippet:-1","max-image-preview":"max-image-preview:large","max-video-preview":"max-video-preview:-1"},"canonical":"https:\/\/jornaltimoneiro.com.br\/index.php\/2026\/01\/30\/servicos-funcionamento-canoas-feriado-nossa-senhora-dos-navegantes\/","og_locale":"pt_BR","og_type":"article","og_title":"Confira quais servi\u00e7os funcionar\u00e3o no feriado de Nossa Senhora dos Navegantes em Canoas - O Timoneiro Jornal Canoas RS","og_description":"Confira o que abre e fecha em Canoas durante o feriado de Nossa Senhora dos Navegantes. Servi\u00e7os essenciais seguem funcionando em regime de plant\u00e3o.","og_url":"https:\/\/jornaltimoneiro.com.br\/index.php\/2026\/01\/30\/servicos-funcionamento-canoas-feriado-nossa-senhora-dos-navegantes\/","og_site_name":"O Timoneiro Jornal Canoas RS","article_publisher":"https:\/\/www.facebook.com\/jornaltimoneiro","article_published_time":"2026-01-30T13:23:09+00:00","og_image":[{"width":2560,"height":1707,"url":"https:\/\/jornaltimoneiro.com.br\/wp-content\/uploads\/2026\/01\/14_01_MEDICAO_NIVEL_DO_RIO_PRAIA_DO_PAQUETA_Guilherme_Pereira-35-scaled.jpg","type":"image\/jpeg"}],"author":"Reda\u00e7\u00e3o","twitter_card":"summary_large_image","twitter_creator":"@_OTimoneiro","twitter_site":"@_OTimoneiro","twitter_misc":{"Escrito por":"Reda\u00e7\u00e3o","Est. tempo de leitura":"3 minutos"},"schema":{"@context":"https:\/\/schema.org","@graph":[{"@type":"Article","@id":"https:\/\/jornaltimoneiro.com.br\/index.php\/2026\/01\/30\/servicos-funcionamento-canoas-feriado-nossa-senhora-dos-navegantes\/#article","isPartOf":{"@id":"https:\/\/jornaltimoneiro.com.br\/index.php\/2026\/01\/30\/servicos-funcionamento-canoas-feriado-nossa-senhora-dos-navegantes\/"},"author":{"name":"Reda\u00e7\u00e3o","@id":"https:\/\/jornaltimoneiro.com.br\/#\/schema\/person\/f63482f1a02b1a9592707865e509ab40"},"headline":"Confira quais servi\u00e7os funcionar\u00e3o no feriado de Nossa Senhora dos Navegantes em Canoas","datePublished":"2026-01-30T13:23:09+00:00","dateModified":"2026-01-30T13:23:09+00:00","mainEntityOfPage":{"@id":"https:\/\/jornaltimoneiro.com.br\/index.php\/2026\/01\/30\/servicos-funcionamento-canoas-feriado-nossa-senhora-dos-navegantes\/"},"wordCount":590,"commentCount":0,"publisher":{"@id":"https:\/\/jornaltimoneiro.com.br\/#organization"},"keywords":["canoas","featured","servi\u00e7os"],"articleSection":["Servi\u00e7os"],"inLanguage":"pt-BR","potentialAction":[{"@type":"CommentAction","name":"Comment","target":["https:\/\/jornaltimoneiro.com.br\/index.php\/2026\/01\/30\/servicos-funcionamento-canoas-feriado-nossa-senhora-dos-navegantes\/#respond"]}]},{"@type":"WebPage","@id":"https:\/\/jornaltimoneiro.com.br\/index.php\/2026\/01\/30\/servicos-funcionamento-canoas-feriado-nossa-senhora-dos-navegantes\/","url":"https:\/\/jornaltimoneiro.com.br\/index.php\/2026\/01\/30\/servicos-funcionamento-canoas-feriado-nossa-senhora-dos-navegantes\/","name":"Confira quais servi\u00e7os funcionar\u00e3o no feriado de Nossa Senhora dos Navegantes em Canoas - O Timoneiro Jornal Canoas RS","isPartOf":{"@id":"https:\/\/jornaltimoneiro.com.br\/#website"},"datePublished":"2026-01-30T13:23:09+00:00","dateModified":"2026-01-30T13:23:09+00:00","description":"Confira o que abre e fecha em Canoas durante o feriado de Nossa Senhora dos Navegantes. Servi\u00e7os essenciais seguem funcionando em regime de plant\u00e3o.","breadcrumb":{"@id":"https:\/\/jornaltimoneiro.com.br\/index.php\/2026\/01\/30\/servicos-funcionamento-canoas-feriado-nossa-senhora-dos-navegantes\/#breadcrumb"},"inLanguage":"pt-BR","potentialAction":[{"@type":"ReadAction","target":["https:\/\/jornaltimoneiro.com.br\/index.php\/2026\/01\/30\/servicos-funcionamento-canoas-feriado-nossa-senhora-dos-navegantes\/"]}]},{"@type":"BreadcrumbList","@id":"https:\/\/jornaltimoneiro.com.br\/index.php\/2026\/01\/30\/servicos-funcionamento-canoas-feriado-nossa-senhora-dos-navegantes\/#breadcrumb","itemListElement":[{"@type":"ListItem","position":1,"name":"In\u00edcio","item":"https:\/\/jornaltimoneiro.com.br\/"},{"@type":"ListItem","position":2,"name":"Confira quais servi\u00e7os funcionar\u00e3o no feriado de Nossa Senhora dos Navegantes em Canoas"}]},{"@type":"WebSite","@id":"https:\/\/jornaltimoneiro.com.br\/#website","url":"https:\/\/jornaltimoneiro.com.br\/","name":"Jornal Timoneiro Canoas RS","description":"Jornal O Timoneiro, o verdadeiro jornal de Canoas","publisher":{"@id":"https:\/\/jornaltimoneiro.com.br\/#organization"},"potentialAction":[{"@type":"SearchAction","target":{"@type":"EntryPoint","urlTemplate":"https:\/\/jornaltimoneiro.com.br\/?s={search_term_string}"},"query-input":"required name=search_term_string"}],"inLanguage":"pt-BR"},{"@type":"Organization","@id":"https:\/\/jornaltimoneiro.com.br\/#organization","name":"Jornal Timoneiro Canoas RS","url":"https:\/\/jornaltimoneiro.com.br\/","logo":{"@type":"ImageObject","inLanguage":"pt-BR","@id":"https:\/\/jornaltimoneiro.com.br\/#\/schema\/logo\/image\/","url":"https:\/\/jornaltimoneiro.com.br\/wp-content\/uploads\/2023\/03\/logonovo.png","contentUrl":"https:\/\/jornaltimoneiro.com.br\/wp-content\/uploads\/2023\/03\/logonovo.png","width":"469","height":"171","caption":"Jornal Timoneiro Canoas RS"},"image":{"@id":"https:\/\/jornaltimoneiro.com.br\/#\/schema\/logo\/image\/"},"sameAs":["https:\/\/www.facebook.com\/jornaltimoneiro","https:\/\/twitter.com\/_OTimoneiro","https:\/\/www.instagram.com\/jornaltimoneirocanoas\/","https:\/\/www.youtube.com\/@jornalotimoneiro7927"]},{"@type":"Person","@id":"https:\/\/jornaltimoneiro.com.br\/#\/schema\/person\/f63482f1a02b1a9592707865e509ab40","name":"Reda\u00e7\u00e3o","image":{"@type":"ImageObject","inLanguage":"pt-BR","@id":"https:\/\/jornaltimoneiro.com.br\/#\/schema\/person\/image\/","url":"https:\/\/jornaltimoneiro.com.br\/wp-content\/uploads\/2023\/03\/download.jpeg","contentUrl":"https:\/\/jornaltimoneiro.com.br\/wp-content\/uploads\/2023\/03\/download.jpeg","caption":"Reda\u00e7\u00e3o"},"url":"https:\/\/jornaltimoneiro.com.br\/index.php\/author\/simone-dutra\/"}]}},"_links":{"self":[{"href":"https:\/\/jornaltimoneiro.com.br\/index.php\/wp-json\/wp\/v2\/posts\/38751"}],"collection":[{"href":"https:\/\/jornaltimoneiro.com.br\/index.php\/wp-json\/wp\/v2\/posts"}],"about":[{"href":"https:\/\/jornaltimoneiro.com.br\/index.php\/wp-json\/wp\/v2\/types\/post"}],"author":[{"embeddable":true,"href":"https:\/\/jornaltimoneiro.com.br\/index.php\/wp-json\/wp\/v2\/users\/2"}],"replies":[{"embeddable":true,"href":"https:\/\/jornaltimoneiro.com.br\/index.php\/wp-json\/wp\/v2\/comments?post=38751"}],"version-history":[{"count":1,"href":"https:\/\/jornaltimoneiro.com.br\/index.php\/wp-json\/wp\/v2\/posts\/38751\/revisions"}],"predecessor-version":[{"id":38753,"href":"https:\/\/jornaltimoneiro.com.br\/index.php\/wp-json\/wp\/v2\/posts\/38751\/revisions\/38753"}],"wp:featuredmedia":[{"embeddable":true,"href":"https:\/\/jornaltimoneiro.com.br\/index.php\/wp-json\/wp\/v2\/media\/38752"}],"wp:attachment":[{"href":"https:\/\/jornaltimoneiro.com.br\/index.php\/wp-json\/wp\/v2\/media?parent=38751"}],"wp:term":[{"taxonomy":"category","embeddable":true,"href":"https:\/\/jornaltimoneiro.com.br\/index.php\/wp-json\/wp\/v2\/categories?post=38751"},{"taxonomy":"post_tag","embeddable":true,"href":"https:\/\/jornaltimoneiro.com.br\/index.php\/wp-json\/wp\/v2\/tags?post=38751"}],"curies":[{"name":"wp","href":"https:\/\/api.w.org\/{rel}","templated":true}]}}