{"id":38725,"date":"2026-01-29T10:28:18","date_gmt":"2026-01-29T13:28:18","guid":{"rendered":"https:\/\/jornaltimoneiro.com.br\/?p=38725"},"modified":"2026-01-29T10:28:18","modified_gmt":"2026-01-29T13:28:18","slug":"ministro-dos-transportes-visita-canoas-obras-br-116","status":"publish","type":"post","link":"https:\/\/jornaltimoneiro.com.br\/index.php\/2026\/01\/29\/ministro-dos-transportes-visita-canoas-obras-br-116\/","title":{"rendered":"Na estreia dos radares, ministro dos Transportes visita Canoas para vistoriar obras na BR-116"},"content":{"rendered":"<p data-start=\"169\" data-end=\"400\">O ministro dos Transportes, Renan Filho, estar\u00e1 nesta quinta-feira, 29, \u00e0s 17h, em Canoas, para vistoriar obras na BR-116. A visita integra a caravana \u201cNa Boleia do Brasil\u201d, que percorre rodovias federais do Rio Grande do Sul.<\/p>\n<p data-start=\"402\" data-end=\"699\">A agenda ocorre no trecho embaixo da passarela na BR-116, ao lado do Bourbon, na Avenida Sezefredo Azambuja, em Canoas, onde o ministro ir\u00e1 acompanhar as melhorias realizadas na rodovia. Somente na BR-116, o Minist\u00e9rio dos Transportes investiu cerca de R$ 462 milh\u00f5es, dentro de um total de R$ 570 milh\u00f5es aplicados no estado em 2025.<\/p>\n<p data-start=\"701\" data-end=\"922\">Durante a visita, Renan Filho tamb\u00e9m ir\u00e1 percorrer os caminhos assistenciais, iniciativa criada ap\u00f3s as enchentes de 2024 para garantir acessos seguros, mobilidade e integra\u00e7\u00e3o entre servi\u00e7os essenciais e a popula\u00e7\u00e3o.<\/p>\n<p data-start=\"924\" data-end=\"1089\">A caravana ainda prev\u00ea a fiscaliza\u00e7\u00e3o de obras na BR-470, em Bento Gon\u00e7alves, rodovia recuperada ap\u00f3s os danos causados pela cat\u00e1strofe clim\u00e1tica de 2024.<\/p>\n<p data-start=\"1091\" data-end=\"1410\">Na sexta-feira, 30, \u00faltimo dia da agenda no estado, o ministro far\u00e1 a entrega da ponte sobre o Rio Camaqu\u00e3, nas proximidades do munic\u00edpio de Cristal. A duplica\u00e7\u00e3o da estrutura deve melhorar a fluidez do tr\u00e2nsito em uma das principais rotas de escoamento da produ\u00e7\u00e3o com destino ao Porto de Rio Grande, pela BR-116.<\/p>\n","protected":false},"excerpt":{"rendered":"<p>O ministro dos Transportes, Renan Filho, estar\u00e1 nesta quinta-feira, 29, \u00e0s 17h, em Canoas, para vistoriar obras na BR-116. A visita integra a caravana \u201cNa Boleia do Brasil\u201d, que percorre rodovias federais do Rio Grande do Sul. A agenda ocorre no trecho embaixo da passarela na BR-116, ao lado do Bourbon, na Avenida Sezefredo Azambuja, [&hellip;]<\/p>\n","protected":false},"author":2,"featured_media":38728,"comment_status":"open","ping_status":"open","sticky":false,"template":"","format":"standard","meta":{"amp_status":"","footnotes":""},"categories":[4960],"tags":[4990,31,190,110,688],"class_list":["post-38725","post","type-post","status-publish","format-standard","has-post-thumbnail","hentry","category-obras","tag-br116","tag-canoas","tag-featured","tag-obras","tag-transporte"],"yoast_head":"<!-- This site is optimized with the Yoast SEO plugin v20.5 - https:\/\/yoast.com\/wordpress\/plugins\/seo\/ -->\n<title>Na estreia dos radares, ministro dos Transportes visita Canoas para vistoriar obras na BR-116 - O Timoneiro Jornal Canoas RS<\/title>\n<meta name=\"description\" content=\"O ministro dos Transportes, Renan Filho, estar\u00e1 hoje em Canoas para vistoriar obras na BR-116. A visita integra a caravana \u201cNa Boleia do Brasil\u201d, que percorre rodovias federais do Rio Grande do Sul com investimentos de R$ 570 milh\u00f5es.\" \/>\n<meta name=\"robots\" content=\"index, follow, max-snippet:-1, max-image-preview:large, max-video-preview:-1\" \/>\n<link rel=\"canonical\" href=\"https:\/\/jornaltimoneiro.com.br\/index.php\/2026\/01\/29\/ministro-dos-transportes-visita-canoas-obras-br-116\/\" \/>\n<meta property=\"og:locale\" content=\"pt_BR\" \/>\n<meta property=\"og:type\" content=\"article\" \/>\n<meta property=\"og:title\" content=\"Na estreia dos radares, ministro dos Transportes visita Canoas para vistoriar obras na BR-116 - O Timoneiro Jornal Canoas RS\" \/>\n<meta property=\"og:description\" content=\"O ministro dos Transportes, Renan Filho, estar\u00e1 hoje em Canoas para vistoriar obras na BR-116. A visita integra a caravana \u201cNa Boleia do Brasil\u201d, que percorre rodovias federais do Rio Grande do Sul com investimentos de R$ 570 milh\u00f5es.\" \/>\n<meta property=\"og:url\" content=\"https:\/\/jornaltimoneiro.com.br\/index.php\/2026\/01\/29\/ministro-dos-transportes-visita-canoas-obras-br-116\/\" \/>\n<meta property=\"og:site_name\" content=\"O Timoneiro Jornal Canoas RS\" \/>\n<meta property=\"article:publisher\" content=\"https:\/\/www.facebook.com\/jornaltimoneiro\" \/>\n<meta property=\"article:published_time\" content=\"2026-01-29T13:28:18+00:00\" \/>\n<meta property=\"og:image\" content=\"https:\/\/jornaltimoneiro.com.br\/wp-content\/uploads\/2026\/01\/WhatsApp-Image-2026-01-29-at-09.09.10.jpeg\" \/>\n\t<meta property=\"og:image:width\" content=\"960\" \/>\n\t<meta property=\"og:image:height\" content=\"1280\" \/>\n\t<meta property=\"og:image:type\" content=\"image\/jpeg\" \/>\n<meta name=\"author\" content=\"Reda\u00e7\u00e3o\" \/>\n<meta name=\"twitter:card\" content=\"summary_large_image\" \/>\n<meta name=\"twitter:creator\" content=\"@_OTimoneiro\" \/>\n<meta name=\"twitter:site\" content=\"@_OTimoneiro\" \/>\n<meta name=\"twitter:label1\" content=\"Escrito por\" \/>\n\t<meta name=\"twitter:data1\" content=\"Reda\u00e7\u00e3o\" \/>\n\t<meta name=\"twitter:label2\" content=\"Est. tempo de leitura\" \/>\n\t<meta name=\"twitter:data2\" content=\"2 minutos\" \/>\n<script type=\"application\/ld+json\" class=\"yoast-schema-graph\">{\"@context\":\"https:\/\/schema.org\",\"@graph\":[{\"@type\":\"Article\",\"@id\":\"https:\/\/jornaltimoneiro.com.br\/index.php\/2026\/01\/29\/ministro-dos-transportes-visita-canoas-obras-br-116\/#article\",\"isPartOf\":{\"@id\":\"https:\/\/jornaltimoneiro.com.br\/index.php\/2026\/01\/29\/ministro-dos-transportes-visita-canoas-obras-br-116\/\"},\"author\":{\"name\":\"Reda\u00e7\u00e3o\",\"@id\":\"https:\/\/jornaltimoneiro.com.br\/#\/schema\/person\/f63482f1a02b1a9592707865e509ab40\"},\"headline\":\"Na estreia dos radares, ministro dos Transportes visita Canoas para vistoriar obras na BR-116\",\"datePublished\":\"2026-01-29T13:28:18+00:00\",\"dateModified\":\"2026-01-29T13:28:18+00:00\",\"mainEntityOfPage\":{\"@id\":\"https:\/\/jornaltimoneiro.com.br\/index.php\/2026\/01\/29\/ministro-dos-transportes-visita-canoas-obras-br-116\/\"},\"wordCount\":226,\"commentCount\":0,\"publisher\":{\"@id\":\"https:\/\/jornaltimoneiro.com.br\/#organization\"},\"keywords\":[\"Br116\",\"canoas\",\"featured\",\"Obras\",\"transporte\"],\"articleSection\":[\"Obras\"],\"inLanguage\":\"pt-BR\",\"potentialAction\":[{\"@type\":\"CommentAction\",\"name\":\"Comment\",\"target\":[\"https:\/\/jornaltimoneiro.com.br\/index.php\/2026\/01\/29\/ministro-dos-transportes-visita-canoas-obras-br-116\/#respond\"]}]},{\"@type\":\"WebPage\",\"@id\":\"https:\/\/jornaltimoneiro.com.br\/index.php\/2026\/01\/29\/ministro-dos-transportes-visita-canoas-obras-br-116\/\",\"url\":\"https:\/\/jornaltimoneiro.com.br\/index.php\/2026\/01\/29\/ministro-dos-transportes-visita-canoas-obras-br-116\/\",\"name\":\"Na estreia dos radares, ministro dos Transportes visita Canoas para vistoriar obras na BR-116 - O Timoneiro Jornal Canoas RS\",\"isPartOf\":{\"@id\":\"https:\/\/jornaltimoneiro.com.br\/#website\"},\"datePublished\":\"2026-01-29T13:28:18+00:00\",\"dateModified\":\"2026-01-29T13:28:18+00:00\",\"description\":\"O ministro dos Transportes, Renan Filho, estar\u00e1 hoje em Canoas para vistoriar obras na BR-116. A visita integra a caravana \u201cNa Boleia do Brasil\u201d, que percorre rodovias federais do Rio Grande do Sul com investimentos de R$ 570 milh\u00f5es.\",\"breadcrumb\":{\"@id\":\"https:\/\/jornaltimoneiro.com.br\/index.php\/2026\/01\/29\/ministro-dos-transportes-visita-canoas-obras-br-116\/#breadcrumb\"},\"inLanguage\":\"pt-BR\",\"potentialAction\":[{\"@type\":\"ReadAction\",\"target\":[\"https:\/\/jornaltimoneiro.com.br\/index.php\/2026\/01\/29\/ministro-dos-transportes-visita-canoas-obras-br-116\/\"]}]},{\"@type\":\"BreadcrumbList\",\"@id\":\"https:\/\/jornaltimoneiro.com.br\/index.php\/2026\/01\/29\/ministro-dos-transportes-visita-canoas-obras-br-116\/#breadcrumb\",\"itemListElement\":[{\"@type\":\"ListItem\",\"position\":1,\"name\":\"In\u00edcio\",\"item\":\"https:\/\/jornaltimoneiro.com.br\/\"},{\"@type\":\"ListItem\",\"position\":2,\"name\":\"Na estreia dos radares, ministro dos Transportes visita Canoas para vistoriar obras na BR-116\"}]},{\"@type\":\"WebSite\",\"@id\":\"https:\/\/jornaltimoneiro.com.br\/#website\",\"url\":\"https:\/\/jornaltimoneiro.com.br\/\",\"name\":\"Jornal Timoneiro Canoas RS\",\"description\":\"Jornal O Timoneiro, o verdadeiro jornal de Canoas\",\"publisher\":{\"@id\":\"https:\/\/jornaltimoneiro.com.br\/#organization\"},\"potentialAction\":[{\"@type\":\"SearchAction\",\"target\":{\"@type\":\"EntryPoint\",\"urlTemplate\":\"https:\/\/jornaltimoneiro.com.br\/?s={search_term_string}\"},\"query-input\":\"required name=search_term_string\"}],\"inLanguage\":\"pt-BR\"},{\"@type\":\"Organization\",\"@id\":\"https:\/\/jornaltimoneiro.com.br\/#organization\",\"name\":\"Jornal Timoneiro Canoas RS\",\"url\":\"https:\/\/jornaltimoneiro.com.br\/\",\"logo\":{\"@type\":\"ImageObject\",\"inLanguage\":\"pt-BR\",\"@id\":\"https:\/\/jornaltimoneiro.com.br\/#\/schema\/logo\/image\/\",\"url\":\"https:\/\/jornaltimoneiro.com.br\/wp-content\/uploads\/2023\/03\/logonovo.png\",\"contentUrl\":\"https:\/\/jornaltimoneiro.com.br\/wp-content\/uploads\/2023\/03\/logonovo.png\",\"width\":\"469\",\"height\":\"171\",\"caption\":\"Jornal Timoneiro Canoas RS\"},\"image\":{\"@id\":\"https:\/\/jornaltimoneiro.com.br\/#\/schema\/logo\/image\/\"},\"sameAs\":[\"https:\/\/www.facebook.com\/jornaltimoneiro\",\"https:\/\/twitter.com\/_OTimoneiro\",\"https:\/\/www.instagram.com\/jornaltimoneirocanoas\/\",\"https:\/\/www.youtube.com\/@jornalotimoneiro7927\"]},{\"@type\":\"Person\",\"@id\":\"https:\/\/jornaltimoneiro.com.br\/#\/schema\/person\/f63482f1a02b1a9592707865e509ab40\",\"name\":\"Reda\u00e7\u00e3o\",\"image\":{\"@type\":\"ImageObject\",\"inLanguage\":\"pt-BR\",\"@id\":\"https:\/\/jornaltimoneiro.com.br\/#\/schema\/person\/image\/\",\"url\":\"https:\/\/jornaltimoneiro.com.br\/wp-content\/uploads\/2023\/03\/download.jpeg\",\"contentUrl\":\"https:\/\/jornaltimoneiro.com.br\/wp-content\/uploads\/2023\/03\/download.jpeg\",\"caption\":\"Reda\u00e7\u00e3o\"},\"url\":\"https:\/\/jornaltimoneiro.com.br\/index.php\/author\/simone-dutra\/\"}]}<\/script>\n<!-- \/ Yoast SEO plugin. -->","yoast_head_json":{"title":"Na estreia dos radares, ministro dos Transportes visita Canoas para vistoriar obras na BR-116 - O Timoneiro Jornal Canoas RS","description":"O ministro dos Transportes, Renan Filho, estar\u00e1 hoje em Canoas para vistoriar obras na BR-116. A visita integra a caravana \u201cNa Boleia do Brasil\u201d, que percorre rodovias federais do Rio Grande do Sul com investimentos de R$ 570 milh\u00f5es.","robots":{"index":"index","follow":"follow","max-snippet":"max-snippet:-1","max-image-preview":"max-image-preview:large","max-video-preview":"max-video-preview:-1"},"canonical":"https:\/\/jornaltimoneiro.com.br\/index.php\/2026\/01\/29\/ministro-dos-transportes-visita-canoas-obras-br-116\/","og_locale":"pt_BR","og_type":"article","og_title":"Na estreia dos radares, ministro dos Transportes visita Canoas para vistoriar obras na BR-116 - O Timoneiro Jornal Canoas RS","og_description":"O ministro dos Transportes, Renan Filho, estar\u00e1 hoje em Canoas para vistoriar obras na BR-116. A visita integra a caravana \u201cNa Boleia do Brasil\u201d, que percorre rodovias federais do Rio Grande do Sul com investimentos de R$ 570 milh\u00f5es.","og_url":"https:\/\/jornaltimoneiro.com.br\/index.php\/2026\/01\/29\/ministro-dos-transportes-visita-canoas-obras-br-116\/","og_site_name":"O Timoneiro Jornal Canoas RS","article_publisher":"https:\/\/www.facebook.com\/jornaltimoneiro","article_published_time":"2026-01-29T13:28:18+00:00","og_image":[{"width":"960","height":"1280","url":"https:\/\/jornaltimoneiro.com.br\/wp-content\/uploads\/2026\/01\/WhatsApp-Image-2026-01-29-at-09.09.10.jpeg","type":"image\/jpeg"}],"author":"Reda\u00e7\u00e3o","twitter_card":"summary_large_image","twitter_creator":"@_OTimoneiro","twitter_site":"@_OTimoneiro","twitter_misc":{"Escrito por":"Reda\u00e7\u00e3o","Est. tempo de leitura":"2 minutos"},"schema":{"@context":"https:\/\/schema.org","@graph":[{"@type":"Article","@id":"https:\/\/jornaltimoneiro.com.br\/index.php\/2026\/01\/29\/ministro-dos-transportes-visita-canoas-obras-br-116\/#article","isPartOf":{"@id":"https:\/\/jornaltimoneiro.com.br\/index.php\/2026\/01\/29\/ministro-dos-transportes-visita-canoas-obras-br-116\/"},"author":{"name":"Reda\u00e7\u00e3o","@id":"https:\/\/jornaltimoneiro.com.br\/#\/schema\/person\/f63482f1a02b1a9592707865e509ab40"},"headline":"Na estreia dos radares, ministro dos Transportes visita Canoas para vistoriar obras na BR-116","datePublished":"2026-01-29T13:28:18+00:00","dateModified":"2026-01-29T13:28:18+00:00","mainEntityOfPage":{"@id":"https:\/\/jornaltimoneiro.com.br\/index.php\/2026\/01\/29\/ministro-dos-transportes-visita-canoas-obras-br-116\/"},"wordCount":226,"commentCount":0,"publisher":{"@id":"https:\/\/jornaltimoneiro.com.br\/#organization"},"keywords":["Br116","canoas","featured","Obras","transporte"],"articleSection":["Obras"],"inLanguage":"pt-BR","potentialAction":[{"@type":"CommentAction","name":"Comment","target":["https:\/\/jornaltimoneiro.com.br\/index.php\/2026\/01\/29\/ministro-dos-transportes-visita-canoas-obras-br-116\/#respond"]}]},{"@type":"WebPage","@id":"https:\/\/jornaltimoneiro.com.br\/index.php\/2026\/01\/29\/ministro-dos-transportes-visita-canoas-obras-br-116\/","url":"https:\/\/jornaltimoneiro.com.br\/index.php\/2026\/01\/29\/ministro-dos-transportes-visita-canoas-obras-br-116\/","name":"Na estreia dos radares, ministro dos Transportes visita Canoas para vistoriar obras na BR-116 - O Timoneiro Jornal Canoas RS","isPartOf":{"@id":"https:\/\/jornaltimoneiro.com.br\/#website"},"datePublished":"2026-01-29T13:28:18+00:00","dateModified":"2026-01-29T13:28:18+00:00","description":"O ministro dos Transportes, Renan Filho, estar\u00e1 hoje em Canoas para vistoriar obras na BR-116. A visita integra a caravana \u201cNa Boleia do Brasil\u201d, que percorre rodovias federais do Rio Grande do Sul com investimentos de R$ 570 milh\u00f5es.","breadcrumb":{"@id":"https:\/\/jornaltimoneiro.com.br\/index.php\/2026\/01\/29\/ministro-dos-transportes-visita-canoas-obras-br-116\/#breadcrumb"},"inLanguage":"pt-BR","potentialAction":[{"@type":"ReadAction","target":["https:\/\/jornaltimoneiro.com.br\/index.php\/2026\/01\/29\/ministro-dos-transportes-visita-canoas-obras-br-116\/"]}]},{"@type":"BreadcrumbList","@id":"https:\/\/jornaltimoneiro.com.br\/index.php\/2026\/01\/29\/ministro-dos-transportes-visita-canoas-obras-br-116\/#breadcrumb","itemListElement":[{"@type":"ListItem","position":1,"name":"In\u00edcio","item":"https:\/\/jornaltimoneiro.com.br\/"},{"@type":"ListItem","position":2,"name":"Na estreia dos radares, ministro dos Transportes visita Canoas para vistoriar obras na BR-116"}]},{"@type":"WebSite","@id":"https:\/\/jornaltimoneiro.com.br\/#website","url":"https:\/\/jornaltimoneiro.com.br\/","name":"Jornal Timoneiro Canoas RS","description":"Jornal O Timoneiro, o verdadeiro jornal de Canoas","publisher":{"@id":"https:\/\/jornaltimoneiro.com.br\/#organization"},"potentialAction":[{"@type":"SearchAction","target":{"@type":"EntryPoint","urlTemplate":"https:\/\/jornaltimoneiro.com.br\/?s={search_term_string}"},"query-input":"required name=search_term_string"}],"inLanguage":"pt-BR"},{"@type":"Organization","@id":"https:\/\/jornaltimoneiro.com.br\/#organization","name":"Jornal Timoneiro Canoas RS","url":"https:\/\/jornaltimoneiro.com.br\/","logo":{"@type":"ImageObject","inLanguage":"pt-BR","@id":"https:\/\/jornaltimoneiro.com.br\/#\/schema\/logo\/image\/","url":"https:\/\/jornaltimoneiro.com.br\/wp-content\/uploads\/2023\/03\/logonovo.png","contentUrl":"https:\/\/jornaltimoneiro.com.br\/wp-content\/uploads\/2023\/03\/logonovo.png","width":"469","height":"171","caption":"Jornal Timoneiro Canoas RS"},"image":{"@id":"https:\/\/jornaltimoneiro.com.br\/#\/schema\/logo\/image\/"},"sameAs":["https:\/\/www.facebook.com\/jornaltimoneiro","https:\/\/twitter.com\/_OTimoneiro","https:\/\/www.instagram.com\/jornaltimoneirocanoas\/","https:\/\/www.youtube.com\/@jornalotimoneiro7927"]},{"@type":"Person","@id":"https:\/\/jornaltimoneiro.com.br\/#\/schema\/person\/f63482f1a02b1a9592707865e509ab40","name":"Reda\u00e7\u00e3o","image":{"@type":"ImageObject","inLanguage":"pt-BR","@id":"https:\/\/jornaltimoneiro.com.br\/#\/schema\/person\/image\/","url":"https:\/\/jornaltimoneiro.com.br\/wp-content\/uploads\/2023\/03\/download.jpeg","contentUrl":"https:\/\/jornaltimoneiro.com.br\/wp-content\/uploads\/2023\/03\/download.jpeg","caption":"Reda\u00e7\u00e3o"},"url":"https:\/\/jornaltimoneiro.com.br\/index.php\/author\/simone-dutra\/"}]}},"_links":{"self":[{"href":"https:\/\/jornaltimoneiro.com.br\/index.php\/wp-json\/wp\/v2\/posts\/38725"}],"collection":[{"href":"https:\/\/jornaltimoneiro.com.br\/index.php\/wp-json\/wp\/v2\/posts"}],"about":[{"href":"https:\/\/jornaltimoneiro.com.br\/index.php\/wp-json\/wp\/v2\/types\/post"}],"author":[{"embeddable":true,"href":"https:\/\/jornaltimoneiro.com.br\/index.php\/wp-json\/wp\/v2\/users\/2"}],"replies":[{"embeddable":true,"href":"https:\/\/jornaltimoneiro.com.br\/index.php\/wp-json\/wp\/v2\/comments?post=38725"}],"version-history":[{"count":1,"href":"https:\/\/jornaltimoneiro.com.br\/index.php\/wp-json\/wp\/v2\/posts\/38725\/revisions"}],"predecessor-version":[{"id":38731,"href":"https:\/\/jornaltimoneiro.com.br\/index.php\/wp-json\/wp\/v2\/posts\/38725\/revisions\/38731"}],"wp:featuredmedia":[{"embeddable":true,"href":"https:\/\/jornaltimoneiro.com.br\/index.php\/wp-json\/wp\/v2\/media\/38728"}],"wp:attachment":[{"href":"https:\/\/jornaltimoneiro.com.br\/index.php\/wp-json\/wp\/v2\/media?parent=38725"}],"wp:term":[{"taxonomy":"category","embeddable":true,"href":"https:\/\/jornaltimoneiro.com.br\/index.php\/wp-json\/wp\/v2\/categories?post=38725"},{"taxonomy":"post_tag","embeddable":true,"href":"https:\/\/jornaltimoneiro.com.br\/index.php\/wp-json\/wp\/v2\/tags?post=38725"}],"curies":[{"name":"wp","href":"https:\/\/api.w.org\/{rel}","templated":true}]}}