{"id":38690,"date":"2026-01-27T10:57:00","date_gmt":"2026-01-27T13:57:00","guid":{"rendered":"https:\/\/jornaltimoneiro.com.br\/?p=38690"},"modified":"2026-01-27T11:01:04","modified_gmt":"2026-01-27T14:01:04","slug":"nova-santa-rita-cultura","status":"publish","type":"post","link":"https:\/\/jornaltimoneiro.com.br\/index.php\/2026\/01\/27\/nova-santa-rita-cultura\/","title":{"rendered":"Nova Santa Rita assina contrato para aquisi\u00e7\u00e3o de van cultural MovCEU"},"content":{"rendered":"<p data-start=\"0\" data-end=\"420\">A Prefeitura de Nova Santa Rita assinou nesta semana contrato com o Governo Federal para a aquisi\u00e7\u00e3o do MovCEU, uma van cultural itinerante que ser\u00e1 utilizada para a realiza\u00e7\u00e3o de atividades art\u00edsticas, a\u00e7\u00f5es formativas e acesso \u00e0 produ\u00e7\u00e3o audiovisual e liter\u00e1ria em diferentes regi\u00f5es do munic\u00edpio. O investimento total \u00e9 de R$ 610 mil, sendo R$ 485 mil em recursos federais e R$ 125 mil de contrapartida da prefeitura.<\/p>\n<p data-start=\"422\" data-end=\"713\">O MovCEU faz parte de uma pol\u00edtica p\u00fablica do Minist\u00e9rio da Cultura voltada \u00e0 amplia\u00e7\u00e3o do acesso \u00e0 cultura por meio de um equipamento m\u00f3vel. A iniciativa \u00e9 direcionada, principalmente, a munic\u00edpios, \u00e1reas rurais, comunidades perif\u00e9ricas e locais com menor oferta de espa\u00e7os culturais fixos.<\/p>\n<p data-start=\"715\" data-end=\"1074\">A van conta com estrutura para funcionamento como centro cultural itinerante. Entre os equipamentos dispon\u00edveis est\u00e3o biblioteca com acervo de livros, espa\u00e7o para oficinas e a\u00e7\u00f5es formativas, est\u00fadio para produ\u00e7\u00e3o e edi\u00e7\u00e3o audiovisual, \u00f3culos de realidade virtual, projetor, tel\u00e3o, palco mont\u00e1vel, computadores, c\u00e2meras, equipamentos de som e suporte t\u00e9cnico.<\/p>\n<div id=\"attachment_38693\" style=\"width: 391px\" class=\"wp-caption alignright\"><img decoding=\"async\" aria-describedby=\"caption-attachment-38693\" class=\"wp-image-38693\" src=\"https:\/\/jornaltimoneiro.com.br\/wp-content\/uploads\/2026\/01\/WhatsApp-Image-2026-01-27-at-09.50.29-1024x585.jpeg\" alt=\"\" width=\"381\" height=\"218\" srcset=\"https:\/\/jornaltimoneiro.com.br\/wp-content\/uploads\/2026\/01\/WhatsApp-Image-2026-01-27-at-09.50.29-1024x585.jpeg 1024w, https:\/\/jornaltimoneiro.com.br\/wp-content\/uploads\/2026\/01\/WhatsApp-Image-2026-01-27-at-09.50.29-300x171.jpeg 300w, https:\/\/jornaltimoneiro.com.br\/wp-content\/uploads\/2026\/01\/WhatsApp-Image-2026-01-27-at-09.50.29-768x439.jpeg 768w, https:\/\/jornaltimoneiro.com.br\/wp-content\/uploads\/2026\/01\/WhatsApp-Image-2026-01-27-at-09.50.29-1536x877.jpeg 1536w, https:\/\/jornaltimoneiro.com.br\/wp-content\/uploads\/2026\/01\/WhatsApp-Image-2026-01-27-at-09.50.29.jpeg 1600w\" sizes=\"(max-width: 381px) 100vw, 381px\" \/><p id=\"caption-attachment-38693\" class=\"wp-caption-text\">Divulga\u00e7\u00e3o\/PMNSR<\/p><\/div>\n<p data-start=\"1076\" data-end=\"1314\">De acordo com a proposta, o MovCEU deve circular por bairros e comunidades de Nova Santa Rita, com a realiza\u00e7\u00e3o de sess\u00f5es de cinema ao ar livre, oficinas, apresenta\u00e7\u00f5es culturais, atividades educativas e a\u00e7\u00f5es voltadas a artistas locais.<\/p>\n<p data-start=\"1316\" data-end=\"1490\">Durante a assinatura do contrato, o prefeito Rodrigo Battistella afirmou que o objetivo \u00e9 ampliar o acesso da popula\u00e7\u00e3o a atividades culturais em diferentes pontos da cidade.<\/p>\n<p data-start=\"1492\" data-end=\"1660\">A representante do Minist\u00e9rio da Cultura, Patr\u00edcia Afonso, destacou que o programa busca levar equipamentos culturais a locais onde n\u00e3o h\u00e1 estruturas fixas dispon\u00edveis.<\/p>\n<p data-start=\"1662\" data-end=\"1848\">J\u00e1 o secret\u00e1rio municipal de Cultura e Turismo, Vagner Silva, afirmou que o projeto ser\u00e1 utilizado para ampliar as a\u00e7\u00f5es culturais no munic\u00edpio e incentivar a participa\u00e7\u00e3o da comunidade.<\/p>\n<p data-start=\"1850\" data-end=\"2072\" data-is-last-node=\"\" data-is-only-node=\"\">A previs\u00e3o \u00e9 que a van cultural chegue a Nova Santa Rita at\u00e9 o m\u00eas de abril. Ap\u00f3s a entrega, o equipamento passar\u00e1 a integrar a programa\u00e7\u00e3o cultural do munic\u00edpio, com a\u00e7\u00f5es organizadas pela Secretaria de Cultura e Turismo.<\/p>\n","protected":false},"excerpt":{"rendered":"<p>A Prefeitura de Nova Santa Rita assinou nesta semana contrato com o Governo Federal para a aquisi\u00e7\u00e3o do MovCEU, uma van cultural itinerante que ser\u00e1 utilizada para a realiza\u00e7\u00e3o de atividades art\u00edsticas, a\u00e7\u00f5es formativas e acesso \u00e0 produ\u00e7\u00e3o audiovisual e liter\u00e1ria em diferentes regi\u00f5es do munic\u00edpio. O investimento total \u00e9 de R$ 610 mil, sendo [&hellip;]<\/p>\n","protected":false},"author":2,"featured_media":38692,"comment_status":"open","ping_status":"open","sticky":false,"template":"","format":"standard","meta":{"amp_status":"","footnotes":""},"categories":[76],"tags":[1377,262],"class_list":["post-38690","post","type-post","status-publish","format-standard","has-post-thumbnail","hentry","category-cultura","tag-feat","tag-nova-santa-rita"],"yoast_head":"<!-- This site is optimized with the Yoast SEO plugin v20.5 - https:\/\/yoast.com\/wordpress\/plugins\/seo\/ -->\n<title>Nova Santa Rita assina contrato para aquisi\u00e7\u00e3o de van cultural MovCEU - O Timoneiro Jornal Canoas RS<\/title>\n<meta name=\"description\" content=\"Prefeitura de Nova Santa Rita assina contrato para aquisi\u00e7\u00e3o do MovCEU, van cultural itinerante financiada com recursos federais e municipais, que deve chegar ao munic\u00edpio at\u00e9 abril para integrar a programa\u00e7\u00e3o cultural\" \/>\n<meta name=\"robots\" content=\"index, follow, max-snippet:-1, max-image-preview:large, max-video-preview:-1\" \/>\n<link rel=\"canonical\" href=\"https:\/\/jornaltimoneiro.com.br\/index.php\/2026\/01\/27\/nova-santa-rita-cultura\/\" \/>\n<meta property=\"og:locale\" content=\"pt_BR\" \/>\n<meta property=\"og:type\" content=\"article\" \/>\n<meta property=\"og:title\" content=\"Nova Santa Rita assina contrato para aquisi\u00e7\u00e3o de van cultural MovCEU - O Timoneiro Jornal Canoas RS\" \/>\n<meta property=\"og:description\" content=\"Prefeitura de Nova Santa Rita assina contrato para aquisi\u00e7\u00e3o do MovCEU, van cultural itinerante financiada com recursos federais e municipais, que deve chegar ao munic\u00edpio at\u00e9 abril para integrar a programa\u00e7\u00e3o cultural\" \/>\n<meta property=\"og:url\" content=\"https:\/\/jornaltimoneiro.com.br\/index.php\/2026\/01\/27\/nova-santa-rita-cultura\/\" \/>\n<meta property=\"og:site_name\" content=\"O Timoneiro Jornal Canoas RS\" \/>\n<meta property=\"article:publisher\" content=\"https:\/\/www.facebook.com\/jornaltimoneiro\" \/>\n<meta property=\"article:published_time\" content=\"2026-01-27T13:57:00+00:00\" \/>\n<meta property=\"article:modified_time\" content=\"2026-01-27T14:01:04+00:00\" \/>\n<meta property=\"og:image\" content=\"https:\/\/jornaltimoneiro.com.br\/wp-content\/uploads\/2026\/01\/WhatsApp-Image-2026-01-27-at-09.50.28.jpeg\" \/>\n\t<meta property=\"og:image:width\" content=\"768\" \/>\n\t<meta property=\"og:image:height\" content=\"510\" \/>\n\t<meta property=\"og:image:type\" content=\"image\/jpeg\" \/>\n<meta name=\"author\" content=\"Reda\u00e7\u00e3o\" \/>\n<meta name=\"twitter:card\" content=\"summary_large_image\" \/>\n<meta name=\"twitter:creator\" content=\"@_OTimoneiro\" \/>\n<meta name=\"twitter:site\" content=\"@_OTimoneiro\" \/>\n<meta name=\"twitter:label1\" content=\"Escrito por\" \/>\n\t<meta name=\"twitter:data1\" content=\"Reda\u00e7\u00e3o\" \/>\n\t<meta name=\"twitter:label2\" content=\"Est. tempo de leitura\" \/>\n\t<meta name=\"twitter:data2\" content=\"2 minutos\" \/>\n<script type=\"application\/ld+json\" class=\"yoast-schema-graph\">{\"@context\":\"https:\/\/schema.org\",\"@graph\":[{\"@type\":\"Article\",\"@id\":\"https:\/\/jornaltimoneiro.com.br\/index.php\/2026\/01\/27\/nova-santa-rita-cultura\/#article\",\"isPartOf\":{\"@id\":\"https:\/\/jornaltimoneiro.com.br\/index.php\/2026\/01\/27\/nova-santa-rita-cultura\/\"},\"author\":{\"name\":\"Reda\u00e7\u00e3o\",\"@id\":\"https:\/\/jornaltimoneiro.com.br\/#\/schema\/person\/f63482f1a02b1a9592707865e509ab40\"},\"headline\":\"Nova Santa Rita assina contrato para aquisi\u00e7\u00e3o de van cultural MovCEU\",\"datePublished\":\"2026-01-27T13:57:00+00:00\",\"dateModified\":\"2026-01-27T14:01:04+00:00\",\"mainEntityOfPage\":{\"@id\":\"https:\/\/jornaltimoneiro.com.br\/index.php\/2026\/01\/27\/nova-santa-rita-cultura\/\"},\"wordCount\":378,\"commentCount\":0,\"publisher\":{\"@id\":\"https:\/\/jornaltimoneiro.com.br\/#organization\"},\"keywords\":[\"feat\",\"nova santa rita\"],\"articleSection\":[\"Cultura\"],\"inLanguage\":\"pt-BR\",\"potentialAction\":[{\"@type\":\"CommentAction\",\"name\":\"Comment\",\"target\":[\"https:\/\/jornaltimoneiro.com.br\/index.php\/2026\/01\/27\/nova-santa-rita-cultura\/#respond\"]}]},{\"@type\":\"WebPage\",\"@id\":\"https:\/\/jornaltimoneiro.com.br\/index.php\/2026\/01\/27\/nova-santa-rita-cultura\/\",\"url\":\"https:\/\/jornaltimoneiro.com.br\/index.php\/2026\/01\/27\/nova-santa-rita-cultura\/\",\"name\":\"Nova Santa Rita assina contrato para aquisi\u00e7\u00e3o de van cultural MovCEU - O Timoneiro Jornal Canoas RS\",\"isPartOf\":{\"@id\":\"https:\/\/jornaltimoneiro.com.br\/#website\"},\"datePublished\":\"2026-01-27T13:57:00+00:00\",\"dateModified\":\"2026-01-27T14:01:04+00:00\",\"description\":\"Prefeitura de Nova Santa Rita assina contrato para aquisi\u00e7\u00e3o do MovCEU, van cultural itinerante financiada com recursos federais e municipais, que deve chegar ao munic\u00edpio at\u00e9 abril para integrar a programa\u00e7\u00e3o cultural\",\"breadcrumb\":{\"@id\":\"https:\/\/jornaltimoneiro.com.br\/index.php\/2026\/01\/27\/nova-santa-rita-cultura\/#breadcrumb\"},\"inLanguage\":\"pt-BR\",\"potentialAction\":[{\"@type\":\"ReadAction\",\"target\":[\"https:\/\/jornaltimoneiro.com.br\/index.php\/2026\/01\/27\/nova-santa-rita-cultura\/\"]}]},{\"@type\":\"BreadcrumbList\",\"@id\":\"https:\/\/jornaltimoneiro.com.br\/index.php\/2026\/01\/27\/nova-santa-rita-cultura\/#breadcrumb\",\"itemListElement\":[{\"@type\":\"ListItem\",\"position\":1,\"name\":\"In\u00edcio\",\"item\":\"https:\/\/jornaltimoneiro.com.br\/\"},{\"@type\":\"ListItem\",\"position\":2,\"name\":\"Nova Santa Rita assina contrato para aquisi\u00e7\u00e3o de van cultural MovCEU\"}]},{\"@type\":\"WebSite\",\"@id\":\"https:\/\/jornaltimoneiro.com.br\/#website\",\"url\":\"https:\/\/jornaltimoneiro.com.br\/\",\"name\":\"Jornal Timoneiro Canoas RS\",\"description\":\"Jornal O Timoneiro, o verdadeiro jornal de Canoas\",\"publisher\":{\"@id\":\"https:\/\/jornaltimoneiro.com.br\/#organization\"},\"potentialAction\":[{\"@type\":\"SearchAction\",\"target\":{\"@type\":\"EntryPoint\",\"urlTemplate\":\"https:\/\/jornaltimoneiro.com.br\/?s={search_term_string}\"},\"query-input\":\"required name=search_term_string\"}],\"inLanguage\":\"pt-BR\"},{\"@type\":\"Organization\",\"@id\":\"https:\/\/jornaltimoneiro.com.br\/#organization\",\"name\":\"Jornal Timoneiro Canoas RS\",\"url\":\"https:\/\/jornaltimoneiro.com.br\/\",\"logo\":{\"@type\":\"ImageObject\",\"inLanguage\":\"pt-BR\",\"@id\":\"https:\/\/jornaltimoneiro.com.br\/#\/schema\/logo\/image\/\",\"url\":\"https:\/\/jornaltimoneiro.com.br\/wp-content\/uploads\/2023\/03\/logonovo.png\",\"contentUrl\":\"https:\/\/jornaltimoneiro.com.br\/wp-content\/uploads\/2023\/03\/logonovo.png\",\"width\":\"469\",\"height\":\"171\",\"caption\":\"Jornal Timoneiro Canoas RS\"},\"image\":{\"@id\":\"https:\/\/jornaltimoneiro.com.br\/#\/schema\/logo\/image\/\"},\"sameAs\":[\"https:\/\/www.facebook.com\/jornaltimoneiro\",\"https:\/\/twitter.com\/_OTimoneiro\",\"https:\/\/www.instagram.com\/jornaltimoneirocanoas\/\",\"https:\/\/www.youtube.com\/@jornalotimoneiro7927\"]},{\"@type\":\"Person\",\"@id\":\"https:\/\/jornaltimoneiro.com.br\/#\/schema\/person\/f63482f1a02b1a9592707865e509ab40\",\"name\":\"Reda\u00e7\u00e3o\",\"image\":{\"@type\":\"ImageObject\",\"inLanguage\":\"pt-BR\",\"@id\":\"https:\/\/jornaltimoneiro.com.br\/#\/schema\/person\/image\/\",\"url\":\"https:\/\/jornaltimoneiro.com.br\/wp-content\/uploads\/2023\/03\/download.jpeg\",\"contentUrl\":\"https:\/\/jornaltimoneiro.com.br\/wp-content\/uploads\/2023\/03\/download.jpeg\",\"caption\":\"Reda\u00e7\u00e3o\"},\"url\":\"https:\/\/jornaltimoneiro.com.br\/index.php\/author\/simone-dutra\/\"}]}<\/script>\n<!-- \/ Yoast SEO plugin. -->","yoast_head_json":{"title":"Nova Santa Rita assina contrato para aquisi\u00e7\u00e3o de van cultural MovCEU - O Timoneiro Jornal Canoas RS","description":"Prefeitura de Nova Santa Rita assina contrato para aquisi\u00e7\u00e3o do MovCEU, van cultural itinerante financiada com recursos federais e municipais, que deve chegar ao munic\u00edpio at\u00e9 abril para integrar a programa\u00e7\u00e3o cultural","robots":{"index":"index","follow":"follow","max-snippet":"max-snippet:-1","max-image-preview":"max-image-preview:large","max-video-preview":"max-video-preview:-1"},"canonical":"https:\/\/jornaltimoneiro.com.br\/index.php\/2026\/01\/27\/nova-santa-rita-cultura\/","og_locale":"pt_BR","og_type":"article","og_title":"Nova Santa Rita assina contrato para aquisi\u00e7\u00e3o de van cultural MovCEU - O Timoneiro Jornal Canoas RS","og_description":"Prefeitura de Nova Santa Rita assina contrato para aquisi\u00e7\u00e3o do MovCEU, van cultural itinerante financiada com recursos federais e municipais, que deve chegar ao munic\u00edpio at\u00e9 abril para integrar a programa\u00e7\u00e3o cultural","og_url":"https:\/\/jornaltimoneiro.com.br\/index.php\/2026\/01\/27\/nova-santa-rita-cultura\/","og_site_name":"O Timoneiro Jornal Canoas RS","article_publisher":"https:\/\/www.facebook.com\/jornaltimoneiro","article_published_time":"2026-01-27T13:57:00+00:00","article_modified_time":"2026-01-27T14:01:04+00:00","og_image":[{"width":"768","height":"510","url":"https:\/\/jornaltimoneiro.com.br\/wp-content\/uploads\/2026\/01\/WhatsApp-Image-2026-01-27-at-09.50.28.jpeg","type":"image\/jpeg"}],"author":"Reda\u00e7\u00e3o","twitter_card":"summary_large_image","twitter_creator":"@_OTimoneiro","twitter_site":"@_OTimoneiro","twitter_misc":{"Escrito por":"Reda\u00e7\u00e3o","Est. tempo de leitura":"2 minutos"},"schema":{"@context":"https:\/\/schema.org","@graph":[{"@type":"Article","@id":"https:\/\/jornaltimoneiro.com.br\/index.php\/2026\/01\/27\/nova-santa-rita-cultura\/#article","isPartOf":{"@id":"https:\/\/jornaltimoneiro.com.br\/index.php\/2026\/01\/27\/nova-santa-rita-cultura\/"},"author":{"name":"Reda\u00e7\u00e3o","@id":"https:\/\/jornaltimoneiro.com.br\/#\/schema\/person\/f63482f1a02b1a9592707865e509ab40"},"headline":"Nova Santa Rita assina contrato para aquisi\u00e7\u00e3o de van cultural MovCEU","datePublished":"2026-01-27T13:57:00+00:00","dateModified":"2026-01-27T14:01:04+00:00","mainEntityOfPage":{"@id":"https:\/\/jornaltimoneiro.com.br\/index.php\/2026\/01\/27\/nova-santa-rita-cultura\/"},"wordCount":378,"commentCount":0,"publisher":{"@id":"https:\/\/jornaltimoneiro.com.br\/#organization"},"keywords":["feat","nova santa rita"],"articleSection":["Cultura"],"inLanguage":"pt-BR","potentialAction":[{"@type":"CommentAction","name":"Comment","target":["https:\/\/jornaltimoneiro.com.br\/index.php\/2026\/01\/27\/nova-santa-rita-cultura\/#respond"]}]},{"@type":"WebPage","@id":"https:\/\/jornaltimoneiro.com.br\/index.php\/2026\/01\/27\/nova-santa-rita-cultura\/","url":"https:\/\/jornaltimoneiro.com.br\/index.php\/2026\/01\/27\/nova-santa-rita-cultura\/","name":"Nova Santa Rita assina contrato para aquisi\u00e7\u00e3o de van cultural MovCEU - O Timoneiro Jornal Canoas RS","isPartOf":{"@id":"https:\/\/jornaltimoneiro.com.br\/#website"},"datePublished":"2026-01-27T13:57:00+00:00","dateModified":"2026-01-27T14:01:04+00:00","description":"Prefeitura de Nova Santa Rita assina contrato para aquisi\u00e7\u00e3o do MovCEU, van cultural itinerante financiada com recursos federais e municipais, que deve chegar ao munic\u00edpio at\u00e9 abril para integrar a programa\u00e7\u00e3o cultural","breadcrumb":{"@id":"https:\/\/jornaltimoneiro.com.br\/index.php\/2026\/01\/27\/nova-santa-rita-cultura\/#breadcrumb"},"inLanguage":"pt-BR","potentialAction":[{"@type":"ReadAction","target":["https:\/\/jornaltimoneiro.com.br\/index.php\/2026\/01\/27\/nova-santa-rita-cultura\/"]}]},{"@type":"BreadcrumbList","@id":"https:\/\/jornaltimoneiro.com.br\/index.php\/2026\/01\/27\/nova-santa-rita-cultura\/#breadcrumb","itemListElement":[{"@type":"ListItem","position":1,"name":"In\u00edcio","item":"https:\/\/jornaltimoneiro.com.br\/"},{"@type":"ListItem","position":2,"name":"Nova Santa Rita assina contrato para aquisi\u00e7\u00e3o de van cultural MovCEU"}]},{"@type":"WebSite","@id":"https:\/\/jornaltimoneiro.com.br\/#website","url":"https:\/\/jornaltimoneiro.com.br\/","name":"Jornal Timoneiro Canoas RS","description":"Jornal O Timoneiro, o verdadeiro jornal de Canoas","publisher":{"@id":"https:\/\/jornaltimoneiro.com.br\/#organization"},"potentialAction":[{"@type":"SearchAction","target":{"@type":"EntryPoint","urlTemplate":"https:\/\/jornaltimoneiro.com.br\/?s={search_term_string}"},"query-input":"required name=search_term_string"}],"inLanguage":"pt-BR"},{"@type":"Organization","@id":"https:\/\/jornaltimoneiro.com.br\/#organization","name":"Jornal Timoneiro Canoas RS","url":"https:\/\/jornaltimoneiro.com.br\/","logo":{"@type":"ImageObject","inLanguage":"pt-BR","@id":"https:\/\/jornaltimoneiro.com.br\/#\/schema\/logo\/image\/","url":"https:\/\/jornaltimoneiro.com.br\/wp-content\/uploads\/2023\/03\/logonovo.png","contentUrl":"https:\/\/jornaltimoneiro.com.br\/wp-content\/uploads\/2023\/03\/logonovo.png","width":"469","height":"171","caption":"Jornal Timoneiro Canoas RS"},"image":{"@id":"https:\/\/jornaltimoneiro.com.br\/#\/schema\/logo\/image\/"},"sameAs":["https:\/\/www.facebook.com\/jornaltimoneiro","https:\/\/twitter.com\/_OTimoneiro","https:\/\/www.instagram.com\/jornaltimoneirocanoas\/","https:\/\/www.youtube.com\/@jornalotimoneiro7927"]},{"@type":"Person","@id":"https:\/\/jornaltimoneiro.com.br\/#\/schema\/person\/f63482f1a02b1a9592707865e509ab40","name":"Reda\u00e7\u00e3o","image":{"@type":"ImageObject","inLanguage":"pt-BR","@id":"https:\/\/jornaltimoneiro.com.br\/#\/schema\/person\/image\/","url":"https:\/\/jornaltimoneiro.com.br\/wp-content\/uploads\/2023\/03\/download.jpeg","contentUrl":"https:\/\/jornaltimoneiro.com.br\/wp-content\/uploads\/2023\/03\/download.jpeg","caption":"Reda\u00e7\u00e3o"},"url":"https:\/\/jornaltimoneiro.com.br\/index.php\/author\/simone-dutra\/"}]}},"_links":{"self":[{"href":"https:\/\/jornaltimoneiro.com.br\/index.php\/wp-json\/wp\/v2\/posts\/38690"}],"collection":[{"href":"https:\/\/jornaltimoneiro.com.br\/index.php\/wp-json\/wp\/v2\/posts"}],"about":[{"href":"https:\/\/jornaltimoneiro.com.br\/index.php\/wp-json\/wp\/v2\/types\/post"}],"author":[{"embeddable":true,"href":"https:\/\/jornaltimoneiro.com.br\/index.php\/wp-json\/wp\/v2\/users\/2"}],"replies":[{"embeddable":true,"href":"https:\/\/jornaltimoneiro.com.br\/index.php\/wp-json\/wp\/v2\/comments?post=38690"}],"version-history":[{"count":2,"href":"https:\/\/jornaltimoneiro.com.br\/index.php\/wp-json\/wp\/v2\/posts\/38690\/revisions"}],"predecessor-version":[{"id":38696,"href":"https:\/\/jornaltimoneiro.com.br\/index.php\/wp-json\/wp\/v2\/posts\/38690\/revisions\/38696"}],"wp:featuredmedia":[{"embeddable":true,"href":"https:\/\/jornaltimoneiro.com.br\/index.php\/wp-json\/wp\/v2\/media\/38692"}],"wp:attachment":[{"href":"https:\/\/jornaltimoneiro.com.br\/index.php\/wp-json\/wp\/v2\/media?parent=38690"}],"wp:term":[{"taxonomy":"category","embeddable":true,"href":"https:\/\/jornaltimoneiro.com.br\/index.php\/wp-json\/wp\/v2\/categories?post=38690"},{"taxonomy":"post_tag","embeddable":true,"href":"https:\/\/jornaltimoneiro.com.br\/index.php\/wp-json\/wp\/v2\/tags?post=38690"}],"curies":[{"name":"wp","href":"https:\/\/api.w.org\/{rel}","templated":true}]}}