{"id":38613,"date":"2026-01-22T15:19:26","date_gmt":"2026-01-22T18:19:26","guid":{"rendered":"https:\/\/jornaltimoneiro.com.br\/?p=38613"},"modified":"2026-01-22T15:19:26","modified_gmt":"2026-01-22T18:19:26","slug":"canoas-esporte-rally-competicao","status":"publish","type":"post","link":"https:\/\/jornaltimoneiro.com.br\/index.php\/2026\/01\/22\/canoas-esporte-rally-competicao\/","title":{"rendered":"Canoense vai cruzar o Nordeste em busca do t\u00edtulo do Rally Cerapi\u00f3 2026"},"content":{"rendered":"<p data-start=\"0\" data-end=\"422\">Faltam poucos dias para a largada do 39\u00ba Rally Cerapi\u00f3, um dos maiores eventos de rally de regularidade e enduro do Brasil. A competi\u00e7\u00e3o ser\u00e1 realizada entre os dias 25 e 30 de janeiro, em um trajeto de cerca de 1 mil km que liga Aracati, no litoral do Cear\u00e1, a Teresina, capital do Piau\u00ed. O percurso passa por mais de 30 munic\u00edpios, com paradas em Canind\u00e9 e Sobral, no Cear\u00e1, e Piracuruca e Piripiri, no Piau\u00ed.<\/p>\n<p data-start=\"424\" data-end=\"944\">Entre os competidores confirmados est\u00e1 o canoense <span class=\"hover:entity-accent entity-underline inline cursor-pointer align-baseline\"><span class=\"whitespace-normal\">Eduardo Veneroso<\/span><\/span>, que disputar\u00e1 a categoria Moto Elite. Para ele, a participa\u00e7\u00e3o no <span class=\"hover:entity-accent entity-underline inline cursor-pointer align-baseline\"><span class=\"whitespace-normal\">Rally Cerapi\u00f3<\/span><\/span> representa um marco na carreira.<\/p>\n<blockquote>\n<p data-start=\"424\" data-end=\"944\">\u201c\u00c9 muito gratificante participar de um evento t\u00e3o grandioso como o Cerapi\u00f3. A disputa \u00e9 muito acirrada, com resultados definidos nos m\u00ednimos detalhes e grandes nomes da modalidade presentes. Concluir a prova e passar pelo p\u00f3rtico de chegada j\u00e1 \u00e9 uma grande conquista\u201d, afirmou o piloto.<\/p>\n<\/blockquote>\n<p data-start=\"946\" data-end=\"1168\">O 39\u00ba Cerapi\u00f3 abre oficialmente a temporada dos campeonatos Brasileiro de Rally de Regularidade e Brasileiro de Enduro, com chancela da Confedera\u00e7\u00e3o Brasileira de Automobilismo e da Confedera\u00e7\u00e3o Brasileira de Motociclismo.<\/p>\n<p data-start=\"1170\" data-end=\"1653\">De acordo com Erlich Cord\u00e3o, CEO da Radical Produ\u00e7\u00f5es, empresa respons\u00e1vel pela realiza\u00e7\u00e3o do evento, o Cerapi\u00f3 vai al\u00e9m da competi\u00e7\u00e3o esportiva. O rally percorre regi\u00f5es do sert\u00e3o nordestino, apresentando novas localidades, paisagens, cultura e gastronomia. Segundo a organiza\u00e7\u00e3o, o trajeto \u00e9 elaborado anualmente com foco na valoriza\u00e7\u00e3o do turismo regional. Ao longo dos seis dias de prova, a estimativa \u00e9 de que o evento movimente cerca de R$ 8 milh\u00f5es nas cidades por onde passa.<\/p>\n<p data-start=\"1655\" data-end=\"2007\">O <span class=\"hover:entity-accent entity-underline inline cursor-pointer align-baseline\"><span class=\"whitespace-normal\">Minist\u00e9rio do Turismo<\/span><\/span> apoia o Rally Cerapi\u00f3 pelo quarto ano consecutivo. A pasta destaca que o evento contribui para fomentar o turismo, estimular a economia local e ampliar a visibilidade de destinos fora dos grandes centros urbanos, al\u00e9m de promover o envolvimento das comunidades locais e pr\u00e1ticas alinhadas \u00e0 sustentabilidade.<\/p>\n<p data-start=\"2009\" data-end=\"2267\">A programa\u00e7\u00e3o inclui credenciamento, briefings e largadas promocionais em Aracati, al\u00e9m das etapas previstas nas cidades de Canind\u00e9, Sobral, Piracuruca, Piripiri e a chegada final em Teresina, onde tamb\u00e9m ocorre a cerim\u00f4nia de premia\u00e7\u00e3o no dia 30 de janeiro.<\/p>\n<p data-start=\"2269\" data-end=\"2590\" data-is-last-node=\"\" data-is-only-node=\"\">O 39\u00ba Rally Cerapi\u00f3 conta com patroc\u00ednio m\u00e1ster do Cons\u00f3rcio Honda e do Minist\u00e9rio do Turismo, al\u00e9m do apoio de empresas privadas, governos estaduais e prefeituras das cidades participantes. A supervis\u00e3o \u00e9 das federa\u00e7\u00f5es estaduais de automobilismo e motociclismo, com organiza\u00e7\u00e3o da ABR e realiza\u00e7\u00e3o da Radical Produ\u00e7\u00f5es.<\/p>\n","protected":false},"excerpt":{"rendered":"<p>Faltam poucos dias para a largada do 39\u00ba Rally Cerapi\u00f3, um dos maiores eventos de rally de regularidade e enduro do Brasil. A competi\u00e7\u00e3o ser\u00e1 realizada entre os dias 25 e 30 de janeiro, em um trajeto de cerca de 1 mil km que liga Aracati, no litoral do Cear\u00e1, a Teresina, capital do Piau\u00ed. [&hellip;]<\/p>\n","protected":false},"author":2,"featured_media":38614,"comment_status":"open","ping_status":"open","sticky":false,"template":"","format":"standard","meta":{"amp_status":"","footnotes":""},"categories":[24],"tags":[31,234,190],"class_list":["post-38613","post","type-post","status-publish","format-standard","has-post-thumbnail","hentry","category-esporte","tag-canoas","tag-esporte","tag-featured"],"yoast_head":"<!-- This site is optimized with the Yoast SEO plugin v20.5 - https:\/\/yoast.com\/wordpress\/plugins\/seo\/ -->\n<title>Canoense vai cruzar o Nordeste em busca do t\u00edtulo do Rally Cerapi\u00f3 2026 - O Timoneiro Jornal Canoas RS<\/title>\n<meta name=\"description\" content=\"O 39\u00ba Rally Cerapi\u00f3 acontece de 25 a 30 de janeiro e percorre cerca de 1.000 km entre o Cear\u00e1 e o Piau\u00ed, reunindo competidores de todo o pa\u00eds e movimentando o turismo regional.\" \/>\n<meta name=\"robots\" content=\"index, follow, max-snippet:-1, max-image-preview:large, max-video-preview:-1\" \/>\n<link rel=\"canonical\" href=\"https:\/\/jornaltimoneiro.com.br\/index.php\/2026\/01\/22\/canoas-esporte-rally-competicao\/\" \/>\n<meta property=\"og:locale\" content=\"pt_BR\" \/>\n<meta property=\"og:type\" content=\"article\" \/>\n<meta property=\"og:title\" content=\"Canoense vai cruzar o Nordeste em busca do t\u00edtulo do Rally Cerapi\u00f3 2026 - O Timoneiro Jornal Canoas RS\" \/>\n<meta property=\"og:description\" content=\"O 39\u00ba Rally Cerapi\u00f3 acontece de 25 a 30 de janeiro e percorre cerca de 1.000 km entre o Cear\u00e1 e o Piau\u00ed, reunindo competidores de todo o pa\u00eds e movimentando o turismo regional.\" \/>\n<meta property=\"og:url\" content=\"https:\/\/jornaltimoneiro.com.br\/index.php\/2026\/01\/22\/canoas-esporte-rally-competicao\/\" \/>\n<meta property=\"og:site_name\" content=\"O Timoneiro Jornal Canoas RS\" \/>\n<meta property=\"article:publisher\" content=\"https:\/\/www.facebook.com\/jornaltimoneiro\" \/>\n<meta property=\"article:published_time\" content=\"2026-01-22T18:19:26+00:00\" \/>\n<meta property=\"og:image\" content=\"https:\/\/jornaltimoneiro.com.br\/wp-content\/uploads\/2026\/01\/461332_1188597_31_02_donicastilho_piocera25_2514_11-scaled.jpg\" \/>\n\t<meta property=\"og:image:width\" content=\"2560\" \/>\n\t<meta property=\"og:image:height\" content=\"1707\" \/>\n\t<meta property=\"og:image:type\" content=\"image\/jpeg\" \/>\n<meta name=\"author\" content=\"Reda\u00e7\u00e3o\" \/>\n<meta name=\"twitter:card\" content=\"summary_large_image\" \/>\n<meta name=\"twitter:creator\" content=\"@_OTimoneiro\" \/>\n<meta name=\"twitter:site\" content=\"@_OTimoneiro\" \/>\n<meta name=\"twitter:label1\" content=\"Escrito por\" \/>\n\t<meta name=\"twitter:data1\" content=\"Reda\u00e7\u00e3o\" \/>\n\t<meta name=\"twitter:label2\" content=\"Est. tempo de leitura\" \/>\n\t<meta name=\"twitter:data2\" content=\"3 minutos\" \/>\n<script type=\"application\/ld+json\" class=\"yoast-schema-graph\">{\"@context\":\"https:\/\/schema.org\",\"@graph\":[{\"@type\":\"Article\",\"@id\":\"https:\/\/jornaltimoneiro.com.br\/index.php\/2026\/01\/22\/canoas-esporte-rally-competicao\/#article\",\"isPartOf\":{\"@id\":\"https:\/\/jornaltimoneiro.com.br\/index.php\/2026\/01\/22\/canoas-esporte-rally-competicao\/\"},\"author\":{\"name\":\"Reda\u00e7\u00e3o\",\"@id\":\"https:\/\/jornaltimoneiro.com.br\/#\/schema\/person\/f63482f1a02b1a9592707865e509ab40\"},\"headline\":\"Canoense vai cruzar o Nordeste em busca do t\u00edtulo do Rally Cerapi\u00f3 2026\",\"datePublished\":\"2026-01-22T18:19:26+00:00\",\"dateModified\":\"2026-01-22T18:19:26+00:00\",\"mainEntityOfPage\":{\"@id\":\"https:\/\/jornaltimoneiro.com.br\/index.php\/2026\/01\/22\/canoas-esporte-rally-competicao\/\"},\"wordCount\":429,\"commentCount\":0,\"publisher\":{\"@id\":\"https:\/\/jornaltimoneiro.com.br\/#organization\"},\"keywords\":[\"canoas\",\"esporte\",\"featured\"],\"articleSection\":[\"Esporte\"],\"inLanguage\":\"pt-BR\",\"potentialAction\":[{\"@type\":\"CommentAction\",\"name\":\"Comment\",\"target\":[\"https:\/\/jornaltimoneiro.com.br\/index.php\/2026\/01\/22\/canoas-esporte-rally-competicao\/#respond\"]}]},{\"@type\":\"WebPage\",\"@id\":\"https:\/\/jornaltimoneiro.com.br\/index.php\/2026\/01\/22\/canoas-esporte-rally-competicao\/\",\"url\":\"https:\/\/jornaltimoneiro.com.br\/index.php\/2026\/01\/22\/canoas-esporte-rally-competicao\/\",\"name\":\"Canoense vai cruzar o Nordeste em busca do t\u00edtulo do Rally Cerapi\u00f3 2026 - O Timoneiro Jornal Canoas RS\",\"isPartOf\":{\"@id\":\"https:\/\/jornaltimoneiro.com.br\/#website\"},\"datePublished\":\"2026-01-22T18:19:26+00:00\",\"dateModified\":\"2026-01-22T18:19:26+00:00\",\"description\":\"O 39\u00ba Rally Cerapi\u00f3 acontece de 25 a 30 de janeiro e percorre cerca de 1.000 km entre o Cear\u00e1 e o Piau\u00ed, reunindo competidores de todo o pa\u00eds e movimentando o turismo regional.\",\"breadcrumb\":{\"@id\":\"https:\/\/jornaltimoneiro.com.br\/index.php\/2026\/01\/22\/canoas-esporte-rally-competicao\/#breadcrumb\"},\"inLanguage\":\"pt-BR\",\"potentialAction\":[{\"@type\":\"ReadAction\",\"target\":[\"https:\/\/jornaltimoneiro.com.br\/index.php\/2026\/01\/22\/canoas-esporte-rally-competicao\/\"]}]},{\"@type\":\"BreadcrumbList\",\"@id\":\"https:\/\/jornaltimoneiro.com.br\/index.php\/2026\/01\/22\/canoas-esporte-rally-competicao\/#breadcrumb\",\"itemListElement\":[{\"@type\":\"ListItem\",\"position\":1,\"name\":\"In\u00edcio\",\"item\":\"https:\/\/jornaltimoneiro.com.br\/\"},{\"@type\":\"ListItem\",\"position\":2,\"name\":\"Canoense vai cruzar o Nordeste em busca do t\u00edtulo do Rally Cerapi\u00f3 2026\"}]},{\"@type\":\"WebSite\",\"@id\":\"https:\/\/jornaltimoneiro.com.br\/#website\",\"url\":\"https:\/\/jornaltimoneiro.com.br\/\",\"name\":\"Jornal Timoneiro Canoas RS\",\"description\":\"Jornal O Timoneiro, o verdadeiro jornal de Canoas\",\"publisher\":{\"@id\":\"https:\/\/jornaltimoneiro.com.br\/#organization\"},\"potentialAction\":[{\"@type\":\"SearchAction\",\"target\":{\"@type\":\"EntryPoint\",\"urlTemplate\":\"https:\/\/jornaltimoneiro.com.br\/?s={search_term_string}\"},\"query-input\":\"required name=search_term_string\"}],\"inLanguage\":\"pt-BR\"},{\"@type\":\"Organization\",\"@id\":\"https:\/\/jornaltimoneiro.com.br\/#organization\",\"name\":\"Jornal Timoneiro Canoas RS\",\"url\":\"https:\/\/jornaltimoneiro.com.br\/\",\"logo\":{\"@type\":\"ImageObject\",\"inLanguage\":\"pt-BR\",\"@id\":\"https:\/\/jornaltimoneiro.com.br\/#\/schema\/logo\/image\/\",\"url\":\"https:\/\/jornaltimoneiro.com.br\/wp-content\/uploads\/2023\/03\/logonovo.png\",\"contentUrl\":\"https:\/\/jornaltimoneiro.com.br\/wp-content\/uploads\/2023\/03\/logonovo.png\",\"width\":\"469\",\"height\":\"171\",\"caption\":\"Jornal Timoneiro Canoas RS\"},\"image\":{\"@id\":\"https:\/\/jornaltimoneiro.com.br\/#\/schema\/logo\/image\/\"},\"sameAs\":[\"https:\/\/www.facebook.com\/jornaltimoneiro\",\"https:\/\/twitter.com\/_OTimoneiro\",\"https:\/\/www.instagram.com\/jornaltimoneirocanoas\/\",\"https:\/\/www.youtube.com\/@jornalotimoneiro7927\"]},{\"@type\":\"Person\",\"@id\":\"https:\/\/jornaltimoneiro.com.br\/#\/schema\/person\/f63482f1a02b1a9592707865e509ab40\",\"name\":\"Reda\u00e7\u00e3o\",\"image\":{\"@type\":\"ImageObject\",\"inLanguage\":\"pt-BR\",\"@id\":\"https:\/\/jornaltimoneiro.com.br\/#\/schema\/person\/image\/\",\"url\":\"https:\/\/jornaltimoneiro.com.br\/wp-content\/uploads\/2023\/03\/download.jpeg\",\"contentUrl\":\"https:\/\/jornaltimoneiro.com.br\/wp-content\/uploads\/2023\/03\/download.jpeg\",\"caption\":\"Reda\u00e7\u00e3o\"},\"url\":\"https:\/\/jornaltimoneiro.com.br\/index.php\/author\/simone-dutra\/\"}]}<\/script>\n<!-- \/ Yoast SEO plugin. -->","yoast_head_json":{"title":"Canoense vai cruzar o Nordeste em busca do t\u00edtulo do Rally Cerapi\u00f3 2026 - O Timoneiro Jornal Canoas RS","description":"O 39\u00ba Rally Cerapi\u00f3 acontece de 25 a 30 de janeiro e percorre cerca de 1.000 km entre o Cear\u00e1 e o Piau\u00ed, reunindo competidores de todo o pa\u00eds e movimentando o turismo regional.","robots":{"index":"index","follow":"follow","max-snippet":"max-snippet:-1","max-image-preview":"max-image-preview:large","max-video-preview":"max-video-preview:-1"},"canonical":"https:\/\/jornaltimoneiro.com.br\/index.php\/2026\/01\/22\/canoas-esporte-rally-competicao\/","og_locale":"pt_BR","og_type":"article","og_title":"Canoense vai cruzar o Nordeste em busca do t\u00edtulo do Rally Cerapi\u00f3 2026 - O Timoneiro Jornal Canoas RS","og_description":"O 39\u00ba Rally Cerapi\u00f3 acontece de 25 a 30 de janeiro e percorre cerca de 1.000 km entre o Cear\u00e1 e o Piau\u00ed, reunindo competidores de todo o pa\u00eds e movimentando o turismo regional.","og_url":"https:\/\/jornaltimoneiro.com.br\/index.php\/2026\/01\/22\/canoas-esporte-rally-competicao\/","og_site_name":"O Timoneiro Jornal Canoas RS","article_publisher":"https:\/\/www.facebook.com\/jornaltimoneiro","article_published_time":"2026-01-22T18:19:26+00:00","og_image":[{"width":"2560","height":"1707","url":"https:\/\/jornaltimoneiro.com.br\/wp-content\/uploads\/2026\/01\/461332_1188597_31_02_donicastilho_piocera25_2514_11-scaled.jpg","type":"image\/jpeg"}],"author":"Reda\u00e7\u00e3o","twitter_card":"summary_large_image","twitter_creator":"@_OTimoneiro","twitter_site":"@_OTimoneiro","twitter_misc":{"Escrito por":"Reda\u00e7\u00e3o","Est. tempo de leitura":"3 minutos"},"schema":{"@context":"https:\/\/schema.org","@graph":[{"@type":"Article","@id":"https:\/\/jornaltimoneiro.com.br\/index.php\/2026\/01\/22\/canoas-esporte-rally-competicao\/#article","isPartOf":{"@id":"https:\/\/jornaltimoneiro.com.br\/index.php\/2026\/01\/22\/canoas-esporte-rally-competicao\/"},"author":{"name":"Reda\u00e7\u00e3o","@id":"https:\/\/jornaltimoneiro.com.br\/#\/schema\/person\/f63482f1a02b1a9592707865e509ab40"},"headline":"Canoense vai cruzar o Nordeste em busca do t\u00edtulo do Rally Cerapi\u00f3 2026","datePublished":"2026-01-22T18:19:26+00:00","dateModified":"2026-01-22T18:19:26+00:00","mainEntityOfPage":{"@id":"https:\/\/jornaltimoneiro.com.br\/index.php\/2026\/01\/22\/canoas-esporte-rally-competicao\/"},"wordCount":429,"commentCount":0,"publisher":{"@id":"https:\/\/jornaltimoneiro.com.br\/#organization"},"keywords":["canoas","esporte","featured"],"articleSection":["Esporte"],"inLanguage":"pt-BR","potentialAction":[{"@type":"CommentAction","name":"Comment","target":["https:\/\/jornaltimoneiro.com.br\/index.php\/2026\/01\/22\/canoas-esporte-rally-competicao\/#respond"]}]},{"@type":"WebPage","@id":"https:\/\/jornaltimoneiro.com.br\/index.php\/2026\/01\/22\/canoas-esporte-rally-competicao\/","url":"https:\/\/jornaltimoneiro.com.br\/index.php\/2026\/01\/22\/canoas-esporte-rally-competicao\/","name":"Canoense vai cruzar o Nordeste em busca do t\u00edtulo do Rally Cerapi\u00f3 2026 - O Timoneiro Jornal Canoas RS","isPartOf":{"@id":"https:\/\/jornaltimoneiro.com.br\/#website"},"datePublished":"2026-01-22T18:19:26+00:00","dateModified":"2026-01-22T18:19:26+00:00","description":"O 39\u00ba Rally Cerapi\u00f3 acontece de 25 a 30 de janeiro e percorre cerca de 1.000 km entre o Cear\u00e1 e o Piau\u00ed, reunindo competidores de todo o pa\u00eds e movimentando o turismo regional.","breadcrumb":{"@id":"https:\/\/jornaltimoneiro.com.br\/index.php\/2026\/01\/22\/canoas-esporte-rally-competicao\/#breadcrumb"},"inLanguage":"pt-BR","potentialAction":[{"@type":"ReadAction","target":["https:\/\/jornaltimoneiro.com.br\/index.php\/2026\/01\/22\/canoas-esporte-rally-competicao\/"]}]},{"@type":"BreadcrumbList","@id":"https:\/\/jornaltimoneiro.com.br\/index.php\/2026\/01\/22\/canoas-esporte-rally-competicao\/#breadcrumb","itemListElement":[{"@type":"ListItem","position":1,"name":"In\u00edcio","item":"https:\/\/jornaltimoneiro.com.br\/"},{"@type":"ListItem","position":2,"name":"Canoense vai cruzar o Nordeste em busca do t\u00edtulo do Rally Cerapi\u00f3 2026"}]},{"@type":"WebSite","@id":"https:\/\/jornaltimoneiro.com.br\/#website","url":"https:\/\/jornaltimoneiro.com.br\/","name":"Jornal Timoneiro Canoas RS","description":"Jornal O Timoneiro, o verdadeiro jornal de Canoas","publisher":{"@id":"https:\/\/jornaltimoneiro.com.br\/#organization"},"potentialAction":[{"@type":"SearchAction","target":{"@type":"EntryPoint","urlTemplate":"https:\/\/jornaltimoneiro.com.br\/?s={search_term_string}"},"query-input":"required name=search_term_string"}],"inLanguage":"pt-BR"},{"@type":"Organization","@id":"https:\/\/jornaltimoneiro.com.br\/#organization","name":"Jornal Timoneiro Canoas RS","url":"https:\/\/jornaltimoneiro.com.br\/","logo":{"@type":"ImageObject","inLanguage":"pt-BR","@id":"https:\/\/jornaltimoneiro.com.br\/#\/schema\/logo\/image\/","url":"https:\/\/jornaltimoneiro.com.br\/wp-content\/uploads\/2023\/03\/logonovo.png","contentUrl":"https:\/\/jornaltimoneiro.com.br\/wp-content\/uploads\/2023\/03\/logonovo.png","width":"469","height":"171","caption":"Jornal Timoneiro Canoas RS"},"image":{"@id":"https:\/\/jornaltimoneiro.com.br\/#\/schema\/logo\/image\/"},"sameAs":["https:\/\/www.facebook.com\/jornaltimoneiro","https:\/\/twitter.com\/_OTimoneiro","https:\/\/www.instagram.com\/jornaltimoneirocanoas\/","https:\/\/www.youtube.com\/@jornalotimoneiro7927"]},{"@type":"Person","@id":"https:\/\/jornaltimoneiro.com.br\/#\/schema\/person\/f63482f1a02b1a9592707865e509ab40","name":"Reda\u00e7\u00e3o","image":{"@type":"ImageObject","inLanguage":"pt-BR","@id":"https:\/\/jornaltimoneiro.com.br\/#\/schema\/person\/image\/","url":"https:\/\/jornaltimoneiro.com.br\/wp-content\/uploads\/2023\/03\/download.jpeg","contentUrl":"https:\/\/jornaltimoneiro.com.br\/wp-content\/uploads\/2023\/03\/download.jpeg","caption":"Reda\u00e7\u00e3o"},"url":"https:\/\/jornaltimoneiro.com.br\/index.php\/author\/simone-dutra\/"}]}},"_links":{"self":[{"href":"https:\/\/jornaltimoneiro.com.br\/index.php\/wp-json\/wp\/v2\/posts\/38613"}],"collection":[{"href":"https:\/\/jornaltimoneiro.com.br\/index.php\/wp-json\/wp\/v2\/posts"}],"about":[{"href":"https:\/\/jornaltimoneiro.com.br\/index.php\/wp-json\/wp\/v2\/types\/post"}],"author":[{"embeddable":true,"href":"https:\/\/jornaltimoneiro.com.br\/index.php\/wp-json\/wp\/v2\/users\/2"}],"replies":[{"embeddable":true,"href":"https:\/\/jornaltimoneiro.com.br\/index.php\/wp-json\/wp\/v2\/comments?post=38613"}],"version-history":[{"count":1,"href":"https:\/\/jornaltimoneiro.com.br\/index.php\/wp-json\/wp\/v2\/posts\/38613\/revisions"}],"predecessor-version":[{"id":38621,"href":"https:\/\/jornaltimoneiro.com.br\/index.php\/wp-json\/wp\/v2\/posts\/38613\/revisions\/38621"}],"wp:featuredmedia":[{"embeddable":true,"href":"https:\/\/jornaltimoneiro.com.br\/index.php\/wp-json\/wp\/v2\/media\/38614"}],"wp:attachment":[{"href":"https:\/\/jornaltimoneiro.com.br\/index.php\/wp-json\/wp\/v2\/media?parent=38613"}],"wp:term":[{"taxonomy":"category","embeddable":true,"href":"https:\/\/jornaltimoneiro.com.br\/index.php\/wp-json\/wp\/v2\/categories?post=38613"},{"taxonomy":"post_tag","embeddable":true,"href":"https:\/\/jornaltimoneiro.com.br\/index.php\/wp-json\/wp\/v2\/tags?post=38613"}],"curies":[{"name":"wp","href":"https:\/\/api.w.org\/{rel}","templated":true}]}}