{"id":38607,"date":"2026-01-22T10:14:49","date_gmt":"2026-01-22T13:14:49","guid":{"rendered":"https:\/\/jornaltimoneiro.com.br\/?p=38607"},"modified":"2026-01-22T10:14:49","modified_gmt":"2026-01-22T13:14:49","slug":"canoas-policia-penal-viaturas","status":"publish","type":"post","link":"https:\/\/jornaltimoneiro.com.br\/index.php\/2026\/01\/22\/canoas-policia-penal-viaturas\/","title":{"rendered":"Estado entrega 36 ve\u00edculos \u00e0 Pol\u00edcia Penal com investimento de R$ 11,4 milh\u00f5es"},"content":{"rendered":"<p data-start=\"93\" data-end=\"282\">O governo do Estado entregou, na quarta-feira, 21, 36 novos ve\u00edculos \u00e0 Pol\u00edcia Penal. O investimento supera R$ 11,4 milh\u00f5es. A cerim\u00f4nia ocorreu na sede da institui\u00e7\u00e3o, em Porto Alegre.<\/p>\n<p data-start=\"284\" data-end=\"526\">Foram entregues 22 viaturas semiblindadas, 11 caminh\u00f5es e tr\u00eas micro-\u00f4nibus. Do total investido, R$ 9,8 milh\u00f5es s\u00e3o provenientes de recursos pr\u00f3prios do Estado e R$ 1,6 milh\u00e3o de repasses federais realizados por meio do sistema fundo a fundo.<\/p>\n<div id=\"attachment_38608\" style=\"width: 273px\" class=\"wp-caption alignright\"><img decoding=\"async\" aria-describedby=\"caption-attachment-38608\" class=\" wp-image-38608\" src=\"https:\/\/jornaltimoneiro.com.br\/wp-content\/uploads\/2026\/01\/21165308_2244820_GDO-1.jpeg\" alt=\"\" width=\"263\" height=\"175\" srcset=\"https:\/\/jornaltimoneiro.com.br\/wp-content\/uploads\/2026\/01\/21165308_2244820_GDO-1.jpeg 945w, https:\/\/jornaltimoneiro.com.br\/wp-content\/uploads\/2026\/01\/21165308_2244820_GDO-1-300x200.jpeg 300w, https:\/\/jornaltimoneiro.com.br\/wp-content\/uploads\/2026\/01\/21165308_2244820_GDO-1-768x511.jpeg 768w\" sizes=\"(max-width: 263px) 100vw, 263px\" \/><p id=\"caption-attachment-38608\" class=\"wp-caption-text\">Foto: Rafa Marin\/Pol\u00edcia Penal<\/p><\/div>\n<p data-start=\"528\" data-end=\"799\">Das viaturas semiblindadas, seis ser\u00e3o destinadas ao Grupo de A\u00e7\u00f5es Especiais (Gaes). Os demais ve\u00edculos ser\u00e3o distribu\u00eddos entre os departamentos da Pol\u00edcia Penal. A frota tamb\u00e9m passa a contar com uma viatura-cela e mais camionetes para deslocamento entre interven\u00e7\u00f5es.<\/p>\n<p data-start=\"801\" data-end=\"1038\">Os 11 caminh\u00f5es ser\u00e3o destinados \u00e0s dez regi\u00f5es penitenci\u00e1rias do Estado e ao almoxarifado central da institui\u00e7\u00e3o. Os ve\u00edculos, da marca Kia, modelo Bongo, tiveram investimento superior a R$ 2,3 milh\u00f5es, custeados com recursos estaduais.<\/p>\n<p data-start=\"1040\" data-end=\"1270\">Tamb\u00e9m foram entregues tr\u00eas micro-\u00f4nibus para o transporte de servidores dos Grupos de Interven\u00e7\u00e3o R\u00e1pida (GIRs) das 1\u00aa, 7\u00aa e 10\u00aa regi\u00f5es penitenci\u00e1rias. Com essa entrega, todas as regi\u00f5es passam a contar com esse tipo de ve\u00edculo.<\/p>\n<div id=\"attachment_38609\" style=\"width: 400px\" class=\"wp-caption aligncenter\"><img decoding=\"async\" aria-describedby=\"caption-attachment-38609\" class=\" wp-image-38609\" src=\"https:\/\/jornaltimoneiro.com.br\/wp-content\/uploads\/2026\/01\/21165553_2244834_GDO-1.jpeg\" alt=\"\" width=\"390\" height=\"259\" srcset=\"https:\/\/jornaltimoneiro.com.br\/wp-content\/uploads\/2026\/01\/21165553_2244834_GDO-1.jpeg 945w, https:\/\/jornaltimoneiro.com.br\/wp-content\/uploads\/2026\/01\/21165553_2244834_GDO-1-300x200.jpeg 300w, https:\/\/jornaltimoneiro.com.br\/wp-content\/uploads\/2026\/01\/21165553_2244834_GDO-1-768x511.jpeg 768w\" sizes=\"(max-width: 390px) 100vw, 390px\" \/><p id=\"caption-attachment-38609\" class=\"wp-caption-text\">Foto: Rafa Marin\/Pol\u00edcia Penal<\/p><\/div>\n<p data-start=\"1272\" data-end=\"1566\" data-is-last-node=\"\" data-is-only-node=\"\">Al\u00e9m da aquisi\u00e7\u00e3o, a Pol\u00edcia Penal recebeu 13 viaturas por meio de doa\u00e7\u00e3o da Secretaria Nacional de Pol\u00edticas Penais (Senappen). Deste total, 11 carros ser\u00e3o destinados a departamentos e unidades prisionais, e duas camionetes aos Grupos de Opera\u00e7\u00f5es com C\u00e3es das 7\u00aa e 8\u00aa regi\u00f5es penitenci\u00e1rias.<\/p>\n","protected":false},"excerpt":{"rendered":"<p>O governo do Estado entregou, na quarta-feira, 21, 36 novos ve\u00edculos \u00e0 Pol\u00edcia Penal. O investimento supera R$ 11,4 milh\u00f5es. A cerim\u00f4nia ocorreu na sede da institui\u00e7\u00e3o, em Porto Alegre. Foram entregues 22 viaturas semiblindadas, 11 caminh\u00f5es e tr\u00eas micro-\u00f4nibus. Do total investido, R$ 9,8 milh\u00f5es s\u00e3o provenientes de recursos pr\u00f3prios do Estado e R$ [&hellip;]<\/p>\n","protected":false},"author":2,"featured_media":38610,"comment_status":"open","ping_status":"open","sticky":false,"template":"","format":"standard","meta":{"amp_status":"","footnotes":""},"categories":[4081],"tags":[31,1377,38],"class_list":["post-38607","post","type-post","status-publish","format-standard","has-post-thumbnail","hentry","category-seguranca","tag-canoas","tag-feat","tag-policia"],"yoast_head":"<!-- This site is optimized with the Yoast SEO plugin v20.5 - https:\/\/yoast.com\/wordpress\/plugins\/seo\/ -->\n<title>Estado entrega 36 ve\u00edculos \u00e0 Pol\u00edcia Penal com investimento de R$ 11,4 milh\u00f5es - O Timoneiro Jornal Canoas RS<\/title>\n<meta name=\"description\" content=\"Governo do Estado entrega 36 novos ve\u00edculos \u00e0 Pol\u00edcia Penal, entre viaturas semiblindadas, caminh\u00f5es e micro-\u00f4nibus, adquiridos com recursos estaduais e federais.\" \/>\n<meta name=\"robots\" content=\"index, follow, max-snippet:-1, max-image-preview:large, max-video-preview:-1\" \/>\n<link rel=\"canonical\" href=\"https:\/\/jornaltimoneiro.com.br\/index.php\/2026\/01\/22\/canoas-policia-penal-viaturas\/\" \/>\n<meta property=\"og:locale\" content=\"pt_BR\" \/>\n<meta property=\"og:type\" content=\"article\" \/>\n<meta property=\"og:title\" content=\"Estado entrega 36 ve\u00edculos \u00e0 Pol\u00edcia Penal com investimento de R$ 11,4 milh\u00f5es - O Timoneiro Jornal Canoas RS\" \/>\n<meta property=\"og:description\" content=\"Governo do Estado entrega 36 novos ve\u00edculos \u00e0 Pol\u00edcia Penal, entre viaturas semiblindadas, caminh\u00f5es e micro-\u00f4nibus, adquiridos com recursos estaduais e federais.\" \/>\n<meta property=\"og:url\" content=\"https:\/\/jornaltimoneiro.com.br\/index.php\/2026\/01\/22\/canoas-policia-penal-viaturas\/\" \/>\n<meta property=\"og:site_name\" content=\"O Timoneiro Jornal Canoas RS\" \/>\n<meta property=\"article:publisher\" content=\"https:\/\/www.facebook.com\/jornaltimoneiro\" \/>\n<meta property=\"article:published_time\" content=\"2026-01-22T13:14:49+00:00\" \/>\n<meta property=\"og:image\" content=\"https:\/\/jornaltimoneiro.com.br\/wp-content\/uploads\/2026\/01\/21164952_2244806_GDO.jpeg\" \/>\n\t<meta property=\"og:image:width\" content=\"945\" \/>\n\t<meta property=\"og:image:height\" content=\"629\" \/>\n\t<meta property=\"og:image:type\" content=\"image\/jpeg\" \/>\n<meta name=\"author\" content=\"Reda\u00e7\u00e3o\" \/>\n<meta name=\"twitter:card\" content=\"summary_large_image\" \/>\n<meta name=\"twitter:creator\" content=\"@_OTimoneiro\" \/>\n<meta name=\"twitter:site\" content=\"@_OTimoneiro\" \/>\n<meta name=\"twitter:label1\" content=\"Escrito por\" \/>\n\t<meta name=\"twitter:data1\" content=\"Reda\u00e7\u00e3o\" \/>\n\t<meta name=\"twitter:label2\" content=\"Est. tempo de leitura\" \/>\n\t<meta name=\"twitter:data2\" content=\"2 minutos\" \/>\n<script type=\"application\/ld+json\" class=\"yoast-schema-graph\">{\"@context\":\"https:\/\/schema.org\",\"@graph\":[{\"@type\":\"Article\",\"@id\":\"https:\/\/jornaltimoneiro.com.br\/index.php\/2026\/01\/22\/canoas-policia-penal-viaturas\/#article\",\"isPartOf\":{\"@id\":\"https:\/\/jornaltimoneiro.com.br\/index.php\/2026\/01\/22\/canoas-policia-penal-viaturas\/\"},\"author\":{\"name\":\"Reda\u00e7\u00e3o\",\"@id\":\"https:\/\/jornaltimoneiro.com.br\/#\/schema\/person\/f63482f1a02b1a9592707865e509ab40\"},\"headline\":\"Estado entrega 36 ve\u00edculos \u00e0 Pol\u00edcia Penal com investimento de R$ 11,4 milh\u00f5es\",\"datePublished\":\"2026-01-22T13:14:49+00:00\",\"dateModified\":\"2026-01-22T13:14:49+00:00\",\"mainEntityOfPage\":{\"@id\":\"https:\/\/jornaltimoneiro.com.br\/index.php\/2026\/01\/22\/canoas-policia-penal-viaturas\/\"},\"wordCount\":293,\"commentCount\":0,\"publisher\":{\"@id\":\"https:\/\/jornaltimoneiro.com.br\/#organization\"},\"keywords\":[\"canoas\",\"feat\",\"pol\u00edcia\"],\"articleSection\":[\"Seguran\u00e7a\"],\"inLanguage\":\"pt-BR\",\"potentialAction\":[{\"@type\":\"CommentAction\",\"name\":\"Comment\",\"target\":[\"https:\/\/jornaltimoneiro.com.br\/index.php\/2026\/01\/22\/canoas-policia-penal-viaturas\/#respond\"]}]},{\"@type\":\"WebPage\",\"@id\":\"https:\/\/jornaltimoneiro.com.br\/index.php\/2026\/01\/22\/canoas-policia-penal-viaturas\/\",\"url\":\"https:\/\/jornaltimoneiro.com.br\/index.php\/2026\/01\/22\/canoas-policia-penal-viaturas\/\",\"name\":\"Estado entrega 36 ve\u00edculos \u00e0 Pol\u00edcia Penal com investimento de R$ 11,4 milh\u00f5es - O Timoneiro Jornal Canoas RS\",\"isPartOf\":{\"@id\":\"https:\/\/jornaltimoneiro.com.br\/#website\"},\"datePublished\":\"2026-01-22T13:14:49+00:00\",\"dateModified\":\"2026-01-22T13:14:49+00:00\",\"description\":\"Governo do Estado entrega 36 novos ve\u00edculos \u00e0 Pol\u00edcia Penal, entre viaturas semiblindadas, caminh\u00f5es e micro-\u00f4nibus, adquiridos com recursos estaduais e federais.\",\"breadcrumb\":{\"@id\":\"https:\/\/jornaltimoneiro.com.br\/index.php\/2026\/01\/22\/canoas-policia-penal-viaturas\/#breadcrumb\"},\"inLanguage\":\"pt-BR\",\"potentialAction\":[{\"@type\":\"ReadAction\",\"target\":[\"https:\/\/jornaltimoneiro.com.br\/index.php\/2026\/01\/22\/canoas-policia-penal-viaturas\/\"]}]},{\"@type\":\"BreadcrumbList\",\"@id\":\"https:\/\/jornaltimoneiro.com.br\/index.php\/2026\/01\/22\/canoas-policia-penal-viaturas\/#breadcrumb\",\"itemListElement\":[{\"@type\":\"ListItem\",\"position\":1,\"name\":\"In\u00edcio\",\"item\":\"https:\/\/jornaltimoneiro.com.br\/\"},{\"@type\":\"ListItem\",\"position\":2,\"name\":\"Estado entrega 36 ve\u00edculos \u00e0 Pol\u00edcia Penal com investimento de R$ 11,4 milh\u00f5es\"}]},{\"@type\":\"WebSite\",\"@id\":\"https:\/\/jornaltimoneiro.com.br\/#website\",\"url\":\"https:\/\/jornaltimoneiro.com.br\/\",\"name\":\"Jornal Timoneiro Canoas RS\",\"description\":\"Jornal O Timoneiro, o verdadeiro jornal de Canoas\",\"publisher\":{\"@id\":\"https:\/\/jornaltimoneiro.com.br\/#organization\"},\"potentialAction\":[{\"@type\":\"SearchAction\",\"target\":{\"@type\":\"EntryPoint\",\"urlTemplate\":\"https:\/\/jornaltimoneiro.com.br\/?s={search_term_string}\"},\"query-input\":\"required name=search_term_string\"}],\"inLanguage\":\"pt-BR\"},{\"@type\":\"Organization\",\"@id\":\"https:\/\/jornaltimoneiro.com.br\/#organization\",\"name\":\"Jornal Timoneiro Canoas RS\",\"url\":\"https:\/\/jornaltimoneiro.com.br\/\",\"logo\":{\"@type\":\"ImageObject\",\"inLanguage\":\"pt-BR\",\"@id\":\"https:\/\/jornaltimoneiro.com.br\/#\/schema\/logo\/image\/\",\"url\":\"https:\/\/jornaltimoneiro.com.br\/wp-content\/uploads\/2023\/03\/logonovo.png\",\"contentUrl\":\"https:\/\/jornaltimoneiro.com.br\/wp-content\/uploads\/2023\/03\/logonovo.png\",\"width\":\"469\",\"height\":\"171\",\"caption\":\"Jornal Timoneiro Canoas RS\"},\"image\":{\"@id\":\"https:\/\/jornaltimoneiro.com.br\/#\/schema\/logo\/image\/\"},\"sameAs\":[\"https:\/\/www.facebook.com\/jornaltimoneiro\",\"https:\/\/twitter.com\/_OTimoneiro\",\"https:\/\/www.instagram.com\/jornaltimoneirocanoas\/\",\"https:\/\/www.youtube.com\/@jornalotimoneiro7927\"]},{\"@type\":\"Person\",\"@id\":\"https:\/\/jornaltimoneiro.com.br\/#\/schema\/person\/f63482f1a02b1a9592707865e509ab40\",\"name\":\"Reda\u00e7\u00e3o\",\"image\":{\"@type\":\"ImageObject\",\"inLanguage\":\"pt-BR\",\"@id\":\"https:\/\/jornaltimoneiro.com.br\/#\/schema\/person\/image\/\",\"url\":\"https:\/\/jornaltimoneiro.com.br\/wp-content\/uploads\/2023\/03\/download.jpeg\",\"contentUrl\":\"https:\/\/jornaltimoneiro.com.br\/wp-content\/uploads\/2023\/03\/download.jpeg\",\"caption\":\"Reda\u00e7\u00e3o\"},\"url\":\"https:\/\/jornaltimoneiro.com.br\/index.php\/author\/simone-dutra\/\"}]}<\/script>\n<!-- \/ Yoast SEO plugin. -->","yoast_head_json":{"title":"Estado entrega 36 ve\u00edculos \u00e0 Pol\u00edcia Penal com investimento de R$ 11,4 milh\u00f5es - O Timoneiro Jornal Canoas RS","description":"Governo do Estado entrega 36 novos ve\u00edculos \u00e0 Pol\u00edcia Penal, entre viaturas semiblindadas, caminh\u00f5es e micro-\u00f4nibus, adquiridos com recursos estaduais e federais.","robots":{"index":"index","follow":"follow","max-snippet":"max-snippet:-1","max-image-preview":"max-image-preview:large","max-video-preview":"max-video-preview:-1"},"canonical":"https:\/\/jornaltimoneiro.com.br\/index.php\/2026\/01\/22\/canoas-policia-penal-viaturas\/","og_locale":"pt_BR","og_type":"article","og_title":"Estado entrega 36 ve\u00edculos \u00e0 Pol\u00edcia Penal com investimento de R$ 11,4 milh\u00f5es - O Timoneiro Jornal Canoas RS","og_description":"Governo do Estado entrega 36 novos ve\u00edculos \u00e0 Pol\u00edcia Penal, entre viaturas semiblindadas, caminh\u00f5es e micro-\u00f4nibus, adquiridos com recursos estaduais e federais.","og_url":"https:\/\/jornaltimoneiro.com.br\/index.php\/2026\/01\/22\/canoas-policia-penal-viaturas\/","og_site_name":"O Timoneiro Jornal Canoas RS","article_publisher":"https:\/\/www.facebook.com\/jornaltimoneiro","article_published_time":"2026-01-22T13:14:49+00:00","og_image":[{"width":"945","height":"629","url":"https:\/\/jornaltimoneiro.com.br\/wp-content\/uploads\/2026\/01\/21164952_2244806_GDO.jpeg","type":"image\/jpeg"}],"author":"Reda\u00e7\u00e3o","twitter_card":"summary_large_image","twitter_creator":"@_OTimoneiro","twitter_site":"@_OTimoneiro","twitter_misc":{"Escrito por":"Reda\u00e7\u00e3o","Est. tempo de leitura":"2 minutos"},"schema":{"@context":"https:\/\/schema.org","@graph":[{"@type":"Article","@id":"https:\/\/jornaltimoneiro.com.br\/index.php\/2026\/01\/22\/canoas-policia-penal-viaturas\/#article","isPartOf":{"@id":"https:\/\/jornaltimoneiro.com.br\/index.php\/2026\/01\/22\/canoas-policia-penal-viaturas\/"},"author":{"name":"Reda\u00e7\u00e3o","@id":"https:\/\/jornaltimoneiro.com.br\/#\/schema\/person\/f63482f1a02b1a9592707865e509ab40"},"headline":"Estado entrega 36 ve\u00edculos \u00e0 Pol\u00edcia Penal com investimento de R$ 11,4 milh\u00f5es","datePublished":"2026-01-22T13:14:49+00:00","dateModified":"2026-01-22T13:14:49+00:00","mainEntityOfPage":{"@id":"https:\/\/jornaltimoneiro.com.br\/index.php\/2026\/01\/22\/canoas-policia-penal-viaturas\/"},"wordCount":293,"commentCount":0,"publisher":{"@id":"https:\/\/jornaltimoneiro.com.br\/#organization"},"keywords":["canoas","feat","pol\u00edcia"],"articleSection":["Seguran\u00e7a"],"inLanguage":"pt-BR","potentialAction":[{"@type":"CommentAction","name":"Comment","target":["https:\/\/jornaltimoneiro.com.br\/index.php\/2026\/01\/22\/canoas-policia-penal-viaturas\/#respond"]}]},{"@type":"WebPage","@id":"https:\/\/jornaltimoneiro.com.br\/index.php\/2026\/01\/22\/canoas-policia-penal-viaturas\/","url":"https:\/\/jornaltimoneiro.com.br\/index.php\/2026\/01\/22\/canoas-policia-penal-viaturas\/","name":"Estado entrega 36 ve\u00edculos \u00e0 Pol\u00edcia Penal com investimento de R$ 11,4 milh\u00f5es - O Timoneiro Jornal Canoas RS","isPartOf":{"@id":"https:\/\/jornaltimoneiro.com.br\/#website"},"datePublished":"2026-01-22T13:14:49+00:00","dateModified":"2026-01-22T13:14:49+00:00","description":"Governo do Estado entrega 36 novos ve\u00edculos \u00e0 Pol\u00edcia Penal, entre viaturas semiblindadas, caminh\u00f5es e micro-\u00f4nibus, adquiridos com recursos estaduais e federais.","breadcrumb":{"@id":"https:\/\/jornaltimoneiro.com.br\/index.php\/2026\/01\/22\/canoas-policia-penal-viaturas\/#breadcrumb"},"inLanguage":"pt-BR","potentialAction":[{"@type":"ReadAction","target":["https:\/\/jornaltimoneiro.com.br\/index.php\/2026\/01\/22\/canoas-policia-penal-viaturas\/"]}]},{"@type":"BreadcrumbList","@id":"https:\/\/jornaltimoneiro.com.br\/index.php\/2026\/01\/22\/canoas-policia-penal-viaturas\/#breadcrumb","itemListElement":[{"@type":"ListItem","position":1,"name":"In\u00edcio","item":"https:\/\/jornaltimoneiro.com.br\/"},{"@type":"ListItem","position":2,"name":"Estado entrega 36 ve\u00edculos \u00e0 Pol\u00edcia Penal com investimento de R$ 11,4 milh\u00f5es"}]},{"@type":"WebSite","@id":"https:\/\/jornaltimoneiro.com.br\/#website","url":"https:\/\/jornaltimoneiro.com.br\/","name":"Jornal Timoneiro Canoas RS","description":"Jornal O Timoneiro, o verdadeiro jornal de Canoas","publisher":{"@id":"https:\/\/jornaltimoneiro.com.br\/#organization"},"potentialAction":[{"@type":"SearchAction","target":{"@type":"EntryPoint","urlTemplate":"https:\/\/jornaltimoneiro.com.br\/?s={search_term_string}"},"query-input":"required name=search_term_string"}],"inLanguage":"pt-BR"},{"@type":"Organization","@id":"https:\/\/jornaltimoneiro.com.br\/#organization","name":"Jornal Timoneiro Canoas RS","url":"https:\/\/jornaltimoneiro.com.br\/","logo":{"@type":"ImageObject","inLanguage":"pt-BR","@id":"https:\/\/jornaltimoneiro.com.br\/#\/schema\/logo\/image\/","url":"https:\/\/jornaltimoneiro.com.br\/wp-content\/uploads\/2023\/03\/logonovo.png","contentUrl":"https:\/\/jornaltimoneiro.com.br\/wp-content\/uploads\/2023\/03\/logonovo.png","width":"469","height":"171","caption":"Jornal Timoneiro Canoas RS"},"image":{"@id":"https:\/\/jornaltimoneiro.com.br\/#\/schema\/logo\/image\/"},"sameAs":["https:\/\/www.facebook.com\/jornaltimoneiro","https:\/\/twitter.com\/_OTimoneiro","https:\/\/www.instagram.com\/jornaltimoneirocanoas\/","https:\/\/www.youtube.com\/@jornalotimoneiro7927"]},{"@type":"Person","@id":"https:\/\/jornaltimoneiro.com.br\/#\/schema\/person\/f63482f1a02b1a9592707865e509ab40","name":"Reda\u00e7\u00e3o","image":{"@type":"ImageObject","inLanguage":"pt-BR","@id":"https:\/\/jornaltimoneiro.com.br\/#\/schema\/person\/image\/","url":"https:\/\/jornaltimoneiro.com.br\/wp-content\/uploads\/2023\/03\/download.jpeg","contentUrl":"https:\/\/jornaltimoneiro.com.br\/wp-content\/uploads\/2023\/03\/download.jpeg","caption":"Reda\u00e7\u00e3o"},"url":"https:\/\/jornaltimoneiro.com.br\/index.php\/author\/simone-dutra\/"}]}},"_links":{"self":[{"href":"https:\/\/jornaltimoneiro.com.br\/index.php\/wp-json\/wp\/v2\/posts\/38607"}],"collection":[{"href":"https:\/\/jornaltimoneiro.com.br\/index.php\/wp-json\/wp\/v2\/posts"}],"about":[{"href":"https:\/\/jornaltimoneiro.com.br\/index.php\/wp-json\/wp\/v2\/types\/post"}],"author":[{"embeddable":true,"href":"https:\/\/jornaltimoneiro.com.br\/index.php\/wp-json\/wp\/v2\/users\/2"}],"replies":[{"embeddable":true,"href":"https:\/\/jornaltimoneiro.com.br\/index.php\/wp-json\/wp\/v2\/comments?post=38607"}],"version-history":[{"count":1,"href":"https:\/\/jornaltimoneiro.com.br\/index.php\/wp-json\/wp\/v2\/posts\/38607\/revisions"}],"predecessor-version":[{"id":38611,"href":"https:\/\/jornaltimoneiro.com.br\/index.php\/wp-json\/wp\/v2\/posts\/38607\/revisions\/38611"}],"wp:featuredmedia":[{"embeddable":true,"href":"https:\/\/jornaltimoneiro.com.br\/index.php\/wp-json\/wp\/v2\/media\/38610"}],"wp:attachment":[{"href":"https:\/\/jornaltimoneiro.com.br\/index.php\/wp-json\/wp\/v2\/media?parent=38607"}],"wp:term":[{"taxonomy":"category","embeddable":true,"href":"https:\/\/jornaltimoneiro.com.br\/index.php\/wp-json\/wp\/v2\/categories?post=38607"},{"taxonomy":"post_tag","embeddable":true,"href":"https:\/\/jornaltimoneiro.com.br\/index.php\/wp-json\/wp\/v2\/tags?post=38607"}],"curies":[{"name":"wp","href":"https:\/\/api.w.org\/{rel}","templated":true}]}}