{"id":38598,"date":"2026-01-22T10:00:57","date_gmt":"2026-01-22T13:00:57","guid":{"rendered":"https:\/\/jornaltimoneiro.com.br\/?p=38598"},"modified":"2026-01-22T10:00:57","modified_gmt":"2026-01-22T13:00:57","slug":"canoas-piso-salarial-professores","status":"publish","type":"post","link":"https:\/\/jornaltimoneiro.com.br\/index.php\/2026\/01\/22\/canoas-piso-salarial-professores\/","title":{"rendered":"Piso dos professores passa a ser R$ 5.130,63 ap\u00f3s Medida Provis\u00f3ria assinada na \u00faltima quarta-feira"},"content":{"rendered":"<p data-start=\"251\" data-end=\"703\">Uma medida provis\u00f3ria assinada na quarta-feira, 21, pelo governo federal altera os crit\u00e9rios de c\u00e1lculo do reajuste do piso salarial dos professores da educa\u00e7\u00e3o b\u00e1sica. A nova regra estabelece que a atualiza\u00e7\u00e3o anual ser\u00e1 feita a partir da soma do \u00cdndice Nacional de Pre\u00e7os ao Consumidor (INPC) do ano anterior com 50% da m\u00e9dia da varia\u00e7\u00e3o percentual da receita real destinada ao Fundo de Manuten\u00e7\u00e3o e Desenvolvimento da Educa\u00e7\u00e3o B\u00e1sica (Fundeb) nos cinco anos anteriores.<\/p>\n<p data-start=\"705\" data-end=\"984\">A medida tamb\u00e9m determina que o percentual aplicado nunca poder\u00e1 ser inferior \u00e0 infla\u00e7\u00e3o do ano anterior, apurada pelo INPC. Segundo o Minist\u00e9rio da Educa\u00e7\u00e3o, a mudan\u00e7a busca adequar a Lei do Piso \u00e0s altera\u00e7\u00f5es introduzidas pela emenda constitucional que instituiu o novo Fundeb.<\/p>\n<p data-start=\"986\" data-end=\"1247\">Com a aplica\u00e7\u00e3o do novo crit\u00e9rio, o piso salarial nacional do magist\u00e9rio foi reajustado em 5,4%, passando de R$ 4.867,77 para R$ 5.130,63. A medida provis\u00f3ria tem efeito imediato, e o novo valor passa a valer j\u00e1 no pr\u00f3ximo pagamento dos professores.<\/p>\n<p data-start=\"1249\" data-end=\"1388\">A proposta segue agora para an\u00e1lise do Congresso Nacional, que tem prazo de at\u00e9 120 dias para aprov\u00e1-la e garantir sua validade definitiva.<\/p>\n<h4 data-start=\"1390\" data-end=\"1433\"><strong data-start=\"1390\" data-end=\"1433\">Crit\u00e9rio anterior<\/strong><\/h4>\n<p data-start=\"1435\" data-end=\"1632\">Antes da mudan\u00e7a, o reajuste do piso era definido pela Lei do Piso do Magist\u00e9rio, de 2008, com base no crescimento do Valor Anual por Aluno (VAAF), calculado a partir dos recursos do antigo Fundeb.<\/p>\n<p data-start=\"1634\" data-end=\"1920\">Nesse modelo, o aumento do piso acompanhava o mesmo percentual de crescimento do investimento m\u00ednimo por aluno nos anos iniciais do ensino fundamental. Para o exerc\u00edcio de 2026, o VAAF teve acr\u00e9scimo de apenas 0,37%, o que resultaria em um reajuste de R$ 18,10 no piso salarial.<\/p>\n<h4 data-start=\"1922\" data-end=\"1967\"><strong data-start=\"1922\" data-end=\"1967\">Posicionamentos\u00a0<\/strong><\/h4>\n<p data-start=\"1969\" data-end=\"2266\">A Confedera\u00e7\u00e3o Nacional dos Trabalhadores em Educa\u00e7\u00e3o (CNTE) informou que o novo crit\u00e9rio de reajuste foi debatido com foco na previsibilidade e na sustentabilidade or\u00e7ament\u00e1ria. A entidade tamb\u00e9m afirmou que houve concord\u00e2ncia de representantes das secretarias estaduais e municipais de educa\u00e7\u00e3o.<\/p>\n<p data-start=\"2268\" data-end=\"2596\">J\u00e1 a Frente Nacional de Prefeitas e Prefeitos (FNP) manifestou preocupa\u00e7\u00e3o com os impactos financeiros da nova regra, especialmente para munic\u00edpios com menor capacidade de arrecada\u00e7\u00e3o. Segundo a entidade, os efeitos do reajuste n\u00e3o atingem os entes federativos de forma uniforme e podem gerar press\u00e3o sobre os or\u00e7amentos locais.<\/p>\n<p data-start=\"2598\" data-end=\"2841\">Antes da defini\u00e7\u00e3o do novo piso, a FNP encaminhou of\u00edcio ao governo federal solicitando maior complementa\u00e7\u00e3o de recursos da Uni\u00e3o para munic\u00edpios com menor receita por habitante, pedido que foi refor\u00e7ado ap\u00f3s a publica\u00e7\u00e3o da medida provis\u00f3ria.<\/p>\n","protected":false},"excerpt":{"rendered":"<p>Uma medida provis\u00f3ria assinada na quarta-feira, 21, pelo governo federal altera os crit\u00e9rios de c\u00e1lculo do reajuste do piso salarial dos professores da educa\u00e7\u00e3o b\u00e1sica. A nova regra estabelece que a atualiza\u00e7\u00e3o anual ser\u00e1 feita a partir da soma do \u00cdndice Nacional de Pre\u00e7os ao Consumidor (INPC) do ano anterior com 50% da m\u00e9dia da [&hellip;]<\/p>\n","protected":false},"author":2,"featured_media":38600,"comment_status":"open","ping_status":"open","sticky":false,"template":"","format":"standard","meta":{"amp_status":"","footnotes":""},"categories":[2210],"tags":[31,64,190,261],"class_list":["post-38598","post","type-post","status-publish","format-standard","has-post-thumbnail","hentry","category-educacao","tag-canoas","tag-educacao","tag-featured","tag-piso-salarial"],"yoast_head":"<!-- This site is optimized with the Yoast SEO plugin v20.5 - https:\/\/yoast.com\/wordpress\/plugins\/seo\/ -->\n<title>Piso dos professores passa a ser R$ 5.130,63 ap\u00f3s Medida Provis\u00f3ria assinada na \u00faltima quarta-feira - O Timoneiro Jornal Canoas RS<\/title>\n<meta name=\"description\" content=\"Medida provis\u00f3ria altera o crit\u00e9rio de reajuste do piso do magist\u00e9rio, garante aumento de 5,4% e j\u00e1 vale para o pr\u00f3ximo pagamento dos professores.\" \/>\n<meta name=\"robots\" content=\"index, follow, max-snippet:-1, max-image-preview:large, max-video-preview:-1\" \/>\n<link rel=\"canonical\" href=\"https:\/\/jornaltimoneiro.com.br\/index.php\/2026\/01\/22\/canoas-piso-salarial-professores\/\" \/>\n<meta property=\"og:locale\" content=\"pt_BR\" \/>\n<meta property=\"og:type\" content=\"article\" \/>\n<meta property=\"og:title\" content=\"Piso dos professores passa a ser R$ 5.130,63 ap\u00f3s Medida Provis\u00f3ria assinada na \u00faltima quarta-feira - O Timoneiro Jornal Canoas RS\" \/>\n<meta property=\"og:description\" content=\"Medida provis\u00f3ria altera o crit\u00e9rio de reajuste do piso do magist\u00e9rio, garante aumento de 5,4% e j\u00e1 vale para o pr\u00f3ximo pagamento dos professores.\" \/>\n<meta property=\"og:url\" content=\"https:\/\/jornaltimoneiro.com.br\/index.php\/2026\/01\/22\/canoas-piso-salarial-professores\/\" \/>\n<meta property=\"og:site_name\" content=\"O Timoneiro Jornal Canoas RS\" \/>\n<meta property=\"article:publisher\" content=\"https:\/\/www.facebook.com\/jornaltimoneiro\" \/>\n<meta property=\"article:published_time\" content=\"2026-01-22T13:00:57+00:00\" \/>\n<meta property=\"og:image\" content=\"https:\/\/jornaltimoneiro.com.br\/wp-content\/uploads\/2026\/01\/WhatsApp-Image-2022-06-10-at-14.20.19.jpeg\" \/>\n\t<meta property=\"og:image:width\" content=\"1280\" \/>\n\t<meta property=\"og:image:height\" content=\"853\" \/>\n\t<meta property=\"og:image:type\" content=\"image\/jpeg\" \/>\n<meta name=\"author\" content=\"Reda\u00e7\u00e3o\" \/>\n<meta name=\"twitter:card\" content=\"summary_large_image\" \/>\n<meta name=\"twitter:creator\" content=\"@_OTimoneiro\" \/>\n<meta name=\"twitter:site\" content=\"@_OTimoneiro\" \/>\n<meta name=\"twitter:label1\" content=\"Escrito por\" \/>\n\t<meta name=\"twitter:data1\" content=\"Reda\u00e7\u00e3o\" \/>\n\t<meta name=\"twitter:label2\" content=\"Est. tempo de leitura\" \/>\n\t<meta name=\"twitter:data2\" content=\"3 minutos\" \/>\n<script type=\"application\/ld+json\" class=\"yoast-schema-graph\">{\"@context\":\"https:\/\/schema.org\",\"@graph\":[{\"@type\":\"Article\",\"@id\":\"https:\/\/jornaltimoneiro.com.br\/index.php\/2026\/01\/22\/canoas-piso-salarial-professores\/#article\",\"isPartOf\":{\"@id\":\"https:\/\/jornaltimoneiro.com.br\/index.php\/2026\/01\/22\/canoas-piso-salarial-professores\/\"},\"author\":{\"name\":\"Reda\u00e7\u00e3o\",\"@id\":\"https:\/\/jornaltimoneiro.com.br\/#\/schema\/person\/f63482f1a02b1a9592707865e509ab40\"},\"headline\":\"Piso dos professores passa a ser R$ 5.130,63 ap\u00f3s Medida Provis\u00f3ria assinada na \u00faltima quarta-feira\",\"datePublished\":\"2026-01-22T13:00:57+00:00\",\"dateModified\":\"2026-01-22T13:00:57+00:00\",\"mainEntityOfPage\":{\"@id\":\"https:\/\/jornaltimoneiro.com.br\/index.php\/2026\/01\/22\/canoas-piso-salarial-professores\/\"},\"wordCount\":455,\"commentCount\":0,\"publisher\":{\"@id\":\"https:\/\/jornaltimoneiro.com.br\/#organization\"},\"keywords\":[\"canoas\",\"Educa\u00e7\u00e3o\",\"featured\",\"piso salarial\"],\"articleSection\":[\"Educa\u00e7\u00e3o\"],\"inLanguage\":\"pt-BR\",\"potentialAction\":[{\"@type\":\"CommentAction\",\"name\":\"Comment\",\"target\":[\"https:\/\/jornaltimoneiro.com.br\/index.php\/2026\/01\/22\/canoas-piso-salarial-professores\/#respond\"]}]},{\"@type\":\"WebPage\",\"@id\":\"https:\/\/jornaltimoneiro.com.br\/index.php\/2026\/01\/22\/canoas-piso-salarial-professores\/\",\"url\":\"https:\/\/jornaltimoneiro.com.br\/index.php\/2026\/01\/22\/canoas-piso-salarial-professores\/\",\"name\":\"Piso dos professores passa a ser R$ 5.130,63 ap\u00f3s Medida Provis\u00f3ria assinada na \u00faltima quarta-feira - O Timoneiro Jornal Canoas RS\",\"isPartOf\":{\"@id\":\"https:\/\/jornaltimoneiro.com.br\/#website\"},\"datePublished\":\"2026-01-22T13:00:57+00:00\",\"dateModified\":\"2026-01-22T13:00:57+00:00\",\"description\":\"Medida provis\u00f3ria altera o crit\u00e9rio de reajuste do piso do magist\u00e9rio, garante aumento de 5,4% e j\u00e1 vale para o pr\u00f3ximo pagamento dos professores.\",\"breadcrumb\":{\"@id\":\"https:\/\/jornaltimoneiro.com.br\/index.php\/2026\/01\/22\/canoas-piso-salarial-professores\/#breadcrumb\"},\"inLanguage\":\"pt-BR\",\"potentialAction\":[{\"@type\":\"ReadAction\",\"target\":[\"https:\/\/jornaltimoneiro.com.br\/index.php\/2026\/01\/22\/canoas-piso-salarial-professores\/\"]}]},{\"@type\":\"BreadcrumbList\",\"@id\":\"https:\/\/jornaltimoneiro.com.br\/index.php\/2026\/01\/22\/canoas-piso-salarial-professores\/#breadcrumb\",\"itemListElement\":[{\"@type\":\"ListItem\",\"position\":1,\"name\":\"In\u00edcio\",\"item\":\"https:\/\/jornaltimoneiro.com.br\/\"},{\"@type\":\"ListItem\",\"position\":2,\"name\":\"Piso dos professores passa a ser R$ 5.130,63 ap\u00f3s Medida Provis\u00f3ria assinada na \u00faltima quarta-feira\"}]},{\"@type\":\"WebSite\",\"@id\":\"https:\/\/jornaltimoneiro.com.br\/#website\",\"url\":\"https:\/\/jornaltimoneiro.com.br\/\",\"name\":\"Jornal Timoneiro Canoas RS\",\"description\":\"Jornal O Timoneiro, o verdadeiro jornal de Canoas\",\"publisher\":{\"@id\":\"https:\/\/jornaltimoneiro.com.br\/#organization\"},\"potentialAction\":[{\"@type\":\"SearchAction\",\"target\":{\"@type\":\"EntryPoint\",\"urlTemplate\":\"https:\/\/jornaltimoneiro.com.br\/?s={search_term_string}\"},\"query-input\":\"required name=search_term_string\"}],\"inLanguage\":\"pt-BR\"},{\"@type\":\"Organization\",\"@id\":\"https:\/\/jornaltimoneiro.com.br\/#organization\",\"name\":\"Jornal Timoneiro Canoas RS\",\"url\":\"https:\/\/jornaltimoneiro.com.br\/\",\"logo\":{\"@type\":\"ImageObject\",\"inLanguage\":\"pt-BR\",\"@id\":\"https:\/\/jornaltimoneiro.com.br\/#\/schema\/logo\/image\/\",\"url\":\"https:\/\/jornaltimoneiro.com.br\/wp-content\/uploads\/2023\/03\/logonovo.png\",\"contentUrl\":\"https:\/\/jornaltimoneiro.com.br\/wp-content\/uploads\/2023\/03\/logonovo.png\",\"width\":\"469\",\"height\":\"171\",\"caption\":\"Jornal Timoneiro Canoas RS\"},\"image\":{\"@id\":\"https:\/\/jornaltimoneiro.com.br\/#\/schema\/logo\/image\/\"},\"sameAs\":[\"https:\/\/www.facebook.com\/jornaltimoneiro\",\"https:\/\/twitter.com\/_OTimoneiro\",\"https:\/\/www.instagram.com\/jornaltimoneirocanoas\/\",\"https:\/\/www.youtube.com\/@jornalotimoneiro7927\"]},{\"@type\":\"Person\",\"@id\":\"https:\/\/jornaltimoneiro.com.br\/#\/schema\/person\/f63482f1a02b1a9592707865e509ab40\",\"name\":\"Reda\u00e7\u00e3o\",\"image\":{\"@type\":\"ImageObject\",\"inLanguage\":\"pt-BR\",\"@id\":\"https:\/\/jornaltimoneiro.com.br\/#\/schema\/person\/image\/\",\"url\":\"https:\/\/jornaltimoneiro.com.br\/wp-content\/uploads\/2023\/03\/download.jpeg\",\"contentUrl\":\"https:\/\/jornaltimoneiro.com.br\/wp-content\/uploads\/2023\/03\/download.jpeg\",\"caption\":\"Reda\u00e7\u00e3o\"},\"url\":\"https:\/\/jornaltimoneiro.com.br\/index.php\/author\/simone-dutra\/\"}]}<\/script>\n<!-- \/ Yoast SEO plugin. -->","yoast_head_json":{"title":"Piso dos professores passa a ser R$ 5.130,63 ap\u00f3s Medida Provis\u00f3ria assinada na \u00faltima quarta-feira - O Timoneiro Jornal Canoas RS","description":"Medida provis\u00f3ria altera o crit\u00e9rio de reajuste do piso do magist\u00e9rio, garante aumento de 5,4% e j\u00e1 vale para o pr\u00f3ximo pagamento dos professores.","robots":{"index":"index","follow":"follow","max-snippet":"max-snippet:-1","max-image-preview":"max-image-preview:large","max-video-preview":"max-video-preview:-1"},"canonical":"https:\/\/jornaltimoneiro.com.br\/index.php\/2026\/01\/22\/canoas-piso-salarial-professores\/","og_locale":"pt_BR","og_type":"article","og_title":"Piso dos professores passa a ser R$ 5.130,63 ap\u00f3s Medida Provis\u00f3ria assinada na \u00faltima quarta-feira - O Timoneiro Jornal Canoas RS","og_description":"Medida provis\u00f3ria altera o crit\u00e9rio de reajuste do piso do magist\u00e9rio, garante aumento de 5,4% e j\u00e1 vale para o pr\u00f3ximo pagamento dos professores.","og_url":"https:\/\/jornaltimoneiro.com.br\/index.php\/2026\/01\/22\/canoas-piso-salarial-professores\/","og_site_name":"O Timoneiro Jornal Canoas RS","article_publisher":"https:\/\/www.facebook.com\/jornaltimoneiro","article_published_time":"2026-01-22T13:00:57+00:00","og_image":[{"width":"1280","height":"853","url":"https:\/\/jornaltimoneiro.com.br\/wp-content\/uploads\/2026\/01\/WhatsApp-Image-2022-06-10-at-14.20.19.jpeg","type":"image\/jpeg"}],"author":"Reda\u00e7\u00e3o","twitter_card":"summary_large_image","twitter_creator":"@_OTimoneiro","twitter_site":"@_OTimoneiro","twitter_misc":{"Escrito por":"Reda\u00e7\u00e3o","Est. tempo de leitura":"3 minutos"},"schema":{"@context":"https:\/\/schema.org","@graph":[{"@type":"Article","@id":"https:\/\/jornaltimoneiro.com.br\/index.php\/2026\/01\/22\/canoas-piso-salarial-professores\/#article","isPartOf":{"@id":"https:\/\/jornaltimoneiro.com.br\/index.php\/2026\/01\/22\/canoas-piso-salarial-professores\/"},"author":{"name":"Reda\u00e7\u00e3o","@id":"https:\/\/jornaltimoneiro.com.br\/#\/schema\/person\/f63482f1a02b1a9592707865e509ab40"},"headline":"Piso dos professores passa a ser R$ 5.130,63 ap\u00f3s Medida Provis\u00f3ria assinada na \u00faltima quarta-feira","datePublished":"2026-01-22T13:00:57+00:00","dateModified":"2026-01-22T13:00:57+00:00","mainEntityOfPage":{"@id":"https:\/\/jornaltimoneiro.com.br\/index.php\/2026\/01\/22\/canoas-piso-salarial-professores\/"},"wordCount":455,"commentCount":0,"publisher":{"@id":"https:\/\/jornaltimoneiro.com.br\/#organization"},"keywords":["canoas","Educa\u00e7\u00e3o","featured","piso salarial"],"articleSection":["Educa\u00e7\u00e3o"],"inLanguage":"pt-BR","potentialAction":[{"@type":"CommentAction","name":"Comment","target":["https:\/\/jornaltimoneiro.com.br\/index.php\/2026\/01\/22\/canoas-piso-salarial-professores\/#respond"]}]},{"@type":"WebPage","@id":"https:\/\/jornaltimoneiro.com.br\/index.php\/2026\/01\/22\/canoas-piso-salarial-professores\/","url":"https:\/\/jornaltimoneiro.com.br\/index.php\/2026\/01\/22\/canoas-piso-salarial-professores\/","name":"Piso dos professores passa a ser R$ 5.130,63 ap\u00f3s Medida Provis\u00f3ria assinada na \u00faltima quarta-feira - O Timoneiro Jornal Canoas RS","isPartOf":{"@id":"https:\/\/jornaltimoneiro.com.br\/#website"},"datePublished":"2026-01-22T13:00:57+00:00","dateModified":"2026-01-22T13:00:57+00:00","description":"Medida provis\u00f3ria altera o crit\u00e9rio de reajuste do piso do magist\u00e9rio, garante aumento de 5,4% e j\u00e1 vale para o pr\u00f3ximo pagamento dos professores.","breadcrumb":{"@id":"https:\/\/jornaltimoneiro.com.br\/index.php\/2026\/01\/22\/canoas-piso-salarial-professores\/#breadcrumb"},"inLanguage":"pt-BR","potentialAction":[{"@type":"ReadAction","target":["https:\/\/jornaltimoneiro.com.br\/index.php\/2026\/01\/22\/canoas-piso-salarial-professores\/"]}]},{"@type":"BreadcrumbList","@id":"https:\/\/jornaltimoneiro.com.br\/index.php\/2026\/01\/22\/canoas-piso-salarial-professores\/#breadcrumb","itemListElement":[{"@type":"ListItem","position":1,"name":"In\u00edcio","item":"https:\/\/jornaltimoneiro.com.br\/"},{"@type":"ListItem","position":2,"name":"Piso dos professores passa a ser R$ 5.130,63 ap\u00f3s Medida Provis\u00f3ria assinada na \u00faltima quarta-feira"}]},{"@type":"WebSite","@id":"https:\/\/jornaltimoneiro.com.br\/#website","url":"https:\/\/jornaltimoneiro.com.br\/","name":"Jornal Timoneiro Canoas RS","description":"Jornal O Timoneiro, o verdadeiro jornal de Canoas","publisher":{"@id":"https:\/\/jornaltimoneiro.com.br\/#organization"},"potentialAction":[{"@type":"SearchAction","target":{"@type":"EntryPoint","urlTemplate":"https:\/\/jornaltimoneiro.com.br\/?s={search_term_string}"},"query-input":"required name=search_term_string"}],"inLanguage":"pt-BR"},{"@type":"Organization","@id":"https:\/\/jornaltimoneiro.com.br\/#organization","name":"Jornal Timoneiro Canoas RS","url":"https:\/\/jornaltimoneiro.com.br\/","logo":{"@type":"ImageObject","inLanguage":"pt-BR","@id":"https:\/\/jornaltimoneiro.com.br\/#\/schema\/logo\/image\/","url":"https:\/\/jornaltimoneiro.com.br\/wp-content\/uploads\/2023\/03\/logonovo.png","contentUrl":"https:\/\/jornaltimoneiro.com.br\/wp-content\/uploads\/2023\/03\/logonovo.png","width":"469","height":"171","caption":"Jornal Timoneiro Canoas RS"},"image":{"@id":"https:\/\/jornaltimoneiro.com.br\/#\/schema\/logo\/image\/"},"sameAs":["https:\/\/www.facebook.com\/jornaltimoneiro","https:\/\/twitter.com\/_OTimoneiro","https:\/\/www.instagram.com\/jornaltimoneirocanoas\/","https:\/\/www.youtube.com\/@jornalotimoneiro7927"]},{"@type":"Person","@id":"https:\/\/jornaltimoneiro.com.br\/#\/schema\/person\/f63482f1a02b1a9592707865e509ab40","name":"Reda\u00e7\u00e3o","image":{"@type":"ImageObject","inLanguage":"pt-BR","@id":"https:\/\/jornaltimoneiro.com.br\/#\/schema\/person\/image\/","url":"https:\/\/jornaltimoneiro.com.br\/wp-content\/uploads\/2023\/03\/download.jpeg","contentUrl":"https:\/\/jornaltimoneiro.com.br\/wp-content\/uploads\/2023\/03\/download.jpeg","caption":"Reda\u00e7\u00e3o"},"url":"https:\/\/jornaltimoneiro.com.br\/index.php\/author\/simone-dutra\/"}]}},"_links":{"self":[{"href":"https:\/\/jornaltimoneiro.com.br\/index.php\/wp-json\/wp\/v2\/posts\/38598"}],"collection":[{"href":"https:\/\/jornaltimoneiro.com.br\/index.php\/wp-json\/wp\/v2\/posts"}],"about":[{"href":"https:\/\/jornaltimoneiro.com.br\/index.php\/wp-json\/wp\/v2\/types\/post"}],"author":[{"embeddable":true,"href":"https:\/\/jornaltimoneiro.com.br\/index.php\/wp-json\/wp\/v2\/users\/2"}],"replies":[{"embeddable":true,"href":"https:\/\/jornaltimoneiro.com.br\/index.php\/wp-json\/wp\/v2\/comments?post=38598"}],"version-history":[{"count":1,"href":"https:\/\/jornaltimoneiro.com.br\/index.php\/wp-json\/wp\/v2\/posts\/38598\/revisions"}],"predecessor-version":[{"id":38601,"href":"https:\/\/jornaltimoneiro.com.br\/index.php\/wp-json\/wp\/v2\/posts\/38598\/revisions\/38601"}],"wp:featuredmedia":[{"embeddable":true,"href":"https:\/\/jornaltimoneiro.com.br\/index.php\/wp-json\/wp\/v2\/media\/38600"}],"wp:attachment":[{"href":"https:\/\/jornaltimoneiro.com.br\/index.php\/wp-json\/wp\/v2\/media?parent=38598"}],"wp:term":[{"taxonomy":"category","embeddable":true,"href":"https:\/\/jornaltimoneiro.com.br\/index.php\/wp-json\/wp\/v2\/categories?post=38598"},{"taxonomy":"post_tag","embeddable":true,"href":"https:\/\/jornaltimoneiro.com.br\/index.php\/wp-json\/wp\/v2\/tags?post=38598"}],"curies":[{"name":"wp","href":"https:\/\/api.w.org\/{rel}","templated":true}]}}