{"id":38591,"date":"2026-01-21T13:30:28","date_gmt":"2026-01-21T16:30:28","guid":{"rendered":"https:\/\/jornaltimoneiro.com.br\/?p=38591"},"modified":"2026-01-22T16:25:00","modified_gmt":"2026-01-22T19:25:00","slug":"canoas-inscricoes-diretor-e-vice-educacao","status":"publish","type":"post","link":"https:\/\/jornaltimoneiro.com.br\/index.php\/2026\/01\/21\/canoas-inscricoes-diretor-e-vice-educacao\/","title":{"rendered":"Inscri\u00e7\u00f5es para concorrer \u00e0 dire\u00e7\u00e3o das escolas da rede municipal de Canoas come\u00e7am nesta quarta-feira"},"content":{"rendered":"<p data-start=\"0\" data-end=\"292\">Come\u00e7am nesta quarta-feira, 21, a partir das 9h, as inscri\u00e7\u00f5es para candidatos aos cargos de diretor e vice-diretor nas escolas da rede municipal de Canoas. O prazo segue aberto at\u00e9 as 23h59 do dia 3 de fevereiro. As inscri\u00e7\u00f5es devem ser feitas exclusivamente por meio de formul\u00e1rio on-line <a href=\"https:\/\/docs.google.com\/forms\/d\/e\/1FAIpQLScXsaMSOmupvbZHTSPchnAki6U7y1cKoVxRUzeVwePEs8zkAg\/viewform\">aqui<\/a>.<\/p>\n<p data-start=\"294\" data-end=\"588\">No momento da inscri\u00e7\u00e3o, o candidato deve indicar se pretende concorrer a uma vaga em Escola Municipal de Educa\u00e7\u00e3o Infantil (EMEI) ou em Escola Municipal de Ensino Fundamental (EMEF). De acordo com o edital, o cargo de vice-diretor \u00e9 destinado apenas \u00e0s EMEFs, n\u00e3o sendo previsto para as EMEIs.<\/p>\n<p data-start=\"590\" data-end=\"913\">O processo seletivo ser\u00e1 realizado em quatro etapas. A primeira consiste na participa\u00e7\u00e3o obrigat\u00f3ria em um curso preparat\u00f3rio para a gest\u00e3o escolar, com carga hor\u00e1ria de 40 horas. A forma\u00e7\u00e3o ser\u00e1 oferecida em formato h\u00edbrido, com atividades presenciais e on-line, e exigir\u00e1 frequ\u00eancia m\u00ednima de 80%, equivalente a 32 horas.<\/p>\n<p data-start=\"915\" data-end=\"1231\">A segunda etapa ser\u00e1 uma prova de conhecimentos espec\u00edficos, de car\u00e1ter eliminat\u00f3rio, marcada para o dia 21 de fevereiro. A avalia\u00e7\u00e3o ter\u00e1 50 quest\u00f5es, elaboradas a partir dos conte\u00fados trabalhados durante o curso. Para aprova\u00e7\u00e3o, o candidato dever\u00e1 acertar, no m\u00ednimo, 30 quest\u00f5es, o que corresponde a 60% da prova.<\/p>\n<p data-start=\"1233\" data-end=\"1574\" data-is-last-node=\"\" data-is-only-node=\"\">Na terceira etapa, ocorre a formaliza\u00e7\u00e3o das candidaturas, com a forma\u00e7\u00e3o das chapas, seguida pelo per\u00edodo de campanha eleitoral, previsto entre os dias 2 e 5 de mar\u00e7o. A quarta e \u00faltima fase ser\u00e1 a elei\u00e7\u00e3o, marcada para o dia 6 de mar\u00e7o, com participa\u00e7\u00e3o da comunidade escolar. A vota\u00e7\u00e3o ser\u00e1 realizada por voto \u00fanico, direto e facultativo.<\/p>\n","protected":false},"excerpt":{"rendered":"<p>Come\u00e7am nesta quarta-feira, 21, a partir das 9h, as inscri\u00e7\u00f5es para candidatos aos cargos de diretor e vice-diretor nas escolas da rede municipal de Canoas. O prazo segue aberto at\u00e9 as 23h59 do dia 3 de fevereiro. As inscri\u00e7\u00f5es devem ser feitas exclusivamente por meio de formul\u00e1rio on-line aqui. No momento da inscri\u00e7\u00e3o, o candidato [&hellip;]<\/p>\n","protected":false},"author":2,"featured_media":38593,"comment_status":"open","ping_status":"open","sticky":false,"template":"","format":"standard","meta":{"amp_status":"","footnotes":""},"categories":[2210],"tags":[31,64,190],"class_list":["post-38591","post","type-post","status-publish","format-standard","has-post-thumbnail","hentry","category-educacao","tag-canoas","tag-educacao","tag-featured"],"yoast_head":"<!-- This site is optimized with the Yoast SEO plugin v20.5 - https:\/\/yoast.com\/wordpress\/plugins\/seo\/ -->\n<title>Inscri\u00e7\u00f5es para concorrer \u00e0 dire\u00e7\u00e3o das escolas da rede municipal de Canoas come\u00e7am nesta quarta-feira - O Timoneiro Jornal Canoas RS<\/title>\n<meta name=\"description\" content=\"Canoas abre, nesta quarta-feira, 21, as inscri\u00e7\u00f5es para candidatos a diretor e vice-diretor das escolas municipais. O processo seletivo inclui curso preparat\u00f3rio, prova e elei\u00e7\u00e3o com participa\u00e7\u00e3o da comunidade escolar.\" \/>\n<meta name=\"robots\" content=\"index, follow, max-snippet:-1, max-image-preview:large, max-video-preview:-1\" \/>\n<link rel=\"canonical\" href=\"https:\/\/jornaltimoneiro.com.br\/index.php\/2026\/01\/21\/canoas-inscricoes-diretor-e-vice-educacao\/\" \/>\n<meta property=\"og:locale\" content=\"pt_BR\" \/>\n<meta property=\"og:type\" content=\"article\" \/>\n<meta property=\"og:title\" content=\"Inscri\u00e7\u00f5es para concorrer \u00e0 dire\u00e7\u00e3o das escolas da rede municipal de Canoas come\u00e7am nesta quarta-feira - O Timoneiro Jornal Canoas RS\" \/>\n<meta property=\"og:description\" content=\"Canoas abre, nesta quarta-feira, 21, as inscri\u00e7\u00f5es para candidatos a diretor e vice-diretor das escolas municipais. O processo seletivo inclui curso preparat\u00f3rio, prova e elei\u00e7\u00e3o com participa\u00e7\u00e3o da comunidade escolar.\" \/>\n<meta property=\"og:url\" content=\"https:\/\/jornaltimoneiro.com.br\/index.php\/2026\/01\/21\/canoas-inscricoes-diretor-e-vice-educacao\/\" \/>\n<meta property=\"og:site_name\" content=\"O Timoneiro Jornal Canoas RS\" \/>\n<meta property=\"article:publisher\" content=\"https:\/\/www.facebook.com\/jornaltimoneiro\" \/>\n<meta property=\"article:published_time\" content=\"2026-01-21T16:30:28+00:00\" \/>\n<meta property=\"article:modified_time\" content=\"2026-01-22T19:25:00+00:00\" \/>\n<meta property=\"og:image\" content=\"https:\/\/jornaltimoneiro.com.br\/wp-content\/uploads\/2026\/01\/saneamento-basico-na-escola_reduzidas_gustavo-garbino-16.jpg\" \/>\n\t<meta property=\"og:image:width\" content=\"2048\" \/>\n\t<meta property=\"og:image:height\" content=\"1365\" \/>\n\t<meta property=\"og:image:type\" content=\"image\/jpeg\" \/>\n<meta name=\"author\" content=\"Reda\u00e7\u00e3o\" \/>\n<meta name=\"twitter:card\" content=\"summary_large_image\" \/>\n<meta name=\"twitter:creator\" content=\"@_OTimoneiro\" \/>\n<meta name=\"twitter:site\" content=\"@_OTimoneiro\" \/>\n<meta name=\"twitter:label1\" content=\"Escrito por\" \/>\n\t<meta name=\"twitter:data1\" content=\"Reda\u00e7\u00e3o\" \/>\n\t<meta name=\"twitter:label2\" content=\"Est. tempo de leitura\" \/>\n\t<meta name=\"twitter:data2\" content=\"2 minutos\" \/>\n<script type=\"application\/ld+json\" class=\"yoast-schema-graph\">{\"@context\":\"https:\/\/schema.org\",\"@graph\":[{\"@type\":\"Article\",\"@id\":\"https:\/\/jornaltimoneiro.com.br\/index.php\/2026\/01\/21\/canoas-inscricoes-diretor-e-vice-educacao\/#article\",\"isPartOf\":{\"@id\":\"https:\/\/jornaltimoneiro.com.br\/index.php\/2026\/01\/21\/canoas-inscricoes-diretor-e-vice-educacao\/\"},\"author\":{\"name\":\"Reda\u00e7\u00e3o\",\"@id\":\"https:\/\/jornaltimoneiro.com.br\/#\/schema\/person\/f63482f1a02b1a9592707865e509ab40\"},\"headline\":\"Inscri\u00e7\u00f5es para concorrer \u00e0 dire\u00e7\u00e3o das escolas da rede municipal de Canoas come\u00e7am nesta quarta-feira\",\"datePublished\":\"2026-01-21T16:30:28+00:00\",\"dateModified\":\"2026-01-22T19:25:00+00:00\",\"mainEntityOfPage\":{\"@id\":\"https:\/\/jornaltimoneiro.com.br\/index.php\/2026\/01\/21\/canoas-inscricoes-diretor-e-vice-educacao\/\"},\"wordCount\":293,\"commentCount\":0,\"publisher\":{\"@id\":\"https:\/\/jornaltimoneiro.com.br\/#organization\"},\"keywords\":[\"canoas\",\"Educa\u00e7\u00e3o\",\"featured\"],\"articleSection\":[\"Educa\u00e7\u00e3o\"],\"inLanguage\":\"pt-BR\",\"potentialAction\":[{\"@type\":\"CommentAction\",\"name\":\"Comment\",\"target\":[\"https:\/\/jornaltimoneiro.com.br\/index.php\/2026\/01\/21\/canoas-inscricoes-diretor-e-vice-educacao\/#respond\"]}]},{\"@type\":\"WebPage\",\"@id\":\"https:\/\/jornaltimoneiro.com.br\/index.php\/2026\/01\/21\/canoas-inscricoes-diretor-e-vice-educacao\/\",\"url\":\"https:\/\/jornaltimoneiro.com.br\/index.php\/2026\/01\/21\/canoas-inscricoes-diretor-e-vice-educacao\/\",\"name\":\"Inscri\u00e7\u00f5es para concorrer \u00e0 dire\u00e7\u00e3o das escolas da rede municipal de Canoas come\u00e7am nesta quarta-feira - O Timoneiro Jornal Canoas RS\",\"isPartOf\":{\"@id\":\"https:\/\/jornaltimoneiro.com.br\/#website\"},\"datePublished\":\"2026-01-21T16:30:28+00:00\",\"dateModified\":\"2026-01-22T19:25:00+00:00\",\"description\":\"Canoas abre, nesta quarta-feira, 21, as inscri\u00e7\u00f5es para candidatos a diretor e vice-diretor das escolas municipais. O processo seletivo inclui curso preparat\u00f3rio, prova e elei\u00e7\u00e3o com participa\u00e7\u00e3o da comunidade escolar.\",\"breadcrumb\":{\"@id\":\"https:\/\/jornaltimoneiro.com.br\/index.php\/2026\/01\/21\/canoas-inscricoes-diretor-e-vice-educacao\/#breadcrumb\"},\"inLanguage\":\"pt-BR\",\"potentialAction\":[{\"@type\":\"ReadAction\",\"target\":[\"https:\/\/jornaltimoneiro.com.br\/index.php\/2026\/01\/21\/canoas-inscricoes-diretor-e-vice-educacao\/\"]}]},{\"@type\":\"BreadcrumbList\",\"@id\":\"https:\/\/jornaltimoneiro.com.br\/index.php\/2026\/01\/21\/canoas-inscricoes-diretor-e-vice-educacao\/#breadcrumb\",\"itemListElement\":[{\"@type\":\"ListItem\",\"position\":1,\"name\":\"In\u00edcio\",\"item\":\"https:\/\/jornaltimoneiro.com.br\/\"},{\"@type\":\"ListItem\",\"position\":2,\"name\":\"Inscri\u00e7\u00f5es para concorrer \u00e0 dire\u00e7\u00e3o das escolas da rede municipal de Canoas come\u00e7am nesta quarta-feira\"}]},{\"@type\":\"WebSite\",\"@id\":\"https:\/\/jornaltimoneiro.com.br\/#website\",\"url\":\"https:\/\/jornaltimoneiro.com.br\/\",\"name\":\"Jornal Timoneiro Canoas RS\",\"description\":\"Jornal O Timoneiro, o verdadeiro jornal de Canoas\",\"publisher\":{\"@id\":\"https:\/\/jornaltimoneiro.com.br\/#organization\"},\"potentialAction\":[{\"@type\":\"SearchAction\",\"target\":{\"@type\":\"EntryPoint\",\"urlTemplate\":\"https:\/\/jornaltimoneiro.com.br\/?s={search_term_string}\"},\"query-input\":\"required name=search_term_string\"}],\"inLanguage\":\"pt-BR\"},{\"@type\":\"Organization\",\"@id\":\"https:\/\/jornaltimoneiro.com.br\/#organization\",\"name\":\"Jornal Timoneiro Canoas RS\",\"url\":\"https:\/\/jornaltimoneiro.com.br\/\",\"logo\":{\"@type\":\"ImageObject\",\"inLanguage\":\"pt-BR\",\"@id\":\"https:\/\/jornaltimoneiro.com.br\/#\/schema\/logo\/image\/\",\"url\":\"https:\/\/jornaltimoneiro.com.br\/wp-content\/uploads\/2023\/03\/logonovo.png\",\"contentUrl\":\"https:\/\/jornaltimoneiro.com.br\/wp-content\/uploads\/2023\/03\/logonovo.png\",\"width\":\"469\",\"height\":\"171\",\"caption\":\"Jornal Timoneiro Canoas RS\"},\"image\":{\"@id\":\"https:\/\/jornaltimoneiro.com.br\/#\/schema\/logo\/image\/\"},\"sameAs\":[\"https:\/\/www.facebook.com\/jornaltimoneiro\",\"https:\/\/twitter.com\/_OTimoneiro\",\"https:\/\/www.instagram.com\/jornaltimoneirocanoas\/\",\"https:\/\/www.youtube.com\/@jornalotimoneiro7927\"]},{\"@type\":\"Person\",\"@id\":\"https:\/\/jornaltimoneiro.com.br\/#\/schema\/person\/f63482f1a02b1a9592707865e509ab40\",\"name\":\"Reda\u00e7\u00e3o\",\"image\":{\"@type\":\"ImageObject\",\"inLanguage\":\"pt-BR\",\"@id\":\"https:\/\/jornaltimoneiro.com.br\/#\/schema\/person\/image\/\",\"url\":\"https:\/\/jornaltimoneiro.com.br\/wp-content\/uploads\/2023\/03\/download.jpeg\",\"contentUrl\":\"https:\/\/jornaltimoneiro.com.br\/wp-content\/uploads\/2023\/03\/download.jpeg\",\"caption\":\"Reda\u00e7\u00e3o\"},\"url\":\"https:\/\/jornaltimoneiro.com.br\/index.php\/author\/simone-dutra\/\"}]}<\/script>\n<!-- \/ Yoast SEO plugin. -->","yoast_head_json":{"title":"Inscri\u00e7\u00f5es para concorrer \u00e0 dire\u00e7\u00e3o das escolas da rede municipal de Canoas come\u00e7am nesta quarta-feira - O Timoneiro Jornal Canoas RS","description":"Canoas abre, nesta quarta-feira, 21, as inscri\u00e7\u00f5es para candidatos a diretor e vice-diretor das escolas municipais. O processo seletivo inclui curso preparat\u00f3rio, prova e elei\u00e7\u00e3o com participa\u00e7\u00e3o da comunidade escolar.","robots":{"index":"index","follow":"follow","max-snippet":"max-snippet:-1","max-image-preview":"max-image-preview:large","max-video-preview":"max-video-preview:-1"},"canonical":"https:\/\/jornaltimoneiro.com.br\/index.php\/2026\/01\/21\/canoas-inscricoes-diretor-e-vice-educacao\/","og_locale":"pt_BR","og_type":"article","og_title":"Inscri\u00e7\u00f5es para concorrer \u00e0 dire\u00e7\u00e3o das escolas da rede municipal de Canoas come\u00e7am nesta quarta-feira - O Timoneiro Jornal Canoas RS","og_description":"Canoas abre, nesta quarta-feira, 21, as inscri\u00e7\u00f5es para candidatos a diretor e vice-diretor das escolas municipais. O processo seletivo inclui curso preparat\u00f3rio, prova e elei\u00e7\u00e3o com participa\u00e7\u00e3o da comunidade escolar.","og_url":"https:\/\/jornaltimoneiro.com.br\/index.php\/2026\/01\/21\/canoas-inscricoes-diretor-e-vice-educacao\/","og_site_name":"O Timoneiro Jornal Canoas RS","article_publisher":"https:\/\/www.facebook.com\/jornaltimoneiro","article_published_time":"2026-01-21T16:30:28+00:00","article_modified_time":"2026-01-22T19:25:00+00:00","og_image":[{"width":"2048","height":"1365","url":"https:\/\/jornaltimoneiro.com.br\/wp-content\/uploads\/2026\/01\/saneamento-basico-na-escola_reduzidas_gustavo-garbino-16.jpg","type":"image\/jpeg"}],"author":"Reda\u00e7\u00e3o","twitter_card":"summary_large_image","twitter_creator":"@_OTimoneiro","twitter_site":"@_OTimoneiro","twitter_misc":{"Escrito por":"Reda\u00e7\u00e3o","Est. tempo de leitura":"2 minutos"},"schema":{"@context":"https:\/\/schema.org","@graph":[{"@type":"Article","@id":"https:\/\/jornaltimoneiro.com.br\/index.php\/2026\/01\/21\/canoas-inscricoes-diretor-e-vice-educacao\/#article","isPartOf":{"@id":"https:\/\/jornaltimoneiro.com.br\/index.php\/2026\/01\/21\/canoas-inscricoes-diretor-e-vice-educacao\/"},"author":{"name":"Reda\u00e7\u00e3o","@id":"https:\/\/jornaltimoneiro.com.br\/#\/schema\/person\/f63482f1a02b1a9592707865e509ab40"},"headline":"Inscri\u00e7\u00f5es para concorrer \u00e0 dire\u00e7\u00e3o das escolas da rede municipal de Canoas come\u00e7am nesta quarta-feira","datePublished":"2026-01-21T16:30:28+00:00","dateModified":"2026-01-22T19:25:00+00:00","mainEntityOfPage":{"@id":"https:\/\/jornaltimoneiro.com.br\/index.php\/2026\/01\/21\/canoas-inscricoes-diretor-e-vice-educacao\/"},"wordCount":293,"commentCount":0,"publisher":{"@id":"https:\/\/jornaltimoneiro.com.br\/#organization"},"keywords":["canoas","Educa\u00e7\u00e3o","featured"],"articleSection":["Educa\u00e7\u00e3o"],"inLanguage":"pt-BR","potentialAction":[{"@type":"CommentAction","name":"Comment","target":["https:\/\/jornaltimoneiro.com.br\/index.php\/2026\/01\/21\/canoas-inscricoes-diretor-e-vice-educacao\/#respond"]}]},{"@type":"WebPage","@id":"https:\/\/jornaltimoneiro.com.br\/index.php\/2026\/01\/21\/canoas-inscricoes-diretor-e-vice-educacao\/","url":"https:\/\/jornaltimoneiro.com.br\/index.php\/2026\/01\/21\/canoas-inscricoes-diretor-e-vice-educacao\/","name":"Inscri\u00e7\u00f5es para concorrer \u00e0 dire\u00e7\u00e3o das escolas da rede municipal de Canoas come\u00e7am nesta quarta-feira - O Timoneiro Jornal Canoas RS","isPartOf":{"@id":"https:\/\/jornaltimoneiro.com.br\/#website"},"datePublished":"2026-01-21T16:30:28+00:00","dateModified":"2026-01-22T19:25:00+00:00","description":"Canoas abre, nesta quarta-feira, 21, as inscri\u00e7\u00f5es para candidatos a diretor e vice-diretor das escolas municipais. O processo seletivo inclui curso preparat\u00f3rio, prova e elei\u00e7\u00e3o com participa\u00e7\u00e3o da comunidade escolar.","breadcrumb":{"@id":"https:\/\/jornaltimoneiro.com.br\/index.php\/2026\/01\/21\/canoas-inscricoes-diretor-e-vice-educacao\/#breadcrumb"},"inLanguage":"pt-BR","potentialAction":[{"@type":"ReadAction","target":["https:\/\/jornaltimoneiro.com.br\/index.php\/2026\/01\/21\/canoas-inscricoes-diretor-e-vice-educacao\/"]}]},{"@type":"BreadcrumbList","@id":"https:\/\/jornaltimoneiro.com.br\/index.php\/2026\/01\/21\/canoas-inscricoes-diretor-e-vice-educacao\/#breadcrumb","itemListElement":[{"@type":"ListItem","position":1,"name":"In\u00edcio","item":"https:\/\/jornaltimoneiro.com.br\/"},{"@type":"ListItem","position":2,"name":"Inscri\u00e7\u00f5es para concorrer \u00e0 dire\u00e7\u00e3o das escolas da rede municipal de Canoas come\u00e7am nesta quarta-feira"}]},{"@type":"WebSite","@id":"https:\/\/jornaltimoneiro.com.br\/#website","url":"https:\/\/jornaltimoneiro.com.br\/","name":"Jornal Timoneiro Canoas RS","description":"Jornal O Timoneiro, o verdadeiro jornal de Canoas","publisher":{"@id":"https:\/\/jornaltimoneiro.com.br\/#organization"},"potentialAction":[{"@type":"SearchAction","target":{"@type":"EntryPoint","urlTemplate":"https:\/\/jornaltimoneiro.com.br\/?s={search_term_string}"},"query-input":"required name=search_term_string"}],"inLanguage":"pt-BR"},{"@type":"Organization","@id":"https:\/\/jornaltimoneiro.com.br\/#organization","name":"Jornal Timoneiro Canoas RS","url":"https:\/\/jornaltimoneiro.com.br\/","logo":{"@type":"ImageObject","inLanguage":"pt-BR","@id":"https:\/\/jornaltimoneiro.com.br\/#\/schema\/logo\/image\/","url":"https:\/\/jornaltimoneiro.com.br\/wp-content\/uploads\/2023\/03\/logonovo.png","contentUrl":"https:\/\/jornaltimoneiro.com.br\/wp-content\/uploads\/2023\/03\/logonovo.png","width":"469","height":"171","caption":"Jornal Timoneiro Canoas RS"},"image":{"@id":"https:\/\/jornaltimoneiro.com.br\/#\/schema\/logo\/image\/"},"sameAs":["https:\/\/www.facebook.com\/jornaltimoneiro","https:\/\/twitter.com\/_OTimoneiro","https:\/\/www.instagram.com\/jornaltimoneirocanoas\/","https:\/\/www.youtube.com\/@jornalotimoneiro7927"]},{"@type":"Person","@id":"https:\/\/jornaltimoneiro.com.br\/#\/schema\/person\/f63482f1a02b1a9592707865e509ab40","name":"Reda\u00e7\u00e3o","image":{"@type":"ImageObject","inLanguage":"pt-BR","@id":"https:\/\/jornaltimoneiro.com.br\/#\/schema\/person\/image\/","url":"https:\/\/jornaltimoneiro.com.br\/wp-content\/uploads\/2023\/03\/download.jpeg","contentUrl":"https:\/\/jornaltimoneiro.com.br\/wp-content\/uploads\/2023\/03\/download.jpeg","caption":"Reda\u00e7\u00e3o"},"url":"https:\/\/jornaltimoneiro.com.br\/index.php\/author\/simone-dutra\/"}]}},"_links":{"self":[{"href":"https:\/\/jornaltimoneiro.com.br\/index.php\/wp-json\/wp\/v2\/posts\/38591"}],"collection":[{"href":"https:\/\/jornaltimoneiro.com.br\/index.php\/wp-json\/wp\/v2\/posts"}],"about":[{"href":"https:\/\/jornaltimoneiro.com.br\/index.php\/wp-json\/wp\/v2\/types\/post"}],"author":[{"embeddable":true,"href":"https:\/\/jornaltimoneiro.com.br\/index.php\/wp-json\/wp\/v2\/users\/2"}],"replies":[{"embeddable":true,"href":"https:\/\/jornaltimoneiro.com.br\/index.php\/wp-json\/wp\/v2\/comments?post=38591"}],"version-history":[{"count":2,"href":"https:\/\/jornaltimoneiro.com.br\/index.php\/wp-json\/wp\/v2\/posts\/38591\/revisions"}],"predecessor-version":[{"id":38623,"href":"https:\/\/jornaltimoneiro.com.br\/index.php\/wp-json\/wp\/v2\/posts\/38591\/revisions\/38623"}],"wp:featuredmedia":[{"embeddable":true,"href":"https:\/\/jornaltimoneiro.com.br\/index.php\/wp-json\/wp\/v2\/media\/38593"}],"wp:attachment":[{"href":"https:\/\/jornaltimoneiro.com.br\/index.php\/wp-json\/wp\/v2\/media?parent=38591"}],"wp:term":[{"taxonomy":"category","embeddable":true,"href":"https:\/\/jornaltimoneiro.com.br\/index.php\/wp-json\/wp\/v2\/categories?post=38591"},{"taxonomy":"post_tag","embeddable":true,"href":"https:\/\/jornaltimoneiro.com.br\/index.php\/wp-json\/wp\/v2\/tags?post=38591"}],"curies":[{"name":"wp","href":"https:\/\/api.w.org\/{rel}","templated":true}]}}