{"id":38576,"date":"2026-01-21T08:52:15","date_gmt":"2026-01-21T11:52:15","guid":{"rendered":"https:\/\/jornaltimoneiro.com.br\/?p=38576"},"modified":"2026-01-21T08:52:15","modified_gmt":"2026-01-21T11:52:15","slug":"canoas-educacao-reformas-volta-as-aulas","status":"publish","type":"post","link":"https:\/\/jornaltimoneiro.com.br\/index.php\/2026\/01\/21\/canoas-educacao-reformas-volta-as-aulas\/","title":{"rendered":"Escolas da rede municipal de Canoas passam por melhorias antes do in\u00edcio do ano letivo de 2026"},"content":{"rendered":"<p data-start=\"0\" data-end=\"329\">Faltando pouco mais de duas semanas para o in\u00edcio do ano letivo, as escolas da Rede Municipal de Ensino de Canoas passam por uma s\u00e9rie de melhorias para receber alunos, professores e fam\u00edlias. As aulas na rede municipal come\u00e7am no dia 6 de fevereiro de 2026, envolvendo 44 escolas de Ensino Fundamental e 38 de Educa\u00e7\u00e3o Infantil.<\/p>\n<p data-start=\"331\" data-end=\"750\">Ao todo, a rede atende cerca de 30 mil estudantes, sendo aproximadamente 25 mil nas EMEFs e 5 mil nas EMEIs, al\u00e9m de contar com cerca de 2,2 mil profissionais da educa\u00e7\u00e3o, entre professores, t\u00e9cnicos e equipes de apoio. Durante o per\u00edodo de recesso escolar, as unidades recebem interven\u00e7\u00f5es como pintura, instala\u00e7\u00e3o de aparelhos de ar-condicionado, conserto de cal\u00e7adas e coloca\u00e7\u00e3o de toldos e coberturas em corredores.<\/p>\n<p data-start=\"752\" data-end=\"1165\">Para a primeira semana de fevereiro, tamb\u00e9m est\u00e3o programados servi\u00e7os de corte de grama e limpeza interna das escolas. Segundo a secret\u00e1ria-adjunta de Educa\u00e7\u00e3o, Gisele Bervig Martins, o trabalho segue mesmo durante as f\u00e9rias.<\/p>\n<blockquote>\n<p data-start=\"752\" data-end=\"1165\">\u201cA Educa\u00e7\u00e3o n\u00e3o para. Enquanto os estudantes aproveitam o per\u00edodo de descanso com suas fam\u00edlias, as escolas recebem melhorias para garantir um retorno com seguran\u00e7a e qualidade\u201d, afirma.<\/p>\n<\/blockquote>\n<p data-start=\"1167\" data-end=\"1614\" data-is-last-node=\"\" data-is-only-node=\"\">Entre as institui\u00e7\u00f5es que passam por obras est\u00e1 a Escola Municipal de Educa\u00e7\u00e3o Infantil Alcy Paulo de Oliveira, conhecida como Cica, localizada no bairro Mato Grande. A unidade foi severamente atingida pela enchente de 2024 e agora recebe melhorias definitivas. No local, est\u00e3o sendo realizadas a troca de azulejos, pintura e a instala\u00e7\u00e3o de 25 aparelhos de ar-condicionado, que ir\u00e3o climatizar todas as salas de aula e os espa\u00e7os administrativos.<\/p>\n","protected":false},"excerpt":{"rendered":"<p>Faltando pouco mais de duas semanas para o in\u00edcio do ano letivo, as escolas da Rede Municipal de Ensino de Canoas passam por uma s\u00e9rie de melhorias para receber alunos, professores e fam\u00edlias. As aulas na rede municipal come\u00e7am no dia 6 de fevereiro de 2026, envolvendo 44 escolas de Ensino Fundamental e 38 de [&hellip;]<\/p>\n","protected":false},"author":2,"featured_media":38577,"comment_status":"open","ping_status":"open","sticky":false,"template":"","format":"standard","meta":{"amp_status":"","footnotes":""},"categories":[2210],"tags":[31,64,190,4986,81],"class_list":["post-38576","post","type-post","status-publish","format-standard","has-post-thumbnail","hentry","category-educacao","tag-canoas","tag-educacao","tag-featured","tag-reformas","tag-volta-as-aulas"],"yoast_head":"<!-- This site is optimized with the Yoast SEO plugin v20.5 - https:\/\/yoast.com\/wordpress\/plugins\/seo\/ -->\n<title>Escolas da rede municipal de Canoas passam por melhorias antes do in\u00edcio do ano letivo de 2026 - O Timoneiro Jornal Canoas RS<\/title>\n<meta name=\"description\" content=\"Rede Municipal de Ensino de Canoas realiza melhorias nas escolas durante o recesso para receber cerca de 30 mil alunos no in\u00edcio do ano letivo de 2026, que come\u00e7a em 6 de fevereiro.\" \/>\n<meta name=\"robots\" content=\"index, follow, max-snippet:-1, max-image-preview:large, max-video-preview:-1\" \/>\n<link rel=\"canonical\" href=\"https:\/\/jornaltimoneiro.com.br\/index.php\/2026\/01\/21\/canoas-educacao-reformas-volta-as-aulas\/\" \/>\n<meta property=\"og:locale\" content=\"pt_BR\" \/>\n<meta property=\"og:type\" content=\"article\" \/>\n<meta property=\"og:title\" content=\"Escolas da rede municipal de Canoas passam por melhorias antes do in\u00edcio do ano letivo de 2026 - O Timoneiro Jornal Canoas RS\" \/>\n<meta property=\"og:description\" content=\"Rede Municipal de Ensino de Canoas realiza melhorias nas escolas durante o recesso para receber cerca de 30 mil alunos no in\u00edcio do ano letivo de 2026, que come\u00e7a em 6 de fevereiro.\" \/>\n<meta property=\"og:url\" content=\"https:\/\/jornaltimoneiro.com.br\/index.php\/2026\/01\/21\/canoas-educacao-reformas-volta-as-aulas\/\" \/>\n<meta property=\"og:site_name\" content=\"O Timoneiro Jornal Canoas RS\" \/>\n<meta property=\"article:publisher\" content=\"https:\/\/www.facebook.com\/jornaltimoneiro\" \/>\n<meta property=\"article:published_time\" content=\"2026-01-21T11:52:15+00:00\" \/>\n<meta property=\"og:image\" content=\"https:\/\/jornaltimoneiro.com.br\/wp-content\/uploads\/2026\/01\/20-01-25-MELHORIAS-NA-EMEI-CICA-VINICIUS-MEDEIROS-15-scaled-1.jpg\" \/>\n\t<meta property=\"og:image:width\" content=\"2560\" \/>\n\t<meta property=\"og:image:height\" content=\"1707\" \/>\n\t<meta property=\"og:image:type\" content=\"image\/jpeg\" \/>\n<meta name=\"author\" content=\"Reda\u00e7\u00e3o\" \/>\n<meta name=\"twitter:card\" content=\"summary_large_image\" \/>\n<meta name=\"twitter:creator\" content=\"@_OTimoneiro\" \/>\n<meta name=\"twitter:site\" content=\"@_OTimoneiro\" \/>\n<meta name=\"twitter:label1\" content=\"Escrito por\" \/>\n\t<meta name=\"twitter:data1\" content=\"Reda\u00e7\u00e3o\" \/>\n\t<meta name=\"twitter:label2\" content=\"Est. tempo de leitura\" \/>\n\t<meta name=\"twitter:data2\" content=\"2 minutos\" \/>\n<script type=\"application\/ld+json\" class=\"yoast-schema-graph\">{\"@context\":\"https:\/\/schema.org\",\"@graph\":[{\"@type\":\"Article\",\"@id\":\"https:\/\/jornaltimoneiro.com.br\/index.php\/2026\/01\/21\/canoas-educacao-reformas-volta-as-aulas\/#article\",\"isPartOf\":{\"@id\":\"https:\/\/jornaltimoneiro.com.br\/index.php\/2026\/01\/21\/canoas-educacao-reformas-volta-as-aulas\/\"},\"author\":{\"name\":\"Reda\u00e7\u00e3o\",\"@id\":\"https:\/\/jornaltimoneiro.com.br\/#\/schema\/person\/f63482f1a02b1a9592707865e509ab40\"},\"headline\":\"Escolas da rede municipal de Canoas passam por melhorias antes do in\u00edcio do ano letivo de 2026\",\"datePublished\":\"2026-01-21T11:52:15+00:00\",\"dateModified\":\"2026-01-21T11:52:15+00:00\",\"mainEntityOfPage\":{\"@id\":\"https:\/\/jornaltimoneiro.com.br\/index.php\/2026\/01\/21\/canoas-educacao-reformas-volta-as-aulas\/\"},\"wordCount\":293,\"commentCount\":0,\"publisher\":{\"@id\":\"https:\/\/jornaltimoneiro.com.br\/#organization\"},\"keywords\":[\"canoas\",\"Educa\u00e7\u00e3o\",\"featured\",\"Reformas\",\"volta \u00e0s aulas\"],\"articleSection\":[\"Educa\u00e7\u00e3o\"],\"inLanguage\":\"pt-BR\",\"potentialAction\":[{\"@type\":\"CommentAction\",\"name\":\"Comment\",\"target\":[\"https:\/\/jornaltimoneiro.com.br\/index.php\/2026\/01\/21\/canoas-educacao-reformas-volta-as-aulas\/#respond\"]}]},{\"@type\":\"WebPage\",\"@id\":\"https:\/\/jornaltimoneiro.com.br\/index.php\/2026\/01\/21\/canoas-educacao-reformas-volta-as-aulas\/\",\"url\":\"https:\/\/jornaltimoneiro.com.br\/index.php\/2026\/01\/21\/canoas-educacao-reformas-volta-as-aulas\/\",\"name\":\"Escolas da rede municipal de Canoas passam por melhorias antes do in\u00edcio do ano letivo de 2026 - O Timoneiro Jornal Canoas RS\",\"isPartOf\":{\"@id\":\"https:\/\/jornaltimoneiro.com.br\/#website\"},\"datePublished\":\"2026-01-21T11:52:15+00:00\",\"dateModified\":\"2026-01-21T11:52:15+00:00\",\"description\":\"Rede Municipal de Ensino de Canoas realiza melhorias nas escolas durante o recesso para receber cerca de 30 mil alunos no in\u00edcio do ano letivo de 2026, que come\u00e7a em 6 de fevereiro.\",\"breadcrumb\":{\"@id\":\"https:\/\/jornaltimoneiro.com.br\/index.php\/2026\/01\/21\/canoas-educacao-reformas-volta-as-aulas\/#breadcrumb\"},\"inLanguage\":\"pt-BR\",\"potentialAction\":[{\"@type\":\"ReadAction\",\"target\":[\"https:\/\/jornaltimoneiro.com.br\/index.php\/2026\/01\/21\/canoas-educacao-reformas-volta-as-aulas\/\"]}]},{\"@type\":\"BreadcrumbList\",\"@id\":\"https:\/\/jornaltimoneiro.com.br\/index.php\/2026\/01\/21\/canoas-educacao-reformas-volta-as-aulas\/#breadcrumb\",\"itemListElement\":[{\"@type\":\"ListItem\",\"position\":1,\"name\":\"In\u00edcio\",\"item\":\"https:\/\/jornaltimoneiro.com.br\/\"},{\"@type\":\"ListItem\",\"position\":2,\"name\":\"Escolas da rede municipal de Canoas passam por melhorias antes do in\u00edcio do ano letivo de 2026\"}]},{\"@type\":\"WebSite\",\"@id\":\"https:\/\/jornaltimoneiro.com.br\/#website\",\"url\":\"https:\/\/jornaltimoneiro.com.br\/\",\"name\":\"Jornal Timoneiro Canoas RS\",\"description\":\"Jornal O Timoneiro, o verdadeiro jornal de Canoas\",\"publisher\":{\"@id\":\"https:\/\/jornaltimoneiro.com.br\/#organization\"},\"potentialAction\":[{\"@type\":\"SearchAction\",\"target\":{\"@type\":\"EntryPoint\",\"urlTemplate\":\"https:\/\/jornaltimoneiro.com.br\/?s={search_term_string}\"},\"query-input\":\"required name=search_term_string\"}],\"inLanguage\":\"pt-BR\"},{\"@type\":\"Organization\",\"@id\":\"https:\/\/jornaltimoneiro.com.br\/#organization\",\"name\":\"Jornal Timoneiro Canoas RS\",\"url\":\"https:\/\/jornaltimoneiro.com.br\/\",\"logo\":{\"@type\":\"ImageObject\",\"inLanguage\":\"pt-BR\",\"@id\":\"https:\/\/jornaltimoneiro.com.br\/#\/schema\/logo\/image\/\",\"url\":\"https:\/\/jornaltimoneiro.com.br\/wp-content\/uploads\/2023\/03\/logonovo.png\",\"contentUrl\":\"https:\/\/jornaltimoneiro.com.br\/wp-content\/uploads\/2023\/03\/logonovo.png\",\"width\":\"469\",\"height\":\"171\",\"caption\":\"Jornal Timoneiro Canoas RS\"},\"image\":{\"@id\":\"https:\/\/jornaltimoneiro.com.br\/#\/schema\/logo\/image\/\"},\"sameAs\":[\"https:\/\/www.facebook.com\/jornaltimoneiro\",\"https:\/\/twitter.com\/_OTimoneiro\",\"https:\/\/www.instagram.com\/jornaltimoneirocanoas\/\",\"https:\/\/www.youtube.com\/@jornalotimoneiro7927\"]},{\"@type\":\"Person\",\"@id\":\"https:\/\/jornaltimoneiro.com.br\/#\/schema\/person\/f63482f1a02b1a9592707865e509ab40\",\"name\":\"Reda\u00e7\u00e3o\",\"image\":{\"@type\":\"ImageObject\",\"inLanguage\":\"pt-BR\",\"@id\":\"https:\/\/jornaltimoneiro.com.br\/#\/schema\/person\/image\/\",\"url\":\"https:\/\/jornaltimoneiro.com.br\/wp-content\/uploads\/2023\/03\/download.jpeg\",\"contentUrl\":\"https:\/\/jornaltimoneiro.com.br\/wp-content\/uploads\/2023\/03\/download.jpeg\",\"caption\":\"Reda\u00e7\u00e3o\"},\"url\":\"https:\/\/jornaltimoneiro.com.br\/index.php\/author\/simone-dutra\/\"}]}<\/script>\n<!-- \/ Yoast SEO plugin. -->","yoast_head_json":{"title":"Escolas da rede municipal de Canoas passam por melhorias antes do in\u00edcio do ano letivo de 2026 - O Timoneiro Jornal Canoas RS","description":"Rede Municipal de Ensino de Canoas realiza melhorias nas escolas durante o recesso para receber cerca de 30 mil alunos no in\u00edcio do ano letivo de 2026, que come\u00e7a em 6 de fevereiro.","robots":{"index":"index","follow":"follow","max-snippet":"max-snippet:-1","max-image-preview":"max-image-preview:large","max-video-preview":"max-video-preview:-1"},"canonical":"https:\/\/jornaltimoneiro.com.br\/index.php\/2026\/01\/21\/canoas-educacao-reformas-volta-as-aulas\/","og_locale":"pt_BR","og_type":"article","og_title":"Escolas da rede municipal de Canoas passam por melhorias antes do in\u00edcio do ano letivo de 2026 - O Timoneiro Jornal Canoas RS","og_description":"Rede Municipal de Ensino de Canoas realiza melhorias nas escolas durante o recesso para receber cerca de 30 mil alunos no in\u00edcio do ano letivo de 2026, que come\u00e7a em 6 de fevereiro.","og_url":"https:\/\/jornaltimoneiro.com.br\/index.php\/2026\/01\/21\/canoas-educacao-reformas-volta-as-aulas\/","og_site_name":"O Timoneiro Jornal Canoas RS","article_publisher":"https:\/\/www.facebook.com\/jornaltimoneiro","article_published_time":"2026-01-21T11:52:15+00:00","og_image":[{"width":"2560","height":"1707","url":"https:\/\/jornaltimoneiro.com.br\/wp-content\/uploads\/2026\/01\/20-01-25-MELHORIAS-NA-EMEI-CICA-VINICIUS-MEDEIROS-15-scaled-1.jpg","type":"image\/jpeg"}],"author":"Reda\u00e7\u00e3o","twitter_card":"summary_large_image","twitter_creator":"@_OTimoneiro","twitter_site":"@_OTimoneiro","twitter_misc":{"Escrito por":"Reda\u00e7\u00e3o","Est. tempo de leitura":"2 minutos"},"schema":{"@context":"https:\/\/schema.org","@graph":[{"@type":"Article","@id":"https:\/\/jornaltimoneiro.com.br\/index.php\/2026\/01\/21\/canoas-educacao-reformas-volta-as-aulas\/#article","isPartOf":{"@id":"https:\/\/jornaltimoneiro.com.br\/index.php\/2026\/01\/21\/canoas-educacao-reformas-volta-as-aulas\/"},"author":{"name":"Reda\u00e7\u00e3o","@id":"https:\/\/jornaltimoneiro.com.br\/#\/schema\/person\/f63482f1a02b1a9592707865e509ab40"},"headline":"Escolas da rede municipal de Canoas passam por melhorias antes do in\u00edcio do ano letivo de 2026","datePublished":"2026-01-21T11:52:15+00:00","dateModified":"2026-01-21T11:52:15+00:00","mainEntityOfPage":{"@id":"https:\/\/jornaltimoneiro.com.br\/index.php\/2026\/01\/21\/canoas-educacao-reformas-volta-as-aulas\/"},"wordCount":293,"commentCount":0,"publisher":{"@id":"https:\/\/jornaltimoneiro.com.br\/#organization"},"keywords":["canoas","Educa\u00e7\u00e3o","featured","Reformas","volta \u00e0s aulas"],"articleSection":["Educa\u00e7\u00e3o"],"inLanguage":"pt-BR","potentialAction":[{"@type":"CommentAction","name":"Comment","target":["https:\/\/jornaltimoneiro.com.br\/index.php\/2026\/01\/21\/canoas-educacao-reformas-volta-as-aulas\/#respond"]}]},{"@type":"WebPage","@id":"https:\/\/jornaltimoneiro.com.br\/index.php\/2026\/01\/21\/canoas-educacao-reformas-volta-as-aulas\/","url":"https:\/\/jornaltimoneiro.com.br\/index.php\/2026\/01\/21\/canoas-educacao-reformas-volta-as-aulas\/","name":"Escolas da rede municipal de Canoas passam por melhorias antes do in\u00edcio do ano letivo de 2026 - O Timoneiro Jornal Canoas RS","isPartOf":{"@id":"https:\/\/jornaltimoneiro.com.br\/#website"},"datePublished":"2026-01-21T11:52:15+00:00","dateModified":"2026-01-21T11:52:15+00:00","description":"Rede Municipal de Ensino de Canoas realiza melhorias nas escolas durante o recesso para receber cerca de 30 mil alunos no in\u00edcio do ano letivo de 2026, que come\u00e7a em 6 de fevereiro.","breadcrumb":{"@id":"https:\/\/jornaltimoneiro.com.br\/index.php\/2026\/01\/21\/canoas-educacao-reformas-volta-as-aulas\/#breadcrumb"},"inLanguage":"pt-BR","potentialAction":[{"@type":"ReadAction","target":["https:\/\/jornaltimoneiro.com.br\/index.php\/2026\/01\/21\/canoas-educacao-reformas-volta-as-aulas\/"]}]},{"@type":"BreadcrumbList","@id":"https:\/\/jornaltimoneiro.com.br\/index.php\/2026\/01\/21\/canoas-educacao-reformas-volta-as-aulas\/#breadcrumb","itemListElement":[{"@type":"ListItem","position":1,"name":"In\u00edcio","item":"https:\/\/jornaltimoneiro.com.br\/"},{"@type":"ListItem","position":2,"name":"Escolas da rede municipal de Canoas passam por melhorias antes do in\u00edcio do ano letivo de 2026"}]},{"@type":"WebSite","@id":"https:\/\/jornaltimoneiro.com.br\/#website","url":"https:\/\/jornaltimoneiro.com.br\/","name":"Jornal Timoneiro Canoas RS","description":"Jornal O Timoneiro, o verdadeiro jornal de Canoas","publisher":{"@id":"https:\/\/jornaltimoneiro.com.br\/#organization"},"potentialAction":[{"@type":"SearchAction","target":{"@type":"EntryPoint","urlTemplate":"https:\/\/jornaltimoneiro.com.br\/?s={search_term_string}"},"query-input":"required name=search_term_string"}],"inLanguage":"pt-BR"},{"@type":"Organization","@id":"https:\/\/jornaltimoneiro.com.br\/#organization","name":"Jornal Timoneiro Canoas RS","url":"https:\/\/jornaltimoneiro.com.br\/","logo":{"@type":"ImageObject","inLanguage":"pt-BR","@id":"https:\/\/jornaltimoneiro.com.br\/#\/schema\/logo\/image\/","url":"https:\/\/jornaltimoneiro.com.br\/wp-content\/uploads\/2023\/03\/logonovo.png","contentUrl":"https:\/\/jornaltimoneiro.com.br\/wp-content\/uploads\/2023\/03\/logonovo.png","width":"469","height":"171","caption":"Jornal Timoneiro Canoas RS"},"image":{"@id":"https:\/\/jornaltimoneiro.com.br\/#\/schema\/logo\/image\/"},"sameAs":["https:\/\/www.facebook.com\/jornaltimoneiro","https:\/\/twitter.com\/_OTimoneiro","https:\/\/www.instagram.com\/jornaltimoneirocanoas\/","https:\/\/www.youtube.com\/@jornalotimoneiro7927"]},{"@type":"Person","@id":"https:\/\/jornaltimoneiro.com.br\/#\/schema\/person\/f63482f1a02b1a9592707865e509ab40","name":"Reda\u00e7\u00e3o","image":{"@type":"ImageObject","inLanguage":"pt-BR","@id":"https:\/\/jornaltimoneiro.com.br\/#\/schema\/person\/image\/","url":"https:\/\/jornaltimoneiro.com.br\/wp-content\/uploads\/2023\/03\/download.jpeg","contentUrl":"https:\/\/jornaltimoneiro.com.br\/wp-content\/uploads\/2023\/03\/download.jpeg","caption":"Reda\u00e7\u00e3o"},"url":"https:\/\/jornaltimoneiro.com.br\/index.php\/author\/simone-dutra\/"}]}},"_links":{"self":[{"href":"https:\/\/jornaltimoneiro.com.br\/index.php\/wp-json\/wp\/v2\/posts\/38576"}],"collection":[{"href":"https:\/\/jornaltimoneiro.com.br\/index.php\/wp-json\/wp\/v2\/posts"}],"about":[{"href":"https:\/\/jornaltimoneiro.com.br\/index.php\/wp-json\/wp\/v2\/types\/post"}],"author":[{"embeddable":true,"href":"https:\/\/jornaltimoneiro.com.br\/index.php\/wp-json\/wp\/v2\/users\/2"}],"replies":[{"embeddable":true,"href":"https:\/\/jornaltimoneiro.com.br\/index.php\/wp-json\/wp\/v2\/comments?post=38576"}],"version-history":[{"count":1,"href":"https:\/\/jornaltimoneiro.com.br\/index.php\/wp-json\/wp\/v2\/posts\/38576\/revisions"}],"predecessor-version":[{"id":38578,"href":"https:\/\/jornaltimoneiro.com.br\/index.php\/wp-json\/wp\/v2\/posts\/38576\/revisions\/38578"}],"wp:featuredmedia":[{"embeddable":true,"href":"https:\/\/jornaltimoneiro.com.br\/index.php\/wp-json\/wp\/v2\/media\/38577"}],"wp:attachment":[{"href":"https:\/\/jornaltimoneiro.com.br\/index.php\/wp-json\/wp\/v2\/media?parent=38576"}],"wp:term":[{"taxonomy":"category","embeddable":true,"href":"https:\/\/jornaltimoneiro.com.br\/index.php\/wp-json\/wp\/v2\/categories?post=38576"},{"taxonomy":"post_tag","embeddable":true,"href":"https:\/\/jornaltimoneiro.com.br\/index.php\/wp-json\/wp\/v2\/tags?post=38576"}],"curies":[{"name":"wp","href":"https:\/\/api.w.org\/{rel}","templated":true}]}}