{"id":38036,"date":"2025-12-15T23:24:20","date_gmt":"2025-12-16T02:24:20","guid":{"rendered":"https:\/\/jornaltimoneiro.com.br\/?p=38036"},"modified":"2025-12-16T15:20:10","modified_gmt":"2025-12-16T18:20:10","slug":"deise-nunes-lopes-assume-a-presidencia-da-cdl-canoas-no-bienio-2026-2027","status":"publish","type":"post","link":"https:\/\/jornaltimoneiro.com.br\/index.php\/2025\/12\/15\/deise-nunes-lopes-assume-a-presidencia-da-cdl-canoas-no-bienio-2026-2027\/","title":{"rendered":"Deise Nunes Lopes assume a presid\u00eancia da CDL Canoas  no bi\u00eanio 2026\/2027"},"content":{"rendered":"<p data-start=\"160\" data-end=\"397\">A C\u00e2mara de Dirigentes Lojistas de Canoas (CDL Canoas) realizou, na quinta-feira, 11, a Assembleia Geral para a elei\u00e7\u00e3o da diretoria que estar\u00e1 \u00e0 frente da entidade no bi\u00eanio 2026\/2027. O encontro ocorreu \u00e0s 14h, na sede da institui\u00e7\u00e3o.<\/p>\n<p data-start=\"399\" data-end=\"729\">A elei\u00e7\u00e3o contou com chapa \u00fanica, que foi aprovada pelos associados presentes. A nova gest\u00e3o assume a partir de 1\u00ba de janeiro de 2026 e ter\u00e1 como atribui\u00e7\u00f5es a continuidade das a\u00e7\u00f5es voltadas ao fortalecimento do com\u00e9rcio local, ao desenvolvimento econ\u00f4mico do munic\u00edpio e \u00e0 representa\u00e7\u00e3o dos interesses dos empres\u00e1rios de Canoas.<\/p>\n<p data-start=\"399\" data-end=\"729\">A CDL Canoas refor\u00e7a seu compromisso com a transpar\u00eancia, a participa\u00e7\u00e3o dos<br \/>\nassociados e a constru\u00e7\u00e3o de um ambiente cada vez mais favor\u00e1vel aos neg\u00f3cios.<br \/>\nMais informa\u00e7\u00f5es podem ser obtidas junto \u00e0 CDL Canoas.<\/p>\n<h4 data-start=\"1000\" data-end=\"1043\"><strong data-start=\"1000\" data-end=\"1043\">Diretoria CDL Canoas \u2013 Bi\u00eanio 2026\/2027<\/strong><\/h4>\n<p data-start=\"1045\" data-end=\"1082\"><strong data-start=\"1045\" data-end=\"1060\">Presidente:<\/strong><br data-start=\"1060\" data-end=\"1063\" \/>Deise Nunes Lopes<\/p>\n<p data-start=\"1084\" data-end=\"1241\"><strong data-start=\"1084\" data-end=\"1105\">Vice-presidentes:<\/strong><br data-start=\"1105\" data-end=\"1108\" \/>Felipe Franzon<br data-start=\"1122\" data-end=\"1125\" \/>Marcelo Moschetta<br data-start=\"1142\" data-end=\"1145\" \/>Lucas Turk de Almeida<br data-start=\"1166\" data-end=\"1169\" \/>Sandra Ceratti<br data-start=\"1183\" data-end=\"1186\" \/>Tamires Sbruzzi Fetter<br data-start=\"1208\" data-end=\"1211\" \/>Janynne Dornelles Meneghetti<\/p>\n<p data-start=\"1243\" data-end=\"1294\"><strong data-start=\"1243\" data-end=\"1258\">Tesoureiro:<\/strong><br data-start=\"1258\" data-end=\"1261\" \/>Luiz Fernando Santanna da Silva<\/p>\n<p data-start=\"1296\" data-end=\"1645\"><strong data-start=\"1296\" data-end=\"1310\">Diretores:<\/strong><br data-start=\"1310\" data-end=\"1313\" \/>Eltamar Salvadori<br data-start=\"1330\" data-end=\"1333\" \/>Bruno Hass<br data-start=\"1343\" data-end=\"1346\" \/>Eduardo Silva da Silva<br data-start=\"1368\" data-end=\"1371\" \/>Leonardo Rebello<br data-start=\"1387\" data-end=\"1390\" \/>Jos\u00e9 Alberto Manfroi Vargas<br data-start=\"1417\" data-end=\"1420\" \/>Charles da Silva Peixoto<br data-start=\"1444\" data-end=\"1447\" \/>Cristiano Borba<br data-start=\"1462\" data-end=\"1465\" \/>Andressa Barili<br data-start=\"1480\" data-end=\"1483\" \/>Hamudeh Said Baja<br data-start=\"1500\" data-end=\"1503\" \/>Lucas Rapach<br data-start=\"1515\" data-end=\"1518\" \/>Matheus Viezzer<br data-start=\"1533\" data-end=\"1536\" \/>Fabricio Baruffi<br data-start=\"1552\" data-end=\"1555\" \/>Andresa Invernezzi Bassani<br data-start=\"1581\" data-end=\"1584\" \/>Adriana Moraes Rodrigues<br data-start=\"1608\" data-end=\"1611\" \/>Luciano Santos<br data-start=\"1625\" data-end=\"1628\" \/>Rodrigo Miranda<\/p>\n<p data-start=\"1647\" data-end=\"1751\"><strong data-start=\"1647\" data-end=\"1679\">Conselho Fiscal \u2013 Titulares:<\/strong><br data-start=\"1679\" data-end=\"1682\" \/>Ant\u00f4nio Odir Rapach<br data-start=\"1701\" data-end=\"1704\" \/>M\u00e1rcio Rossoni<br data-start=\"1718\" data-end=\"1721\" \/>Matheus Fernandes dos Santos<\/p>\n<p data-start=\"1753\" data-end=\"1855\"><strong data-start=\"1753\" data-end=\"1785\">Conselho Fiscal \u2013 Suplentes:<\/strong><br data-start=\"1785\" data-end=\"1788\" \/>Juliana Guterres<br data-start=\"1804\" data-end=\"1807\" \/>Helton Marin<br data-start=\"1819\" data-end=\"1822\" \/>Andiara Maciel Bohrer Rodrigues<\/p>\n","protected":false},"excerpt":{"rendered":"<p>A C\u00e2mara de Dirigentes Lojistas de Canoas (CDL Canoas) realizou, na quinta-feira, 11, a Assembleia Geral para a elei\u00e7\u00e3o da diretoria que estar\u00e1 \u00e0 frente da entidade no bi\u00eanio 2026\/2027. O encontro ocorreu \u00e0s 14h, na sede da institui\u00e7\u00e3o. A elei\u00e7\u00e3o contou com chapa \u00fanica, que foi aprovada pelos associados presentes. A nova gest\u00e3o assume [&hellip;]<\/p>\n","protected":false},"author":2,"featured_media":38037,"comment_status":"open","ping_status":"open","sticky":false,"template":"","format":"standard","meta":{"amp_status":"","footnotes":""},"categories":[23],"tags":[31,2994,190],"class_list":["post-38036","post","type-post","status-publish","format-standard","has-post-thumbnail","hentry","category-geral","tag-canoas","tag-cdl-canoas","tag-featured"],"yoast_head":"<!-- This site is optimized with the Yoast SEO plugin v20.5 - https:\/\/yoast.com\/wordpress\/plugins\/seo\/ -->\n<title>Deise Nunes Lopes assume a presid\u00eancia da CDL Canoas no bi\u00eanio 2026\/2027 - O Timoneiro Jornal Canoas RS<\/title>\n<meta name=\"description\" content=\"CDL Canoas realiza assembleia e elege, com chapa \u00fanica, a nova diretoria que comandar\u00e1 a entidade no bi\u00eanio 2026\/2027, com posse prevista para janeiro de 2026.\" \/>\n<meta name=\"robots\" content=\"index, follow, max-snippet:-1, max-image-preview:large, max-video-preview:-1\" \/>\n<link rel=\"canonical\" href=\"https:\/\/jornaltimoneiro.com.br\/index.php\/2025\/12\/15\/deise-nunes-lopes-assume-a-presidencia-da-cdl-canoas-no-bienio-2026-2027\/\" \/>\n<meta property=\"og:locale\" content=\"pt_BR\" \/>\n<meta property=\"og:type\" content=\"article\" \/>\n<meta property=\"og:title\" content=\"Deise Nunes Lopes assume a presid\u00eancia da CDL Canoas no bi\u00eanio 2026\/2027 - O Timoneiro Jornal Canoas RS\" \/>\n<meta property=\"og:description\" content=\"CDL Canoas realiza assembleia e elege, com chapa \u00fanica, a nova diretoria que comandar\u00e1 a entidade no bi\u00eanio 2026\/2027, com posse prevista para janeiro de 2026.\" \/>\n<meta property=\"og:url\" content=\"https:\/\/jornaltimoneiro.com.br\/index.php\/2025\/12\/15\/deise-nunes-lopes-assume-a-presidencia-da-cdl-canoas-no-bienio-2026-2027\/\" \/>\n<meta property=\"og:site_name\" content=\"O Timoneiro Jornal Canoas RS\" \/>\n<meta property=\"article:publisher\" content=\"https:\/\/www.facebook.com\/jornaltimoneiro\" \/>\n<meta property=\"article:published_time\" content=\"2025-12-16T02:24:20+00:00\" \/>\n<meta property=\"article:modified_time\" content=\"2025-12-16T18:20:10+00:00\" \/>\n<meta property=\"og:image\" content=\"https:\/\/jornaltimoneiro.com.br\/wp-content\/uploads\/2025\/12\/IMG_0328-scaled.jpg\" \/>\n\t<meta property=\"og:image:width\" content=\"2560\" \/>\n\t<meta property=\"og:image:height\" content=\"1707\" \/>\n\t<meta property=\"og:image:type\" content=\"image\/jpeg\" \/>\n<meta name=\"author\" content=\"Reda\u00e7\u00e3o\" \/>\n<meta name=\"twitter:card\" content=\"summary_large_image\" \/>\n<meta name=\"twitter:creator\" content=\"@_OTimoneiro\" \/>\n<meta name=\"twitter:site\" content=\"@_OTimoneiro\" \/>\n<meta name=\"twitter:label1\" content=\"Escrito por\" \/>\n\t<meta name=\"twitter:data1\" content=\"Reda\u00e7\u00e3o\" \/>\n\t<meta name=\"twitter:label2\" content=\"Est. tempo de leitura\" \/>\n\t<meta name=\"twitter:data2\" content=\"2 minutos\" \/>\n<script type=\"application\/ld+json\" class=\"yoast-schema-graph\">{\"@context\":\"https:\/\/schema.org\",\"@graph\":[{\"@type\":\"Article\",\"@id\":\"https:\/\/jornaltimoneiro.com.br\/index.php\/2025\/12\/15\/deise-nunes-lopes-assume-a-presidencia-da-cdl-canoas-no-bienio-2026-2027\/#article\",\"isPartOf\":{\"@id\":\"https:\/\/jornaltimoneiro.com.br\/index.php\/2025\/12\/15\/deise-nunes-lopes-assume-a-presidencia-da-cdl-canoas-no-bienio-2026-2027\/\"},\"author\":{\"name\":\"Reda\u00e7\u00e3o\",\"@id\":\"https:\/\/jornaltimoneiro.com.br\/#\/schema\/person\/f63482f1a02b1a9592707865e509ab40\"},\"headline\":\"Deise Nunes Lopes assume a presid\u00eancia da CDL Canoas no bi\u00eanio 2026\/2027\",\"datePublished\":\"2025-12-16T02:24:20+00:00\",\"dateModified\":\"2025-12-16T18:20:10+00:00\",\"mainEntityOfPage\":{\"@id\":\"https:\/\/jornaltimoneiro.com.br\/index.php\/2025\/12\/15\/deise-nunes-lopes-assume-a-presidencia-da-cdl-canoas-no-bienio-2026-2027\/\"},\"wordCount\":226,\"commentCount\":0,\"publisher\":{\"@id\":\"https:\/\/jornaltimoneiro.com.br\/#organization\"},\"keywords\":[\"canoas\",\"CDL Canoas\",\"featured\"],\"articleSection\":[\"Geral\"],\"inLanguage\":\"pt-BR\",\"potentialAction\":[{\"@type\":\"CommentAction\",\"name\":\"Comment\",\"target\":[\"https:\/\/jornaltimoneiro.com.br\/index.php\/2025\/12\/15\/deise-nunes-lopes-assume-a-presidencia-da-cdl-canoas-no-bienio-2026-2027\/#respond\"]}]},{\"@type\":\"WebPage\",\"@id\":\"https:\/\/jornaltimoneiro.com.br\/index.php\/2025\/12\/15\/deise-nunes-lopes-assume-a-presidencia-da-cdl-canoas-no-bienio-2026-2027\/\",\"url\":\"https:\/\/jornaltimoneiro.com.br\/index.php\/2025\/12\/15\/deise-nunes-lopes-assume-a-presidencia-da-cdl-canoas-no-bienio-2026-2027\/\",\"name\":\"Deise Nunes Lopes assume a presid\u00eancia da CDL Canoas no bi\u00eanio 2026\/2027 - O Timoneiro Jornal Canoas RS\",\"isPartOf\":{\"@id\":\"https:\/\/jornaltimoneiro.com.br\/#website\"},\"datePublished\":\"2025-12-16T02:24:20+00:00\",\"dateModified\":\"2025-12-16T18:20:10+00:00\",\"description\":\"CDL Canoas realiza assembleia e elege, com chapa \u00fanica, a nova diretoria que comandar\u00e1 a entidade no bi\u00eanio 2026\/2027, com posse prevista para janeiro de 2026.\",\"breadcrumb\":{\"@id\":\"https:\/\/jornaltimoneiro.com.br\/index.php\/2025\/12\/15\/deise-nunes-lopes-assume-a-presidencia-da-cdl-canoas-no-bienio-2026-2027\/#breadcrumb\"},\"inLanguage\":\"pt-BR\",\"potentialAction\":[{\"@type\":\"ReadAction\",\"target\":[\"https:\/\/jornaltimoneiro.com.br\/index.php\/2025\/12\/15\/deise-nunes-lopes-assume-a-presidencia-da-cdl-canoas-no-bienio-2026-2027\/\"]}]},{\"@type\":\"BreadcrumbList\",\"@id\":\"https:\/\/jornaltimoneiro.com.br\/index.php\/2025\/12\/15\/deise-nunes-lopes-assume-a-presidencia-da-cdl-canoas-no-bienio-2026-2027\/#breadcrumb\",\"itemListElement\":[{\"@type\":\"ListItem\",\"position\":1,\"name\":\"In\u00edcio\",\"item\":\"https:\/\/jornaltimoneiro.com.br\/\"},{\"@type\":\"ListItem\",\"position\":2,\"name\":\"Deise Nunes Lopes assume a presid\u00eancia da CDL Canoas no bi\u00eanio 2026\/2027\"}]},{\"@type\":\"WebSite\",\"@id\":\"https:\/\/jornaltimoneiro.com.br\/#website\",\"url\":\"https:\/\/jornaltimoneiro.com.br\/\",\"name\":\"Jornal Timoneiro Canoas RS\",\"description\":\"Jornal O Timoneiro, o verdadeiro jornal de Canoas\",\"publisher\":{\"@id\":\"https:\/\/jornaltimoneiro.com.br\/#organization\"},\"potentialAction\":[{\"@type\":\"SearchAction\",\"target\":{\"@type\":\"EntryPoint\",\"urlTemplate\":\"https:\/\/jornaltimoneiro.com.br\/?s={search_term_string}\"},\"query-input\":\"required name=search_term_string\"}],\"inLanguage\":\"pt-BR\"},{\"@type\":\"Organization\",\"@id\":\"https:\/\/jornaltimoneiro.com.br\/#organization\",\"name\":\"Jornal Timoneiro Canoas RS\",\"url\":\"https:\/\/jornaltimoneiro.com.br\/\",\"logo\":{\"@type\":\"ImageObject\",\"inLanguage\":\"pt-BR\",\"@id\":\"https:\/\/jornaltimoneiro.com.br\/#\/schema\/logo\/image\/\",\"url\":\"https:\/\/jornaltimoneiro.com.br\/wp-content\/uploads\/2023\/03\/logonovo.png\",\"contentUrl\":\"https:\/\/jornaltimoneiro.com.br\/wp-content\/uploads\/2023\/03\/logonovo.png\",\"width\":\"469\",\"height\":\"171\",\"caption\":\"Jornal Timoneiro Canoas RS\"},\"image\":{\"@id\":\"https:\/\/jornaltimoneiro.com.br\/#\/schema\/logo\/image\/\"},\"sameAs\":[\"https:\/\/www.facebook.com\/jornaltimoneiro\",\"https:\/\/twitter.com\/_OTimoneiro\",\"https:\/\/www.instagram.com\/jornaltimoneirocanoas\/\",\"https:\/\/www.youtube.com\/@jornalotimoneiro7927\"]},{\"@type\":\"Person\",\"@id\":\"https:\/\/jornaltimoneiro.com.br\/#\/schema\/person\/f63482f1a02b1a9592707865e509ab40\",\"name\":\"Reda\u00e7\u00e3o\",\"image\":{\"@type\":\"ImageObject\",\"inLanguage\":\"pt-BR\",\"@id\":\"https:\/\/jornaltimoneiro.com.br\/#\/schema\/person\/image\/\",\"url\":\"https:\/\/jornaltimoneiro.com.br\/wp-content\/uploads\/2023\/03\/download.jpeg\",\"contentUrl\":\"https:\/\/jornaltimoneiro.com.br\/wp-content\/uploads\/2023\/03\/download.jpeg\",\"caption\":\"Reda\u00e7\u00e3o\"},\"url\":\"https:\/\/jornaltimoneiro.com.br\/index.php\/author\/simone-dutra\/\"}]}<\/script>\n<!-- \/ Yoast SEO plugin. -->","yoast_head_json":{"title":"Deise Nunes Lopes assume a presid\u00eancia da CDL Canoas no bi\u00eanio 2026\/2027 - O Timoneiro Jornal Canoas RS","description":"CDL Canoas realiza assembleia e elege, com chapa \u00fanica, a nova diretoria que comandar\u00e1 a entidade no bi\u00eanio 2026\/2027, com posse prevista para janeiro de 2026.","robots":{"index":"index","follow":"follow","max-snippet":"max-snippet:-1","max-image-preview":"max-image-preview:large","max-video-preview":"max-video-preview:-1"},"canonical":"https:\/\/jornaltimoneiro.com.br\/index.php\/2025\/12\/15\/deise-nunes-lopes-assume-a-presidencia-da-cdl-canoas-no-bienio-2026-2027\/","og_locale":"pt_BR","og_type":"article","og_title":"Deise Nunes Lopes assume a presid\u00eancia da CDL Canoas no bi\u00eanio 2026\/2027 - O Timoneiro Jornal Canoas RS","og_description":"CDL Canoas realiza assembleia e elege, com chapa \u00fanica, a nova diretoria que comandar\u00e1 a entidade no bi\u00eanio 2026\/2027, com posse prevista para janeiro de 2026.","og_url":"https:\/\/jornaltimoneiro.com.br\/index.php\/2025\/12\/15\/deise-nunes-lopes-assume-a-presidencia-da-cdl-canoas-no-bienio-2026-2027\/","og_site_name":"O Timoneiro Jornal Canoas RS","article_publisher":"https:\/\/www.facebook.com\/jornaltimoneiro","article_published_time":"2025-12-16T02:24:20+00:00","article_modified_time":"2025-12-16T18:20:10+00:00","og_image":[{"width":"2560","height":"1707","url":"https:\/\/jornaltimoneiro.com.br\/wp-content\/uploads\/2025\/12\/IMG_0328-scaled.jpg","type":"image\/jpeg"}],"author":"Reda\u00e7\u00e3o","twitter_card":"summary_large_image","twitter_creator":"@_OTimoneiro","twitter_site":"@_OTimoneiro","twitter_misc":{"Escrito por":"Reda\u00e7\u00e3o","Est. tempo de leitura":"2 minutos"},"schema":{"@context":"https:\/\/schema.org","@graph":[{"@type":"Article","@id":"https:\/\/jornaltimoneiro.com.br\/index.php\/2025\/12\/15\/deise-nunes-lopes-assume-a-presidencia-da-cdl-canoas-no-bienio-2026-2027\/#article","isPartOf":{"@id":"https:\/\/jornaltimoneiro.com.br\/index.php\/2025\/12\/15\/deise-nunes-lopes-assume-a-presidencia-da-cdl-canoas-no-bienio-2026-2027\/"},"author":{"name":"Reda\u00e7\u00e3o","@id":"https:\/\/jornaltimoneiro.com.br\/#\/schema\/person\/f63482f1a02b1a9592707865e509ab40"},"headline":"Deise Nunes Lopes assume a presid\u00eancia da CDL Canoas no bi\u00eanio 2026\/2027","datePublished":"2025-12-16T02:24:20+00:00","dateModified":"2025-12-16T18:20:10+00:00","mainEntityOfPage":{"@id":"https:\/\/jornaltimoneiro.com.br\/index.php\/2025\/12\/15\/deise-nunes-lopes-assume-a-presidencia-da-cdl-canoas-no-bienio-2026-2027\/"},"wordCount":226,"commentCount":0,"publisher":{"@id":"https:\/\/jornaltimoneiro.com.br\/#organization"},"keywords":["canoas","CDL Canoas","featured"],"articleSection":["Geral"],"inLanguage":"pt-BR","potentialAction":[{"@type":"CommentAction","name":"Comment","target":["https:\/\/jornaltimoneiro.com.br\/index.php\/2025\/12\/15\/deise-nunes-lopes-assume-a-presidencia-da-cdl-canoas-no-bienio-2026-2027\/#respond"]}]},{"@type":"WebPage","@id":"https:\/\/jornaltimoneiro.com.br\/index.php\/2025\/12\/15\/deise-nunes-lopes-assume-a-presidencia-da-cdl-canoas-no-bienio-2026-2027\/","url":"https:\/\/jornaltimoneiro.com.br\/index.php\/2025\/12\/15\/deise-nunes-lopes-assume-a-presidencia-da-cdl-canoas-no-bienio-2026-2027\/","name":"Deise Nunes Lopes assume a presid\u00eancia da CDL Canoas no bi\u00eanio 2026\/2027 - O Timoneiro Jornal Canoas RS","isPartOf":{"@id":"https:\/\/jornaltimoneiro.com.br\/#website"},"datePublished":"2025-12-16T02:24:20+00:00","dateModified":"2025-12-16T18:20:10+00:00","description":"CDL Canoas realiza assembleia e elege, com chapa \u00fanica, a nova diretoria que comandar\u00e1 a entidade no bi\u00eanio 2026\/2027, com posse prevista para janeiro de 2026.","breadcrumb":{"@id":"https:\/\/jornaltimoneiro.com.br\/index.php\/2025\/12\/15\/deise-nunes-lopes-assume-a-presidencia-da-cdl-canoas-no-bienio-2026-2027\/#breadcrumb"},"inLanguage":"pt-BR","potentialAction":[{"@type":"ReadAction","target":["https:\/\/jornaltimoneiro.com.br\/index.php\/2025\/12\/15\/deise-nunes-lopes-assume-a-presidencia-da-cdl-canoas-no-bienio-2026-2027\/"]}]},{"@type":"BreadcrumbList","@id":"https:\/\/jornaltimoneiro.com.br\/index.php\/2025\/12\/15\/deise-nunes-lopes-assume-a-presidencia-da-cdl-canoas-no-bienio-2026-2027\/#breadcrumb","itemListElement":[{"@type":"ListItem","position":1,"name":"In\u00edcio","item":"https:\/\/jornaltimoneiro.com.br\/"},{"@type":"ListItem","position":2,"name":"Deise Nunes Lopes assume a presid\u00eancia da CDL Canoas no bi\u00eanio 2026\/2027"}]},{"@type":"WebSite","@id":"https:\/\/jornaltimoneiro.com.br\/#website","url":"https:\/\/jornaltimoneiro.com.br\/","name":"Jornal Timoneiro Canoas RS","description":"Jornal O Timoneiro, o verdadeiro jornal de Canoas","publisher":{"@id":"https:\/\/jornaltimoneiro.com.br\/#organization"},"potentialAction":[{"@type":"SearchAction","target":{"@type":"EntryPoint","urlTemplate":"https:\/\/jornaltimoneiro.com.br\/?s={search_term_string}"},"query-input":"required name=search_term_string"}],"inLanguage":"pt-BR"},{"@type":"Organization","@id":"https:\/\/jornaltimoneiro.com.br\/#organization","name":"Jornal Timoneiro Canoas RS","url":"https:\/\/jornaltimoneiro.com.br\/","logo":{"@type":"ImageObject","inLanguage":"pt-BR","@id":"https:\/\/jornaltimoneiro.com.br\/#\/schema\/logo\/image\/","url":"https:\/\/jornaltimoneiro.com.br\/wp-content\/uploads\/2023\/03\/logonovo.png","contentUrl":"https:\/\/jornaltimoneiro.com.br\/wp-content\/uploads\/2023\/03\/logonovo.png","width":"469","height":"171","caption":"Jornal Timoneiro Canoas RS"},"image":{"@id":"https:\/\/jornaltimoneiro.com.br\/#\/schema\/logo\/image\/"},"sameAs":["https:\/\/www.facebook.com\/jornaltimoneiro","https:\/\/twitter.com\/_OTimoneiro","https:\/\/www.instagram.com\/jornaltimoneirocanoas\/","https:\/\/www.youtube.com\/@jornalotimoneiro7927"]},{"@type":"Person","@id":"https:\/\/jornaltimoneiro.com.br\/#\/schema\/person\/f63482f1a02b1a9592707865e509ab40","name":"Reda\u00e7\u00e3o","image":{"@type":"ImageObject","inLanguage":"pt-BR","@id":"https:\/\/jornaltimoneiro.com.br\/#\/schema\/person\/image\/","url":"https:\/\/jornaltimoneiro.com.br\/wp-content\/uploads\/2023\/03\/download.jpeg","contentUrl":"https:\/\/jornaltimoneiro.com.br\/wp-content\/uploads\/2023\/03\/download.jpeg","caption":"Reda\u00e7\u00e3o"},"url":"https:\/\/jornaltimoneiro.com.br\/index.php\/author\/simone-dutra\/"}]}},"_links":{"self":[{"href":"https:\/\/jornaltimoneiro.com.br\/index.php\/wp-json\/wp\/v2\/posts\/38036"}],"collection":[{"href":"https:\/\/jornaltimoneiro.com.br\/index.php\/wp-json\/wp\/v2\/posts"}],"about":[{"href":"https:\/\/jornaltimoneiro.com.br\/index.php\/wp-json\/wp\/v2\/types\/post"}],"author":[{"embeddable":true,"href":"https:\/\/jornaltimoneiro.com.br\/index.php\/wp-json\/wp\/v2\/users\/2"}],"replies":[{"embeddable":true,"href":"https:\/\/jornaltimoneiro.com.br\/index.php\/wp-json\/wp\/v2\/comments?post=38036"}],"version-history":[{"count":5,"href":"https:\/\/jornaltimoneiro.com.br\/index.php\/wp-json\/wp\/v2\/posts\/38036\/revisions"}],"predecessor-version":[{"id":38045,"href":"https:\/\/jornaltimoneiro.com.br\/index.php\/wp-json\/wp\/v2\/posts\/38036\/revisions\/38045"}],"wp:featuredmedia":[{"embeddable":true,"href":"https:\/\/jornaltimoneiro.com.br\/index.php\/wp-json\/wp\/v2\/media\/38037"}],"wp:attachment":[{"href":"https:\/\/jornaltimoneiro.com.br\/index.php\/wp-json\/wp\/v2\/media?parent=38036"}],"wp:term":[{"taxonomy":"category","embeddable":true,"href":"https:\/\/jornaltimoneiro.com.br\/index.php\/wp-json\/wp\/v2\/categories?post=38036"},{"taxonomy":"post_tag","embeddable":true,"href":"https:\/\/jornaltimoneiro.com.br\/index.php\/wp-json\/wp\/v2\/tags?post=38036"}],"curies":[{"name":"wp","href":"https:\/\/api.w.org\/{rel}","templated":true}]}}