{"id":37986,"date":"2025-12-11T10:37:12","date_gmt":"2025-12-11T13:37:12","guid":{"rendered":"https:\/\/jornaltimoneiro.com.br\/?p=37986"},"modified":"2025-12-11T10:37:12","modified_gmt":"2025-12-11T13:37:12","slug":"canoas-homenagem-vitima-feminicidio","status":"publish","type":"post","link":"https:\/\/jornaltimoneiro.com.br\/index.php\/2025\/12\/11\/canoas-homenagem-vitima-feminicidio\/","title":{"rendered":"C\u00e2mara aprova nome de pra\u00e7a em homenagem a enfermeira Patr\u00edcia Santos, v\u00edtima de feminic\u00eddio"},"content":{"rendered":"<p data-start=\"83\" data-end=\"376\">C\u00e2mara Municipal de Canoas aprovou por unanimidade, na ter\u00e7a-feira, 9, o Projeto de Lei Legislativo n\u00ba 139\/2025, que denomina a pra\u00e7a localizada na Rua Arroio Teixeira, no bairro Est\u00e2ncia Velha, como Pra\u00e7a Patr\u00edcia Rosa dos Santos. A iniciativa \u00e9 de autoria do vereador Cris Moraes (PV).<\/p>\n<p data-start=\"378\" data-end=\"731\">Patr\u00edcia Santos, enfermeira do Hospital de Pronto Socorro de Canoas, foi morta em 2024. O principal suspeito \u00e9 seu ent\u00e3o companheiro, m\u00e9dico, que segue preso preventivamente. Durante a discuss\u00e3o da proposta, o vereador ressaltou o car\u00e1ter simb\u00f3lico da nomea\u00e7\u00e3o e citou a necessidade de medidas mais efetivas de enfrentamento \u00e0 viol\u00eancia contra a mulher.<\/p>\n<blockquote>\n<p data-start=\"378\" data-end=\"731\">\u201cEssa homenagem carrega mem\u00f3ria, justi\u00e7a e amor. A forma como a Pati nos deixou foi cruel. Ela foi v\u00edtima de um feminic\u00eddio calculado, cometido por quem deveria proteg\u00ea-la. N\u00e3o podemos permitir que hist\u00f3rias como essa continuem acontecendo. Este projeto \u00e9 um marco para que a cidade de Canoas diga, em voz alta, que n\u00e3o esquecer\u00e1 o que aconteceu com a Patr\u00edcia \u2013 e que nenhuma outra mulher deve passar por isso\u201d, afirmou o parlamentar.<\/p>\n<\/blockquote>\n<p data-start=\"733\" data-end=\"936\">Em plen\u00e1rio, Cris Moraes mencionou a trajet\u00f3ria profissional da v\u00edtima e a mobiliza\u00e7\u00e3o de seus familiares, que t\u00eam cobrado responsabiliza\u00e7\u00e3o pelo crime e atuado para manter a mem\u00f3ria da enfermeira presente.<\/p>\n<p data-start=\"938\" data-end=\"1138\" data-is-last-node=\"\" data-is-only-node=\"\">Com a aprova\u00e7\u00e3o do projeto, a Pra\u00e7a Patr\u00edcia Rosa dos Santos passa a integrar oficialmente o mapa urbano do munic\u00edpio. A san\u00e7\u00e3o e a instala\u00e7\u00e3o da placa com o novo nome devem ocorrer nos pr\u00f3ximos dias.<\/p>\n","protected":false},"excerpt":{"rendered":"<p>C\u00e2mara Municipal de Canoas aprovou por unanimidade, na ter\u00e7a-feira, 9, o Projeto de Lei Legislativo n\u00ba 139\/2025, que denomina a pra\u00e7a localizada na Rua Arroio Teixeira, no bairro Est\u00e2ncia Velha, como Pra\u00e7a Patr\u00edcia Rosa dos Santos. A iniciativa \u00e9 de autoria do vereador Cris Moraes (PV). Patr\u00edcia Santos, enfermeira do Hospital de Pronto Socorro de [&hellip;]<\/p>\n","protected":false},"author":2,"featured_media":37987,"comment_status":"open","ping_status":"open","sticky":false,"template":"","format":"standard","meta":{"amp_status":"","footnotes":""},"categories":[23],"tags":[31,190,3588],"class_list":["post-37986","post","type-post","status-publish","format-standard","has-post-thumbnail","hentry","category-geral","tag-canoas","tag-featured","tag-feminicidio"],"yoast_head":"<!-- This site is optimized with the Yoast SEO plugin v20.5 - https:\/\/yoast.com\/wordpress\/plugins\/seo\/ -->\n<title>C\u00e2mara aprova nome de pra\u00e7a em homenagem a enfermeira Patr\u00edcia Santos, v\u00edtima de feminic\u00eddio - O Timoneiro Jornal Canoas RS<\/title>\n<meta name=\"description\" content=\"C\u00e2mara de Canoas aprova por unanimidade a nomea\u00e7\u00e3o da Pra\u00e7a Patr\u00edcia Rosa dos Santos, em mem\u00f3ria da enfermeira v\u00edtima de feminic\u00eddio em 2024\" \/>\n<meta name=\"robots\" content=\"index, follow, max-snippet:-1, max-image-preview:large, max-video-preview:-1\" \/>\n<link rel=\"canonical\" href=\"https:\/\/jornaltimoneiro.com.br\/index.php\/2025\/12\/11\/canoas-homenagem-vitima-feminicidio\/\" \/>\n<meta property=\"og:locale\" content=\"pt_BR\" \/>\n<meta property=\"og:type\" content=\"article\" \/>\n<meta property=\"og:title\" content=\"C\u00e2mara aprova nome de pra\u00e7a em homenagem a enfermeira Patr\u00edcia Santos, v\u00edtima de feminic\u00eddio - O Timoneiro Jornal Canoas RS\" \/>\n<meta property=\"og:description\" content=\"C\u00e2mara de Canoas aprova por unanimidade a nomea\u00e7\u00e3o da Pra\u00e7a Patr\u00edcia Rosa dos Santos, em mem\u00f3ria da enfermeira v\u00edtima de feminic\u00eddio em 2024\" \/>\n<meta property=\"og:url\" content=\"https:\/\/jornaltimoneiro.com.br\/index.php\/2025\/12\/11\/canoas-homenagem-vitima-feminicidio\/\" \/>\n<meta property=\"og:site_name\" content=\"O Timoneiro Jornal Canoas RS\" \/>\n<meta property=\"article:publisher\" content=\"https:\/\/www.facebook.com\/jornaltimoneiro\" \/>\n<meta property=\"article:published_time\" content=\"2025-12-11T13:37:12+00:00\" \/>\n<meta property=\"og:image\" content=\"https:\/\/jornaltimoneiro.com.br\/wp-content\/uploads\/2025\/12\/WhatsApp-Image-2025-12-11-at-09.41.10.jpeg\" \/>\n\t<meta property=\"og:image:width\" content=\"1280\" \/>\n\t<meta property=\"og:image:height\" content=\"854\" \/>\n\t<meta property=\"og:image:type\" content=\"image\/jpeg\" \/>\n<meta name=\"author\" content=\"Reda\u00e7\u00e3o\" \/>\n<meta name=\"twitter:card\" content=\"summary_large_image\" \/>\n<meta name=\"twitter:creator\" content=\"@_OTimoneiro\" \/>\n<meta name=\"twitter:site\" content=\"@_OTimoneiro\" \/>\n<meta name=\"twitter:label1\" content=\"Escrito por\" \/>\n\t<meta name=\"twitter:data1\" content=\"Reda\u00e7\u00e3o\" \/>\n\t<meta name=\"twitter:label2\" content=\"Est. tempo de leitura\" \/>\n\t<meta name=\"twitter:data2\" content=\"2 minutos\" \/>\n<script type=\"application\/ld+json\" class=\"yoast-schema-graph\">{\"@context\":\"https:\/\/schema.org\",\"@graph\":[{\"@type\":\"Article\",\"@id\":\"https:\/\/jornaltimoneiro.com.br\/index.php\/2025\/12\/11\/canoas-homenagem-vitima-feminicidio\/#article\",\"isPartOf\":{\"@id\":\"https:\/\/jornaltimoneiro.com.br\/index.php\/2025\/12\/11\/canoas-homenagem-vitima-feminicidio\/\"},\"author\":{\"name\":\"Reda\u00e7\u00e3o\",\"@id\":\"https:\/\/jornaltimoneiro.com.br\/#\/schema\/person\/f63482f1a02b1a9592707865e509ab40\"},\"headline\":\"C\u00e2mara aprova nome de pra\u00e7a em homenagem a enfermeira Patr\u00edcia Santos, v\u00edtima de feminic\u00eddio\",\"datePublished\":\"2025-12-11T13:37:12+00:00\",\"dateModified\":\"2025-12-11T13:37:12+00:00\",\"mainEntityOfPage\":{\"@id\":\"https:\/\/jornaltimoneiro.com.br\/index.php\/2025\/12\/11\/canoas-homenagem-vitima-feminicidio\/\"},\"wordCount\":289,\"commentCount\":0,\"publisher\":{\"@id\":\"https:\/\/jornaltimoneiro.com.br\/#organization\"},\"keywords\":[\"canoas\",\"featured\",\"feminic\u00eddio\"],\"articleSection\":[\"Geral\"],\"inLanguage\":\"pt-BR\",\"potentialAction\":[{\"@type\":\"CommentAction\",\"name\":\"Comment\",\"target\":[\"https:\/\/jornaltimoneiro.com.br\/index.php\/2025\/12\/11\/canoas-homenagem-vitima-feminicidio\/#respond\"]}]},{\"@type\":\"WebPage\",\"@id\":\"https:\/\/jornaltimoneiro.com.br\/index.php\/2025\/12\/11\/canoas-homenagem-vitima-feminicidio\/\",\"url\":\"https:\/\/jornaltimoneiro.com.br\/index.php\/2025\/12\/11\/canoas-homenagem-vitima-feminicidio\/\",\"name\":\"C\u00e2mara aprova nome de pra\u00e7a em homenagem a enfermeira Patr\u00edcia Santos, v\u00edtima de feminic\u00eddio - O Timoneiro Jornal Canoas RS\",\"isPartOf\":{\"@id\":\"https:\/\/jornaltimoneiro.com.br\/#website\"},\"datePublished\":\"2025-12-11T13:37:12+00:00\",\"dateModified\":\"2025-12-11T13:37:12+00:00\",\"description\":\"C\u00e2mara de Canoas aprova por unanimidade a nomea\u00e7\u00e3o da Pra\u00e7a Patr\u00edcia Rosa dos Santos, em mem\u00f3ria da enfermeira v\u00edtima de feminic\u00eddio em 2024\",\"breadcrumb\":{\"@id\":\"https:\/\/jornaltimoneiro.com.br\/index.php\/2025\/12\/11\/canoas-homenagem-vitima-feminicidio\/#breadcrumb\"},\"inLanguage\":\"pt-BR\",\"potentialAction\":[{\"@type\":\"ReadAction\",\"target\":[\"https:\/\/jornaltimoneiro.com.br\/index.php\/2025\/12\/11\/canoas-homenagem-vitima-feminicidio\/\"]}]},{\"@type\":\"BreadcrumbList\",\"@id\":\"https:\/\/jornaltimoneiro.com.br\/index.php\/2025\/12\/11\/canoas-homenagem-vitima-feminicidio\/#breadcrumb\",\"itemListElement\":[{\"@type\":\"ListItem\",\"position\":1,\"name\":\"In\u00edcio\",\"item\":\"https:\/\/jornaltimoneiro.com.br\/\"},{\"@type\":\"ListItem\",\"position\":2,\"name\":\"C\u00e2mara aprova nome de pra\u00e7a em homenagem a enfermeira Patr\u00edcia Santos, v\u00edtima de feminic\u00eddio\"}]},{\"@type\":\"WebSite\",\"@id\":\"https:\/\/jornaltimoneiro.com.br\/#website\",\"url\":\"https:\/\/jornaltimoneiro.com.br\/\",\"name\":\"Jornal Timoneiro Canoas RS\",\"description\":\"Jornal O Timoneiro, o verdadeiro jornal de Canoas\",\"publisher\":{\"@id\":\"https:\/\/jornaltimoneiro.com.br\/#organization\"},\"potentialAction\":[{\"@type\":\"SearchAction\",\"target\":{\"@type\":\"EntryPoint\",\"urlTemplate\":\"https:\/\/jornaltimoneiro.com.br\/?s={search_term_string}\"},\"query-input\":\"required name=search_term_string\"}],\"inLanguage\":\"pt-BR\"},{\"@type\":\"Organization\",\"@id\":\"https:\/\/jornaltimoneiro.com.br\/#organization\",\"name\":\"Jornal Timoneiro Canoas RS\",\"url\":\"https:\/\/jornaltimoneiro.com.br\/\",\"logo\":{\"@type\":\"ImageObject\",\"inLanguage\":\"pt-BR\",\"@id\":\"https:\/\/jornaltimoneiro.com.br\/#\/schema\/logo\/image\/\",\"url\":\"https:\/\/jornaltimoneiro.com.br\/wp-content\/uploads\/2023\/03\/logonovo.png\",\"contentUrl\":\"https:\/\/jornaltimoneiro.com.br\/wp-content\/uploads\/2023\/03\/logonovo.png\",\"width\":\"469\",\"height\":\"171\",\"caption\":\"Jornal Timoneiro Canoas RS\"},\"image\":{\"@id\":\"https:\/\/jornaltimoneiro.com.br\/#\/schema\/logo\/image\/\"},\"sameAs\":[\"https:\/\/www.facebook.com\/jornaltimoneiro\",\"https:\/\/twitter.com\/_OTimoneiro\",\"https:\/\/www.instagram.com\/jornaltimoneirocanoas\/\",\"https:\/\/www.youtube.com\/@jornalotimoneiro7927\"]},{\"@type\":\"Person\",\"@id\":\"https:\/\/jornaltimoneiro.com.br\/#\/schema\/person\/f63482f1a02b1a9592707865e509ab40\",\"name\":\"Reda\u00e7\u00e3o\",\"image\":{\"@type\":\"ImageObject\",\"inLanguage\":\"pt-BR\",\"@id\":\"https:\/\/jornaltimoneiro.com.br\/#\/schema\/person\/image\/\",\"url\":\"https:\/\/jornaltimoneiro.com.br\/wp-content\/uploads\/2023\/03\/download.jpeg\",\"contentUrl\":\"https:\/\/jornaltimoneiro.com.br\/wp-content\/uploads\/2023\/03\/download.jpeg\",\"caption\":\"Reda\u00e7\u00e3o\"},\"url\":\"https:\/\/jornaltimoneiro.com.br\/index.php\/author\/simone-dutra\/\"}]}<\/script>\n<!-- \/ Yoast SEO plugin. -->","yoast_head_json":{"title":"C\u00e2mara aprova nome de pra\u00e7a em homenagem a enfermeira Patr\u00edcia Santos, v\u00edtima de feminic\u00eddio - O Timoneiro Jornal Canoas RS","description":"C\u00e2mara de Canoas aprova por unanimidade a nomea\u00e7\u00e3o da Pra\u00e7a Patr\u00edcia Rosa dos Santos, em mem\u00f3ria da enfermeira v\u00edtima de feminic\u00eddio em 2024","robots":{"index":"index","follow":"follow","max-snippet":"max-snippet:-1","max-image-preview":"max-image-preview:large","max-video-preview":"max-video-preview:-1"},"canonical":"https:\/\/jornaltimoneiro.com.br\/index.php\/2025\/12\/11\/canoas-homenagem-vitima-feminicidio\/","og_locale":"pt_BR","og_type":"article","og_title":"C\u00e2mara aprova nome de pra\u00e7a em homenagem a enfermeira Patr\u00edcia Santos, v\u00edtima de feminic\u00eddio - O Timoneiro Jornal Canoas RS","og_description":"C\u00e2mara de Canoas aprova por unanimidade a nomea\u00e7\u00e3o da Pra\u00e7a Patr\u00edcia Rosa dos Santos, em mem\u00f3ria da enfermeira v\u00edtima de feminic\u00eddio em 2024","og_url":"https:\/\/jornaltimoneiro.com.br\/index.php\/2025\/12\/11\/canoas-homenagem-vitima-feminicidio\/","og_site_name":"O Timoneiro Jornal Canoas RS","article_publisher":"https:\/\/www.facebook.com\/jornaltimoneiro","article_published_time":"2025-12-11T13:37:12+00:00","og_image":[{"width":"1280","height":"854","url":"https:\/\/jornaltimoneiro.com.br\/wp-content\/uploads\/2025\/12\/WhatsApp-Image-2025-12-11-at-09.41.10.jpeg","type":"image\/jpeg"}],"author":"Reda\u00e7\u00e3o","twitter_card":"summary_large_image","twitter_creator":"@_OTimoneiro","twitter_site":"@_OTimoneiro","twitter_misc":{"Escrito por":"Reda\u00e7\u00e3o","Est. tempo de leitura":"2 minutos"},"schema":{"@context":"https:\/\/schema.org","@graph":[{"@type":"Article","@id":"https:\/\/jornaltimoneiro.com.br\/index.php\/2025\/12\/11\/canoas-homenagem-vitima-feminicidio\/#article","isPartOf":{"@id":"https:\/\/jornaltimoneiro.com.br\/index.php\/2025\/12\/11\/canoas-homenagem-vitima-feminicidio\/"},"author":{"name":"Reda\u00e7\u00e3o","@id":"https:\/\/jornaltimoneiro.com.br\/#\/schema\/person\/f63482f1a02b1a9592707865e509ab40"},"headline":"C\u00e2mara aprova nome de pra\u00e7a em homenagem a enfermeira Patr\u00edcia Santos, v\u00edtima de feminic\u00eddio","datePublished":"2025-12-11T13:37:12+00:00","dateModified":"2025-12-11T13:37:12+00:00","mainEntityOfPage":{"@id":"https:\/\/jornaltimoneiro.com.br\/index.php\/2025\/12\/11\/canoas-homenagem-vitima-feminicidio\/"},"wordCount":289,"commentCount":0,"publisher":{"@id":"https:\/\/jornaltimoneiro.com.br\/#organization"},"keywords":["canoas","featured","feminic\u00eddio"],"articleSection":["Geral"],"inLanguage":"pt-BR","potentialAction":[{"@type":"CommentAction","name":"Comment","target":["https:\/\/jornaltimoneiro.com.br\/index.php\/2025\/12\/11\/canoas-homenagem-vitima-feminicidio\/#respond"]}]},{"@type":"WebPage","@id":"https:\/\/jornaltimoneiro.com.br\/index.php\/2025\/12\/11\/canoas-homenagem-vitima-feminicidio\/","url":"https:\/\/jornaltimoneiro.com.br\/index.php\/2025\/12\/11\/canoas-homenagem-vitima-feminicidio\/","name":"C\u00e2mara aprova nome de pra\u00e7a em homenagem a enfermeira Patr\u00edcia Santos, v\u00edtima de feminic\u00eddio - O Timoneiro Jornal Canoas RS","isPartOf":{"@id":"https:\/\/jornaltimoneiro.com.br\/#website"},"datePublished":"2025-12-11T13:37:12+00:00","dateModified":"2025-12-11T13:37:12+00:00","description":"C\u00e2mara de Canoas aprova por unanimidade a nomea\u00e7\u00e3o da Pra\u00e7a Patr\u00edcia Rosa dos Santos, em mem\u00f3ria da enfermeira v\u00edtima de feminic\u00eddio em 2024","breadcrumb":{"@id":"https:\/\/jornaltimoneiro.com.br\/index.php\/2025\/12\/11\/canoas-homenagem-vitima-feminicidio\/#breadcrumb"},"inLanguage":"pt-BR","potentialAction":[{"@type":"ReadAction","target":["https:\/\/jornaltimoneiro.com.br\/index.php\/2025\/12\/11\/canoas-homenagem-vitima-feminicidio\/"]}]},{"@type":"BreadcrumbList","@id":"https:\/\/jornaltimoneiro.com.br\/index.php\/2025\/12\/11\/canoas-homenagem-vitima-feminicidio\/#breadcrumb","itemListElement":[{"@type":"ListItem","position":1,"name":"In\u00edcio","item":"https:\/\/jornaltimoneiro.com.br\/"},{"@type":"ListItem","position":2,"name":"C\u00e2mara aprova nome de pra\u00e7a em homenagem a enfermeira Patr\u00edcia Santos, v\u00edtima de feminic\u00eddio"}]},{"@type":"WebSite","@id":"https:\/\/jornaltimoneiro.com.br\/#website","url":"https:\/\/jornaltimoneiro.com.br\/","name":"Jornal Timoneiro Canoas RS","description":"Jornal O Timoneiro, o verdadeiro jornal de Canoas","publisher":{"@id":"https:\/\/jornaltimoneiro.com.br\/#organization"},"potentialAction":[{"@type":"SearchAction","target":{"@type":"EntryPoint","urlTemplate":"https:\/\/jornaltimoneiro.com.br\/?s={search_term_string}"},"query-input":"required name=search_term_string"}],"inLanguage":"pt-BR"},{"@type":"Organization","@id":"https:\/\/jornaltimoneiro.com.br\/#organization","name":"Jornal Timoneiro Canoas RS","url":"https:\/\/jornaltimoneiro.com.br\/","logo":{"@type":"ImageObject","inLanguage":"pt-BR","@id":"https:\/\/jornaltimoneiro.com.br\/#\/schema\/logo\/image\/","url":"https:\/\/jornaltimoneiro.com.br\/wp-content\/uploads\/2023\/03\/logonovo.png","contentUrl":"https:\/\/jornaltimoneiro.com.br\/wp-content\/uploads\/2023\/03\/logonovo.png","width":"469","height":"171","caption":"Jornal Timoneiro Canoas RS"},"image":{"@id":"https:\/\/jornaltimoneiro.com.br\/#\/schema\/logo\/image\/"},"sameAs":["https:\/\/www.facebook.com\/jornaltimoneiro","https:\/\/twitter.com\/_OTimoneiro","https:\/\/www.instagram.com\/jornaltimoneirocanoas\/","https:\/\/www.youtube.com\/@jornalotimoneiro7927"]},{"@type":"Person","@id":"https:\/\/jornaltimoneiro.com.br\/#\/schema\/person\/f63482f1a02b1a9592707865e509ab40","name":"Reda\u00e7\u00e3o","image":{"@type":"ImageObject","inLanguage":"pt-BR","@id":"https:\/\/jornaltimoneiro.com.br\/#\/schema\/person\/image\/","url":"https:\/\/jornaltimoneiro.com.br\/wp-content\/uploads\/2023\/03\/download.jpeg","contentUrl":"https:\/\/jornaltimoneiro.com.br\/wp-content\/uploads\/2023\/03\/download.jpeg","caption":"Reda\u00e7\u00e3o"},"url":"https:\/\/jornaltimoneiro.com.br\/index.php\/author\/simone-dutra\/"}]}},"_links":{"self":[{"href":"https:\/\/jornaltimoneiro.com.br\/index.php\/wp-json\/wp\/v2\/posts\/37986"}],"collection":[{"href":"https:\/\/jornaltimoneiro.com.br\/index.php\/wp-json\/wp\/v2\/posts"}],"about":[{"href":"https:\/\/jornaltimoneiro.com.br\/index.php\/wp-json\/wp\/v2\/types\/post"}],"author":[{"embeddable":true,"href":"https:\/\/jornaltimoneiro.com.br\/index.php\/wp-json\/wp\/v2\/users\/2"}],"replies":[{"embeddable":true,"href":"https:\/\/jornaltimoneiro.com.br\/index.php\/wp-json\/wp\/v2\/comments?post=37986"}],"version-history":[{"count":1,"href":"https:\/\/jornaltimoneiro.com.br\/index.php\/wp-json\/wp\/v2\/posts\/37986\/revisions"}],"predecessor-version":[{"id":37988,"href":"https:\/\/jornaltimoneiro.com.br\/index.php\/wp-json\/wp\/v2\/posts\/37986\/revisions\/37988"}],"wp:featuredmedia":[{"embeddable":true,"href":"https:\/\/jornaltimoneiro.com.br\/index.php\/wp-json\/wp\/v2\/media\/37987"}],"wp:attachment":[{"href":"https:\/\/jornaltimoneiro.com.br\/index.php\/wp-json\/wp\/v2\/media?parent=37986"}],"wp:term":[{"taxonomy":"category","embeddable":true,"href":"https:\/\/jornaltimoneiro.com.br\/index.php\/wp-json\/wp\/v2\/categories?post=37986"},{"taxonomy":"post_tag","embeddable":true,"href":"https:\/\/jornaltimoneiro.com.br\/index.php\/wp-json\/wp\/v2\/tags?post=37986"}],"curies":[{"name":"wp","href":"https:\/\/api.w.org\/{rel}","templated":true}]}}