{"id":37962,"date":"2025-12-09T16:39:54","date_gmt":"2025-12-09T19:39:54","guid":{"rendered":"https:\/\/jornaltimoneiro.com.br\/?p=37962"},"modified":"2025-12-09T17:29:03","modified_gmt":"2025-12-09T20:29:03","slug":"serie-cidades-resilientes-mostra-como-pais-precisa-se-preparar-para-viver-em-um-clima-que-ja-mudou","status":"publish","type":"post","link":"https:\/\/jornaltimoneiro.com.br\/index.php\/2025\/12\/09\/serie-cidades-resilientes-mostra-como-pais-precisa-se-preparar-para-viver-em-um-clima-que-ja-mudou\/","title":{"rendered":"S\u00e9rie \u201cCidades Resilientes\u201d mostra como pa\u00eds precisa se preparar para viver em um clima que j\u00e1 mudou"},"content":{"rendered":"<p><img decoding=\"async\" class=\"alignnone wp-image-37965\" src=\"https:\/\/jornaltimoneiro.com.br\/wp-content\/uploads\/2025\/12\/WhatsApp-Image-2025-12-09-at-17.24.41-1024x118.jpeg\" alt=\"\" width=\"818\" height=\"94\" srcset=\"https:\/\/jornaltimoneiro.com.br\/wp-content\/uploads\/2025\/12\/WhatsApp-Image-2025-12-09-at-17.24.41-1024x118.jpeg 1024w, https:\/\/jornaltimoneiro.com.br\/wp-content\/uploads\/2025\/12\/WhatsApp-Image-2025-12-09-at-17.24.41-300x35.jpeg 300w, https:\/\/jornaltimoneiro.com.br\/wp-content\/uploads\/2025\/12\/WhatsApp-Image-2025-12-09-at-17.24.41-768x88.jpeg 768w, https:\/\/jornaltimoneiro.com.br\/wp-content\/uploads\/2025\/12\/WhatsApp-Image-2025-12-09-at-17.24.41-1536x177.jpeg 1536w, https:\/\/jornaltimoneiro.com.br\/wp-content\/uploads\/2025\/12\/WhatsApp-Image-2025-12-09-at-17.24.41.jpeg 1600w\" sizes=\"(max-width: 818px) 100vw, 818px\" \/><\/p>\n<p>A s\u00e9rie de reportagens Cidades Resilientes, rec\u00e9m lan\u00e7ado pelo Grupo O Timoneiro, faz um retrato contundente de como os impactos da crise clim\u00e1tica j\u00e1 fazem parte da rotina das cidades brasileiras, e de como governos, comunidades e cidad\u00e3os precisam agir para enfrentar um cen\u00e1rio que deixou de ser futuro e passou a ser presente. Ao longo de dez epis\u00f3dios, a produ\u00e7\u00e3o discute solu\u00e7\u00f5es, riscos e caminhos para construir cidades capazes de resistir, se adaptar e se reerguer diante de eventos extremos cada vez mais frequentes.<\/p>\n<h4><strong>A urg\u00eancia de um novo olhar sobre o clima<\/strong><\/h4>\n<p>No epis\u00f3dio de estreia, a s\u00e9rie destaca que estiagens prolongadas, enchentes, tornados e tempestades de granizo j\u00e1 fazem parte do cotidiano. A trag\u00e9dia clim\u00e1tica que atingiu o Rio Grande do Sul em 2024 \u00e9 usada como alerta m\u00e1ximo: mais de 500 mil pessoas foram deslocadas, 185 morreram e 23 seguem desaparecidas. As comunidades mais afetadas foram justamente as mais vulner\u00e1veis, popula\u00e7\u00f5es perif\u00e9ricas, quilombolas e ribeirinhas.<\/p>\n<p>O programa explica que uma cidade resiliente n\u00e3o \u00e9 aquela que evita totalmente os impactos, mas sim a que consegue absorv\u00ea-los, proteger vidas e restabelecer rapidamente seu funcionamento. Isso exige duas frentes: mitiga\u00e7\u00e3o, que busca reduzir os efeitos das mudan\u00e7as clim\u00e1ticas, e adapta\u00e7\u00e3o, que prepara a cidade para os impactos inevit\u00e1veis. Ser resiliente, portanto, significa antecipar problemas, aprender com crises e reinventar o modo de viver nas cidades.<\/p>\n<h4><strong>Eventos extremos: uma nova rotina<\/strong><\/h4>\n<p>Os epis\u00f3dios seguintes detalham como os eventos extremos, antes espor\u00e1dicos, se tornaram rotina. O RS vivenciou nos \u00faltimos anos estiagens hist\u00f3ricas, ciclones, ondas de calor e enchentes devastadoras. Um estudo da UFRGS indica que esses eventos podem ficar at\u00e9 cinco vezes mais frequentes no Sul do pa\u00eds nos pr\u00f3ximos 75 anos.<\/p>\n<p>A combina\u00e7\u00e3o entre urbaniza\u00e7\u00e3o acelerada, impermeabiliza\u00e7\u00e3o do solo, emiss\u00e3o de gases de efeito estufa, aumento da frota de ve\u00edculos e expans\u00e3o desordenada das cidades intensifica os danos. A s\u00e9rie refor\u00e7a que nem o poder p\u00fablico nem a sociedade civil conseguem responder sozinhos: a reconstru\u00e7\u00e3o e a preven\u00e7\u00e3o dependem de esfor\u00e7os coordenados.<\/p>\n<h4><strong>Solu\u00e7\u00f5es baseadas na natureza: reconstruir a rela\u00e7\u00e3o com os rios<\/strong><\/h4>\n<p>O terceiro epis\u00f3dio apresenta caminhos inspirados nas chamadas Solu\u00e7\u00f5es Baseadas na Natureza (SBN). O objetivo \u00e9 recuperar a rela\u00e7\u00e3o das cidades com seus rios e permitir que a \u00e1gua encontre espa\u00e7o para circular e ser absorvida pelo solo. Da drenagem sustent\u00e1vel \u00e0 arboriza\u00e7\u00e3o, as SBN desafiam o modelo tradicional de \u201cexpulsar\u201d a \u00e1gua e prop\u00f5em alternativas para reduzir enchentes e ilhas de calor.<\/p>\n<p>A Holanda aparece como refer\u00eancia: depois de s\u00e9culos tentando dominar a \u00e1gua, o pa\u00eds passou a criar \u00e1reas onde o mar pode entrar sem causar danos, reorganizando-se para coexistir com seu ambiente.<\/p>\n<h4><strong>Habita\u00e7\u00f5es resilientes e urbanismo sustent\u00e1vel<\/strong><\/h4>\n<p>O quarto epis\u00f3dio aprofunda os desafios de garantir moradia segura em um contexto de eventos extremos. Muitas casas deixam de ser ref\u00fagio quando est\u00e3o em \u00e1reas ribeirinhas, zonas de risco ou regi\u00f5es alag\u00e1veis protegidas por diques que falham. O programa mostra que mobilidade, saneamento, conex\u00e3o com \u00e1reas verdes e arboriza\u00e7\u00e3o s\u00e3o componentes essenciais de um urbanismo capaz de enfrentar o futuro.<\/p>\n<p>Exemplos internacionais refor\u00e7am a import\u00e2ncia de devolver espa\u00e7o \u00e0 natureza, como o caso sul-coreano em que um \u201crio fantasma\u201d, canalizado por d\u00e9cadas, est\u00e1 sendo reaberto para revitalizar o territ\u00f3rio.<\/p>\n<h4><strong>Tecnologia e cidades inteligentes: o presente da resili\u00eancia<\/strong><\/h4>\n<p>No quinto epis\u00f3dio, a s\u00e9rie mostra como tecnologia e dados s\u00e3o fundamentais para monitorar riscos, prevenir cat\u00e1strofes e salvar vidas. Monitoramento em tempo real, intelig\u00eancia artificial, dados georreferenciados e sistemas de alerta r\u00e1pida formam um conjunto de ferramentas que tornam as cidades mais eficientes e preparadas.<\/p>\n<p>A tecnologia tamb\u00e9m permite comunica\u00e7\u00e3o \u00e1gil e transparente, essencial para que a popula\u00e7\u00e3o saiba como agir antes e durante um desastre. Exemplos pr\u00e1ticos aparecem ao longo do epis\u00f3dio \u2014 como quadras esportivas rebaixadas que se transformam em reservat\u00f3rios tempor\u00e1rios e o uso holand\u00eas de tijolos perme\u00e1veis nas ruas secund\u00e1rias.<\/p>\n<h4><strong>Educa\u00e7\u00e3o clim\u00e1tica: a base da mudan\u00e7a cultural<\/strong><\/h4>\n<p>O epis\u00f3dio seguinte reflete sobre o papel da educa\u00e7\u00e3o ambiental como for\u00e7a transformadora. Professores, escolas e jovens s\u00e3o apontados como atores centrais de uma mudan\u00e7a que vai al\u00e9m do meio ambiente: envolve cultura, economia, pol\u00edtica e comportamento.<\/p>\n<p>A s\u00e9rie defende que cidades resilientes precisam de cidadania ativa, e isso come\u00e7a quando crian\u00e7as e adolescentes compreendem como suas a\u00e7\u00f5es individuais afetam a coletividade.<\/p>\n<h4><strong>Sa\u00fade e clima: um novo desafio urbano<\/strong><\/h4>\n<p>Outro cap\u00edtulo revela como as mudan\u00e7as clim\u00e1ticas se tornaram um problema de sa\u00fade p\u00fablica. O aumento da temperatura fortalece vetores de doen\u00e7as, amplia casos respirat\u00f3rios e pressiona o sistema de sa\u00fade. Mas as consequ\u00eancias n\u00e3o s\u00e3o apenas f\u00edsicas: o impacto psicol\u00f3gico de perder casas, mem\u00f3rias e refer\u00eancias, como ocorreu no RS em 2024, gera ansiedade, depress\u00e3o e traumas duradouros.<\/p>\n<h4><strong>Economia circular e empregos verdes<\/strong><\/h4>\n<p>A s\u00e9rie tamb\u00e9m aborda a transforma\u00e7\u00e3o econ\u00f4mica trazida pela crise clim\u00e1tica. A economia verde cria novas oportunidades de neg\u00f3cios e empregos, desde o saneamento at\u00e9 tecnologias de mitiga\u00e7\u00e3o industrial. A economia circular surge como modelo estrat\u00e9gico para reduzir desperd\u00edcios e preservar recursos, enquanto o acesso a financiamentos internacionais \u00e9 visto como pe\u00e7a-chave para tornar cidades mais resilientes.<\/p>\n<h4><strong>Mobilidade urbana: circular \u00e9 resistir<\/strong><\/h4>\n<p>O epis\u00f3dio sobre mobilidade urbana ressalta que a forma como nos deslocamos impacta o clima e a pr\u00f3pria estrutura das cidades. O modelo baseado no carro individual agrava congestionamentos, emiss\u00f5es e desigualdades. A s\u00e9rie prop\u00f5e a amplia\u00e7\u00e3o do transporte p\u00fablico de massa \u2014 com est\u00edmulo a \u00f4nibus el\u00e9tricos \u2014 e a cria\u00e7\u00e3o de multicentralidades para reduzir deslocamentos longos. A mobilidade \u00e9 tratada como tema central de resili\u00eancia.<\/p>\n<h4><strong>A\u00e7\u00e3o coletiva e participa\u00e7\u00e3o cidad\u00e3<\/strong><\/h4>\n<p>No epis\u00f3dio final, Cidades Resilientes afirma que enfrentar o clima que j\u00e1 mudou depende de transpar\u00eancia, responsabilidade compartilhada e engajamento popular. Da pavimenta\u00e7\u00e3o dos quintais \u00e0s grandes obras de infraestrutura, a adapta\u00e7\u00e3o exige decis\u00f5es coletivas e vis\u00e3o de longo prazo.<\/p>\n<p>A conclus\u00e3o \u00e9 clara: governos, empresas e cidad\u00e3os precisam agir juntos, guiados pela ci\u00eancia e pela natureza, para construir cidades mais seguras, humanas e preparadas para o futuro.<\/p>\n<p><strong>Ficha T\u00e9cnica<\/strong><\/p>\n<p>O projeto conta com roteiro, dire\u00e7\u00e3o do jornalista Vanderlei Dutra, que tamb\u00e9m conduz a narrativa ao longo de toda a produ\u00e7\u00e3o. A produ\u00e7\u00e3o \u00e9 assinada por Fabiano Florez, enquanto Pedro Busanello responde pelas imagens e edi\u00e7\u00e3o.<\/p>\n<p>A consultoria de conte\u00fado fica a cargo de Helena Grundig, que tamb\u00e9m participa das entrevistas ao lado de Satya Maia Patchineelam, trazendo aprofundamento t\u00e9cnico e contextualiza\u00e7\u00e3o ao tema.<\/p>\n<p>A iniciativa tem patroc\u00ednio do BRDE, que apoia a realiza\u00e7\u00e3o do projeto.<\/p>\n<p>&nbsp;<\/p>\n","protected":false},"excerpt":{"rendered":"<p>A s\u00e9rie de reportagens Cidades Resilientes, rec\u00e9m lan\u00e7ado pelo Grupo O Timoneiro, faz um retrato contundente de como os impactos da crise clim\u00e1tica j\u00e1 fazem parte da rotina das cidades brasileiras, e de como governos, comunidades e cidad\u00e3os precisam agir para enfrentar um cen\u00e1rio que deixou de ser futuro e passou a ser presente. Ao [&hellip;]<\/p>\n","protected":false},"author":2,"featured_media":37963,"comment_status":"open","ping_status":"open","sticky":false,"template":"","format":"standard","meta":{"amp_status":"","footnotes":""},"categories":[29],"tags":[2631,31,4968,793,791,190,1259,763,4009,4970,213,4969],"class_list":["post-37962","post","type-post","status-publish","format-standard","has-post-thumbnail","hentry","category-meio-ambiente","tag-brde","tag-canoas","tag-cidades-resilientes","tag-clima","tag-enchente","tag-featured","tag-grupo-o-timoneiro","tag-meio-ambiente","tag-mudanca-climatica","tag-reportagem","tag-rio-grande-do-sul","tag-serie"],"yoast_head":"<!-- This site is optimized with the Yoast SEO plugin v20.5 - https:\/\/yoast.com\/wordpress\/plugins\/seo\/ -->\n<title>S\u00e9rie \u201cCidades Resilientes\u201d mostra como pa\u00eds precisa se preparar para viver em um clima que j\u00e1 mudou - O Timoneiro Jornal Canoas RS<\/title>\n<meta name=\"robots\" content=\"index, follow, max-snippet:-1, max-image-preview:large, max-video-preview:-1\" \/>\n<link rel=\"canonical\" href=\"https:\/\/jornaltimoneiro.com.br\/index.php\/2025\/12\/09\/serie-cidades-resilientes-mostra-como-pais-precisa-se-preparar-para-viver-em-um-clima-que-ja-mudou\/\" \/>\n<meta property=\"og:locale\" content=\"pt_BR\" \/>\n<meta property=\"og:type\" content=\"article\" \/>\n<meta property=\"og:title\" content=\"S\u00e9rie \u201cCidades Resilientes\u201d mostra como pa\u00eds precisa se preparar para viver em um clima que j\u00e1 mudou - O Timoneiro Jornal Canoas RS\" \/>\n<meta property=\"og:description\" content=\"A s\u00e9rie de reportagens Cidades Resilientes, rec\u00e9m lan\u00e7ado pelo Grupo O Timoneiro, faz um retrato contundente de como os impactos da crise clim\u00e1tica j\u00e1 fazem parte da rotina das cidades brasileiras, e de como governos, comunidades e cidad\u00e3os precisam agir para enfrentar um cen\u00e1rio que deixou de ser futuro e passou a ser presente. Ao [&hellip;]\" \/>\n<meta property=\"og:url\" content=\"https:\/\/jornaltimoneiro.com.br\/index.php\/2025\/12\/09\/serie-cidades-resilientes-mostra-como-pais-precisa-se-preparar-para-viver-em-um-clima-que-ja-mudou\/\" \/>\n<meta property=\"og:site_name\" content=\"O Timoneiro Jornal Canoas RS\" \/>\n<meta property=\"article:publisher\" content=\"https:\/\/www.facebook.com\/jornaltimoneiro\" \/>\n<meta property=\"article:published_time\" content=\"2025-12-09T19:39:54+00:00\" \/>\n<meta property=\"article:modified_time\" content=\"2025-12-09T20:29:03+00:00\" \/>\n<meta property=\"og:image\" content=\"https:\/\/jornaltimoneiro.com.br\/wp-content\/uploads\/2025\/12\/Serie-Cidades-Resilientes-mostra-como-pais-precisa-se-preparar-para-viver-em-um-clima-que-ja-mudou.jpeg\" \/>\n\t<meta property=\"og:image:width\" content=\"1010\" \/>\n\t<meta property=\"og:image:height\" content=\"584\" \/>\n\t<meta property=\"og:image:type\" content=\"image\/jpeg\" \/>\n<meta name=\"author\" content=\"Reda\u00e7\u00e3o\" \/>\n<meta name=\"twitter:card\" content=\"summary_large_image\" \/>\n<meta name=\"twitter:creator\" content=\"@_OTimoneiro\" \/>\n<meta name=\"twitter:site\" content=\"@_OTimoneiro\" \/>\n<meta name=\"twitter:label1\" content=\"Escrito por\" \/>\n\t<meta name=\"twitter:data1\" content=\"Reda\u00e7\u00e3o\" \/>\n\t<meta name=\"twitter:label2\" content=\"Est. tempo de leitura\" \/>\n\t<meta name=\"twitter:data2\" content=\"7 minutos\" \/>\n<script type=\"application\/ld+json\" class=\"yoast-schema-graph\">{\"@context\":\"https:\/\/schema.org\",\"@graph\":[{\"@type\":\"Article\",\"@id\":\"https:\/\/jornaltimoneiro.com.br\/index.php\/2025\/12\/09\/serie-cidades-resilientes-mostra-como-pais-precisa-se-preparar-para-viver-em-um-clima-que-ja-mudou\/#article\",\"isPartOf\":{\"@id\":\"https:\/\/jornaltimoneiro.com.br\/index.php\/2025\/12\/09\/serie-cidades-resilientes-mostra-como-pais-precisa-se-preparar-para-viver-em-um-clima-que-ja-mudou\/\"},\"author\":{\"name\":\"Reda\u00e7\u00e3o\",\"@id\":\"https:\/\/jornaltimoneiro.com.br\/#\/schema\/person\/f63482f1a02b1a9592707865e509ab40\"},\"headline\":\"S\u00e9rie \u201cCidades Resilientes\u201d mostra como pa\u00eds precisa se preparar para viver em um clima que j\u00e1 mudou\",\"datePublished\":\"2025-12-09T19:39:54+00:00\",\"dateModified\":\"2025-12-09T20:29:03+00:00\",\"mainEntityOfPage\":{\"@id\":\"https:\/\/jornaltimoneiro.com.br\/index.php\/2025\/12\/09\/serie-cidades-resilientes-mostra-como-pais-precisa-se-preparar-para-viver-em-um-clima-que-ja-mudou\/\"},\"wordCount\":1219,\"commentCount\":0,\"publisher\":{\"@id\":\"https:\/\/jornaltimoneiro.com.br\/#organization\"},\"keywords\":[\"BRDE\",\"canoas\",\"cidades resilientes\",\"clima\",\"enchente\",\"featured\",\"grupo o timoneiro\",\"meio ambiente\",\"mudan\u00e7a clim\u00e1tica\",\"reportagem\",\"rio grande do sul\",\"s\u00e9rie\"],\"articleSection\":[\"Meio Ambiente\"],\"inLanguage\":\"pt-BR\",\"potentialAction\":[{\"@type\":\"CommentAction\",\"name\":\"Comment\",\"target\":[\"https:\/\/jornaltimoneiro.com.br\/index.php\/2025\/12\/09\/serie-cidades-resilientes-mostra-como-pais-precisa-se-preparar-para-viver-em-um-clima-que-ja-mudou\/#respond\"]}]},{\"@type\":\"WebPage\",\"@id\":\"https:\/\/jornaltimoneiro.com.br\/index.php\/2025\/12\/09\/serie-cidades-resilientes-mostra-como-pais-precisa-se-preparar-para-viver-em-um-clima-que-ja-mudou\/\",\"url\":\"https:\/\/jornaltimoneiro.com.br\/index.php\/2025\/12\/09\/serie-cidades-resilientes-mostra-como-pais-precisa-se-preparar-para-viver-em-um-clima-que-ja-mudou\/\",\"name\":\"S\u00e9rie \u201cCidades Resilientes\u201d mostra como pa\u00eds precisa se preparar para viver em um clima que j\u00e1 mudou - O Timoneiro Jornal Canoas RS\",\"isPartOf\":{\"@id\":\"https:\/\/jornaltimoneiro.com.br\/#website\"},\"datePublished\":\"2025-12-09T19:39:54+00:00\",\"dateModified\":\"2025-12-09T20:29:03+00:00\",\"breadcrumb\":{\"@id\":\"https:\/\/jornaltimoneiro.com.br\/index.php\/2025\/12\/09\/serie-cidades-resilientes-mostra-como-pais-precisa-se-preparar-para-viver-em-um-clima-que-ja-mudou\/#breadcrumb\"},\"inLanguage\":\"pt-BR\",\"potentialAction\":[{\"@type\":\"ReadAction\",\"target\":[\"https:\/\/jornaltimoneiro.com.br\/index.php\/2025\/12\/09\/serie-cidades-resilientes-mostra-como-pais-precisa-se-preparar-para-viver-em-um-clima-que-ja-mudou\/\"]}]},{\"@type\":\"BreadcrumbList\",\"@id\":\"https:\/\/jornaltimoneiro.com.br\/index.php\/2025\/12\/09\/serie-cidades-resilientes-mostra-como-pais-precisa-se-preparar-para-viver-em-um-clima-que-ja-mudou\/#breadcrumb\",\"itemListElement\":[{\"@type\":\"ListItem\",\"position\":1,\"name\":\"In\u00edcio\",\"item\":\"https:\/\/jornaltimoneiro.com.br\/\"},{\"@type\":\"ListItem\",\"position\":2,\"name\":\"S\u00e9rie \u201cCidades Resilientes\u201d mostra como pa\u00eds precisa se preparar para viver em um clima que j\u00e1 mudou\"}]},{\"@type\":\"WebSite\",\"@id\":\"https:\/\/jornaltimoneiro.com.br\/#website\",\"url\":\"https:\/\/jornaltimoneiro.com.br\/\",\"name\":\"Jornal Timoneiro Canoas RS\",\"description\":\"Jornal O Timoneiro, o verdadeiro jornal de Canoas\",\"publisher\":{\"@id\":\"https:\/\/jornaltimoneiro.com.br\/#organization\"},\"potentialAction\":[{\"@type\":\"SearchAction\",\"target\":{\"@type\":\"EntryPoint\",\"urlTemplate\":\"https:\/\/jornaltimoneiro.com.br\/?s={search_term_string}\"},\"query-input\":\"required name=search_term_string\"}],\"inLanguage\":\"pt-BR\"},{\"@type\":\"Organization\",\"@id\":\"https:\/\/jornaltimoneiro.com.br\/#organization\",\"name\":\"Jornal Timoneiro Canoas RS\",\"url\":\"https:\/\/jornaltimoneiro.com.br\/\",\"logo\":{\"@type\":\"ImageObject\",\"inLanguage\":\"pt-BR\",\"@id\":\"https:\/\/jornaltimoneiro.com.br\/#\/schema\/logo\/image\/\",\"url\":\"https:\/\/jornaltimoneiro.com.br\/wp-content\/uploads\/2023\/03\/logonovo.png\",\"contentUrl\":\"https:\/\/jornaltimoneiro.com.br\/wp-content\/uploads\/2023\/03\/logonovo.png\",\"width\":\"469\",\"height\":\"171\",\"caption\":\"Jornal Timoneiro Canoas RS\"},\"image\":{\"@id\":\"https:\/\/jornaltimoneiro.com.br\/#\/schema\/logo\/image\/\"},\"sameAs\":[\"https:\/\/www.facebook.com\/jornaltimoneiro\",\"https:\/\/twitter.com\/_OTimoneiro\",\"https:\/\/www.instagram.com\/jornaltimoneirocanoas\/\",\"https:\/\/www.youtube.com\/@jornalotimoneiro7927\"]},{\"@type\":\"Person\",\"@id\":\"https:\/\/jornaltimoneiro.com.br\/#\/schema\/person\/f63482f1a02b1a9592707865e509ab40\",\"name\":\"Reda\u00e7\u00e3o\",\"image\":{\"@type\":\"ImageObject\",\"inLanguage\":\"pt-BR\",\"@id\":\"https:\/\/jornaltimoneiro.com.br\/#\/schema\/person\/image\/\",\"url\":\"https:\/\/jornaltimoneiro.com.br\/wp-content\/uploads\/2023\/03\/download.jpeg\",\"contentUrl\":\"https:\/\/jornaltimoneiro.com.br\/wp-content\/uploads\/2023\/03\/download.jpeg\",\"caption\":\"Reda\u00e7\u00e3o\"},\"url\":\"https:\/\/jornaltimoneiro.com.br\/index.php\/author\/simone-dutra\/\"}]}<\/script>\n<!-- \/ Yoast SEO plugin. -->","yoast_head_json":{"title":"S\u00e9rie \u201cCidades Resilientes\u201d mostra como pa\u00eds precisa se preparar para viver em um clima que j\u00e1 mudou - O Timoneiro Jornal Canoas RS","robots":{"index":"index","follow":"follow","max-snippet":"max-snippet:-1","max-image-preview":"max-image-preview:large","max-video-preview":"max-video-preview:-1"},"canonical":"https:\/\/jornaltimoneiro.com.br\/index.php\/2025\/12\/09\/serie-cidades-resilientes-mostra-como-pais-precisa-se-preparar-para-viver-em-um-clima-que-ja-mudou\/","og_locale":"pt_BR","og_type":"article","og_title":"S\u00e9rie \u201cCidades Resilientes\u201d mostra como pa\u00eds precisa se preparar para viver em um clima que j\u00e1 mudou - O Timoneiro Jornal Canoas RS","og_description":"A s\u00e9rie de reportagens Cidades Resilientes, rec\u00e9m lan\u00e7ado pelo Grupo O Timoneiro, faz um retrato contundente de como os impactos da crise clim\u00e1tica j\u00e1 fazem parte da rotina das cidades brasileiras, e de como governos, comunidades e cidad\u00e3os precisam agir para enfrentar um cen\u00e1rio que deixou de ser futuro e passou a ser presente. Ao [&hellip;]","og_url":"https:\/\/jornaltimoneiro.com.br\/index.php\/2025\/12\/09\/serie-cidades-resilientes-mostra-como-pais-precisa-se-preparar-para-viver-em-um-clima-que-ja-mudou\/","og_site_name":"O Timoneiro Jornal Canoas RS","article_publisher":"https:\/\/www.facebook.com\/jornaltimoneiro","article_published_time":"2025-12-09T19:39:54+00:00","article_modified_time":"2025-12-09T20:29:03+00:00","og_image":[{"width":"1010","height":"584","url":"https:\/\/jornaltimoneiro.com.br\/wp-content\/uploads\/2025\/12\/Serie-Cidades-Resilientes-mostra-como-pais-precisa-se-preparar-para-viver-em-um-clima-que-ja-mudou.jpeg","type":"image\/jpeg"}],"author":"Reda\u00e7\u00e3o","twitter_card":"summary_large_image","twitter_creator":"@_OTimoneiro","twitter_site":"@_OTimoneiro","twitter_misc":{"Escrito por":"Reda\u00e7\u00e3o","Est. tempo de leitura":"7 minutos"},"schema":{"@context":"https:\/\/schema.org","@graph":[{"@type":"Article","@id":"https:\/\/jornaltimoneiro.com.br\/index.php\/2025\/12\/09\/serie-cidades-resilientes-mostra-como-pais-precisa-se-preparar-para-viver-em-um-clima-que-ja-mudou\/#article","isPartOf":{"@id":"https:\/\/jornaltimoneiro.com.br\/index.php\/2025\/12\/09\/serie-cidades-resilientes-mostra-como-pais-precisa-se-preparar-para-viver-em-um-clima-que-ja-mudou\/"},"author":{"name":"Reda\u00e7\u00e3o","@id":"https:\/\/jornaltimoneiro.com.br\/#\/schema\/person\/f63482f1a02b1a9592707865e509ab40"},"headline":"S\u00e9rie \u201cCidades Resilientes\u201d mostra como pa\u00eds precisa se preparar para viver em um clima que j\u00e1 mudou","datePublished":"2025-12-09T19:39:54+00:00","dateModified":"2025-12-09T20:29:03+00:00","mainEntityOfPage":{"@id":"https:\/\/jornaltimoneiro.com.br\/index.php\/2025\/12\/09\/serie-cidades-resilientes-mostra-como-pais-precisa-se-preparar-para-viver-em-um-clima-que-ja-mudou\/"},"wordCount":1219,"commentCount":0,"publisher":{"@id":"https:\/\/jornaltimoneiro.com.br\/#organization"},"keywords":["BRDE","canoas","cidades resilientes","clima","enchente","featured","grupo o timoneiro","meio ambiente","mudan\u00e7a clim\u00e1tica","reportagem","rio grande do sul","s\u00e9rie"],"articleSection":["Meio Ambiente"],"inLanguage":"pt-BR","potentialAction":[{"@type":"CommentAction","name":"Comment","target":["https:\/\/jornaltimoneiro.com.br\/index.php\/2025\/12\/09\/serie-cidades-resilientes-mostra-como-pais-precisa-se-preparar-para-viver-em-um-clima-que-ja-mudou\/#respond"]}]},{"@type":"WebPage","@id":"https:\/\/jornaltimoneiro.com.br\/index.php\/2025\/12\/09\/serie-cidades-resilientes-mostra-como-pais-precisa-se-preparar-para-viver-em-um-clima-que-ja-mudou\/","url":"https:\/\/jornaltimoneiro.com.br\/index.php\/2025\/12\/09\/serie-cidades-resilientes-mostra-como-pais-precisa-se-preparar-para-viver-em-um-clima-que-ja-mudou\/","name":"S\u00e9rie \u201cCidades Resilientes\u201d mostra como pa\u00eds precisa se preparar para viver em um clima que j\u00e1 mudou - O Timoneiro Jornal Canoas RS","isPartOf":{"@id":"https:\/\/jornaltimoneiro.com.br\/#website"},"datePublished":"2025-12-09T19:39:54+00:00","dateModified":"2025-12-09T20:29:03+00:00","breadcrumb":{"@id":"https:\/\/jornaltimoneiro.com.br\/index.php\/2025\/12\/09\/serie-cidades-resilientes-mostra-como-pais-precisa-se-preparar-para-viver-em-um-clima-que-ja-mudou\/#breadcrumb"},"inLanguage":"pt-BR","potentialAction":[{"@type":"ReadAction","target":["https:\/\/jornaltimoneiro.com.br\/index.php\/2025\/12\/09\/serie-cidades-resilientes-mostra-como-pais-precisa-se-preparar-para-viver-em-um-clima-que-ja-mudou\/"]}]},{"@type":"BreadcrumbList","@id":"https:\/\/jornaltimoneiro.com.br\/index.php\/2025\/12\/09\/serie-cidades-resilientes-mostra-como-pais-precisa-se-preparar-para-viver-em-um-clima-que-ja-mudou\/#breadcrumb","itemListElement":[{"@type":"ListItem","position":1,"name":"In\u00edcio","item":"https:\/\/jornaltimoneiro.com.br\/"},{"@type":"ListItem","position":2,"name":"S\u00e9rie \u201cCidades Resilientes\u201d mostra como pa\u00eds precisa se preparar para viver em um clima que j\u00e1 mudou"}]},{"@type":"WebSite","@id":"https:\/\/jornaltimoneiro.com.br\/#website","url":"https:\/\/jornaltimoneiro.com.br\/","name":"Jornal Timoneiro Canoas RS","description":"Jornal O Timoneiro, o verdadeiro jornal de Canoas","publisher":{"@id":"https:\/\/jornaltimoneiro.com.br\/#organization"},"potentialAction":[{"@type":"SearchAction","target":{"@type":"EntryPoint","urlTemplate":"https:\/\/jornaltimoneiro.com.br\/?s={search_term_string}"},"query-input":"required name=search_term_string"}],"inLanguage":"pt-BR"},{"@type":"Organization","@id":"https:\/\/jornaltimoneiro.com.br\/#organization","name":"Jornal Timoneiro Canoas RS","url":"https:\/\/jornaltimoneiro.com.br\/","logo":{"@type":"ImageObject","inLanguage":"pt-BR","@id":"https:\/\/jornaltimoneiro.com.br\/#\/schema\/logo\/image\/","url":"https:\/\/jornaltimoneiro.com.br\/wp-content\/uploads\/2023\/03\/logonovo.png","contentUrl":"https:\/\/jornaltimoneiro.com.br\/wp-content\/uploads\/2023\/03\/logonovo.png","width":"469","height":"171","caption":"Jornal Timoneiro Canoas RS"},"image":{"@id":"https:\/\/jornaltimoneiro.com.br\/#\/schema\/logo\/image\/"},"sameAs":["https:\/\/www.facebook.com\/jornaltimoneiro","https:\/\/twitter.com\/_OTimoneiro","https:\/\/www.instagram.com\/jornaltimoneirocanoas\/","https:\/\/www.youtube.com\/@jornalotimoneiro7927"]},{"@type":"Person","@id":"https:\/\/jornaltimoneiro.com.br\/#\/schema\/person\/f63482f1a02b1a9592707865e509ab40","name":"Reda\u00e7\u00e3o","image":{"@type":"ImageObject","inLanguage":"pt-BR","@id":"https:\/\/jornaltimoneiro.com.br\/#\/schema\/person\/image\/","url":"https:\/\/jornaltimoneiro.com.br\/wp-content\/uploads\/2023\/03\/download.jpeg","contentUrl":"https:\/\/jornaltimoneiro.com.br\/wp-content\/uploads\/2023\/03\/download.jpeg","caption":"Reda\u00e7\u00e3o"},"url":"https:\/\/jornaltimoneiro.com.br\/index.php\/author\/simone-dutra\/"}]}},"_links":{"self":[{"href":"https:\/\/jornaltimoneiro.com.br\/index.php\/wp-json\/wp\/v2\/posts\/37962"}],"collection":[{"href":"https:\/\/jornaltimoneiro.com.br\/index.php\/wp-json\/wp\/v2\/posts"}],"about":[{"href":"https:\/\/jornaltimoneiro.com.br\/index.php\/wp-json\/wp\/v2\/types\/post"}],"author":[{"embeddable":true,"href":"https:\/\/jornaltimoneiro.com.br\/index.php\/wp-json\/wp\/v2\/users\/2"}],"replies":[{"embeddable":true,"href":"https:\/\/jornaltimoneiro.com.br\/index.php\/wp-json\/wp\/v2\/comments?post=37962"}],"version-history":[{"count":3,"href":"https:\/\/jornaltimoneiro.com.br\/index.php\/wp-json\/wp\/v2\/posts\/37962\/revisions"}],"predecessor-version":[{"id":37967,"href":"https:\/\/jornaltimoneiro.com.br\/index.php\/wp-json\/wp\/v2\/posts\/37962\/revisions\/37967"}],"wp:featuredmedia":[{"embeddable":true,"href":"https:\/\/jornaltimoneiro.com.br\/index.php\/wp-json\/wp\/v2\/media\/37963"}],"wp:attachment":[{"href":"https:\/\/jornaltimoneiro.com.br\/index.php\/wp-json\/wp\/v2\/media?parent=37962"}],"wp:term":[{"taxonomy":"category","embeddable":true,"href":"https:\/\/jornaltimoneiro.com.br\/index.php\/wp-json\/wp\/v2\/categories?post=37962"},{"taxonomy":"post_tag","embeddable":true,"href":"https:\/\/jornaltimoneiro.com.br\/index.php\/wp-json\/wp\/v2\/tags?post=37962"}],"curies":[{"name":"wp","href":"https:\/\/api.w.org\/{rel}","templated":true}]}}