{"id":37956,"date":"2025-12-09T12:17:58","date_gmt":"2025-12-09T15:17:58","guid":{"rendered":"https:\/\/jornaltimoneiro.com.br\/?p=37956"},"modified":"2025-12-09T12:17:58","modified_gmt":"2025-12-09T15:17:58","slug":"canoas-treinamento-guarda-municipar-porto-alegre","status":"publish","type":"post","link":"https:\/\/jornaltimoneiro.com.br\/index.php\/2025\/12\/09\/canoas-treinamento-guarda-municipar-porto-alegre\/","title":{"rendered":"Guarda Municipal de Canoas participa de capacita\u00e7\u00e3o em ambienta\u00e7\u00e3o com aeronaves policiais"},"content":{"rendered":"<p data-start=\"96\" data-end=\"498\">A Guarda Municipal de Canoas (GMC) participou, na \u00faltima sexta-feira, 5, da 1\u00aa Turma de Ambienta\u00e7\u00e3o em Aeronave Policial, realizada no hangar da Pol\u00edcia Civil, em Porto Alegre. A capacita\u00e7\u00e3o reuniu 15 operadores da corpora\u00e7\u00e3o e foi ministrada pelo Departamento de Avia\u00e7\u00e3o da Pol\u00edcia Civil do Rio Grande do Sul, em uma a\u00e7\u00e3o conjunta voltada ao fortalecimento da integra\u00e7\u00e3o entre as for\u00e7as de seguran\u00e7a.<\/p>\n<p data-start=\"500\" data-end=\"932\">O treinamento teve como foco a qualifica\u00e7\u00e3o t\u00e9cnica dos agentes e a padroniza\u00e7\u00e3o de procedimentos essenciais relacionados \u00e0 atua\u00e7\u00e3o junto a aeronaves policiais. Entre os conte\u00fados abordados estiveram no\u00e7\u00f5es de seguran\u00e7a para pousos de emerg\u00eancia, aproxima\u00e7\u00e3o adequada de helic\u00f3pteros, isolamento de \u00e1reas, al\u00e9m de procedimentos b\u00e1sicos de resgate e transporte de feridos, fundamentais em situa\u00e7\u00f5es de emerg\u00eancia e grandes opera\u00e7\u00f5es.<\/p>\n<p data-start=\"934\" data-end=\"1297\">Durante a instru\u00e7\u00e3o, operadores aerot\u00e1ticos do Departamento de Avia\u00e7\u00e3o, sob coordena\u00e7\u00e3o do respons\u00e1vel pelo n\u00facleo de instru\u00e7\u00f5es, comiss\u00e1rio Dionel Gabana de Souza, tamb\u00e9m promoveram uma atividade pr\u00e1tica de rapel, realizada em ambiente seguro e controlado, permitindo aos guardas municipais o contato direto com t\u00e9cnicas utilizadas em opera\u00e7\u00f5es a\u00e9reas especiais.<\/p>\n<p data-start=\"1299\" data-end=\"1664\">A capacita\u00e7\u00e3o contou ainda com a presen\u00e7a do diretor do Departamento de Avia\u00e7\u00e3o, delegado Carlos Iglesias Junior, da escriv\u00e3 Camila Meggiolaro dos Santos, primeira mulher piloto de helic\u00f3ptero das for\u00e7as de seguran\u00e7a do Rio Grande do Sul, al\u00e9m de outros operadores que apresentaram equipamentos, rotinas operacionais e procedimentos espec\u00edficos da avia\u00e7\u00e3o policial.<\/p>\n<p>Para o supervisor da Guarda canoense, Luciano Ferraz Ribeiro, a qualifica\u00e7\u00e3o reflete diretamente a experi\u00eancia recente vivida pelo munic\u00edpio, durante as enchentes de maio do ano passado.<\/p>\n<blockquote><p>\u201cAp\u00f3s os eventos clim\u00e1ticos extremos enfrentados pela cidade em 2024, ficou evidente a import\u00e2ncia estrat\u00e9gica do Departamento de Avia\u00e7\u00e3o nas a\u00e7\u00f5es de resposta e salvamento. Preparar a Guarda Municipal para atuar de forma integrada com essas equipes \u00e9 investir em efici\u00eancia, seguran\u00e7a e preserva\u00e7\u00e3o de vidas\u201d, destaca.<\/p><\/blockquote>\n<p>J\u00e1 o inspetor regional Ulysses Guilherme Oliveira Bennech destaca o car\u00e1ter t\u00e9cnico e preventivo da instru\u00e7\u00e3o.<\/p>\n<blockquote><p>\u201cSaber isolar corretamente uma \u00e1rea de pouso e evitar aproxima\u00e7\u00f5es equivocadas de um helic\u00f3ptero n\u00e3o \u00e9 apenas uma quest\u00e3o operacional, \u00e9 uma medida de seguran\u00e7a vital para os operadores e para a popula\u00e7\u00e3o. Esse tipo de conhecimento faz diferen\u00e7a em ocorr\u00eancias reais\u201d, opina.<\/p><\/blockquote>\n","protected":false},"excerpt":{"rendered":"<p>A Guarda Municipal de Canoas (GMC) participou, na \u00faltima sexta-feira, 5, da 1\u00aa Turma de Ambienta\u00e7\u00e3o em Aeronave Policial, realizada no hangar da Pol\u00edcia Civil, em Porto Alegre. A capacita\u00e7\u00e3o reuniu 15 operadores da corpora\u00e7\u00e3o e foi ministrada pelo Departamento de Avia\u00e7\u00e3o da Pol\u00edcia Civil do Rio Grande do Sul, em uma a\u00e7\u00e3o conjunta voltada [&hellip;]<\/p>\n","protected":false},"author":2,"featured_media":37957,"comment_status":"open","ping_status":"open","sticky":false,"template":"","format":"standard","meta":{"amp_status":"","footnotes":""},"categories":[3655],"tags":[31,190,103],"class_list":["post-37956","post","type-post","status-publish","format-standard","has-post-thumbnail","hentry","category-seguranca-publica","tag-canoas","tag-featured","tag-seguranca-publica"],"yoast_head":"<!-- This site is optimized with the Yoast SEO plugin v20.5 - https:\/\/yoast.com\/wordpress\/plugins\/seo\/ -->\n<title>Guarda Municipal de Canoas participa de capacita\u00e7\u00e3o em ambienta\u00e7\u00e3o com aeronaves policiais - O Timoneiro Jornal Canoas RS<\/title>\n<meta name=\"description\" content=\"Guarda Municipal de Canoas participa de capacita\u00e7\u00e3o em aeronaves policiais, com treinamento t\u00e9cnico e integra\u00e7\u00e3o entre for\u00e7as de seguran\u00e7a no hangar da Pol\u00edcia Civil, em Porto Alegre\" \/>\n<meta name=\"robots\" content=\"index, follow, max-snippet:-1, max-image-preview:large, max-video-preview:-1\" \/>\n<link rel=\"canonical\" href=\"https:\/\/jornaltimoneiro.com.br\/index.php\/2025\/12\/09\/canoas-treinamento-guarda-municipar-porto-alegre\/\" \/>\n<meta property=\"og:locale\" content=\"pt_BR\" \/>\n<meta property=\"og:type\" content=\"article\" \/>\n<meta property=\"og:title\" content=\"Guarda Municipal de Canoas participa de capacita\u00e7\u00e3o em ambienta\u00e7\u00e3o com aeronaves policiais - O Timoneiro Jornal Canoas RS\" \/>\n<meta property=\"og:description\" content=\"Guarda Municipal de Canoas participa de capacita\u00e7\u00e3o em aeronaves policiais, com treinamento t\u00e9cnico e integra\u00e7\u00e3o entre for\u00e7as de seguran\u00e7a no hangar da Pol\u00edcia Civil, em Porto Alegre\" \/>\n<meta property=\"og:url\" content=\"https:\/\/jornaltimoneiro.com.br\/index.php\/2025\/12\/09\/canoas-treinamento-guarda-municipar-porto-alegre\/\" \/>\n<meta property=\"og:site_name\" content=\"O Timoneiro Jornal Canoas RS\" \/>\n<meta property=\"article:publisher\" content=\"https:\/\/www.facebook.com\/jornaltimoneiro\" \/>\n<meta property=\"article:published_time\" content=\"2025-12-09T15:17:58+00:00\" \/>\n<meta property=\"og:image\" content=\"https:\/\/jornaltimoneiro.com.br\/wp-content\/uploads\/2025\/12\/treinamento-guarda-4-.jpeg\" \/>\n\t<meta property=\"og:image:width\" content=\"1270\" \/>\n\t<meta property=\"og:image:height\" content=\"897\" \/>\n\t<meta property=\"og:image:type\" content=\"image\/jpeg\" \/>\n<meta name=\"author\" content=\"Reda\u00e7\u00e3o\" \/>\n<meta name=\"twitter:card\" content=\"summary_large_image\" \/>\n<meta name=\"twitter:creator\" content=\"@_OTimoneiro\" \/>\n<meta name=\"twitter:site\" content=\"@_OTimoneiro\" \/>\n<meta name=\"twitter:label1\" content=\"Escrito por\" \/>\n\t<meta name=\"twitter:data1\" content=\"Reda\u00e7\u00e3o\" \/>\n\t<meta name=\"twitter:label2\" content=\"Est. tempo de leitura\" \/>\n\t<meta name=\"twitter:data2\" content=\"2 minutos\" \/>\n<script type=\"application\/ld+json\" class=\"yoast-schema-graph\">{\"@context\":\"https:\/\/schema.org\",\"@graph\":[{\"@type\":\"Article\",\"@id\":\"https:\/\/jornaltimoneiro.com.br\/index.php\/2025\/12\/09\/canoas-treinamento-guarda-municipar-porto-alegre\/#article\",\"isPartOf\":{\"@id\":\"https:\/\/jornaltimoneiro.com.br\/index.php\/2025\/12\/09\/canoas-treinamento-guarda-municipar-porto-alegre\/\"},\"author\":{\"name\":\"Reda\u00e7\u00e3o\",\"@id\":\"https:\/\/jornaltimoneiro.com.br\/#\/schema\/person\/f63482f1a02b1a9592707865e509ab40\"},\"headline\":\"Guarda Municipal de Canoas participa de capacita\u00e7\u00e3o em ambienta\u00e7\u00e3o com aeronaves policiais\",\"datePublished\":\"2025-12-09T15:17:58+00:00\",\"dateModified\":\"2025-12-09T15:17:58+00:00\",\"mainEntityOfPage\":{\"@id\":\"https:\/\/jornaltimoneiro.com.br\/index.php\/2025\/12\/09\/canoas-treinamento-guarda-municipar-porto-alegre\/\"},\"wordCount\":434,\"commentCount\":0,\"publisher\":{\"@id\":\"https:\/\/jornaltimoneiro.com.br\/#organization\"},\"keywords\":[\"canoas\",\"featured\",\"seguran\u00e7a p\u00fablica\"],\"articleSection\":[\"Seguran\u00e7a P\u00fablica\"],\"inLanguage\":\"pt-BR\",\"potentialAction\":[{\"@type\":\"CommentAction\",\"name\":\"Comment\",\"target\":[\"https:\/\/jornaltimoneiro.com.br\/index.php\/2025\/12\/09\/canoas-treinamento-guarda-municipar-porto-alegre\/#respond\"]}]},{\"@type\":\"WebPage\",\"@id\":\"https:\/\/jornaltimoneiro.com.br\/index.php\/2025\/12\/09\/canoas-treinamento-guarda-municipar-porto-alegre\/\",\"url\":\"https:\/\/jornaltimoneiro.com.br\/index.php\/2025\/12\/09\/canoas-treinamento-guarda-municipar-porto-alegre\/\",\"name\":\"Guarda Municipal de Canoas participa de capacita\u00e7\u00e3o em ambienta\u00e7\u00e3o com aeronaves policiais - O Timoneiro Jornal Canoas RS\",\"isPartOf\":{\"@id\":\"https:\/\/jornaltimoneiro.com.br\/#website\"},\"datePublished\":\"2025-12-09T15:17:58+00:00\",\"dateModified\":\"2025-12-09T15:17:58+00:00\",\"description\":\"Guarda Municipal de Canoas participa de capacita\u00e7\u00e3o em aeronaves policiais, com treinamento t\u00e9cnico e integra\u00e7\u00e3o entre for\u00e7as de seguran\u00e7a no hangar da Pol\u00edcia Civil, em Porto Alegre\",\"breadcrumb\":{\"@id\":\"https:\/\/jornaltimoneiro.com.br\/index.php\/2025\/12\/09\/canoas-treinamento-guarda-municipar-porto-alegre\/#breadcrumb\"},\"inLanguage\":\"pt-BR\",\"potentialAction\":[{\"@type\":\"ReadAction\",\"target\":[\"https:\/\/jornaltimoneiro.com.br\/index.php\/2025\/12\/09\/canoas-treinamento-guarda-municipar-porto-alegre\/\"]}]},{\"@type\":\"BreadcrumbList\",\"@id\":\"https:\/\/jornaltimoneiro.com.br\/index.php\/2025\/12\/09\/canoas-treinamento-guarda-municipar-porto-alegre\/#breadcrumb\",\"itemListElement\":[{\"@type\":\"ListItem\",\"position\":1,\"name\":\"In\u00edcio\",\"item\":\"https:\/\/jornaltimoneiro.com.br\/\"},{\"@type\":\"ListItem\",\"position\":2,\"name\":\"Guarda Municipal de Canoas participa de capacita\u00e7\u00e3o em ambienta\u00e7\u00e3o com aeronaves policiais\"}]},{\"@type\":\"WebSite\",\"@id\":\"https:\/\/jornaltimoneiro.com.br\/#website\",\"url\":\"https:\/\/jornaltimoneiro.com.br\/\",\"name\":\"Jornal Timoneiro Canoas RS\",\"description\":\"Jornal O Timoneiro, o verdadeiro jornal de Canoas\",\"publisher\":{\"@id\":\"https:\/\/jornaltimoneiro.com.br\/#organization\"},\"potentialAction\":[{\"@type\":\"SearchAction\",\"target\":{\"@type\":\"EntryPoint\",\"urlTemplate\":\"https:\/\/jornaltimoneiro.com.br\/?s={search_term_string}\"},\"query-input\":\"required name=search_term_string\"}],\"inLanguage\":\"pt-BR\"},{\"@type\":\"Organization\",\"@id\":\"https:\/\/jornaltimoneiro.com.br\/#organization\",\"name\":\"Jornal Timoneiro Canoas RS\",\"url\":\"https:\/\/jornaltimoneiro.com.br\/\",\"logo\":{\"@type\":\"ImageObject\",\"inLanguage\":\"pt-BR\",\"@id\":\"https:\/\/jornaltimoneiro.com.br\/#\/schema\/logo\/image\/\",\"url\":\"https:\/\/jornaltimoneiro.com.br\/wp-content\/uploads\/2023\/03\/logonovo.png\",\"contentUrl\":\"https:\/\/jornaltimoneiro.com.br\/wp-content\/uploads\/2023\/03\/logonovo.png\",\"width\":\"469\",\"height\":\"171\",\"caption\":\"Jornal Timoneiro Canoas RS\"},\"image\":{\"@id\":\"https:\/\/jornaltimoneiro.com.br\/#\/schema\/logo\/image\/\"},\"sameAs\":[\"https:\/\/www.facebook.com\/jornaltimoneiro\",\"https:\/\/twitter.com\/_OTimoneiro\",\"https:\/\/www.instagram.com\/jornaltimoneirocanoas\/\",\"https:\/\/www.youtube.com\/@jornalotimoneiro7927\"]},{\"@type\":\"Person\",\"@id\":\"https:\/\/jornaltimoneiro.com.br\/#\/schema\/person\/f63482f1a02b1a9592707865e509ab40\",\"name\":\"Reda\u00e7\u00e3o\",\"image\":{\"@type\":\"ImageObject\",\"inLanguage\":\"pt-BR\",\"@id\":\"https:\/\/jornaltimoneiro.com.br\/#\/schema\/person\/image\/\",\"url\":\"https:\/\/jornaltimoneiro.com.br\/wp-content\/uploads\/2023\/03\/download.jpeg\",\"contentUrl\":\"https:\/\/jornaltimoneiro.com.br\/wp-content\/uploads\/2023\/03\/download.jpeg\",\"caption\":\"Reda\u00e7\u00e3o\"},\"url\":\"https:\/\/jornaltimoneiro.com.br\/index.php\/author\/simone-dutra\/\"}]}<\/script>\n<!-- \/ Yoast SEO plugin. -->","yoast_head_json":{"title":"Guarda Municipal de Canoas participa de capacita\u00e7\u00e3o em ambienta\u00e7\u00e3o com aeronaves policiais - O Timoneiro Jornal Canoas RS","description":"Guarda Municipal de Canoas participa de capacita\u00e7\u00e3o em aeronaves policiais, com treinamento t\u00e9cnico e integra\u00e7\u00e3o entre for\u00e7as de seguran\u00e7a no hangar da Pol\u00edcia Civil, em Porto Alegre","robots":{"index":"index","follow":"follow","max-snippet":"max-snippet:-1","max-image-preview":"max-image-preview:large","max-video-preview":"max-video-preview:-1"},"canonical":"https:\/\/jornaltimoneiro.com.br\/index.php\/2025\/12\/09\/canoas-treinamento-guarda-municipar-porto-alegre\/","og_locale":"pt_BR","og_type":"article","og_title":"Guarda Municipal de Canoas participa de capacita\u00e7\u00e3o em ambienta\u00e7\u00e3o com aeronaves policiais - O Timoneiro Jornal Canoas RS","og_description":"Guarda Municipal de Canoas participa de capacita\u00e7\u00e3o em aeronaves policiais, com treinamento t\u00e9cnico e integra\u00e7\u00e3o entre for\u00e7as de seguran\u00e7a no hangar da Pol\u00edcia Civil, em Porto Alegre","og_url":"https:\/\/jornaltimoneiro.com.br\/index.php\/2025\/12\/09\/canoas-treinamento-guarda-municipar-porto-alegre\/","og_site_name":"O Timoneiro Jornal Canoas RS","article_publisher":"https:\/\/www.facebook.com\/jornaltimoneiro","article_published_time":"2025-12-09T15:17:58+00:00","og_image":[{"width":"1270","height":"897","url":"https:\/\/jornaltimoneiro.com.br\/wp-content\/uploads\/2025\/12\/treinamento-guarda-4-.jpeg","type":"image\/jpeg"}],"author":"Reda\u00e7\u00e3o","twitter_card":"summary_large_image","twitter_creator":"@_OTimoneiro","twitter_site":"@_OTimoneiro","twitter_misc":{"Escrito por":"Reda\u00e7\u00e3o","Est. tempo de leitura":"2 minutos"},"schema":{"@context":"https:\/\/schema.org","@graph":[{"@type":"Article","@id":"https:\/\/jornaltimoneiro.com.br\/index.php\/2025\/12\/09\/canoas-treinamento-guarda-municipar-porto-alegre\/#article","isPartOf":{"@id":"https:\/\/jornaltimoneiro.com.br\/index.php\/2025\/12\/09\/canoas-treinamento-guarda-municipar-porto-alegre\/"},"author":{"name":"Reda\u00e7\u00e3o","@id":"https:\/\/jornaltimoneiro.com.br\/#\/schema\/person\/f63482f1a02b1a9592707865e509ab40"},"headline":"Guarda Municipal de Canoas participa de capacita\u00e7\u00e3o em ambienta\u00e7\u00e3o com aeronaves policiais","datePublished":"2025-12-09T15:17:58+00:00","dateModified":"2025-12-09T15:17:58+00:00","mainEntityOfPage":{"@id":"https:\/\/jornaltimoneiro.com.br\/index.php\/2025\/12\/09\/canoas-treinamento-guarda-municipar-porto-alegre\/"},"wordCount":434,"commentCount":0,"publisher":{"@id":"https:\/\/jornaltimoneiro.com.br\/#organization"},"keywords":["canoas","featured","seguran\u00e7a p\u00fablica"],"articleSection":["Seguran\u00e7a P\u00fablica"],"inLanguage":"pt-BR","potentialAction":[{"@type":"CommentAction","name":"Comment","target":["https:\/\/jornaltimoneiro.com.br\/index.php\/2025\/12\/09\/canoas-treinamento-guarda-municipar-porto-alegre\/#respond"]}]},{"@type":"WebPage","@id":"https:\/\/jornaltimoneiro.com.br\/index.php\/2025\/12\/09\/canoas-treinamento-guarda-municipar-porto-alegre\/","url":"https:\/\/jornaltimoneiro.com.br\/index.php\/2025\/12\/09\/canoas-treinamento-guarda-municipar-porto-alegre\/","name":"Guarda Municipal de Canoas participa de capacita\u00e7\u00e3o em ambienta\u00e7\u00e3o com aeronaves policiais - O Timoneiro Jornal Canoas RS","isPartOf":{"@id":"https:\/\/jornaltimoneiro.com.br\/#website"},"datePublished":"2025-12-09T15:17:58+00:00","dateModified":"2025-12-09T15:17:58+00:00","description":"Guarda Municipal de Canoas participa de capacita\u00e7\u00e3o em aeronaves policiais, com treinamento t\u00e9cnico e integra\u00e7\u00e3o entre for\u00e7as de seguran\u00e7a no hangar da Pol\u00edcia Civil, em Porto Alegre","breadcrumb":{"@id":"https:\/\/jornaltimoneiro.com.br\/index.php\/2025\/12\/09\/canoas-treinamento-guarda-municipar-porto-alegre\/#breadcrumb"},"inLanguage":"pt-BR","potentialAction":[{"@type":"ReadAction","target":["https:\/\/jornaltimoneiro.com.br\/index.php\/2025\/12\/09\/canoas-treinamento-guarda-municipar-porto-alegre\/"]}]},{"@type":"BreadcrumbList","@id":"https:\/\/jornaltimoneiro.com.br\/index.php\/2025\/12\/09\/canoas-treinamento-guarda-municipar-porto-alegre\/#breadcrumb","itemListElement":[{"@type":"ListItem","position":1,"name":"In\u00edcio","item":"https:\/\/jornaltimoneiro.com.br\/"},{"@type":"ListItem","position":2,"name":"Guarda Municipal de Canoas participa de capacita\u00e7\u00e3o em ambienta\u00e7\u00e3o com aeronaves policiais"}]},{"@type":"WebSite","@id":"https:\/\/jornaltimoneiro.com.br\/#website","url":"https:\/\/jornaltimoneiro.com.br\/","name":"Jornal Timoneiro Canoas RS","description":"Jornal O Timoneiro, o verdadeiro jornal de Canoas","publisher":{"@id":"https:\/\/jornaltimoneiro.com.br\/#organization"},"potentialAction":[{"@type":"SearchAction","target":{"@type":"EntryPoint","urlTemplate":"https:\/\/jornaltimoneiro.com.br\/?s={search_term_string}"},"query-input":"required name=search_term_string"}],"inLanguage":"pt-BR"},{"@type":"Organization","@id":"https:\/\/jornaltimoneiro.com.br\/#organization","name":"Jornal Timoneiro Canoas RS","url":"https:\/\/jornaltimoneiro.com.br\/","logo":{"@type":"ImageObject","inLanguage":"pt-BR","@id":"https:\/\/jornaltimoneiro.com.br\/#\/schema\/logo\/image\/","url":"https:\/\/jornaltimoneiro.com.br\/wp-content\/uploads\/2023\/03\/logonovo.png","contentUrl":"https:\/\/jornaltimoneiro.com.br\/wp-content\/uploads\/2023\/03\/logonovo.png","width":"469","height":"171","caption":"Jornal Timoneiro Canoas RS"},"image":{"@id":"https:\/\/jornaltimoneiro.com.br\/#\/schema\/logo\/image\/"},"sameAs":["https:\/\/www.facebook.com\/jornaltimoneiro","https:\/\/twitter.com\/_OTimoneiro","https:\/\/www.instagram.com\/jornaltimoneirocanoas\/","https:\/\/www.youtube.com\/@jornalotimoneiro7927"]},{"@type":"Person","@id":"https:\/\/jornaltimoneiro.com.br\/#\/schema\/person\/f63482f1a02b1a9592707865e509ab40","name":"Reda\u00e7\u00e3o","image":{"@type":"ImageObject","inLanguage":"pt-BR","@id":"https:\/\/jornaltimoneiro.com.br\/#\/schema\/person\/image\/","url":"https:\/\/jornaltimoneiro.com.br\/wp-content\/uploads\/2023\/03\/download.jpeg","contentUrl":"https:\/\/jornaltimoneiro.com.br\/wp-content\/uploads\/2023\/03\/download.jpeg","caption":"Reda\u00e7\u00e3o"},"url":"https:\/\/jornaltimoneiro.com.br\/index.php\/author\/simone-dutra\/"}]}},"_links":{"self":[{"href":"https:\/\/jornaltimoneiro.com.br\/index.php\/wp-json\/wp\/v2\/posts\/37956"}],"collection":[{"href":"https:\/\/jornaltimoneiro.com.br\/index.php\/wp-json\/wp\/v2\/posts"}],"about":[{"href":"https:\/\/jornaltimoneiro.com.br\/index.php\/wp-json\/wp\/v2\/types\/post"}],"author":[{"embeddable":true,"href":"https:\/\/jornaltimoneiro.com.br\/index.php\/wp-json\/wp\/v2\/users\/2"}],"replies":[{"embeddable":true,"href":"https:\/\/jornaltimoneiro.com.br\/index.php\/wp-json\/wp\/v2\/comments?post=37956"}],"version-history":[{"count":1,"href":"https:\/\/jornaltimoneiro.com.br\/index.php\/wp-json\/wp\/v2\/posts\/37956\/revisions"}],"predecessor-version":[{"id":37958,"href":"https:\/\/jornaltimoneiro.com.br\/index.php\/wp-json\/wp\/v2\/posts\/37956\/revisions\/37958"}],"wp:featuredmedia":[{"embeddable":true,"href":"https:\/\/jornaltimoneiro.com.br\/index.php\/wp-json\/wp\/v2\/media\/37957"}],"wp:attachment":[{"href":"https:\/\/jornaltimoneiro.com.br\/index.php\/wp-json\/wp\/v2\/media?parent=37956"}],"wp:term":[{"taxonomy":"category","embeddable":true,"href":"https:\/\/jornaltimoneiro.com.br\/index.php\/wp-json\/wp\/v2\/categories?post=37956"},{"taxonomy":"post_tag","embeddable":true,"href":"https:\/\/jornaltimoneiro.com.br\/index.php\/wp-json\/wp\/v2\/tags?post=37956"}],"curies":[{"name":"wp","href":"https:\/\/api.w.org\/{rel}","templated":true}]}}