{"id":37947,"date":"2025-12-08T14:07:14","date_gmt":"2025-12-08T17:07:14","guid":{"rendered":"https:\/\/jornaltimoneiro.com.br\/?p=37947"},"modified":"2025-12-08T14:07:14","modified_gmt":"2025-12-08T17:07:14","slug":"canoas-defesa-civil-alerta-ciclone","status":"publish","type":"post","link":"https:\/\/jornaltimoneiro.com.br\/index.php\/2025\/12\/08\/canoas-defesa-civil-alerta-ciclone\/","title":{"rendered":"Ciclone deve atingir o Rio Grande do Sul nas pr\u00f3ximas horas, alerta a Defesa Civil"},"content":{"rendered":"<p>A Defesa Civil divulgou boletim meteorol\u00f3gico alertando para a previs\u00e3o de instabilidade clim\u00e1tica em Canoas nas pr\u00f3ximas horas, com risco de chuva, descargas el\u00e9tricas, ventos fortes e possibilidade de granizo isolado. O cen\u00e1rio exige aten\u00e7\u00e3o da popula\u00e7\u00e3o, especialmente em fun\u00e7\u00e3o do avan\u00e7o de um ciclone.<\/p>\n<p>Para a tarde desta segunda-feira, 8, h\u00e1 possibilidade de chuva r\u00e1pida e localizada, provocada pelo forte calor, com temperaturas que podem chegar a 33\u00b0C. O acumulado previsto \u00e9 de at\u00e9 8 mil\u00edmetros, com chance de descargas el\u00e9tricas e ocorr\u00eancia pontual de granizo. Em alguns bairros, o tempo pode mudar de forma repentina, com escurecimento do c\u00e9u. Durante a noite, a tend\u00eancia \u00e9 de cessar a chuva.<\/p>\n<p>Na madrugada de ter\u00e7a-feira, 9, a previs\u00e3o indica chuva fraca. Ao longo da manh\u00e3 e da tarde, o tempo segue inst\u00e1vel, com acumulado estimado em cerca de 60 mil\u00edmetros. H\u00e1 risco de descargas el\u00e9tricas, possibilidade de granizo isolado principalmente no per\u00edodo da tarde e rajadas de vento que podem variar entre 80 e 85 km\/h.<br \/>\nPara a quarta-feira, 10, o tempo apresenta maior estabilidade e n\u00e3o h\u00e1 risco de granizo. No entanto, ainda est\u00e3o previstos cerca de 20 mil\u00edmetros de chuva. O vento passa a soprar de sudoeste, com rajadas que podem atingir at\u00e9 100 km\/h, em raz\u00e3o do ciclone j\u00e1 posicionado no oceano.<\/p>\n<p>A Defesa Civil informa que o monitoramento das condi\u00e7\u00f5es clim\u00e1ticas \u00e9 cont\u00ednuo, funcionando 24 horas por dia. Qualquer altera\u00e7\u00e3o significativa no cen\u00e1rio meteorol\u00f3gico ser\u00e1 comunicada imediatamente por meio dos canais oficiais.<\/p>\n","protected":false},"excerpt":{"rendered":"<p>A Defesa Civil divulgou boletim meteorol\u00f3gico alertando para a previs\u00e3o de instabilidade clim\u00e1tica em Canoas nas pr\u00f3ximas horas, com risco de chuva, descargas el\u00e9tricas, ventos fortes e possibilidade de granizo isolado. O cen\u00e1rio exige aten\u00e7\u00e3o da popula\u00e7\u00e3o, especialmente em fun\u00e7\u00e3o do avan\u00e7o de um ciclone. Para a tarde desta segunda-feira, 8, h\u00e1 possibilidade de chuva [&hellip;]<\/p>\n","protected":false},"author":2,"featured_media":37948,"comment_status":"open","ping_status":"open","sticky":false,"template":"","format":"standard","meta":{"amp_status":"","footnotes":""},"categories":[2193],"tags":[31,908,190],"class_list":["post-37947","post","type-post","status-publish","format-standard","has-post-thumbnail","hentry","category-clima","tag-canoas","tag-ciclone","tag-featured"],"yoast_head":"<!-- This site is optimized with the Yoast SEO plugin v20.5 - https:\/\/yoast.com\/wordpress\/plugins\/seo\/ -->\n<title>Ciclone deve atingir o Rio Grande do Sul nas pr\u00f3ximas horas, alerta a Defesa Civil - O Timoneiro Jornal Canoas RS<\/title>\n<meta name=\"description\" content=\"Previs\u00e3o indica instabilidade em Canoas com chuva intensa, vento forte, descargas el\u00e9tricas e possibilidade de granizo, devido \u00e0 atua\u00e7\u00e3o de um ciclone nas pr\u00f3ximas horas\" \/>\n<meta name=\"robots\" content=\"index, follow, max-snippet:-1, max-image-preview:large, max-video-preview:-1\" \/>\n<link rel=\"canonical\" href=\"https:\/\/jornaltimoneiro.com.br\/index.php\/2025\/12\/08\/canoas-defesa-civil-alerta-ciclone\/\" \/>\n<meta property=\"og:locale\" content=\"pt_BR\" \/>\n<meta property=\"og:type\" content=\"article\" \/>\n<meta property=\"og:title\" content=\"Ciclone deve atingir o Rio Grande do Sul nas pr\u00f3ximas horas, alerta a Defesa Civil - O Timoneiro Jornal Canoas RS\" \/>\n<meta property=\"og:description\" content=\"Previs\u00e3o indica instabilidade em Canoas com chuva intensa, vento forte, descargas el\u00e9tricas e possibilidade de granizo, devido \u00e0 atua\u00e7\u00e3o de um ciclone nas pr\u00f3ximas horas\" \/>\n<meta property=\"og:url\" content=\"https:\/\/jornaltimoneiro.com.br\/index.php\/2025\/12\/08\/canoas-defesa-civil-alerta-ciclone\/\" \/>\n<meta property=\"og:site_name\" content=\"O Timoneiro Jornal Canoas RS\" \/>\n<meta property=\"article:publisher\" content=\"https:\/\/www.facebook.com\/jornaltimoneiro\" \/>\n<meta property=\"article:published_time\" content=\"2025-12-08T17:07:14+00:00\" \/>\n<meta property=\"og:image\" content=\"https:\/\/jornaltimoneiro.com.br\/wp-content\/uploads\/2025\/12\/08115814_109274_GD.png\" \/>\n\t<meta property=\"og:image:width\" content=\"801\" \/>\n\t<meta property=\"og:image:height\" content=\"1068\" \/>\n\t<meta property=\"og:image:type\" content=\"image\/png\" \/>\n<meta name=\"author\" content=\"Reda\u00e7\u00e3o\" \/>\n<meta name=\"twitter:card\" content=\"summary_large_image\" \/>\n<meta name=\"twitter:creator\" content=\"@_OTimoneiro\" \/>\n<meta name=\"twitter:site\" content=\"@_OTimoneiro\" \/>\n<meta name=\"twitter:label1\" content=\"Escrito por\" \/>\n\t<meta name=\"twitter:data1\" content=\"Reda\u00e7\u00e3o\" \/>\n\t<meta name=\"twitter:label2\" content=\"Est. tempo de leitura\" \/>\n\t<meta name=\"twitter:data2\" content=\"2 minutos\" \/>\n<script type=\"application\/ld+json\" class=\"yoast-schema-graph\">{\"@context\":\"https:\/\/schema.org\",\"@graph\":[{\"@type\":\"Article\",\"@id\":\"https:\/\/jornaltimoneiro.com.br\/index.php\/2025\/12\/08\/canoas-defesa-civil-alerta-ciclone\/#article\",\"isPartOf\":{\"@id\":\"https:\/\/jornaltimoneiro.com.br\/index.php\/2025\/12\/08\/canoas-defesa-civil-alerta-ciclone\/\"},\"author\":{\"name\":\"Reda\u00e7\u00e3o\",\"@id\":\"https:\/\/jornaltimoneiro.com.br\/#\/schema\/person\/f63482f1a02b1a9592707865e509ab40\"},\"headline\":\"Ciclone deve atingir o Rio Grande do Sul nas pr\u00f3ximas horas, alerta a Defesa Civil\",\"datePublished\":\"2025-12-08T17:07:14+00:00\",\"dateModified\":\"2025-12-08T17:07:14+00:00\",\"mainEntityOfPage\":{\"@id\":\"https:\/\/jornaltimoneiro.com.br\/index.php\/2025\/12\/08\/canoas-defesa-civil-alerta-ciclone\/\"},\"wordCount\":283,\"commentCount\":0,\"publisher\":{\"@id\":\"https:\/\/jornaltimoneiro.com.br\/#organization\"},\"keywords\":[\"canoas\",\"ciclone\",\"featured\"],\"articleSection\":[\"Clima\"],\"inLanguage\":\"pt-BR\",\"potentialAction\":[{\"@type\":\"CommentAction\",\"name\":\"Comment\",\"target\":[\"https:\/\/jornaltimoneiro.com.br\/index.php\/2025\/12\/08\/canoas-defesa-civil-alerta-ciclone\/#respond\"]}]},{\"@type\":\"WebPage\",\"@id\":\"https:\/\/jornaltimoneiro.com.br\/index.php\/2025\/12\/08\/canoas-defesa-civil-alerta-ciclone\/\",\"url\":\"https:\/\/jornaltimoneiro.com.br\/index.php\/2025\/12\/08\/canoas-defesa-civil-alerta-ciclone\/\",\"name\":\"Ciclone deve atingir o Rio Grande do Sul nas pr\u00f3ximas horas, alerta a Defesa Civil - O Timoneiro Jornal Canoas RS\",\"isPartOf\":{\"@id\":\"https:\/\/jornaltimoneiro.com.br\/#website\"},\"datePublished\":\"2025-12-08T17:07:14+00:00\",\"dateModified\":\"2025-12-08T17:07:14+00:00\",\"description\":\"Previs\u00e3o indica instabilidade em Canoas com chuva intensa, vento forte, descargas el\u00e9tricas e possibilidade de granizo, devido \u00e0 atua\u00e7\u00e3o de um ciclone nas pr\u00f3ximas horas\",\"breadcrumb\":{\"@id\":\"https:\/\/jornaltimoneiro.com.br\/index.php\/2025\/12\/08\/canoas-defesa-civil-alerta-ciclone\/#breadcrumb\"},\"inLanguage\":\"pt-BR\",\"potentialAction\":[{\"@type\":\"ReadAction\",\"target\":[\"https:\/\/jornaltimoneiro.com.br\/index.php\/2025\/12\/08\/canoas-defesa-civil-alerta-ciclone\/\"]}]},{\"@type\":\"BreadcrumbList\",\"@id\":\"https:\/\/jornaltimoneiro.com.br\/index.php\/2025\/12\/08\/canoas-defesa-civil-alerta-ciclone\/#breadcrumb\",\"itemListElement\":[{\"@type\":\"ListItem\",\"position\":1,\"name\":\"In\u00edcio\",\"item\":\"https:\/\/jornaltimoneiro.com.br\/\"},{\"@type\":\"ListItem\",\"position\":2,\"name\":\"Ciclone deve atingir o Rio Grande do Sul nas pr\u00f3ximas horas, alerta a Defesa Civil\"}]},{\"@type\":\"WebSite\",\"@id\":\"https:\/\/jornaltimoneiro.com.br\/#website\",\"url\":\"https:\/\/jornaltimoneiro.com.br\/\",\"name\":\"Jornal Timoneiro Canoas RS\",\"description\":\"Jornal O Timoneiro, o verdadeiro jornal de Canoas\",\"publisher\":{\"@id\":\"https:\/\/jornaltimoneiro.com.br\/#organization\"},\"potentialAction\":[{\"@type\":\"SearchAction\",\"target\":{\"@type\":\"EntryPoint\",\"urlTemplate\":\"https:\/\/jornaltimoneiro.com.br\/?s={search_term_string}\"},\"query-input\":\"required name=search_term_string\"}],\"inLanguage\":\"pt-BR\"},{\"@type\":\"Organization\",\"@id\":\"https:\/\/jornaltimoneiro.com.br\/#organization\",\"name\":\"Jornal Timoneiro Canoas RS\",\"url\":\"https:\/\/jornaltimoneiro.com.br\/\",\"logo\":{\"@type\":\"ImageObject\",\"inLanguage\":\"pt-BR\",\"@id\":\"https:\/\/jornaltimoneiro.com.br\/#\/schema\/logo\/image\/\",\"url\":\"https:\/\/jornaltimoneiro.com.br\/wp-content\/uploads\/2023\/03\/logonovo.png\",\"contentUrl\":\"https:\/\/jornaltimoneiro.com.br\/wp-content\/uploads\/2023\/03\/logonovo.png\",\"width\":\"469\",\"height\":\"171\",\"caption\":\"Jornal Timoneiro Canoas RS\"},\"image\":{\"@id\":\"https:\/\/jornaltimoneiro.com.br\/#\/schema\/logo\/image\/\"},\"sameAs\":[\"https:\/\/www.facebook.com\/jornaltimoneiro\",\"https:\/\/twitter.com\/_OTimoneiro\",\"https:\/\/www.instagram.com\/jornaltimoneirocanoas\/\",\"https:\/\/www.youtube.com\/@jornalotimoneiro7927\"]},{\"@type\":\"Person\",\"@id\":\"https:\/\/jornaltimoneiro.com.br\/#\/schema\/person\/f63482f1a02b1a9592707865e509ab40\",\"name\":\"Reda\u00e7\u00e3o\",\"image\":{\"@type\":\"ImageObject\",\"inLanguage\":\"pt-BR\",\"@id\":\"https:\/\/jornaltimoneiro.com.br\/#\/schema\/person\/image\/\",\"url\":\"https:\/\/jornaltimoneiro.com.br\/wp-content\/uploads\/2023\/03\/download.jpeg\",\"contentUrl\":\"https:\/\/jornaltimoneiro.com.br\/wp-content\/uploads\/2023\/03\/download.jpeg\",\"caption\":\"Reda\u00e7\u00e3o\"},\"url\":\"https:\/\/jornaltimoneiro.com.br\/index.php\/author\/simone-dutra\/\"}]}<\/script>\n<!-- \/ Yoast SEO plugin. -->","yoast_head_json":{"title":"Ciclone deve atingir o Rio Grande do Sul nas pr\u00f3ximas horas, alerta a Defesa Civil - O Timoneiro Jornal Canoas RS","description":"Previs\u00e3o indica instabilidade em Canoas com chuva intensa, vento forte, descargas el\u00e9tricas e possibilidade de granizo, devido \u00e0 atua\u00e7\u00e3o de um ciclone nas pr\u00f3ximas horas","robots":{"index":"index","follow":"follow","max-snippet":"max-snippet:-1","max-image-preview":"max-image-preview:large","max-video-preview":"max-video-preview:-1"},"canonical":"https:\/\/jornaltimoneiro.com.br\/index.php\/2025\/12\/08\/canoas-defesa-civil-alerta-ciclone\/","og_locale":"pt_BR","og_type":"article","og_title":"Ciclone deve atingir o Rio Grande do Sul nas pr\u00f3ximas horas, alerta a Defesa Civil - O Timoneiro Jornal Canoas RS","og_description":"Previs\u00e3o indica instabilidade em Canoas com chuva intensa, vento forte, descargas el\u00e9tricas e possibilidade de granizo, devido \u00e0 atua\u00e7\u00e3o de um ciclone nas pr\u00f3ximas horas","og_url":"https:\/\/jornaltimoneiro.com.br\/index.php\/2025\/12\/08\/canoas-defesa-civil-alerta-ciclone\/","og_site_name":"O Timoneiro Jornal Canoas RS","article_publisher":"https:\/\/www.facebook.com\/jornaltimoneiro","article_published_time":"2025-12-08T17:07:14+00:00","og_image":[{"width":"801","height":"1068","url":"https:\/\/jornaltimoneiro.com.br\/wp-content\/uploads\/2025\/12\/08115814_109274_GD.png","type":"image\/png"}],"author":"Reda\u00e7\u00e3o","twitter_card":"summary_large_image","twitter_creator":"@_OTimoneiro","twitter_site":"@_OTimoneiro","twitter_misc":{"Escrito por":"Reda\u00e7\u00e3o","Est. tempo de leitura":"2 minutos"},"schema":{"@context":"https:\/\/schema.org","@graph":[{"@type":"Article","@id":"https:\/\/jornaltimoneiro.com.br\/index.php\/2025\/12\/08\/canoas-defesa-civil-alerta-ciclone\/#article","isPartOf":{"@id":"https:\/\/jornaltimoneiro.com.br\/index.php\/2025\/12\/08\/canoas-defesa-civil-alerta-ciclone\/"},"author":{"name":"Reda\u00e7\u00e3o","@id":"https:\/\/jornaltimoneiro.com.br\/#\/schema\/person\/f63482f1a02b1a9592707865e509ab40"},"headline":"Ciclone deve atingir o Rio Grande do Sul nas pr\u00f3ximas horas, alerta a Defesa Civil","datePublished":"2025-12-08T17:07:14+00:00","dateModified":"2025-12-08T17:07:14+00:00","mainEntityOfPage":{"@id":"https:\/\/jornaltimoneiro.com.br\/index.php\/2025\/12\/08\/canoas-defesa-civil-alerta-ciclone\/"},"wordCount":283,"commentCount":0,"publisher":{"@id":"https:\/\/jornaltimoneiro.com.br\/#organization"},"keywords":["canoas","ciclone","featured"],"articleSection":["Clima"],"inLanguage":"pt-BR","potentialAction":[{"@type":"CommentAction","name":"Comment","target":["https:\/\/jornaltimoneiro.com.br\/index.php\/2025\/12\/08\/canoas-defesa-civil-alerta-ciclone\/#respond"]}]},{"@type":"WebPage","@id":"https:\/\/jornaltimoneiro.com.br\/index.php\/2025\/12\/08\/canoas-defesa-civil-alerta-ciclone\/","url":"https:\/\/jornaltimoneiro.com.br\/index.php\/2025\/12\/08\/canoas-defesa-civil-alerta-ciclone\/","name":"Ciclone deve atingir o Rio Grande do Sul nas pr\u00f3ximas horas, alerta a Defesa Civil - O Timoneiro Jornal Canoas RS","isPartOf":{"@id":"https:\/\/jornaltimoneiro.com.br\/#website"},"datePublished":"2025-12-08T17:07:14+00:00","dateModified":"2025-12-08T17:07:14+00:00","description":"Previs\u00e3o indica instabilidade em Canoas com chuva intensa, vento forte, descargas el\u00e9tricas e possibilidade de granizo, devido \u00e0 atua\u00e7\u00e3o de um ciclone nas pr\u00f3ximas horas","breadcrumb":{"@id":"https:\/\/jornaltimoneiro.com.br\/index.php\/2025\/12\/08\/canoas-defesa-civil-alerta-ciclone\/#breadcrumb"},"inLanguage":"pt-BR","potentialAction":[{"@type":"ReadAction","target":["https:\/\/jornaltimoneiro.com.br\/index.php\/2025\/12\/08\/canoas-defesa-civil-alerta-ciclone\/"]}]},{"@type":"BreadcrumbList","@id":"https:\/\/jornaltimoneiro.com.br\/index.php\/2025\/12\/08\/canoas-defesa-civil-alerta-ciclone\/#breadcrumb","itemListElement":[{"@type":"ListItem","position":1,"name":"In\u00edcio","item":"https:\/\/jornaltimoneiro.com.br\/"},{"@type":"ListItem","position":2,"name":"Ciclone deve atingir o Rio Grande do Sul nas pr\u00f3ximas horas, alerta a Defesa Civil"}]},{"@type":"WebSite","@id":"https:\/\/jornaltimoneiro.com.br\/#website","url":"https:\/\/jornaltimoneiro.com.br\/","name":"Jornal Timoneiro Canoas RS","description":"Jornal O Timoneiro, o verdadeiro jornal de Canoas","publisher":{"@id":"https:\/\/jornaltimoneiro.com.br\/#organization"},"potentialAction":[{"@type":"SearchAction","target":{"@type":"EntryPoint","urlTemplate":"https:\/\/jornaltimoneiro.com.br\/?s={search_term_string}"},"query-input":"required name=search_term_string"}],"inLanguage":"pt-BR"},{"@type":"Organization","@id":"https:\/\/jornaltimoneiro.com.br\/#organization","name":"Jornal Timoneiro Canoas RS","url":"https:\/\/jornaltimoneiro.com.br\/","logo":{"@type":"ImageObject","inLanguage":"pt-BR","@id":"https:\/\/jornaltimoneiro.com.br\/#\/schema\/logo\/image\/","url":"https:\/\/jornaltimoneiro.com.br\/wp-content\/uploads\/2023\/03\/logonovo.png","contentUrl":"https:\/\/jornaltimoneiro.com.br\/wp-content\/uploads\/2023\/03\/logonovo.png","width":"469","height":"171","caption":"Jornal Timoneiro Canoas RS"},"image":{"@id":"https:\/\/jornaltimoneiro.com.br\/#\/schema\/logo\/image\/"},"sameAs":["https:\/\/www.facebook.com\/jornaltimoneiro","https:\/\/twitter.com\/_OTimoneiro","https:\/\/www.instagram.com\/jornaltimoneirocanoas\/","https:\/\/www.youtube.com\/@jornalotimoneiro7927"]},{"@type":"Person","@id":"https:\/\/jornaltimoneiro.com.br\/#\/schema\/person\/f63482f1a02b1a9592707865e509ab40","name":"Reda\u00e7\u00e3o","image":{"@type":"ImageObject","inLanguage":"pt-BR","@id":"https:\/\/jornaltimoneiro.com.br\/#\/schema\/person\/image\/","url":"https:\/\/jornaltimoneiro.com.br\/wp-content\/uploads\/2023\/03\/download.jpeg","contentUrl":"https:\/\/jornaltimoneiro.com.br\/wp-content\/uploads\/2023\/03\/download.jpeg","caption":"Reda\u00e7\u00e3o"},"url":"https:\/\/jornaltimoneiro.com.br\/index.php\/author\/simone-dutra\/"}]}},"_links":{"self":[{"href":"https:\/\/jornaltimoneiro.com.br\/index.php\/wp-json\/wp\/v2\/posts\/37947"}],"collection":[{"href":"https:\/\/jornaltimoneiro.com.br\/index.php\/wp-json\/wp\/v2\/posts"}],"about":[{"href":"https:\/\/jornaltimoneiro.com.br\/index.php\/wp-json\/wp\/v2\/types\/post"}],"author":[{"embeddable":true,"href":"https:\/\/jornaltimoneiro.com.br\/index.php\/wp-json\/wp\/v2\/users\/2"}],"replies":[{"embeddable":true,"href":"https:\/\/jornaltimoneiro.com.br\/index.php\/wp-json\/wp\/v2\/comments?post=37947"}],"version-history":[{"count":1,"href":"https:\/\/jornaltimoneiro.com.br\/index.php\/wp-json\/wp\/v2\/posts\/37947\/revisions"}],"predecessor-version":[{"id":37949,"href":"https:\/\/jornaltimoneiro.com.br\/index.php\/wp-json\/wp\/v2\/posts\/37947\/revisions\/37949"}],"wp:featuredmedia":[{"embeddable":true,"href":"https:\/\/jornaltimoneiro.com.br\/index.php\/wp-json\/wp\/v2\/media\/37948"}],"wp:attachment":[{"href":"https:\/\/jornaltimoneiro.com.br\/index.php\/wp-json\/wp\/v2\/media?parent=37947"}],"wp:term":[{"taxonomy":"category","embeddable":true,"href":"https:\/\/jornaltimoneiro.com.br\/index.php\/wp-json\/wp\/v2\/categories?post=37947"},{"taxonomy":"post_tag","embeddable":true,"href":"https:\/\/jornaltimoneiro.com.br\/index.php\/wp-json\/wp\/v2\/tags?post=37947"}],"curies":[{"name":"wp","href":"https:\/\/api.w.org\/{rel}","templated":true}]}}