{"id":37939,"date":"2025-12-08T12:35:19","date_gmt":"2025-12-08T15:35:19","guid":{"rendered":"https:\/\/jornaltimoneiro.com.br\/?p=37939"},"modified":"2025-12-08T12:35:19","modified_gmt":"2025-12-08T15:35:19","slug":"canoas-trilha-rs","status":"publish","type":"post","link":"https:\/\/jornaltimoneiro.com.br\/index.php\/2025\/12\/08\/canoas-trilha-rs\/","title":{"rendered":"Projetos selecionados pelo TrilhaRS entram na reta final de capta\u00e7\u00e3o de recursos"},"content":{"rendered":"<p data-start=\"187\" data-end=\"546\">Os projetos selecionados pelo TrilhaRS, programa de matchfunding voltado ao apoio da reconstru\u00e7\u00e3o do Rio Grande do Sul, entram na fase decisiva de capta\u00e7\u00e3o de recursos. O prazo para atingir a meta financeira da maioria das iniciativas se encerra no dia 20 de dezembro, e parte delas ainda busca mobilizar o valor necess\u00e1rio para viabilizar as a\u00e7\u00f5es propostas.<\/p>\n<p data-start=\"548\" data-end=\"883\">Com o objetivo de ampliar o alcance das campanhas e incentivar novas doa\u00e7\u00f5es, o Banco Regional de Desenvolvimento do Extremo Sul (BRDE) e o RegeneraRS promoveram, na sexta-feira, 5, uma apresenta\u00e7\u00e3o p\u00fablica dos projetos. A iniciativa buscou dar visibilidade \u00e0s propostas e fortalecer a mobiliza\u00e7\u00e3o da sociedade neste momento final.<\/p>\n<p data-start=\"885\" data-end=\"1277\">O modelo de matchfunding do TrilhaRS funciona como um mecanismo de incentivo ao impacto social: a cada R$ 1 doado pelo p\u00fablico, o programa aporta mais R$ 2 \u2014 sendo R$ 1 do RegeneraRS e R$ 1 do BRDE. Ao todo, a iniciativa poder\u00e1 alcan\u00e7ar at\u00e9 R$ 1,6 milh\u00e3o em investimentos voltados \u00e0 regenera\u00e7\u00e3o social, ambiental e econ\u00f4mica no estado. At\u00e9 o momento, cerca de R$ 580 mil j\u00e1 foram mobilizados.<\/p>\n<p data-start=\"1279\" data-end=\"1821\">Conforme as regras do programa, caso um projeto n\u00e3o atinja a meta estabelecida, os valores arrecadados s\u00e3o integralmente devolvidos aos doadores. Entre as iniciativas j\u00e1 confirmadas est\u00e1 o projeto Ra\u00edzes do Futuro, que superou a marca de R$ 30 mil em capta\u00e7\u00e3o. A proposta prev\u00ea a implanta\u00e7\u00e3o de hortas biodin\u00e2micas comunit\u00e1rias em \u00e1reas fortemente atingidas pelas enchentes do ano passado, em Bento Gon\u00e7alves, aliando educa\u00e7\u00e3o ambiental, recupera\u00e7\u00e3o do solo e o fortalecimento de mulheres agricultoras por meio de oficinas e capacita\u00e7\u00f5es.<\/p>\n<p>Para o diretor de Planejamento do BRDE, Leonardo Busatto, o TrilhaRS se diferencia em termos de apoio a projetos de transi\u00e7\u00e3o clim\u00e1tica.<\/p>\n<blockquote><p>\u201cO programa tem um car\u00e1ter colaborativo, pois busca gerar esse engajamento comunit\u00e1rio como forma de gerar impacto. Com isso, o modelo de cofinanciamento pode ser repetido em novos projetos\u201d, destacou Busatto.<\/p>\n<p>\u201cO TrilhaRS tem um grande potencial pois \u00e9 um trabalho em rede. Ele agrega mais pessoas, mais recursos e mais solu\u00e7\u00f5es\u201d, observou a coordenadora do RegeneraRS, Manuela Fonseca.<\/p><\/blockquote>\n<p>A iniciativa tem a parceria da plataforma de financiamento coletivo Benfeitoria, que desenvolveu um ciclo completo de capacita\u00e7\u00e3o, constru\u00e7\u00e3o de campanha e arrecada\u00e7\u00e3o em favor dos projetos selecionados. A diretora de Fomento da Benfeitoria, Yasmin Youssef, fez a apresenta\u00e7\u00e3o de cada um dos 18 projetos que est\u00e3o aptos para capta\u00e7\u00e3o durante o evento. \u00c9 poss\u00edvel conferir maiores detalhes de cada projeto do Trilha RS e contribuir, acessando: https:\/\/benfeitoria.com\/especial\/trilhaRS.<\/p>\n","protected":false},"excerpt":{"rendered":"<p>Os projetos selecionados pelo TrilhaRS, programa de matchfunding voltado ao apoio da reconstru\u00e7\u00e3o do Rio Grande do Sul, entram na fase decisiva de capta\u00e7\u00e3o de recursos. O prazo para atingir a meta financeira da maioria das iniciativas se encerra no dia 20 de dezembro, e parte delas ainda busca mobilizar o valor necess\u00e1rio para viabilizar [&hellip;]<\/p>\n","protected":false},"author":2,"featured_media":37942,"comment_status":"open","ping_status":"open","sticky":false,"template":"","format":"standard","meta":{"amp_status":"","footnotes":""},"categories":[23],"tags":[31,1377],"class_list":["post-37939","post","type-post","status-publish","format-standard","has-post-thumbnail","hentry","category-geral","tag-canoas","tag-feat"],"yoast_head":"<!-- This site is optimized with the Yoast SEO plugin v20.5 - https:\/\/yoast.com\/wordpress\/plugins\/seo\/ -->\n<title>Projetos selecionados pelo TrilhaRS entram na reta final de capta\u00e7\u00e3o de recursos - O Timoneiro Jornal Canoas RS<\/title>\n<meta name=\"description\" content=\"Projetos selecionados pelo programa TrilhaRS entram na reta final de capta\u00e7\u00e3o de recursos para iniciativas de reconstru\u00e7\u00e3o do Rio Grande do Sul, com apoio do BRDE, RegeneraRS e financiamento colaborativo\" \/>\n<meta name=\"robots\" content=\"index, follow, max-snippet:-1, max-image-preview:large, max-video-preview:-1\" \/>\n<link rel=\"canonical\" href=\"https:\/\/jornaltimoneiro.com.br\/index.php\/2025\/12\/08\/canoas-trilha-rs\/\" \/>\n<meta property=\"og:locale\" content=\"pt_BR\" \/>\n<meta property=\"og:type\" content=\"article\" \/>\n<meta property=\"og:title\" content=\"Projetos selecionados pelo TrilhaRS entram na reta final de capta\u00e7\u00e3o de recursos - O Timoneiro Jornal Canoas RS\" \/>\n<meta property=\"og:description\" content=\"Projetos selecionados pelo programa TrilhaRS entram na reta final de capta\u00e7\u00e3o de recursos para iniciativas de reconstru\u00e7\u00e3o do Rio Grande do Sul, com apoio do BRDE, RegeneraRS e financiamento colaborativo\" \/>\n<meta property=\"og:url\" content=\"https:\/\/jornaltimoneiro.com.br\/index.php\/2025\/12\/08\/canoas-trilha-rs\/\" \/>\n<meta property=\"og:site_name\" content=\"O Timoneiro Jornal Canoas RS\" \/>\n<meta property=\"article:publisher\" content=\"https:\/\/www.facebook.com\/jornaltimoneiro\" \/>\n<meta property=\"article:published_time\" content=\"2025-12-08T15:35:19+00:00\" \/>\n<meta property=\"og:image\" content=\"https:\/\/jornaltimoneiro.com.br\/wp-content\/uploads\/2025\/12\/5b1810d6-a48c-4148-87d6-2bfe6f3a760b-2.jpg\" \/>\n\t<meta property=\"og:image:width\" content=\"1600\" \/>\n\t<meta property=\"og:image:height\" content=\"1200\" \/>\n\t<meta property=\"og:image:type\" content=\"image\/jpeg\" \/>\n<meta name=\"author\" content=\"Reda\u00e7\u00e3o\" \/>\n<meta name=\"twitter:card\" content=\"summary_large_image\" \/>\n<meta name=\"twitter:creator\" content=\"@_OTimoneiro\" \/>\n<meta name=\"twitter:site\" content=\"@_OTimoneiro\" \/>\n<meta name=\"twitter:label1\" content=\"Escrito por\" \/>\n\t<meta name=\"twitter:data1\" content=\"Reda\u00e7\u00e3o\" \/>\n\t<meta name=\"twitter:label2\" content=\"Est. tempo de leitura\" \/>\n\t<meta name=\"twitter:data2\" content=\"3 minutos\" \/>\n<script type=\"application\/ld+json\" class=\"yoast-schema-graph\">{\"@context\":\"https:\/\/schema.org\",\"@graph\":[{\"@type\":\"Article\",\"@id\":\"https:\/\/jornaltimoneiro.com.br\/index.php\/2025\/12\/08\/canoas-trilha-rs\/#article\",\"isPartOf\":{\"@id\":\"https:\/\/jornaltimoneiro.com.br\/index.php\/2025\/12\/08\/canoas-trilha-rs\/\"},\"author\":{\"name\":\"Reda\u00e7\u00e3o\",\"@id\":\"https:\/\/jornaltimoneiro.com.br\/#\/schema\/person\/f63482f1a02b1a9592707865e509ab40\"},\"headline\":\"Projetos selecionados pelo TrilhaRS entram na reta final de capta\u00e7\u00e3o de recursos\",\"datePublished\":\"2025-12-08T15:35:19+00:00\",\"dateModified\":\"2025-12-08T15:35:19+00:00\",\"mainEntityOfPage\":{\"@id\":\"https:\/\/jornaltimoneiro.com.br\/index.php\/2025\/12\/08\/canoas-trilha-rs\/\"},\"wordCount\":448,\"commentCount\":0,\"publisher\":{\"@id\":\"https:\/\/jornaltimoneiro.com.br\/#organization\"},\"keywords\":[\"canoas\",\"feat\"],\"articleSection\":[\"Geral\"],\"inLanguage\":\"pt-BR\",\"potentialAction\":[{\"@type\":\"CommentAction\",\"name\":\"Comment\",\"target\":[\"https:\/\/jornaltimoneiro.com.br\/index.php\/2025\/12\/08\/canoas-trilha-rs\/#respond\"]}]},{\"@type\":\"WebPage\",\"@id\":\"https:\/\/jornaltimoneiro.com.br\/index.php\/2025\/12\/08\/canoas-trilha-rs\/\",\"url\":\"https:\/\/jornaltimoneiro.com.br\/index.php\/2025\/12\/08\/canoas-trilha-rs\/\",\"name\":\"Projetos selecionados pelo TrilhaRS entram na reta final de capta\u00e7\u00e3o de recursos - O Timoneiro Jornal Canoas RS\",\"isPartOf\":{\"@id\":\"https:\/\/jornaltimoneiro.com.br\/#website\"},\"datePublished\":\"2025-12-08T15:35:19+00:00\",\"dateModified\":\"2025-12-08T15:35:19+00:00\",\"description\":\"Projetos selecionados pelo programa TrilhaRS entram na reta final de capta\u00e7\u00e3o de recursos para iniciativas de reconstru\u00e7\u00e3o do Rio Grande do Sul, com apoio do BRDE, RegeneraRS e financiamento colaborativo\",\"breadcrumb\":{\"@id\":\"https:\/\/jornaltimoneiro.com.br\/index.php\/2025\/12\/08\/canoas-trilha-rs\/#breadcrumb\"},\"inLanguage\":\"pt-BR\",\"potentialAction\":[{\"@type\":\"ReadAction\",\"target\":[\"https:\/\/jornaltimoneiro.com.br\/index.php\/2025\/12\/08\/canoas-trilha-rs\/\"]}]},{\"@type\":\"BreadcrumbList\",\"@id\":\"https:\/\/jornaltimoneiro.com.br\/index.php\/2025\/12\/08\/canoas-trilha-rs\/#breadcrumb\",\"itemListElement\":[{\"@type\":\"ListItem\",\"position\":1,\"name\":\"In\u00edcio\",\"item\":\"https:\/\/jornaltimoneiro.com.br\/\"},{\"@type\":\"ListItem\",\"position\":2,\"name\":\"Projetos selecionados pelo TrilhaRS entram na reta final de capta\u00e7\u00e3o de recursos\"}]},{\"@type\":\"WebSite\",\"@id\":\"https:\/\/jornaltimoneiro.com.br\/#website\",\"url\":\"https:\/\/jornaltimoneiro.com.br\/\",\"name\":\"Jornal Timoneiro Canoas RS\",\"description\":\"Jornal O Timoneiro, o verdadeiro jornal de Canoas\",\"publisher\":{\"@id\":\"https:\/\/jornaltimoneiro.com.br\/#organization\"},\"potentialAction\":[{\"@type\":\"SearchAction\",\"target\":{\"@type\":\"EntryPoint\",\"urlTemplate\":\"https:\/\/jornaltimoneiro.com.br\/?s={search_term_string}\"},\"query-input\":\"required name=search_term_string\"}],\"inLanguage\":\"pt-BR\"},{\"@type\":\"Organization\",\"@id\":\"https:\/\/jornaltimoneiro.com.br\/#organization\",\"name\":\"Jornal Timoneiro Canoas RS\",\"url\":\"https:\/\/jornaltimoneiro.com.br\/\",\"logo\":{\"@type\":\"ImageObject\",\"inLanguage\":\"pt-BR\",\"@id\":\"https:\/\/jornaltimoneiro.com.br\/#\/schema\/logo\/image\/\",\"url\":\"https:\/\/jornaltimoneiro.com.br\/wp-content\/uploads\/2023\/03\/logonovo.png\",\"contentUrl\":\"https:\/\/jornaltimoneiro.com.br\/wp-content\/uploads\/2023\/03\/logonovo.png\",\"width\":\"469\",\"height\":\"171\",\"caption\":\"Jornal Timoneiro Canoas RS\"},\"image\":{\"@id\":\"https:\/\/jornaltimoneiro.com.br\/#\/schema\/logo\/image\/\"},\"sameAs\":[\"https:\/\/www.facebook.com\/jornaltimoneiro\",\"https:\/\/twitter.com\/_OTimoneiro\",\"https:\/\/www.instagram.com\/jornaltimoneirocanoas\/\",\"https:\/\/www.youtube.com\/@jornalotimoneiro7927\"]},{\"@type\":\"Person\",\"@id\":\"https:\/\/jornaltimoneiro.com.br\/#\/schema\/person\/f63482f1a02b1a9592707865e509ab40\",\"name\":\"Reda\u00e7\u00e3o\",\"image\":{\"@type\":\"ImageObject\",\"inLanguage\":\"pt-BR\",\"@id\":\"https:\/\/jornaltimoneiro.com.br\/#\/schema\/person\/image\/\",\"url\":\"https:\/\/jornaltimoneiro.com.br\/wp-content\/uploads\/2023\/03\/download.jpeg\",\"contentUrl\":\"https:\/\/jornaltimoneiro.com.br\/wp-content\/uploads\/2023\/03\/download.jpeg\",\"caption\":\"Reda\u00e7\u00e3o\"},\"url\":\"https:\/\/jornaltimoneiro.com.br\/index.php\/author\/simone-dutra\/\"}]}<\/script>\n<!-- \/ Yoast SEO plugin. -->","yoast_head_json":{"title":"Projetos selecionados pelo TrilhaRS entram na reta final de capta\u00e7\u00e3o de recursos - O Timoneiro Jornal Canoas RS","description":"Projetos selecionados pelo programa TrilhaRS entram na reta final de capta\u00e7\u00e3o de recursos para iniciativas de reconstru\u00e7\u00e3o do Rio Grande do Sul, com apoio do BRDE, RegeneraRS e financiamento colaborativo","robots":{"index":"index","follow":"follow","max-snippet":"max-snippet:-1","max-image-preview":"max-image-preview:large","max-video-preview":"max-video-preview:-1"},"canonical":"https:\/\/jornaltimoneiro.com.br\/index.php\/2025\/12\/08\/canoas-trilha-rs\/","og_locale":"pt_BR","og_type":"article","og_title":"Projetos selecionados pelo TrilhaRS entram na reta final de capta\u00e7\u00e3o de recursos - O Timoneiro Jornal Canoas RS","og_description":"Projetos selecionados pelo programa TrilhaRS entram na reta final de capta\u00e7\u00e3o de recursos para iniciativas de reconstru\u00e7\u00e3o do Rio Grande do Sul, com apoio do BRDE, RegeneraRS e financiamento colaborativo","og_url":"https:\/\/jornaltimoneiro.com.br\/index.php\/2025\/12\/08\/canoas-trilha-rs\/","og_site_name":"O Timoneiro Jornal Canoas RS","article_publisher":"https:\/\/www.facebook.com\/jornaltimoneiro","article_published_time":"2025-12-08T15:35:19+00:00","og_image":[{"width":"1600","height":"1200","url":"https:\/\/jornaltimoneiro.com.br\/wp-content\/uploads\/2025\/12\/5b1810d6-a48c-4148-87d6-2bfe6f3a760b-2.jpg","type":"image\/jpeg"}],"author":"Reda\u00e7\u00e3o","twitter_card":"summary_large_image","twitter_creator":"@_OTimoneiro","twitter_site":"@_OTimoneiro","twitter_misc":{"Escrito por":"Reda\u00e7\u00e3o","Est. tempo de leitura":"3 minutos"},"schema":{"@context":"https:\/\/schema.org","@graph":[{"@type":"Article","@id":"https:\/\/jornaltimoneiro.com.br\/index.php\/2025\/12\/08\/canoas-trilha-rs\/#article","isPartOf":{"@id":"https:\/\/jornaltimoneiro.com.br\/index.php\/2025\/12\/08\/canoas-trilha-rs\/"},"author":{"name":"Reda\u00e7\u00e3o","@id":"https:\/\/jornaltimoneiro.com.br\/#\/schema\/person\/f63482f1a02b1a9592707865e509ab40"},"headline":"Projetos selecionados pelo TrilhaRS entram na reta final de capta\u00e7\u00e3o de recursos","datePublished":"2025-12-08T15:35:19+00:00","dateModified":"2025-12-08T15:35:19+00:00","mainEntityOfPage":{"@id":"https:\/\/jornaltimoneiro.com.br\/index.php\/2025\/12\/08\/canoas-trilha-rs\/"},"wordCount":448,"commentCount":0,"publisher":{"@id":"https:\/\/jornaltimoneiro.com.br\/#organization"},"keywords":["canoas","feat"],"articleSection":["Geral"],"inLanguage":"pt-BR","potentialAction":[{"@type":"CommentAction","name":"Comment","target":["https:\/\/jornaltimoneiro.com.br\/index.php\/2025\/12\/08\/canoas-trilha-rs\/#respond"]}]},{"@type":"WebPage","@id":"https:\/\/jornaltimoneiro.com.br\/index.php\/2025\/12\/08\/canoas-trilha-rs\/","url":"https:\/\/jornaltimoneiro.com.br\/index.php\/2025\/12\/08\/canoas-trilha-rs\/","name":"Projetos selecionados pelo TrilhaRS entram na reta final de capta\u00e7\u00e3o de recursos - O Timoneiro Jornal Canoas RS","isPartOf":{"@id":"https:\/\/jornaltimoneiro.com.br\/#website"},"datePublished":"2025-12-08T15:35:19+00:00","dateModified":"2025-12-08T15:35:19+00:00","description":"Projetos selecionados pelo programa TrilhaRS entram na reta final de capta\u00e7\u00e3o de recursos para iniciativas de reconstru\u00e7\u00e3o do Rio Grande do Sul, com apoio do BRDE, RegeneraRS e financiamento colaborativo","breadcrumb":{"@id":"https:\/\/jornaltimoneiro.com.br\/index.php\/2025\/12\/08\/canoas-trilha-rs\/#breadcrumb"},"inLanguage":"pt-BR","potentialAction":[{"@type":"ReadAction","target":["https:\/\/jornaltimoneiro.com.br\/index.php\/2025\/12\/08\/canoas-trilha-rs\/"]}]},{"@type":"BreadcrumbList","@id":"https:\/\/jornaltimoneiro.com.br\/index.php\/2025\/12\/08\/canoas-trilha-rs\/#breadcrumb","itemListElement":[{"@type":"ListItem","position":1,"name":"In\u00edcio","item":"https:\/\/jornaltimoneiro.com.br\/"},{"@type":"ListItem","position":2,"name":"Projetos selecionados pelo TrilhaRS entram na reta final de capta\u00e7\u00e3o de recursos"}]},{"@type":"WebSite","@id":"https:\/\/jornaltimoneiro.com.br\/#website","url":"https:\/\/jornaltimoneiro.com.br\/","name":"Jornal Timoneiro Canoas RS","description":"Jornal O Timoneiro, o verdadeiro jornal de Canoas","publisher":{"@id":"https:\/\/jornaltimoneiro.com.br\/#organization"},"potentialAction":[{"@type":"SearchAction","target":{"@type":"EntryPoint","urlTemplate":"https:\/\/jornaltimoneiro.com.br\/?s={search_term_string}"},"query-input":"required name=search_term_string"}],"inLanguage":"pt-BR"},{"@type":"Organization","@id":"https:\/\/jornaltimoneiro.com.br\/#organization","name":"Jornal Timoneiro Canoas RS","url":"https:\/\/jornaltimoneiro.com.br\/","logo":{"@type":"ImageObject","inLanguage":"pt-BR","@id":"https:\/\/jornaltimoneiro.com.br\/#\/schema\/logo\/image\/","url":"https:\/\/jornaltimoneiro.com.br\/wp-content\/uploads\/2023\/03\/logonovo.png","contentUrl":"https:\/\/jornaltimoneiro.com.br\/wp-content\/uploads\/2023\/03\/logonovo.png","width":"469","height":"171","caption":"Jornal Timoneiro Canoas RS"},"image":{"@id":"https:\/\/jornaltimoneiro.com.br\/#\/schema\/logo\/image\/"},"sameAs":["https:\/\/www.facebook.com\/jornaltimoneiro","https:\/\/twitter.com\/_OTimoneiro","https:\/\/www.instagram.com\/jornaltimoneirocanoas\/","https:\/\/www.youtube.com\/@jornalotimoneiro7927"]},{"@type":"Person","@id":"https:\/\/jornaltimoneiro.com.br\/#\/schema\/person\/f63482f1a02b1a9592707865e509ab40","name":"Reda\u00e7\u00e3o","image":{"@type":"ImageObject","inLanguage":"pt-BR","@id":"https:\/\/jornaltimoneiro.com.br\/#\/schema\/person\/image\/","url":"https:\/\/jornaltimoneiro.com.br\/wp-content\/uploads\/2023\/03\/download.jpeg","contentUrl":"https:\/\/jornaltimoneiro.com.br\/wp-content\/uploads\/2023\/03\/download.jpeg","caption":"Reda\u00e7\u00e3o"},"url":"https:\/\/jornaltimoneiro.com.br\/index.php\/author\/simone-dutra\/"}]}},"_links":{"self":[{"href":"https:\/\/jornaltimoneiro.com.br\/index.php\/wp-json\/wp\/v2\/posts\/37939"}],"collection":[{"href":"https:\/\/jornaltimoneiro.com.br\/index.php\/wp-json\/wp\/v2\/posts"}],"about":[{"href":"https:\/\/jornaltimoneiro.com.br\/index.php\/wp-json\/wp\/v2\/types\/post"}],"author":[{"embeddable":true,"href":"https:\/\/jornaltimoneiro.com.br\/index.php\/wp-json\/wp\/v2\/users\/2"}],"replies":[{"embeddable":true,"href":"https:\/\/jornaltimoneiro.com.br\/index.php\/wp-json\/wp\/v2\/comments?post=37939"}],"version-history":[{"count":1,"href":"https:\/\/jornaltimoneiro.com.br\/index.php\/wp-json\/wp\/v2\/posts\/37939\/revisions"}],"predecessor-version":[{"id":37943,"href":"https:\/\/jornaltimoneiro.com.br\/index.php\/wp-json\/wp\/v2\/posts\/37939\/revisions\/37943"}],"wp:featuredmedia":[{"embeddable":true,"href":"https:\/\/jornaltimoneiro.com.br\/index.php\/wp-json\/wp\/v2\/media\/37942"}],"wp:attachment":[{"href":"https:\/\/jornaltimoneiro.com.br\/index.php\/wp-json\/wp\/v2\/media?parent=37939"}],"wp:term":[{"taxonomy":"category","embeddable":true,"href":"https:\/\/jornaltimoneiro.com.br\/index.php\/wp-json\/wp\/v2\/categories?post=37939"},{"taxonomy":"post_tag","embeddable":true,"href":"https:\/\/jornaltimoneiro.com.br\/index.php\/wp-json\/wp\/v2\/tags?post=37939"}],"curies":[{"name":"wp","href":"https:\/\/api.w.org\/{rel}","templated":true}]}}