{"id":37926,"date":"2025-12-05T13:16:27","date_gmt":"2025-12-05T16:16:27","guid":{"rendered":"https:\/\/jornaltimoneiro.com.br\/?p=37926"},"modified":"2025-12-05T13:16:27","modified_gmt":"2025-12-05T16:16:27","slug":"canoas-prorrogacao-box","status":"publish","type":"post","link":"https:\/\/jornaltimoneiro.com.br\/index.php\/2025\/12\/05\/canoas-prorrogacao-box\/","title":{"rendered":"Inscri\u00e7\u00f5es para lojas na Pra\u00e7a da B\u00edblia, em Canoas s\u00e3o prorrogadas at\u00e9 19 de dezembro"},"content":{"rendered":"<p data-start=\"180\" data-end=\"518\">As inscri\u00e7\u00f5es para ocupar oito lojas na Pra\u00e7a da B\u00edblia foram prorrogadas, e os interessados agora t\u00eam at\u00e9 o dia 19 de dezembro para apresentar a documenta\u00e7\u00e3o necess\u00e1ria. Os documentos devem ser entregues presencialmente na sede da Secretaria de Desenvolvimento Econ\u00f4mico e Inova\u00e7\u00e3o (SMDEI), localizada na Rua Dr. Barcelos, 969, Centro.<\/p>\n<p data-start=\"520\" data-end=\"893\">Os espa\u00e7os ser\u00e3o concedidos por meio de Permiss\u00e3o de Uso de Bem P\u00fablico, conforme os crit\u00e9rios estabelecidos no edital. Entre os requisitos para participa\u00e7\u00e3o est\u00e3o: residir em Canoas, ter mais de 18 anos, possuir CPF ou MEI, n\u00e3o ter outra fonte de renda ou atividade remunerada e n\u00e3o manter v\u00ednculo familiar ou conjugal com outros inscritos, conforme definido no edital.<\/p>\n<p data-start=\"895\" data-end=\"1362\">Para a habilita\u00e7\u00e3o, os candidatos devem apresentar\u00a0 RG e CPF, comprovante de resid\u00eancia, certid\u00e3o negativa de antecedentes criminais, declara\u00e7\u00e3o de idoneidade para contrata\u00e7\u00e3o com a Administra\u00e7\u00e3o P\u00fablica, documentos societ\u00e1rios quando aplic\u00e1veis, certid\u00f5es negativas das Fazendas Federal, Estadual e Municipal, certid\u00e3o do FGTS, certid\u00e3o de d\u00e9bitos trabalhistas, comprovante de situa\u00e7\u00e3o cadastral na Receita Federal e indica\u00e7\u00e3o da atividade econ\u00f4mica a ser exercida.<\/p>\n<p data-start=\"1364\" data-end=\"1581\">Inscri\u00e7\u00f5es que n\u00e3o cumprirem todos os requisitos ou que apresentarem documenta\u00e7\u00e3o incompleta ser\u00e3o desclassificadas. A sele\u00e7\u00e3o dos permission\u00e1rios ser\u00e1 feita por sorteio p\u00fablico ap\u00f3s an\u00e1lise da Comiss\u00e3o respons\u00e1vel.<\/p>\n<p>O edital completo, com todas as regras, documentos necess\u00e1rios e crit\u00e9rios de sele\u00e7\u00e3o, pode ser acessado pelo link disponibilizado no Di\u00e1rio Oficial do Munic\u00edpio:\u00a0<a href=\"https:\/\/sistemas.canoas.rs.gov.br\/domc\/api\/publication-file\/132790\" target=\"_blank\" rel=\"noopener\" data-saferedirecturl=\"https:\/\/www.google.com\/url?q=https:\/\/sistemas.canoas.rs.gov.br\/domc\/api\/publication-file\/132790&amp;source=gmail&amp;ust=1764969521893000&amp;usg=AOvVaw1JLzSQcr7SBPX7riJ2f4uu\">https:\/\/sistemas.canoas.rs.<wbr \/>gov.br\/domc\/api\/publication-<wbr \/>file\/132790<\/a><\/p>\n","protected":false},"excerpt":{"rendered":"<p>As inscri\u00e7\u00f5es para ocupar oito lojas na Pra\u00e7a da B\u00edblia foram prorrogadas, e os interessados agora t\u00eam at\u00e9 o dia 19 de dezembro para apresentar a documenta\u00e7\u00e3o necess\u00e1ria. Os documentos devem ser entregues presencialmente na sede da Secretaria de Desenvolvimento Econ\u00f4mico e Inova\u00e7\u00e3o (SMDEI), localizada na Rua Dr. Barcelos, 969, Centro. Os espa\u00e7os ser\u00e3o concedidos [&hellip;]<\/p>\n","protected":false},"author":2,"featured_media":37869,"comment_status":"open","ping_status":"open","sticky":false,"template":"","format":"standard","meta":{"amp_status":"","footnotes":""},"categories":[4958],"tags":[4483,31,190],"class_list":["post-37926","post","type-post","status-publish","format-standard","has-post-thumbnail","hentry","category-desenvolvimento","tag-boxe","tag-canoas","tag-featured"],"yoast_head":"<!-- This site is optimized with the Yoast SEO plugin v20.5 - https:\/\/yoast.com\/wordpress\/plugins\/seo\/ -->\n<title>Inscri\u00e7\u00f5es para lojas na Pra\u00e7a da B\u00edblia, em Canoas s\u00e3o prorrogadas at\u00e9 19 de dezembro - O Timoneiro Jornal Canoas RS<\/title>\n<meta name=\"description\" content=\"Inscri\u00e7\u00f5es para ocupar lojas na Pra\u00e7a da B\u00edblia em Canoas s\u00e3o prorrogadas at\u00e9 19 de dezembro, candidatura exige documenta\u00e7\u00e3o completa e cumprimento de requisitos do edital\" \/>\n<meta name=\"robots\" content=\"index, follow, max-snippet:-1, max-image-preview:large, max-video-preview:-1\" \/>\n<link rel=\"canonical\" href=\"https:\/\/jornaltimoneiro.com.br\/index.php\/2025\/12\/05\/canoas-prorrogacao-box\/\" \/>\n<meta property=\"og:locale\" content=\"pt_BR\" \/>\n<meta property=\"og:type\" content=\"article\" \/>\n<meta property=\"og:title\" content=\"Inscri\u00e7\u00f5es para lojas na Pra\u00e7a da B\u00edblia, em Canoas s\u00e3o prorrogadas at\u00e9 19 de dezembro - O Timoneiro Jornal Canoas RS\" \/>\n<meta property=\"og:description\" content=\"Inscri\u00e7\u00f5es para ocupar lojas na Pra\u00e7a da B\u00edblia em Canoas s\u00e3o prorrogadas at\u00e9 19 de dezembro, candidatura exige documenta\u00e7\u00e3o completa e cumprimento de requisitos do edital\" \/>\n<meta property=\"og:url\" content=\"https:\/\/jornaltimoneiro.com.br\/index.php\/2025\/12\/05\/canoas-prorrogacao-box\/\" \/>\n<meta property=\"og:site_name\" content=\"O Timoneiro Jornal Canoas RS\" \/>\n<meta property=\"article:publisher\" content=\"https:\/\/www.facebook.com\/jornaltimoneiro\" \/>\n<meta property=\"article:published_time\" content=\"2025-12-05T16:16:27+00:00\" \/>\n<meta property=\"og:image\" content=\"https:\/\/jornaltimoneiro.com.br\/wp-content\/uploads\/2025\/12\/praca-da-biblia.jpg\" \/>\n\t<meta property=\"og:image:width\" content=\"450\" \/>\n\t<meta property=\"og:image:height\" content=\"450\" \/>\n\t<meta property=\"og:image:type\" content=\"image\/jpeg\" \/>\n<meta name=\"author\" content=\"Reda\u00e7\u00e3o\" \/>\n<meta name=\"twitter:card\" content=\"summary_large_image\" \/>\n<meta name=\"twitter:creator\" content=\"@_OTimoneiro\" \/>\n<meta name=\"twitter:site\" content=\"@_OTimoneiro\" \/>\n<meta name=\"twitter:label1\" content=\"Escrito por\" \/>\n\t<meta name=\"twitter:data1\" content=\"Reda\u00e7\u00e3o\" \/>\n\t<meta name=\"twitter:label2\" content=\"Est. tempo de leitura\" \/>\n\t<meta name=\"twitter:data2\" content=\"2 minutos\" \/>\n<script type=\"application\/ld+json\" class=\"yoast-schema-graph\">{\"@context\":\"https:\/\/schema.org\",\"@graph\":[{\"@type\":\"Article\",\"@id\":\"https:\/\/jornaltimoneiro.com.br\/index.php\/2025\/12\/05\/canoas-prorrogacao-box\/#article\",\"isPartOf\":{\"@id\":\"https:\/\/jornaltimoneiro.com.br\/index.php\/2025\/12\/05\/canoas-prorrogacao-box\/\"},\"author\":{\"name\":\"Reda\u00e7\u00e3o\",\"@id\":\"https:\/\/jornaltimoneiro.com.br\/#\/schema\/person\/f63482f1a02b1a9592707865e509ab40\"},\"headline\":\"Inscri\u00e7\u00f5es para lojas na Pra\u00e7a da B\u00edblia, em Canoas s\u00e3o prorrogadas at\u00e9 19 de dezembro\",\"datePublished\":\"2025-12-05T16:16:27+00:00\",\"dateModified\":\"2025-12-05T16:16:27+00:00\",\"mainEntityOfPage\":{\"@id\":\"https:\/\/jornaltimoneiro.com.br\/index.php\/2025\/12\/05\/canoas-prorrogacao-box\/\"},\"wordCount\":298,\"commentCount\":0,\"publisher\":{\"@id\":\"https:\/\/jornaltimoneiro.com.br\/#organization\"},\"keywords\":[\"boxe\",\"canoas\",\"featured\"],\"articleSection\":[\"Desenvolvimento\"],\"inLanguage\":\"pt-BR\",\"potentialAction\":[{\"@type\":\"CommentAction\",\"name\":\"Comment\",\"target\":[\"https:\/\/jornaltimoneiro.com.br\/index.php\/2025\/12\/05\/canoas-prorrogacao-box\/#respond\"]}]},{\"@type\":\"WebPage\",\"@id\":\"https:\/\/jornaltimoneiro.com.br\/index.php\/2025\/12\/05\/canoas-prorrogacao-box\/\",\"url\":\"https:\/\/jornaltimoneiro.com.br\/index.php\/2025\/12\/05\/canoas-prorrogacao-box\/\",\"name\":\"Inscri\u00e7\u00f5es para lojas na Pra\u00e7a da B\u00edblia, em Canoas s\u00e3o prorrogadas at\u00e9 19 de dezembro - O Timoneiro Jornal Canoas RS\",\"isPartOf\":{\"@id\":\"https:\/\/jornaltimoneiro.com.br\/#website\"},\"datePublished\":\"2025-12-05T16:16:27+00:00\",\"dateModified\":\"2025-12-05T16:16:27+00:00\",\"description\":\"Inscri\u00e7\u00f5es para ocupar lojas na Pra\u00e7a da B\u00edblia em Canoas s\u00e3o prorrogadas at\u00e9 19 de dezembro, candidatura exige documenta\u00e7\u00e3o completa e cumprimento de requisitos do edital\",\"breadcrumb\":{\"@id\":\"https:\/\/jornaltimoneiro.com.br\/index.php\/2025\/12\/05\/canoas-prorrogacao-box\/#breadcrumb\"},\"inLanguage\":\"pt-BR\",\"potentialAction\":[{\"@type\":\"ReadAction\",\"target\":[\"https:\/\/jornaltimoneiro.com.br\/index.php\/2025\/12\/05\/canoas-prorrogacao-box\/\"]}]},{\"@type\":\"BreadcrumbList\",\"@id\":\"https:\/\/jornaltimoneiro.com.br\/index.php\/2025\/12\/05\/canoas-prorrogacao-box\/#breadcrumb\",\"itemListElement\":[{\"@type\":\"ListItem\",\"position\":1,\"name\":\"In\u00edcio\",\"item\":\"https:\/\/jornaltimoneiro.com.br\/\"},{\"@type\":\"ListItem\",\"position\":2,\"name\":\"Inscri\u00e7\u00f5es para lojas na Pra\u00e7a da B\u00edblia, em Canoas s\u00e3o prorrogadas at\u00e9 19 de dezembro\"}]},{\"@type\":\"WebSite\",\"@id\":\"https:\/\/jornaltimoneiro.com.br\/#website\",\"url\":\"https:\/\/jornaltimoneiro.com.br\/\",\"name\":\"Jornal Timoneiro Canoas RS\",\"description\":\"Jornal O Timoneiro, o verdadeiro jornal de Canoas\",\"publisher\":{\"@id\":\"https:\/\/jornaltimoneiro.com.br\/#organization\"},\"potentialAction\":[{\"@type\":\"SearchAction\",\"target\":{\"@type\":\"EntryPoint\",\"urlTemplate\":\"https:\/\/jornaltimoneiro.com.br\/?s={search_term_string}\"},\"query-input\":\"required name=search_term_string\"}],\"inLanguage\":\"pt-BR\"},{\"@type\":\"Organization\",\"@id\":\"https:\/\/jornaltimoneiro.com.br\/#organization\",\"name\":\"Jornal Timoneiro Canoas RS\",\"url\":\"https:\/\/jornaltimoneiro.com.br\/\",\"logo\":{\"@type\":\"ImageObject\",\"inLanguage\":\"pt-BR\",\"@id\":\"https:\/\/jornaltimoneiro.com.br\/#\/schema\/logo\/image\/\",\"url\":\"https:\/\/jornaltimoneiro.com.br\/wp-content\/uploads\/2023\/03\/logonovo.png\",\"contentUrl\":\"https:\/\/jornaltimoneiro.com.br\/wp-content\/uploads\/2023\/03\/logonovo.png\",\"width\":\"469\",\"height\":\"171\",\"caption\":\"Jornal Timoneiro Canoas RS\"},\"image\":{\"@id\":\"https:\/\/jornaltimoneiro.com.br\/#\/schema\/logo\/image\/\"},\"sameAs\":[\"https:\/\/www.facebook.com\/jornaltimoneiro\",\"https:\/\/twitter.com\/_OTimoneiro\",\"https:\/\/www.instagram.com\/jornaltimoneirocanoas\/\",\"https:\/\/www.youtube.com\/@jornalotimoneiro7927\"]},{\"@type\":\"Person\",\"@id\":\"https:\/\/jornaltimoneiro.com.br\/#\/schema\/person\/f63482f1a02b1a9592707865e509ab40\",\"name\":\"Reda\u00e7\u00e3o\",\"image\":{\"@type\":\"ImageObject\",\"inLanguage\":\"pt-BR\",\"@id\":\"https:\/\/jornaltimoneiro.com.br\/#\/schema\/person\/image\/\",\"url\":\"https:\/\/jornaltimoneiro.com.br\/wp-content\/uploads\/2023\/03\/download.jpeg\",\"contentUrl\":\"https:\/\/jornaltimoneiro.com.br\/wp-content\/uploads\/2023\/03\/download.jpeg\",\"caption\":\"Reda\u00e7\u00e3o\"},\"url\":\"https:\/\/jornaltimoneiro.com.br\/index.php\/author\/simone-dutra\/\"}]}<\/script>\n<!-- \/ Yoast SEO plugin. -->","yoast_head_json":{"title":"Inscri\u00e7\u00f5es para lojas na Pra\u00e7a da B\u00edblia, em Canoas s\u00e3o prorrogadas at\u00e9 19 de dezembro - O Timoneiro Jornal Canoas RS","description":"Inscri\u00e7\u00f5es para ocupar lojas na Pra\u00e7a da B\u00edblia em Canoas s\u00e3o prorrogadas at\u00e9 19 de dezembro, candidatura exige documenta\u00e7\u00e3o completa e cumprimento de requisitos do edital","robots":{"index":"index","follow":"follow","max-snippet":"max-snippet:-1","max-image-preview":"max-image-preview:large","max-video-preview":"max-video-preview:-1"},"canonical":"https:\/\/jornaltimoneiro.com.br\/index.php\/2025\/12\/05\/canoas-prorrogacao-box\/","og_locale":"pt_BR","og_type":"article","og_title":"Inscri\u00e7\u00f5es para lojas na Pra\u00e7a da B\u00edblia, em Canoas s\u00e3o prorrogadas at\u00e9 19 de dezembro - O Timoneiro Jornal Canoas RS","og_description":"Inscri\u00e7\u00f5es para ocupar lojas na Pra\u00e7a da B\u00edblia em Canoas s\u00e3o prorrogadas at\u00e9 19 de dezembro, candidatura exige documenta\u00e7\u00e3o completa e cumprimento de requisitos do edital","og_url":"https:\/\/jornaltimoneiro.com.br\/index.php\/2025\/12\/05\/canoas-prorrogacao-box\/","og_site_name":"O Timoneiro Jornal Canoas RS","article_publisher":"https:\/\/www.facebook.com\/jornaltimoneiro","article_published_time":"2025-12-05T16:16:27+00:00","og_image":[{"width":"450","height":"450","url":"https:\/\/jornaltimoneiro.com.br\/wp-content\/uploads\/2025\/12\/praca-da-biblia.jpg","type":"image\/jpeg"}],"author":"Reda\u00e7\u00e3o","twitter_card":"summary_large_image","twitter_creator":"@_OTimoneiro","twitter_site":"@_OTimoneiro","twitter_misc":{"Escrito por":"Reda\u00e7\u00e3o","Est. tempo de leitura":"2 minutos"},"schema":{"@context":"https:\/\/schema.org","@graph":[{"@type":"Article","@id":"https:\/\/jornaltimoneiro.com.br\/index.php\/2025\/12\/05\/canoas-prorrogacao-box\/#article","isPartOf":{"@id":"https:\/\/jornaltimoneiro.com.br\/index.php\/2025\/12\/05\/canoas-prorrogacao-box\/"},"author":{"name":"Reda\u00e7\u00e3o","@id":"https:\/\/jornaltimoneiro.com.br\/#\/schema\/person\/f63482f1a02b1a9592707865e509ab40"},"headline":"Inscri\u00e7\u00f5es para lojas na Pra\u00e7a da B\u00edblia, em Canoas s\u00e3o prorrogadas at\u00e9 19 de dezembro","datePublished":"2025-12-05T16:16:27+00:00","dateModified":"2025-12-05T16:16:27+00:00","mainEntityOfPage":{"@id":"https:\/\/jornaltimoneiro.com.br\/index.php\/2025\/12\/05\/canoas-prorrogacao-box\/"},"wordCount":298,"commentCount":0,"publisher":{"@id":"https:\/\/jornaltimoneiro.com.br\/#organization"},"keywords":["boxe","canoas","featured"],"articleSection":["Desenvolvimento"],"inLanguage":"pt-BR","potentialAction":[{"@type":"CommentAction","name":"Comment","target":["https:\/\/jornaltimoneiro.com.br\/index.php\/2025\/12\/05\/canoas-prorrogacao-box\/#respond"]}]},{"@type":"WebPage","@id":"https:\/\/jornaltimoneiro.com.br\/index.php\/2025\/12\/05\/canoas-prorrogacao-box\/","url":"https:\/\/jornaltimoneiro.com.br\/index.php\/2025\/12\/05\/canoas-prorrogacao-box\/","name":"Inscri\u00e7\u00f5es para lojas na Pra\u00e7a da B\u00edblia, em Canoas s\u00e3o prorrogadas at\u00e9 19 de dezembro - O Timoneiro Jornal Canoas RS","isPartOf":{"@id":"https:\/\/jornaltimoneiro.com.br\/#website"},"datePublished":"2025-12-05T16:16:27+00:00","dateModified":"2025-12-05T16:16:27+00:00","description":"Inscri\u00e7\u00f5es para ocupar lojas na Pra\u00e7a da B\u00edblia em Canoas s\u00e3o prorrogadas at\u00e9 19 de dezembro, candidatura exige documenta\u00e7\u00e3o completa e cumprimento de requisitos do edital","breadcrumb":{"@id":"https:\/\/jornaltimoneiro.com.br\/index.php\/2025\/12\/05\/canoas-prorrogacao-box\/#breadcrumb"},"inLanguage":"pt-BR","potentialAction":[{"@type":"ReadAction","target":["https:\/\/jornaltimoneiro.com.br\/index.php\/2025\/12\/05\/canoas-prorrogacao-box\/"]}]},{"@type":"BreadcrumbList","@id":"https:\/\/jornaltimoneiro.com.br\/index.php\/2025\/12\/05\/canoas-prorrogacao-box\/#breadcrumb","itemListElement":[{"@type":"ListItem","position":1,"name":"In\u00edcio","item":"https:\/\/jornaltimoneiro.com.br\/"},{"@type":"ListItem","position":2,"name":"Inscri\u00e7\u00f5es para lojas na Pra\u00e7a da B\u00edblia, em Canoas s\u00e3o prorrogadas at\u00e9 19 de dezembro"}]},{"@type":"WebSite","@id":"https:\/\/jornaltimoneiro.com.br\/#website","url":"https:\/\/jornaltimoneiro.com.br\/","name":"Jornal Timoneiro Canoas RS","description":"Jornal O Timoneiro, o verdadeiro jornal de Canoas","publisher":{"@id":"https:\/\/jornaltimoneiro.com.br\/#organization"},"potentialAction":[{"@type":"SearchAction","target":{"@type":"EntryPoint","urlTemplate":"https:\/\/jornaltimoneiro.com.br\/?s={search_term_string}"},"query-input":"required name=search_term_string"}],"inLanguage":"pt-BR"},{"@type":"Organization","@id":"https:\/\/jornaltimoneiro.com.br\/#organization","name":"Jornal Timoneiro Canoas RS","url":"https:\/\/jornaltimoneiro.com.br\/","logo":{"@type":"ImageObject","inLanguage":"pt-BR","@id":"https:\/\/jornaltimoneiro.com.br\/#\/schema\/logo\/image\/","url":"https:\/\/jornaltimoneiro.com.br\/wp-content\/uploads\/2023\/03\/logonovo.png","contentUrl":"https:\/\/jornaltimoneiro.com.br\/wp-content\/uploads\/2023\/03\/logonovo.png","width":"469","height":"171","caption":"Jornal Timoneiro Canoas RS"},"image":{"@id":"https:\/\/jornaltimoneiro.com.br\/#\/schema\/logo\/image\/"},"sameAs":["https:\/\/www.facebook.com\/jornaltimoneiro","https:\/\/twitter.com\/_OTimoneiro","https:\/\/www.instagram.com\/jornaltimoneirocanoas\/","https:\/\/www.youtube.com\/@jornalotimoneiro7927"]},{"@type":"Person","@id":"https:\/\/jornaltimoneiro.com.br\/#\/schema\/person\/f63482f1a02b1a9592707865e509ab40","name":"Reda\u00e7\u00e3o","image":{"@type":"ImageObject","inLanguage":"pt-BR","@id":"https:\/\/jornaltimoneiro.com.br\/#\/schema\/person\/image\/","url":"https:\/\/jornaltimoneiro.com.br\/wp-content\/uploads\/2023\/03\/download.jpeg","contentUrl":"https:\/\/jornaltimoneiro.com.br\/wp-content\/uploads\/2023\/03\/download.jpeg","caption":"Reda\u00e7\u00e3o"},"url":"https:\/\/jornaltimoneiro.com.br\/index.php\/author\/simone-dutra\/"}]}},"_links":{"self":[{"href":"https:\/\/jornaltimoneiro.com.br\/index.php\/wp-json\/wp\/v2\/posts\/37926"}],"collection":[{"href":"https:\/\/jornaltimoneiro.com.br\/index.php\/wp-json\/wp\/v2\/posts"}],"about":[{"href":"https:\/\/jornaltimoneiro.com.br\/index.php\/wp-json\/wp\/v2\/types\/post"}],"author":[{"embeddable":true,"href":"https:\/\/jornaltimoneiro.com.br\/index.php\/wp-json\/wp\/v2\/users\/2"}],"replies":[{"embeddable":true,"href":"https:\/\/jornaltimoneiro.com.br\/index.php\/wp-json\/wp\/v2\/comments?post=37926"}],"version-history":[{"count":1,"href":"https:\/\/jornaltimoneiro.com.br\/index.php\/wp-json\/wp\/v2\/posts\/37926\/revisions"}],"predecessor-version":[{"id":37927,"href":"https:\/\/jornaltimoneiro.com.br\/index.php\/wp-json\/wp\/v2\/posts\/37926\/revisions\/37927"}],"wp:featuredmedia":[{"embeddable":true,"href":"https:\/\/jornaltimoneiro.com.br\/index.php\/wp-json\/wp\/v2\/media\/37869"}],"wp:attachment":[{"href":"https:\/\/jornaltimoneiro.com.br\/index.php\/wp-json\/wp\/v2\/media?parent=37926"}],"wp:term":[{"taxonomy":"category","embeddable":true,"href":"https:\/\/jornaltimoneiro.com.br\/index.php\/wp-json\/wp\/v2\/categories?post=37926"},{"taxonomy":"post_tag","embeddable":true,"href":"https:\/\/jornaltimoneiro.com.br\/index.php\/wp-json\/wp\/v2\/tags?post=37926"}],"curies":[{"name":"wp","href":"https:\/\/api.w.org\/{rel}","templated":true}]}}