{"id":37924,"date":"2025-12-05T09:52:11","date_gmt":"2025-12-05T12:52:11","guid":{"rendered":"https:\/\/jornaltimoneiro.com.br\/?p=37924"},"modified":"2025-12-05T09:52:11","modified_gmt":"2025-12-05T12:52:11","slug":"canoas-universo-alegria-arena","status":"publish","type":"post","link":"https:\/\/jornaltimoneiro.com.br\/index.php\/2025\/12\/05\/canoas-universo-alegria-arena\/","title":{"rendered":"Trensurb ter\u00e1 opera\u00e7\u00e3o especial para sa\u00edda do Festival Universo Alegria"},"content":{"rendered":"<p data-start=\"240\" data-end=\"525\">A Trensurb informou que far\u00e1 uma opera\u00e7\u00e3o especial para atender o p\u00fablico que deixar\u00e1 o festival Universo Alegria, realizado no s\u00e1bado, 6, na Arena do Gr\u00eamio. Apesar da medida, o esquema anunciado mant\u00e9m restri\u00e7\u00f5es que podem gerar transtornos para quem depender do metr\u00f4 ap\u00f3s o evento.<\/p>\n<p data-start=\"527\" data-end=\"905\">A Esta\u00e7\u00e3o Anchieta a mais pr\u00f3xima do local ser\u00e1 reaberta apenas \u00e0 meia-noite de domingo, 7, e funcionar\u00e1 at\u00e9 1h. As demais esta\u00e7\u00f5es seguir\u00e3o fechando nos hor\u00e1rios habituais, liberadas apenas para desembarque durante esse per\u00edodo. Mesmo com a expectativa de grande fluxo, os trens extras circular\u00e3o somente conforme demanda, at\u00e9 as esta\u00e7\u00f5es terminais Mercado e Novo Hamburgo.<\/p>\n<p data-start=\"907\" data-end=\"1146\">A empresa recomenda que os usu\u00e1rios comprem as passagens com anteced\u00eancia para evitar filas, refor\u00e7ando que os validadores aceitam cart\u00f5es SIM, TRI e TEU. A recarga do SIM Passagem Antecipada segue dispon\u00edvel pelo site e aplicativo do TRI.<\/p>\n<p data-start=\"1148\" data-end=\"1331\">Apesar de atender parcialmente ao p\u00fablico do festival, o esquema mant\u00e9m limita\u00e7\u00f5es que podem dificultar o retorno de parte dos usu\u00e1rios que dependem de mais flexibilidade na opera\u00e7\u00e3o.<\/p>\n","protected":false},"excerpt":{"rendered":"<p>A Trensurb informou que far\u00e1 uma opera\u00e7\u00e3o especial para atender o p\u00fablico que deixar\u00e1 o festival Universo Alegria, realizado no s\u00e1bado, 6, na Arena do Gr\u00eamio. Apesar da medida, o esquema anunciado mant\u00e9m restri\u00e7\u00f5es que podem gerar transtornos para quem depender do metr\u00f4 ap\u00f3s o evento. A Esta\u00e7\u00e3o Anchieta a mais pr\u00f3xima do local ser\u00e1 [&hellip;]<\/p>\n","protected":false},"author":2,"featured_media":32019,"comment_status":"open","ping_status":"open","sticky":false,"template":"","format":"standard","meta":{"amp_status":"","footnotes":""},"categories":[2629],"tags":[31,268,190],"class_list":["post-37924","post","type-post","status-publish","format-standard","has-post-thumbnail","hentry","category-transporte","tag-canoas","tag-evento","tag-featured"],"yoast_head":"<!-- This site is optimized with the Yoast SEO plugin v20.5 - https:\/\/yoast.com\/wordpress\/plugins\/seo\/ -->\n<title>Trensurb ter\u00e1 opera\u00e7\u00e3o especial para sa\u00edda do Festival Universo Alegria - O Timoneiro Jornal Canoas RS<\/title>\n<meta name=\"description\" content=\"Opera\u00e7\u00e3o especial da Trensurb reabre a Esta\u00e7\u00e3o Anchieta entre 0h e 1h no domingo, 07, ap\u00f3s o Universo Alegria, com demais esta\u00e7\u00f5es funcionando apenas para desembarque\" \/>\n<meta name=\"robots\" content=\"index, follow, max-snippet:-1, max-image-preview:large, max-video-preview:-1\" \/>\n<link rel=\"canonical\" href=\"https:\/\/jornaltimoneiro.com.br\/index.php\/2025\/12\/05\/canoas-universo-alegria-arena\/\" \/>\n<meta property=\"og:locale\" content=\"pt_BR\" \/>\n<meta property=\"og:type\" content=\"article\" \/>\n<meta property=\"og:title\" content=\"Trensurb ter\u00e1 opera\u00e7\u00e3o especial para sa\u00edda do Festival Universo Alegria - O Timoneiro Jornal Canoas RS\" \/>\n<meta property=\"og:description\" content=\"Opera\u00e7\u00e3o especial da Trensurb reabre a Esta\u00e7\u00e3o Anchieta entre 0h e 1h no domingo, 07, ap\u00f3s o Universo Alegria, com demais esta\u00e7\u00f5es funcionando apenas para desembarque\" \/>\n<meta property=\"og:url\" content=\"https:\/\/jornaltimoneiro.com.br\/index.php\/2025\/12\/05\/canoas-universo-alegria-arena\/\" \/>\n<meta property=\"og:site_name\" content=\"O Timoneiro Jornal Canoas RS\" \/>\n<meta property=\"article:publisher\" content=\"https:\/\/www.facebook.com\/jornaltimoneiro\" \/>\n<meta property=\"article:published_time\" content=\"2025-12-05T12:52:11+00:00\" \/>\n<meta property=\"og:image\" content=\"https:\/\/jornaltimoneiro.com.br\/wp-content\/uploads\/2024\/09\/Feriado-de-20-de-Setembro-marcou-a-retomada-da-operacao-da-Trensurb-em-Porto-Alegre.jpg\" \/>\n\t<meta property=\"og:image:width\" content=\"1080\" \/>\n\t<meta property=\"og:image:height\" content=\"720\" \/>\n\t<meta property=\"og:image:type\" content=\"image\/jpeg\" \/>\n<meta name=\"author\" content=\"Reda\u00e7\u00e3o\" \/>\n<meta name=\"twitter:card\" content=\"summary_large_image\" \/>\n<meta name=\"twitter:creator\" content=\"@_OTimoneiro\" \/>\n<meta name=\"twitter:site\" content=\"@_OTimoneiro\" \/>\n<meta name=\"twitter:label1\" content=\"Escrito por\" \/>\n\t<meta name=\"twitter:data1\" content=\"Reda\u00e7\u00e3o\" \/>\n\t<meta name=\"twitter:label2\" content=\"Est. tempo de leitura\" \/>\n\t<meta name=\"twitter:data2\" content=\"1 minuto\" \/>\n<script type=\"application\/ld+json\" class=\"yoast-schema-graph\">{\"@context\":\"https:\/\/schema.org\",\"@graph\":[{\"@type\":\"Article\",\"@id\":\"https:\/\/jornaltimoneiro.com.br\/index.php\/2025\/12\/05\/canoas-universo-alegria-arena\/#article\",\"isPartOf\":{\"@id\":\"https:\/\/jornaltimoneiro.com.br\/index.php\/2025\/12\/05\/canoas-universo-alegria-arena\/\"},\"author\":{\"name\":\"Reda\u00e7\u00e3o\",\"@id\":\"https:\/\/jornaltimoneiro.com.br\/#\/schema\/person\/f63482f1a02b1a9592707865e509ab40\"},\"headline\":\"Trensurb ter\u00e1 opera\u00e7\u00e3o especial para sa\u00edda do Festival Universo Alegria\",\"datePublished\":\"2025-12-05T12:52:11+00:00\",\"dateModified\":\"2025-12-05T12:52:11+00:00\",\"mainEntityOfPage\":{\"@id\":\"https:\/\/jornaltimoneiro.com.br\/index.php\/2025\/12\/05\/canoas-universo-alegria-arena\/\"},\"wordCount\":203,\"commentCount\":0,\"publisher\":{\"@id\":\"https:\/\/jornaltimoneiro.com.br\/#organization\"},\"keywords\":[\"canoas\",\"evento\",\"featured\"],\"articleSection\":[\"Transporte\"],\"inLanguage\":\"pt-BR\",\"potentialAction\":[{\"@type\":\"CommentAction\",\"name\":\"Comment\",\"target\":[\"https:\/\/jornaltimoneiro.com.br\/index.php\/2025\/12\/05\/canoas-universo-alegria-arena\/#respond\"]}]},{\"@type\":\"WebPage\",\"@id\":\"https:\/\/jornaltimoneiro.com.br\/index.php\/2025\/12\/05\/canoas-universo-alegria-arena\/\",\"url\":\"https:\/\/jornaltimoneiro.com.br\/index.php\/2025\/12\/05\/canoas-universo-alegria-arena\/\",\"name\":\"Trensurb ter\u00e1 opera\u00e7\u00e3o especial para sa\u00edda do Festival Universo Alegria - O Timoneiro Jornal Canoas RS\",\"isPartOf\":{\"@id\":\"https:\/\/jornaltimoneiro.com.br\/#website\"},\"datePublished\":\"2025-12-05T12:52:11+00:00\",\"dateModified\":\"2025-12-05T12:52:11+00:00\",\"description\":\"Opera\u00e7\u00e3o especial da Trensurb reabre a Esta\u00e7\u00e3o Anchieta entre 0h e 1h no domingo, 07, ap\u00f3s o Universo Alegria, com demais esta\u00e7\u00f5es funcionando apenas para desembarque\",\"breadcrumb\":{\"@id\":\"https:\/\/jornaltimoneiro.com.br\/index.php\/2025\/12\/05\/canoas-universo-alegria-arena\/#breadcrumb\"},\"inLanguage\":\"pt-BR\",\"potentialAction\":[{\"@type\":\"ReadAction\",\"target\":[\"https:\/\/jornaltimoneiro.com.br\/index.php\/2025\/12\/05\/canoas-universo-alegria-arena\/\"]}]},{\"@type\":\"BreadcrumbList\",\"@id\":\"https:\/\/jornaltimoneiro.com.br\/index.php\/2025\/12\/05\/canoas-universo-alegria-arena\/#breadcrumb\",\"itemListElement\":[{\"@type\":\"ListItem\",\"position\":1,\"name\":\"In\u00edcio\",\"item\":\"https:\/\/jornaltimoneiro.com.br\/\"},{\"@type\":\"ListItem\",\"position\":2,\"name\":\"Trensurb ter\u00e1 opera\u00e7\u00e3o especial para sa\u00edda do Festival Universo Alegria\"}]},{\"@type\":\"WebSite\",\"@id\":\"https:\/\/jornaltimoneiro.com.br\/#website\",\"url\":\"https:\/\/jornaltimoneiro.com.br\/\",\"name\":\"Jornal Timoneiro Canoas RS\",\"description\":\"Jornal O Timoneiro, o verdadeiro jornal de Canoas\",\"publisher\":{\"@id\":\"https:\/\/jornaltimoneiro.com.br\/#organization\"},\"potentialAction\":[{\"@type\":\"SearchAction\",\"target\":{\"@type\":\"EntryPoint\",\"urlTemplate\":\"https:\/\/jornaltimoneiro.com.br\/?s={search_term_string}\"},\"query-input\":\"required name=search_term_string\"}],\"inLanguage\":\"pt-BR\"},{\"@type\":\"Organization\",\"@id\":\"https:\/\/jornaltimoneiro.com.br\/#organization\",\"name\":\"Jornal Timoneiro Canoas RS\",\"url\":\"https:\/\/jornaltimoneiro.com.br\/\",\"logo\":{\"@type\":\"ImageObject\",\"inLanguage\":\"pt-BR\",\"@id\":\"https:\/\/jornaltimoneiro.com.br\/#\/schema\/logo\/image\/\",\"url\":\"https:\/\/jornaltimoneiro.com.br\/wp-content\/uploads\/2023\/03\/logonovo.png\",\"contentUrl\":\"https:\/\/jornaltimoneiro.com.br\/wp-content\/uploads\/2023\/03\/logonovo.png\",\"width\":\"469\",\"height\":\"171\",\"caption\":\"Jornal Timoneiro Canoas RS\"},\"image\":{\"@id\":\"https:\/\/jornaltimoneiro.com.br\/#\/schema\/logo\/image\/\"},\"sameAs\":[\"https:\/\/www.facebook.com\/jornaltimoneiro\",\"https:\/\/twitter.com\/_OTimoneiro\",\"https:\/\/www.instagram.com\/jornaltimoneirocanoas\/\",\"https:\/\/www.youtube.com\/@jornalotimoneiro7927\"]},{\"@type\":\"Person\",\"@id\":\"https:\/\/jornaltimoneiro.com.br\/#\/schema\/person\/f63482f1a02b1a9592707865e509ab40\",\"name\":\"Reda\u00e7\u00e3o\",\"image\":{\"@type\":\"ImageObject\",\"inLanguage\":\"pt-BR\",\"@id\":\"https:\/\/jornaltimoneiro.com.br\/#\/schema\/person\/image\/\",\"url\":\"https:\/\/jornaltimoneiro.com.br\/wp-content\/uploads\/2023\/03\/download.jpeg\",\"contentUrl\":\"https:\/\/jornaltimoneiro.com.br\/wp-content\/uploads\/2023\/03\/download.jpeg\",\"caption\":\"Reda\u00e7\u00e3o\"},\"url\":\"https:\/\/jornaltimoneiro.com.br\/index.php\/author\/simone-dutra\/\"}]}<\/script>\n<!-- \/ Yoast SEO plugin. -->","yoast_head_json":{"title":"Trensurb ter\u00e1 opera\u00e7\u00e3o especial para sa\u00edda do Festival Universo Alegria - O Timoneiro Jornal Canoas RS","description":"Opera\u00e7\u00e3o especial da Trensurb reabre a Esta\u00e7\u00e3o Anchieta entre 0h e 1h no domingo, 07, ap\u00f3s o Universo Alegria, com demais esta\u00e7\u00f5es funcionando apenas para desembarque","robots":{"index":"index","follow":"follow","max-snippet":"max-snippet:-1","max-image-preview":"max-image-preview:large","max-video-preview":"max-video-preview:-1"},"canonical":"https:\/\/jornaltimoneiro.com.br\/index.php\/2025\/12\/05\/canoas-universo-alegria-arena\/","og_locale":"pt_BR","og_type":"article","og_title":"Trensurb ter\u00e1 opera\u00e7\u00e3o especial para sa\u00edda do Festival Universo Alegria - O Timoneiro Jornal Canoas RS","og_description":"Opera\u00e7\u00e3o especial da Trensurb reabre a Esta\u00e7\u00e3o Anchieta entre 0h e 1h no domingo, 07, ap\u00f3s o Universo Alegria, com demais esta\u00e7\u00f5es funcionando apenas para desembarque","og_url":"https:\/\/jornaltimoneiro.com.br\/index.php\/2025\/12\/05\/canoas-universo-alegria-arena\/","og_site_name":"O Timoneiro Jornal Canoas RS","article_publisher":"https:\/\/www.facebook.com\/jornaltimoneiro","article_published_time":"2025-12-05T12:52:11+00:00","og_image":[{"width":"1080","height":"720","url":"https:\/\/jornaltimoneiro.com.br\/wp-content\/uploads\/2024\/09\/Feriado-de-20-de-Setembro-marcou-a-retomada-da-operacao-da-Trensurb-em-Porto-Alegre.jpg","type":"image\/jpeg"}],"author":"Reda\u00e7\u00e3o","twitter_card":"summary_large_image","twitter_creator":"@_OTimoneiro","twitter_site":"@_OTimoneiro","twitter_misc":{"Escrito por":"Reda\u00e7\u00e3o","Est. tempo de leitura":"1 minuto"},"schema":{"@context":"https:\/\/schema.org","@graph":[{"@type":"Article","@id":"https:\/\/jornaltimoneiro.com.br\/index.php\/2025\/12\/05\/canoas-universo-alegria-arena\/#article","isPartOf":{"@id":"https:\/\/jornaltimoneiro.com.br\/index.php\/2025\/12\/05\/canoas-universo-alegria-arena\/"},"author":{"name":"Reda\u00e7\u00e3o","@id":"https:\/\/jornaltimoneiro.com.br\/#\/schema\/person\/f63482f1a02b1a9592707865e509ab40"},"headline":"Trensurb ter\u00e1 opera\u00e7\u00e3o especial para sa\u00edda do Festival Universo Alegria","datePublished":"2025-12-05T12:52:11+00:00","dateModified":"2025-12-05T12:52:11+00:00","mainEntityOfPage":{"@id":"https:\/\/jornaltimoneiro.com.br\/index.php\/2025\/12\/05\/canoas-universo-alegria-arena\/"},"wordCount":203,"commentCount":0,"publisher":{"@id":"https:\/\/jornaltimoneiro.com.br\/#organization"},"keywords":["canoas","evento","featured"],"articleSection":["Transporte"],"inLanguage":"pt-BR","potentialAction":[{"@type":"CommentAction","name":"Comment","target":["https:\/\/jornaltimoneiro.com.br\/index.php\/2025\/12\/05\/canoas-universo-alegria-arena\/#respond"]}]},{"@type":"WebPage","@id":"https:\/\/jornaltimoneiro.com.br\/index.php\/2025\/12\/05\/canoas-universo-alegria-arena\/","url":"https:\/\/jornaltimoneiro.com.br\/index.php\/2025\/12\/05\/canoas-universo-alegria-arena\/","name":"Trensurb ter\u00e1 opera\u00e7\u00e3o especial para sa\u00edda do Festival Universo Alegria - O Timoneiro Jornal Canoas RS","isPartOf":{"@id":"https:\/\/jornaltimoneiro.com.br\/#website"},"datePublished":"2025-12-05T12:52:11+00:00","dateModified":"2025-12-05T12:52:11+00:00","description":"Opera\u00e7\u00e3o especial da Trensurb reabre a Esta\u00e7\u00e3o Anchieta entre 0h e 1h no domingo, 07, ap\u00f3s o Universo Alegria, com demais esta\u00e7\u00f5es funcionando apenas para desembarque","breadcrumb":{"@id":"https:\/\/jornaltimoneiro.com.br\/index.php\/2025\/12\/05\/canoas-universo-alegria-arena\/#breadcrumb"},"inLanguage":"pt-BR","potentialAction":[{"@type":"ReadAction","target":["https:\/\/jornaltimoneiro.com.br\/index.php\/2025\/12\/05\/canoas-universo-alegria-arena\/"]}]},{"@type":"BreadcrumbList","@id":"https:\/\/jornaltimoneiro.com.br\/index.php\/2025\/12\/05\/canoas-universo-alegria-arena\/#breadcrumb","itemListElement":[{"@type":"ListItem","position":1,"name":"In\u00edcio","item":"https:\/\/jornaltimoneiro.com.br\/"},{"@type":"ListItem","position":2,"name":"Trensurb ter\u00e1 opera\u00e7\u00e3o especial para sa\u00edda do Festival Universo Alegria"}]},{"@type":"WebSite","@id":"https:\/\/jornaltimoneiro.com.br\/#website","url":"https:\/\/jornaltimoneiro.com.br\/","name":"Jornal Timoneiro Canoas RS","description":"Jornal O Timoneiro, o verdadeiro jornal de Canoas","publisher":{"@id":"https:\/\/jornaltimoneiro.com.br\/#organization"},"potentialAction":[{"@type":"SearchAction","target":{"@type":"EntryPoint","urlTemplate":"https:\/\/jornaltimoneiro.com.br\/?s={search_term_string}"},"query-input":"required name=search_term_string"}],"inLanguage":"pt-BR"},{"@type":"Organization","@id":"https:\/\/jornaltimoneiro.com.br\/#organization","name":"Jornal Timoneiro Canoas RS","url":"https:\/\/jornaltimoneiro.com.br\/","logo":{"@type":"ImageObject","inLanguage":"pt-BR","@id":"https:\/\/jornaltimoneiro.com.br\/#\/schema\/logo\/image\/","url":"https:\/\/jornaltimoneiro.com.br\/wp-content\/uploads\/2023\/03\/logonovo.png","contentUrl":"https:\/\/jornaltimoneiro.com.br\/wp-content\/uploads\/2023\/03\/logonovo.png","width":"469","height":"171","caption":"Jornal Timoneiro Canoas RS"},"image":{"@id":"https:\/\/jornaltimoneiro.com.br\/#\/schema\/logo\/image\/"},"sameAs":["https:\/\/www.facebook.com\/jornaltimoneiro","https:\/\/twitter.com\/_OTimoneiro","https:\/\/www.instagram.com\/jornaltimoneirocanoas\/","https:\/\/www.youtube.com\/@jornalotimoneiro7927"]},{"@type":"Person","@id":"https:\/\/jornaltimoneiro.com.br\/#\/schema\/person\/f63482f1a02b1a9592707865e509ab40","name":"Reda\u00e7\u00e3o","image":{"@type":"ImageObject","inLanguage":"pt-BR","@id":"https:\/\/jornaltimoneiro.com.br\/#\/schema\/person\/image\/","url":"https:\/\/jornaltimoneiro.com.br\/wp-content\/uploads\/2023\/03\/download.jpeg","contentUrl":"https:\/\/jornaltimoneiro.com.br\/wp-content\/uploads\/2023\/03\/download.jpeg","caption":"Reda\u00e7\u00e3o"},"url":"https:\/\/jornaltimoneiro.com.br\/index.php\/author\/simone-dutra\/"}]}},"_links":{"self":[{"href":"https:\/\/jornaltimoneiro.com.br\/index.php\/wp-json\/wp\/v2\/posts\/37924"}],"collection":[{"href":"https:\/\/jornaltimoneiro.com.br\/index.php\/wp-json\/wp\/v2\/posts"}],"about":[{"href":"https:\/\/jornaltimoneiro.com.br\/index.php\/wp-json\/wp\/v2\/types\/post"}],"author":[{"embeddable":true,"href":"https:\/\/jornaltimoneiro.com.br\/index.php\/wp-json\/wp\/v2\/users\/2"}],"replies":[{"embeddable":true,"href":"https:\/\/jornaltimoneiro.com.br\/index.php\/wp-json\/wp\/v2\/comments?post=37924"}],"version-history":[{"count":1,"href":"https:\/\/jornaltimoneiro.com.br\/index.php\/wp-json\/wp\/v2\/posts\/37924\/revisions"}],"predecessor-version":[{"id":37925,"href":"https:\/\/jornaltimoneiro.com.br\/index.php\/wp-json\/wp\/v2\/posts\/37924\/revisions\/37925"}],"wp:featuredmedia":[{"embeddable":true,"href":"https:\/\/jornaltimoneiro.com.br\/index.php\/wp-json\/wp\/v2\/media\/32019"}],"wp:attachment":[{"href":"https:\/\/jornaltimoneiro.com.br\/index.php\/wp-json\/wp\/v2\/media?parent=37924"}],"wp:term":[{"taxonomy":"category","embeddable":true,"href":"https:\/\/jornaltimoneiro.com.br\/index.php\/wp-json\/wp\/v2\/categories?post=37924"},{"taxonomy":"post_tag","embeddable":true,"href":"https:\/\/jornaltimoneiro.com.br\/index.php\/wp-json\/wp\/v2\/tags?post=37924"}],"curies":[{"name":"wp","href":"https:\/\/api.w.org\/{rel}","templated":true}]}}