{"id":37915,"date":"2025-12-04T20:12:32","date_gmt":"2025-12-04T23:12:32","guid":{"rendered":"https:\/\/jornaltimoneiro.com.br\/?p=37915"},"modified":"2025-12-04T20:12:32","modified_gmt":"2025-12-04T23:12:32","slug":"canoas-prefeitura-na-tua-casa","status":"publish","type":"post","link":"https:\/\/jornaltimoneiro.com.br\/index.php\/2025\/12\/04\/canoas-prefeitura-na-tua-casa\/","title":{"rendered":"Prefeitura na Tua Casa ser\u00e1 neste s\u00e1bado, 6 de dezembro, no bairro S\u00e3o Jos\u00e9"},"content":{"rendered":"<p>A Prefeitura de Canoas realiza, neste s\u00e1bado, 22, mais uma edi\u00e7\u00e3o do programa Prefeitura na Tua Casa, das 9h \u00e0s 12h, na Rua Ramiro Barcellos, 1450, em frente a EMEF Leonel Brizola, no bairro S\u00e3o Jos\u00e9. A iniciativa, promovida em datas espec\u00edficas, leva servi\u00e7os p\u00fablicos diretamente \u00e0s comunidades, ampliando o acesso da popula\u00e7\u00e3o a atendimentos essenciais.<\/p>\n<p>Entre os servi\u00e7os disponibilizados ao p\u00fablico est\u00e3o habita\u00e7\u00e3o, sa\u00fade, vacina\u00e7\u00e3o, orienta\u00e7\u00e3o de testes r\u00e1pidos, ouvidoria e atendimentos de assist\u00eancia social. Tamb\u00e9m haver\u00e1 suporte para compra assistida e orienta\u00e7\u00f5es de diversas \u00e1reas da administra\u00e7\u00e3o municipal.<\/p>\n<p>A programa\u00e7\u00e3o contar\u00e1 ainda com doa\u00e7\u00f5es e recebimentos de roupas, Orienta\u00e7\u00e3o e encaminhamento para confec\u00e7\u00e3o das carteiras CIPTEA e CIPFIBRO, doa\u00e7\u00e3o de mudas, banco de oportunidades, coleta de recicl\u00e1veis, doa\u00e7\u00e3o de livros, confec\u00e7\u00e3o de curr\u00edculos. Diversos outros servi\u00e7os estar\u00e3o \u00e0 disposi\u00e7\u00e3o da comunidade ao longo da manh\u00e3.<\/p>\n","protected":false},"excerpt":{"rendered":"<p>A Prefeitura de Canoas realiza, neste s\u00e1bado, 22, mais uma edi\u00e7\u00e3o do programa Prefeitura na Tua Casa, das 9h \u00e0s 12h, na Rua Ramiro Barcellos, 1450, em frente a EMEF Leonel Brizola, no bairro S\u00e3o Jos\u00e9. A iniciativa, promovida em datas espec\u00edficas, leva servi\u00e7os p\u00fablicos diretamente \u00e0s comunidades, ampliando o acesso da popula\u00e7\u00e3o a atendimentos [&hellip;]<\/p>\n","protected":false},"author":2,"featured_media":37916,"comment_status":"open","ping_status":"open","sticky":false,"template":"","format":"standard","meta":{"amp_status":"","footnotes":""},"categories":[25],"tags":[31,704,190],"class_list":["post-37915","post","type-post","status-publish","format-standard","has-post-thumbnail","hentry","category-comunidade","tag-canoas","tag-comunidade","tag-featured"],"yoast_head":"<!-- This site is optimized with the Yoast SEO plugin v20.5 - https:\/\/yoast.com\/wordpress\/plugins\/seo\/ -->\n<title>Prefeitura na Tua Casa ser\u00e1 neste s\u00e1bado, 6 de dezembro, no bairro S\u00e3o Jos\u00e9 - O Timoneiro Jornal Canoas RS<\/title>\n<meta name=\"description\" content=\"Prefeitura de Canoas promove o Prefeitura na Tua Casa neste s\u00e1bado, 6, no bairro S\u00e3o Jos\u00e9 com servi\u00e7os p\u00fablicos, atendimentos sociais, sa\u00fade, doa\u00e7\u00f5es e orienta\u00e7\u00f5es \u00e0 comunidade\" \/>\n<meta name=\"robots\" content=\"index, follow, max-snippet:-1, max-image-preview:large, max-video-preview:-1\" \/>\n<link rel=\"canonical\" href=\"https:\/\/jornaltimoneiro.com.br\/index.php\/2025\/12\/04\/canoas-prefeitura-na-tua-casa\/\" \/>\n<meta property=\"og:locale\" content=\"pt_BR\" \/>\n<meta property=\"og:type\" content=\"article\" \/>\n<meta property=\"og:title\" content=\"Prefeitura na Tua Casa ser\u00e1 neste s\u00e1bado, 6 de dezembro, no bairro S\u00e3o Jos\u00e9 - O Timoneiro Jornal Canoas RS\" \/>\n<meta property=\"og:description\" content=\"Prefeitura de Canoas promove o Prefeitura na Tua Casa neste s\u00e1bado, 6, no bairro S\u00e3o Jos\u00e9 com servi\u00e7os p\u00fablicos, atendimentos sociais, sa\u00fade, doa\u00e7\u00f5es e orienta\u00e7\u00f5es \u00e0 comunidade\" \/>\n<meta property=\"og:url\" content=\"https:\/\/jornaltimoneiro.com.br\/index.php\/2025\/12\/04\/canoas-prefeitura-na-tua-casa\/\" \/>\n<meta property=\"og:site_name\" content=\"O Timoneiro Jornal Canoas RS\" \/>\n<meta property=\"article:publisher\" content=\"https:\/\/www.facebook.com\/jornaltimoneiro\" \/>\n<meta property=\"article:published_time\" content=\"2025-12-04T23:12:32+00:00\" \/>\n<meta property=\"og:image\" content=\"https:\/\/jornaltimoneiro.com.br\/wp-content\/uploads\/2025\/12\/Prefeitura-na-Tua-Casa-sera-no-bairro-Estancia-Velha-no-sabado.jpeg-1.webp\" \/>\n\t<meta property=\"og:image:width\" content=\"1080\" \/>\n\t<meta property=\"og:image:height\" content=\"719\" \/>\n\t<meta property=\"og:image:type\" content=\"image\/webp\" \/>\n<meta name=\"author\" content=\"Reda\u00e7\u00e3o\" \/>\n<meta name=\"twitter:card\" content=\"summary_large_image\" \/>\n<meta name=\"twitter:creator\" content=\"@_OTimoneiro\" \/>\n<meta name=\"twitter:site\" content=\"@_OTimoneiro\" \/>\n<meta name=\"twitter:label1\" content=\"Escrito por\" \/>\n\t<meta name=\"twitter:data1\" content=\"Reda\u00e7\u00e3o\" \/>\n\t<meta name=\"twitter:label2\" content=\"Est. tempo de leitura\" \/>\n\t<meta name=\"twitter:data2\" content=\"1 minuto\" \/>\n<script type=\"application\/ld+json\" class=\"yoast-schema-graph\">{\"@context\":\"https:\/\/schema.org\",\"@graph\":[{\"@type\":\"Article\",\"@id\":\"https:\/\/jornaltimoneiro.com.br\/index.php\/2025\/12\/04\/canoas-prefeitura-na-tua-casa\/#article\",\"isPartOf\":{\"@id\":\"https:\/\/jornaltimoneiro.com.br\/index.php\/2025\/12\/04\/canoas-prefeitura-na-tua-casa\/\"},\"author\":{\"name\":\"Reda\u00e7\u00e3o\",\"@id\":\"https:\/\/jornaltimoneiro.com.br\/#\/schema\/person\/f63482f1a02b1a9592707865e509ab40\"},\"headline\":\"Prefeitura na Tua Casa ser\u00e1 neste s\u00e1bado, 6 de dezembro, no bairro S\u00e3o Jos\u00e9\",\"datePublished\":\"2025-12-04T23:12:32+00:00\",\"dateModified\":\"2025-12-04T23:12:32+00:00\",\"mainEntityOfPage\":{\"@id\":\"https:\/\/jornaltimoneiro.com.br\/index.php\/2025\/12\/04\/canoas-prefeitura-na-tua-casa\/\"},\"wordCount\":180,\"commentCount\":0,\"publisher\":{\"@id\":\"https:\/\/jornaltimoneiro.com.br\/#organization\"},\"keywords\":[\"canoas\",\"comunidade\",\"featured\"],\"articleSection\":[\"Comunidade\"],\"inLanguage\":\"pt-BR\",\"potentialAction\":[{\"@type\":\"CommentAction\",\"name\":\"Comment\",\"target\":[\"https:\/\/jornaltimoneiro.com.br\/index.php\/2025\/12\/04\/canoas-prefeitura-na-tua-casa\/#respond\"]}]},{\"@type\":\"WebPage\",\"@id\":\"https:\/\/jornaltimoneiro.com.br\/index.php\/2025\/12\/04\/canoas-prefeitura-na-tua-casa\/\",\"url\":\"https:\/\/jornaltimoneiro.com.br\/index.php\/2025\/12\/04\/canoas-prefeitura-na-tua-casa\/\",\"name\":\"Prefeitura na Tua Casa ser\u00e1 neste s\u00e1bado, 6 de dezembro, no bairro S\u00e3o Jos\u00e9 - O Timoneiro Jornal Canoas RS\",\"isPartOf\":{\"@id\":\"https:\/\/jornaltimoneiro.com.br\/#website\"},\"datePublished\":\"2025-12-04T23:12:32+00:00\",\"dateModified\":\"2025-12-04T23:12:32+00:00\",\"description\":\"Prefeitura de Canoas promove o Prefeitura na Tua Casa neste s\u00e1bado, 6, no bairro S\u00e3o Jos\u00e9 com servi\u00e7os p\u00fablicos, atendimentos sociais, sa\u00fade, doa\u00e7\u00f5es e orienta\u00e7\u00f5es \u00e0 comunidade\",\"breadcrumb\":{\"@id\":\"https:\/\/jornaltimoneiro.com.br\/index.php\/2025\/12\/04\/canoas-prefeitura-na-tua-casa\/#breadcrumb\"},\"inLanguage\":\"pt-BR\",\"potentialAction\":[{\"@type\":\"ReadAction\",\"target\":[\"https:\/\/jornaltimoneiro.com.br\/index.php\/2025\/12\/04\/canoas-prefeitura-na-tua-casa\/\"]}]},{\"@type\":\"BreadcrumbList\",\"@id\":\"https:\/\/jornaltimoneiro.com.br\/index.php\/2025\/12\/04\/canoas-prefeitura-na-tua-casa\/#breadcrumb\",\"itemListElement\":[{\"@type\":\"ListItem\",\"position\":1,\"name\":\"In\u00edcio\",\"item\":\"https:\/\/jornaltimoneiro.com.br\/\"},{\"@type\":\"ListItem\",\"position\":2,\"name\":\"Prefeitura na Tua Casa ser\u00e1 neste s\u00e1bado, 6 de dezembro, no bairro S\u00e3o Jos\u00e9\"}]},{\"@type\":\"WebSite\",\"@id\":\"https:\/\/jornaltimoneiro.com.br\/#website\",\"url\":\"https:\/\/jornaltimoneiro.com.br\/\",\"name\":\"Jornal Timoneiro Canoas RS\",\"description\":\"Jornal O Timoneiro, o verdadeiro jornal de Canoas\",\"publisher\":{\"@id\":\"https:\/\/jornaltimoneiro.com.br\/#organization\"},\"potentialAction\":[{\"@type\":\"SearchAction\",\"target\":{\"@type\":\"EntryPoint\",\"urlTemplate\":\"https:\/\/jornaltimoneiro.com.br\/?s={search_term_string}\"},\"query-input\":\"required name=search_term_string\"}],\"inLanguage\":\"pt-BR\"},{\"@type\":\"Organization\",\"@id\":\"https:\/\/jornaltimoneiro.com.br\/#organization\",\"name\":\"Jornal Timoneiro Canoas RS\",\"url\":\"https:\/\/jornaltimoneiro.com.br\/\",\"logo\":{\"@type\":\"ImageObject\",\"inLanguage\":\"pt-BR\",\"@id\":\"https:\/\/jornaltimoneiro.com.br\/#\/schema\/logo\/image\/\",\"url\":\"https:\/\/jornaltimoneiro.com.br\/wp-content\/uploads\/2023\/03\/logonovo.png\",\"contentUrl\":\"https:\/\/jornaltimoneiro.com.br\/wp-content\/uploads\/2023\/03\/logonovo.png\",\"width\":\"469\",\"height\":\"171\",\"caption\":\"Jornal Timoneiro Canoas RS\"},\"image\":{\"@id\":\"https:\/\/jornaltimoneiro.com.br\/#\/schema\/logo\/image\/\"},\"sameAs\":[\"https:\/\/www.facebook.com\/jornaltimoneiro\",\"https:\/\/twitter.com\/_OTimoneiro\",\"https:\/\/www.instagram.com\/jornaltimoneirocanoas\/\",\"https:\/\/www.youtube.com\/@jornalotimoneiro7927\"]},{\"@type\":\"Person\",\"@id\":\"https:\/\/jornaltimoneiro.com.br\/#\/schema\/person\/f63482f1a02b1a9592707865e509ab40\",\"name\":\"Reda\u00e7\u00e3o\",\"image\":{\"@type\":\"ImageObject\",\"inLanguage\":\"pt-BR\",\"@id\":\"https:\/\/jornaltimoneiro.com.br\/#\/schema\/person\/image\/\",\"url\":\"https:\/\/jornaltimoneiro.com.br\/wp-content\/uploads\/2023\/03\/download.jpeg\",\"contentUrl\":\"https:\/\/jornaltimoneiro.com.br\/wp-content\/uploads\/2023\/03\/download.jpeg\",\"caption\":\"Reda\u00e7\u00e3o\"},\"url\":\"https:\/\/jornaltimoneiro.com.br\/index.php\/author\/simone-dutra\/\"}]}<\/script>\n<!-- \/ Yoast SEO plugin. -->","yoast_head_json":{"title":"Prefeitura na Tua Casa ser\u00e1 neste s\u00e1bado, 6 de dezembro, no bairro S\u00e3o Jos\u00e9 - O Timoneiro Jornal Canoas RS","description":"Prefeitura de Canoas promove o Prefeitura na Tua Casa neste s\u00e1bado, 6, no bairro S\u00e3o Jos\u00e9 com servi\u00e7os p\u00fablicos, atendimentos sociais, sa\u00fade, doa\u00e7\u00f5es e orienta\u00e7\u00f5es \u00e0 comunidade","robots":{"index":"index","follow":"follow","max-snippet":"max-snippet:-1","max-image-preview":"max-image-preview:large","max-video-preview":"max-video-preview:-1"},"canonical":"https:\/\/jornaltimoneiro.com.br\/index.php\/2025\/12\/04\/canoas-prefeitura-na-tua-casa\/","og_locale":"pt_BR","og_type":"article","og_title":"Prefeitura na Tua Casa ser\u00e1 neste s\u00e1bado, 6 de dezembro, no bairro S\u00e3o Jos\u00e9 - O Timoneiro Jornal Canoas RS","og_description":"Prefeitura de Canoas promove o Prefeitura na Tua Casa neste s\u00e1bado, 6, no bairro S\u00e3o Jos\u00e9 com servi\u00e7os p\u00fablicos, atendimentos sociais, sa\u00fade, doa\u00e7\u00f5es e orienta\u00e7\u00f5es \u00e0 comunidade","og_url":"https:\/\/jornaltimoneiro.com.br\/index.php\/2025\/12\/04\/canoas-prefeitura-na-tua-casa\/","og_site_name":"O Timoneiro Jornal Canoas RS","article_publisher":"https:\/\/www.facebook.com\/jornaltimoneiro","article_published_time":"2025-12-04T23:12:32+00:00","og_image":[{"width":"1080","height":"719","url":"https:\/\/jornaltimoneiro.com.br\/wp-content\/uploads\/2025\/12\/Prefeitura-na-Tua-Casa-sera-no-bairro-Estancia-Velha-no-sabado.jpeg-1.webp","type":"image\/webp"}],"author":"Reda\u00e7\u00e3o","twitter_card":"summary_large_image","twitter_creator":"@_OTimoneiro","twitter_site":"@_OTimoneiro","twitter_misc":{"Escrito por":"Reda\u00e7\u00e3o","Est. tempo de leitura":"1 minuto"},"schema":{"@context":"https:\/\/schema.org","@graph":[{"@type":"Article","@id":"https:\/\/jornaltimoneiro.com.br\/index.php\/2025\/12\/04\/canoas-prefeitura-na-tua-casa\/#article","isPartOf":{"@id":"https:\/\/jornaltimoneiro.com.br\/index.php\/2025\/12\/04\/canoas-prefeitura-na-tua-casa\/"},"author":{"name":"Reda\u00e7\u00e3o","@id":"https:\/\/jornaltimoneiro.com.br\/#\/schema\/person\/f63482f1a02b1a9592707865e509ab40"},"headline":"Prefeitura na Tua Casa ser\u00e1 neste s\u00e1bado, 6 de dezembro, no bairro S\u00e3o Jos\u00e9","datePublished":"2025-12-04T23:12:32+00:00","dateModified":"2025-12-04T23:12:32+00:00","mainEntityOfPage":{"@id":"https:\/\/jornaltimoneiro.com.br\/index.php\/2025\/12\/04\/canoas-prefeitura-na-tua-casa\/"},"wordCount":180,"commentCount":0,"publisher":{"@id":"https:\/\/jornaltimoneiro.com.br\/#organization"},"keywords":["canoas","comunidade","featured"],"articleSection":["Comunidade"],"inLanguage":"pt-BR","potentialAction":[{"@type":"CommentAction","name":"Comment","target":["https:\/\/jornaltimoneiro.com.br\/index.php\/2025\/12\/04\/canoas-prefeitura-na-tua-casa\/#respond"]}]},{"@type":"WebPage","@id":"https:\/\/jornaltimoneiro.com.br\/index.php\/2025\/12\/04\/canoas-prefeitura-na-tua-casa\/","url":"https:\/\/jornaltimoneiro.com.br\/index.php\/2025\/12\/04\/canoas-prefeitura-na-tua-casa\/","name":"Prefeitura na Tua Casa ser\u00e1 neste s\u00e1bado, 6 de dezembro, no bairro S\u00e3o Jos\u00e9 - O Timoneiro Jornal Canoas RS","isPartOf":{"@id":"https:\/\/jornaltimoneiro.com.br\/#website"},"datePublished":"2025-12-04T23:12:32+00:00","dateModified":"2025-12-04T23:12:32+00:00","description":"Prefeitura de Canoas promove o Prefeitura na Tua Casa neste s\u00e1bado, 6, no bairro S\u00e3o Jos\u00e9 com servi\u00e7os p\u00fablicos, atendimentos sociais, sa\u00fade, doa\u00e7\u00f5es e orienta\u00e7\u00f5es \u00e0 comunidade","breadcrumb":{"@id":"https:\/\/jornaltimoneiro.com.br\/index.php\/2025\/12\/04\/canoas-prefeitura-na-tua-casa\/#breadcrumb"},"inLanguage":"pt-BR","potentialAction":[{"@type":"ReadAction","target":["https:\/\/jornaltimoneiro.com.br\/index.php\/2025\/12\/04\/canoas-prefeitura-na-tua-casa\/"]}]},{"@type":"BreadcrumbList","@id":"https:\/\/jornaltimoneiro.com.br\/index.php\/2025\/12\/04\/canoas-prefeitura-na-tua-casa\/#breadcrumb","itemListElement":[{"@type":"ListItem","position":1,"name":"In\u00edcio","item":"https:\/\/jornaltimoneiro.com.br\/"},{"@type":"ListItem","position":2,"name":"Prefeitura na Tua Casa ser\u00e1 neste s\u00e1bado, 6 de dezembro, no bairro S\u00e3o Jos\u00e9"}]},{"@type":"WebSite","@id":"https:\/\/jornaltimoneiro.com.br\/#website","url":"https:\/\/jornaltimoneiro.com.br\/","name":"Jornal Timoneiro Canoas RS","description":"Jornal O Timoneiro, o verdadeiro jornal de Canoas","publisher":{"@id":"https:\/\/jornaltimoneiro.com.br\/#organization"},"potentialAction":[{"@type":"SearchAction","target":{"@type":"EntryPoint","urlTemplate":"https:\/\/jornaltimoneiro.com.br\/?s={search_term_string}"},"query-input":"required name=search_term_string"}],"inLanguage":"pt-BR"},{"@type":"Organization","@id":"https:\/\/jornaltimoneiro.com.br\/#organization","name":"Jornal Timoneiro Canoas RS","url":"https:\/\/jornaltimoneiro.com.br\/","logo":{"@type":"ImageObject","inLanguage":"pt-BR","@id":"https:\/\/jornaltimoneiro.com.br\/#\/schema\/logo\/image\/","url":"https:\/\/jornaltimoneiro.com.br\/wp-content\/uploads\/2023\/03\/logonovo.png","contentUrl":"https:\/\/jornaltimoneiro.com.br\/wp-content\/uploads\/2023\/03\/logonovo.png","width":"469","height":"171","caption":"Jornal Timoneiro Canoas RS"},"image":{"@id":"https:\/\/jornaltimoneiro.com.br\/#\/schema\/logo\/image\/"},"sameAs":["https:\/\/www.facebook.com\/jornaltimoneiro","https:\/\/twitter.com\/_OTimoneiro","https:\/\/www.instagram.com\/jornaltimoneirocanoas\/","https:\/\/www.youtube.com\/@jornalotimoneiro7927"]},{"@type":"Person","@id":"https:\/\/jornaltimoneiro.com.br\/#\/schema\/person\/f63482f1a02b1a9592707865e509ab40","name":"Reda\u00e7\u00e3o","image":{"@type":"ImageObject","inLanguage":"pt-BR","@id":"https:\/\/jornaltimoneiro.com.br\/#\/schema\/person\/image\/","url":"https:\/\/jornaltimoneiro.com.br\/wp-content\/uploads\/2023\/03\/download.jpeg","contentUrl":"https:\/\/jornaltimoneiro.com.br\/wp-content\/uploads\/2023\/03\/download.jpeg","caption":"Reda\u00e7\u00e3o"},"url":"https:\/\/jornaltimoneiro.com.br\/index.php\/author\/simone-dutra\/"}]}},"_links":{"self":[{"href":"https:\/\/jornaltimoneiro.com.br\/index.php\/wp-json\/wp\/v2\/posts\/37915"}],"collection":[{"href":"https:\/\/jornaltimoneiro.com.br\/index.php\/wp-json\/wp\/v2\/posts"}],"about":[{"href":"https:\/\/jornaltimoneiro.com.br\/index.php\/wp-json\/wp\/v2\/types\/post"}],"author":[{"embeddable":true,"href":"https:\/\/jornaltimoneiro.com.br\/index.php\/wp-json\/wp\/v2\/users\/2"}],"replies":[{"embeddable":true,"href":"https:\/\/jornaltimoneiro.com.br\/index.php\/wp-json\/wp\/v2\/comments?post=37915"}],"version-history":[{"count":1,"href":"https:\/\/jornaltimoneiro.com.br\/index.php\/wp-json\/wp\/v2\/posts\/37915\/revisions"}],"predecessor-version":[{"id":37917,"href":"https:\/\/jornaltimoneiro.com.br\/index.php\/wp-json\/wp\/v2\/posts\/37915\/revisions\/37917"}],"wp:featuredmedia":[{"embeddable":true,"href":"https:\/\/jornaltimoneiro.com.br\/index.php\/wp-json\/wp\/v2\/media\/37916"}],"wp:attachment":[{"href":"https:\/\/jornaltimoneiro.com.br\/index.php\/wp-json\/wp\/v2\/media?parent=37915"}],"wp:term":[{"taxonomy":"category","embeddable":true,"href":"https:\/\/jornaltimoneiro.com.br\/index.php\/wp-json\/wp\/v2\/categories?post=37915"},{"taxonomy":"post_tag","embeddable":true,"href":"https:\/\/jornaltimoneiro.com.br\/index.php\/wp-json\/wp\/v2\/tags?post=37915"}],"curies":[{"name":"wp","href":"https:\/\/api.w.org\/{rel}","templated":true}]}}