{"id":379,"date":"2015-06-19T10:39:40","date_gmt":"2015-06-19T13:39:40","guid":{"rendered":"http:\/\/otimoneiro.com.br\/?p=379"},"modified":"2015-06-19T10:39:40","modified_gmt":"2015-06-19T13:39:40","slug":"nova-santa-rita-moradores-contrarios-ao-aumento-do-iptu-apoiam-funcionalismo","status":"publish","type":"post","link":"https:\/\/jornaltimoneiro.com.br\/index.php\/2015\/06\/19\/nova-santa-rita-moradores-contrarios-ao-aumento-do-iptu-apoiam-funcionalismo\/","title":{"rendered":"Nova Santa Rita: Moradores contr\u00e1rios ao aumento do IPTU apoiam funcionalismo"},"content":{"rendered":"<p style=\"text-align: justify;\">O impasse entre os servidores e a Prefeitura de Nova Santa Rita ainda n\u00e3o teve um desfecho. Em primeiro de junho deste ano, O Timoneiro noticiava a primeira greve dos Municip\u00e1rios do munic\u00edpio pedindo 8,34%. A chefe do Executivo, Margarete Ferretti (PT), fez uma proposta de3,54%, negada pelo sindicato que lotou a C\u00e2mara dos Vereadores.<br \/>\nNa ter\u00e7a-feira, 16, a categoria, apoiada pela popula\u00e7\u00e3o revolta com o aumento do IPTU, marchou rumo \u00e0 Prefeitura com uma centena de pessoas, segundo a presidente do sindicato, Ana Claudia Fraga.<\/p>\n<p style=\"text-align: justify;\"><strong>Aumento do IPTU<\/strong><br \/>\nEm dezembro de 2014, o munic\u00edpio subiu em at\u00e9 200% seu IPTU. Como justificativa, a Secretaria da Fazenda justificou que n\u00e3o havia aumento desde 2002 e que boa parte dos contribuintes pagaria menos. Em sua explica\u00e7\u00e3o, o secret\u00e1rio Luiz Fernando Heylmann explicou que a medida serve para separar \u00e1reas localizadas na principal avenida da cidade que possuam unidades de sa\u00fade e seguran\u00e7a. Neste caso, citado pelo secret\u00e1rio, o imposto passa de R$ 178,98 para R$ 299,16.<\/p>\n<div id=\"attachment_392\" style=\"width: 488px\" class=\"wp-caption aligncenter\"><a href=\"http:\/\/otimoneiro.com.br\/wp-content\/uploads\/2015\/06\/11418186_1462045177442478_1441470255_n.jpg\"><img decoding=\"async\" aria-describedby=\"caption-attachment-392\" class=\"wp-image-392 \" src=\"http:\/\/otimoneiro.com.br\/wp-content\/uploads\/2015\/06\/11418186_1462045177442478_1441470255_n.jpg\" alt=\"Manifesta\u00e7\u00e3o na C\u00e2mara dos Vereadores de Nova Santa Rita. Foto: Assessoria Ver. Danilo Barbudo\" width=\"478\" height=\"269\" \/><\/a><p id=\"caption-attachment-392\" class=\"wp-caption-text\">Manifesta\u00e7\u00e3o na C\u00e2mara dos Vereadores de Nova Santa Rita. Foto: Assessoria Ver. Danilo Barbudo<\/p><\/div>\n<p style=\"text-align: justify;\"><strong>Vereador contesta<\/strong><br \/>\nVisitou a reda\u00e7\u00e3o de OT na quarta-feira, 17, o vereador do partido Solidariedade, Carlos Danilo Rosa, conhecido por Danilo Barbudo. Segundo ele, os servidores est\u00e3o sendo perseguidos por um governo que classificou como arbitr\u00e1rio. \u201cA forma com que est\u00e1 sendo conduzido o governo \u00e9 uma forma de persegui\u00e7\u00e3o aos servidores\u201d, afirmou. \u201cA forma arbitr\u00e1ria com que o Executivo vem conduzindo o processo est\u00e1 causando desconforto em toda a cidade\u201d, enfatizou.<\/p>\n<div id=\"attachment_394\" style=\"width: 259px\" class=\"wp-caption alignleft\"><a href=\"http:\/\/otimoneiro.com.br\/wp-content\/uploads\/2015\/06\/DSC1229.jpg\"><img decoding=\"async\" aria-describedby=\"caption-attachment-394\" class=\" wp-image-394\" src=\"http:\/\/otimoneiro.com.br\/wp-content\/uploads\/2015\/06\/DSC1229-300x200.jpg\" alt=\"Vereador Danilo Barbudo (Solidariedade). Foto: Bruno Lara\/OT\" width=\"249\" height=\"166\" \/><\/a><p id=\"caption-attachment-394\" class=\"wp-caption-text\">Vereador Danilo Barbudo (Solidariedade). Foto: Bruno Lara\/OT<\/p><\/div>\n<p style=\"text-align: justify;\">Para Danilo, Nova Santa Rita deve ser governada com pessoas da pr\u00f3pria cidade, o que, segundo ele, n\u00e3o acontece atualmente, fato que atribui como principal desmotivador e desvalorizador dos funcion\u00e1rios. \u201cOs servidores p\u00fablicos n\u00e3o receberam o aumento em fun\u00e7\u00e3o da quantidade de CCs (Cargos em Confian\u00e7a). A Lei \u00e9 clara. Quando se come\u00e7a a ter problemas, se chegar no \u00edndice, tem que demitir os CCs\u201d, conclui.<br \/>\nO parlamentar enfatizou ainda que o IPTU subiu de 30% a 500% no munic\u00edpio. \u201cEst\u00e3o chegando os carn\u00eas e as pessoas est\u00e3o se apavorando\u201d, relatou. A proposta foi aprovada pela C\u00e2mara dos Vereadores com cinco votos contr\u00e1rios. Questionado sobre a justificativa para o aumento, Danilo afirmou que o Tribunal apontou que estava deixando de ter receita. Que havia uma evas\u00e3o de receita. \u201cPoderia ter aumentado, mas gradativamente\u201d, opinou.<\/p>\n<p style=\"text-align: justify;\"><strong>Nova manifesta\u00e7\u00e3o<\/strong><\/p>\n<div id=\"attachment_262\" style=\"width: 237px\" class=\"wp-caption alignleft\"><a href=\"http:\/\/otimoneiro.com.br\/wp-content\/uploads\/2015\/06\/DSC0919.jpg\"><img decoding=\"async\" aria-describedby=\"caption-attachment-262\" class=\" wp-image-262\" src=\"http:\/\/otimoneiro.com.br\/wp-content\/uploads\/2015\/06\/DSC0919-300x200.jpg\" alt=\"Presidente do Sindicato dos Municip\u00e1rios de Nova Santa Rita\" width=\"227\" height=\"151\" \/><\/a><p id=\"caption-attachment-262\" class=\"wp-caption-text\">Presidente do Sindicato dos Municip\u00e1rios de Nova Santa Rita<\/p><\/div>\n<p style=\"text-align: justify;\">A presidente do Sindicato dos Servidores Municipais de Nova Santa Rita (SSENASAR), Ana Claudia Pedreira Fraga, em entrevista, afirmou que a classe caminhou rumo a Prefeitura com um montante de 100 pessoas por volta das 17h30min. A categoria pede 8,34% de reajuste desde o primeiro dia de junho deste ano, embasados no c\u00e1lculo do \u00cdndice Nacional de Pre\u00e7os ao Consumidor (INPC). \u201cA prefeita oferece 4,11% e R$ 100,00 de abono. Mas o abono n\u00e3o contempla os benef\u00edcios e pode ser retirado a qualquer momento\u201d, afirma levantando a quest\u00e3o que aposentados e pensionistas n\u00e3o ganham o abono. Uma assembleia definitiva ser\u00e1 realizada na quinta-feira, 18, para decidir se a categoria, que continua em estado de greve, aceita a proposta da Prefeita Margarete. Sobre o aumento no Imposto Predial e Territorial Urbano (IPTU), Ana Claudia se manifestou solid\u00e1ria a popula\u00e7\u00e3o e contr\u00e1ria ao aumento.<\/p>\n<p style=\"text-align: justify;\"><strong>O que diz a Prefeitura<\/strong><br \/>\nEm entrevista a equipe de O Timoneiro na manifesta\u00e7\u00e3o passada, Margarete Ferretti (PT), prefeita municipal, informou que a margem que o sindicato pede \u00e9 imposs\u00edvel de ser alcan\u00e7ada. \u201cEssa margem, neste momento, n\u00e3o \u00e9 poss\u00edvel n\u00f3s chegarmos a tanto. N\u00f3s estamos gastando 52,17% com a folha de pagamento e n\u00f3s temos que respeitar a lei de responsabilidade fiscal e o limite prudencial \u00e9 51%\u201d.<br \/>\nA Prefeita informou que tem um \u201cgasto\u201d de mais da metade da folha com os servidores. \u201cN\u00f3s estamos gastando, com servidores p\u00fablicos, em torno de 52,17% da folha. Investimos mais de 25% em educa\u00e7\u00e3o. Em torno de 19% na sa\u00fade. N\u00f3s pagamos duas licen\u00e7as pr\u00eamio desde que assumimos. No ano passado n\u00f3s demos aumento pelo GPM, em torno de 8%, em torno de 3% acima da infla\u00e7\u00e3o. No ano passado t\u00ednhamos melhorado muito a nossa receita em virtude de cobran\u00e7a tribut\u00e1ria dos que estavam devedores para o munic\u00edpio\u201d, afirma.<\/p>\n<div id=\"attachment_263\" style=\"width: 487px\" class=\"wp-caption aligncenter\"><a href=\"http:\/\/otimoneiro.com.br\/wp-content\/uploads\/2015\/06\/DSC0953.jpg\"><img decoding=\"async\" aria-describedby=\"caption-attachment-263\" class=\"wp-image-263\" src=\"http:\/\/otimoneiro.com.br\/wp-content\/uploads\/2015\/06\/DSC0953-1024x683.jpg\" alt=\"Panela\u00e7o na Prefeitura de Nova Santa Rita. Foto: Bruno Lara\/OT\" width=\"477\" height=\"316\" \/><\/a><p id=\"caption-attachment-263\" class=\"wp-caption-text\">Panela\u00e7o na Prefeitura de Nova Santa Rita<\/p><\/div>\n","protected":false},"excerpt":{"rendered":"<p>Ainda em estado de greve, categoria analisa oferta do Executivo de 4,11% de reajuste<\/p>\n","protected":false},"author":1,"featured_media":392,"comment_status":"open","ping_status":"open","sticky":false,"template":"","format":"standard","meta":{"amp_status":"","footnotes":""},"categories":[19,22,20],"tags":[],"class_list":["post-379","post","type-post","status-publish","format-standard","has-post-thumbnail","hentry","category-destaques","category-noticias","category-politica-noticias"],"yoast_head":"<!-- This site is optimized with the Yoast SEO plugin v20.5 - https:\/\/yoast.com\/wordpress\/plugins\/seo\/ -->\n<title>Nova Santa Rita: Moradores contr\u00e1rios ao aumento do IPTU apoiam funcionalismo - O Timoneiro Jornal Canoas RS<\/title>\n<meta name=\"robots\" content=\"index, follow, max-snippet:-1, max-image-preview:large, max-video-preview:-1\" \/>\n<link rel=\"canonical\" href=\"https:\/\/jornaltimoneiro.com.br\/index.php\/2015\/06\/19\/nova-santa-rita-moradores-contrarios-ao-aumento-do-iptu-apoiam-funcionalismo\/\" \/>\n<meta property=\"og:locale\" content=\"pt_BR\" \/>\n<meta property=\"og:type\" content=\"article\" \/>\n<meta property=\"og:title\" content=\"Nova Santa Rita: Moradores contr\u00e1rios ao aumento do IPTU apoiam funcionalismo - O Timoneiro Jornal Canoas RS\" \/>\n<meta property=\"og:description\" content=\"Ainda em estado de greve, categoria analisa oferta do Executivo de 4,11% de reajuste\" \/>\n<meta property=\"og:url\" content=\"https:\/\/jornaltimoneiro.com.br\/index.php\/2015\/06\/19\/nova-santa-rita-moradores-contrarios-ao-aumento-do-iptu-apoiam-funcionalismo\/\" \/>\n<meta property=\"og:site_name\" content=\"O Timoneiro Jornal Canoas RS\" \/>\n<meta property=\"article:publisher\" content=\"https:\/\/www.facebook.com\/jornaltimoneiro\" \/>\n<meta property=\"article:published_time\" content=\"2015-06-19T13:39:40+00:00\" \/>\n<meta name=\"author\" content=\"Reda\u00e7\u00e3o\" \/>\n<meta name=\"twitter:card\" content=\"summary_large_image\" \/>\n<meta name=\"twitter:creator\" content=\"@_OTimoneiro\" \/>\n<meta name=\"twitter:site\" content=\"@_OTimoneiro\" \/>\n<meta name=\"twitter:label1\" content=\"Escrito por\" \/>\n\t<meta name=\"twitter:data1\" content=\"Reda\u00e7\u00e3o\" \/>\n\t<meta name=\"twitter:label2\" content=\"Est. tempo de leitura\" \/>\n\t<meta name=\"twitter:data2\" content=\"4 minutos\" \/>\n<script type=\"application\/ld+json\" class=\"yoast-schema-graph\">{\"@context\":\"https:\/\/schema.org\",\"@graph\":[{\"@type\":\"Article\",\"@id\":\"https:\/\/jornaltimoneiro.com.br\/index.php\/2015\/06\/19\/nova-santa-rita-moradores-contrarios-ao-aumento-do-iptu-apoiam-funcionalismo\/#article\",\"isPartOf\":{\"@id\":\"https:\/\/jornaltimoneiro.com.br\/index.php\/2015\/06\/19\/nova-santa-rita-moradores-contrarios-ao-aumento-do-iptu-apoiam-funcionalismo\/\"},\"author\":{\"name\":\"Reda\u00e7\u00e3o\",\"@id\":\"https:\/\/jornaltimoneiro.com.br\/#\/schema\/person\/620efd1d8244466117482be494360b08\"},\"headline\":\"Nova Santa Rita: Moradores contr\u00e1rios ao aumento do IPTU apoiam funcionalismo\",\"datePublished\":\"2015-06-19T13:39:40+00:00\",\"dateModified\":\"2015-06-19T13:39:40+00:00\",\"mainEntityOfPage\":{\"@id\":\"https:\/\/jornaltimoneiro.com.br\/index.php\/2015\/06\/19\/nova-santa-rita-moradores-contrarios-ao-aumento-do-iptu-apoiam-funcionalismo\/\"},\"wordCount\":792,\"commentCount\":0,\"publisher\":{\"@id\":\"https:\/\/jornaltimoneiro.com.br\/#organization\"},\"articleSection\":[\"Destaques\",\"Not\u00edcias\",\"Pol\u00edtica\"],\"inLanguage\":\"pt-BR\",\"potentialAction\":[{\"@type\":\"CommentAction\",\"name\":\"Comment\",\"target\":[\"https:\/\/jornaltimoneiro.com.br\/index.php\/2015\/06\/19\/nova-santa-rita-moradores-contrarios-ao-aumento-do-iptu-apoiam-funcionalismo\/#respond\"]}]},{\"@type\":\"WebPage\",\"@id\":\"https:\/\/jornaltimoneiro.com.br\/index.php\/2015\/06\/19\/nova-santa-rita-moradores-contrarios-ao-aumento-do-iptu-apoiam-funcionalismo\/\",\"url\":\"https:\/\/jornaltimoneiro.com.br\/index.php\/2015\/06\/19\/nova-santa-rita-moradores-contrarios-ao-aumento-do-iptu-apoiam-funcionalismo\/\",\"name\":\"Nova Santa Rita: Moradores contr\u00e1rios ao aumento do IPTU apoiam funcionalismo - O Timoneiro Jornal Canoas RS\",\"isPartOf\":{\"@id\":\"https:\/\/jornaltimoneiro.com.br\/#website\"},\"datePublished\":\"2015-06-19T13:39:40+00:00\",\"dateModified\":\"2015-06-19T13:39:40+00:00\",\"breadcrumb\":{\"@id\":\"https:\/\/jornaltimoneiro.com.br\/index.php\/2015\/06\/19\/nova-santa-rita-moradores-contrarios-ao-aumento-do-iptu-apoiam-funcionalismo\/#breadcrumb\"},\"inLanguage\":\"pt-BR\",\"potentialAction\":[{\"@type\":\"ReadAction\",\"target\":[\"https:\/\/jornaltimoneiro.com.br\/index.php\/2015\/06\/19\/nova-santa-rita-moradores-contrarios-ao-aumento-do-iptu-apoiam-funcionalismo\/\"]}]},{\"@type\":\"BreadcrumbList\",\"@id\":\"https:\/\/jornaltimoneiro.com.br\/index.php\/2015\/06\/19\/nova-santa-rita-moradores-contrarios-ao-aumento-do-iptu-apoiam-funcionalismo\/#breadcrumb\",\"itemListElement\":[{\"@type\":\"ListItem\",\"position\":1,\"name\":\"In\u00edcio\",\"item\":\"https:\/\/jornaltimoneiro.com.br\/\"},{\"@type\":\"ListItem\",\"position\":2,\"name\":\"Nova Santa Rita: Moradores contr\u00e1rios ao aumento do IPTU apoiam funcionalismo\"}]},{\"@type\":\"WebSite\",\"@id\":\"https:\/\/jornaltimoneiro.com.br\/#website\",\"url\":\"https:\/\/jornaltimoneiro.com.br\/\",\"name\":\"Jornal Timoneiro Canoas RS\",\"description\":\"Jornal O Timoneiro, o verdadeiro jornal de Canoas\",\"publisher\":{\"@id\":\"https:\/\/jornaltimoneiro.com.br\/#organization\"},\"potentialAction\":[{\"@type\":\"SearchAction\",\"target\":{\"@type\":\"EntryPoint\",\"urlTemplate\":\"https:\/\/jornaltimoneiro.com.br\/?s={search_term_string}\"},\"query-input\":\"required name=search_term_string\"}],\"inLanguage\":\"pt-BR\"},{\"@type\":\"Organization\",\"@id\":\"https:\/\/jornaltimoneiro.com.br\/#organization\",\"name\":\"Jornal Timoneiro Canoas RS\",\"url\":\"https:\/\/jornaltimoneiro.com.br\/\",\"logo\":{\"@type\":\"ImageObject\",\"inLanguage\":\"pt-BR\",\"@id\":\"https:\/\/jornaltimoneiro.com.br\/#\/schema\/logo\/image\/\",\"url\":\"https:\/\/jornaltimoneiro.com.br\/wp-content\/uploads\/2023\/03\/logonovo.png\",\"contentUrl\":\"https:\/\/jornaltimoneiro.com.br\/wp-content\/uploads\/2023\/03\/logonovo.png\",\"width\":\"469\",\"height\":\"171\",\"caption\":\"Jornal Timoneiro Canoas RS\"},\"image\":{\"@id\":\"https:\/\/jornaltimoneiro.com.br\/#\/schema\/logo\/image\/\"},\"sameAs\":[\"https:\/\/www.facebook.com\/jornaltimoneiro\",\"https:\/\/twitter.com\/_OTimoneiro\",\"https:\/\/www.instagram.com\/jornaltimoneirocanoas\/\",\"https:\/\/www.youtube.com\/@jornalotimoneiro7927\"]},{\"@type\":\"Person\",\"@id\":\"https:\/\/jornaltimoneiro.com.br\/#\/schema\/person\/620efd1d8244466117482be494360b08\",\"name\":\"Reda\u00e7\u00e3o\",\"image\":{\"@type\":\"ImageObject\",\"inLanguage\":\"pt-BR\",\"@id\":\"https:\/\/jornaltimoneiro.com.br\/#\/schema\/person\/image\/\",\"url\":\"https:\/\/secure.gravatar.com\/avatar\/2f04e1b304682a8d9db336c7acd77f08?s=96&d=mm&r=g\",\"contentUrl\":\"https:\/\/secure.gravatar.com\/avatar\/2f04e1b304682a8d9db336c7acd77f08?s=96&d=mm&r=g\",\"caption\":\"Reda\u00e7\u00e3o\"},\"url\":\"https:\/\/jornaltimoneiro.com.br\/index.php\/author\/timoneirocanoas\/\"}]}<\/script>\n<!-- \/ Yoast SEO plugin. -->","yoast_head_json":{"title":"Nova Santa Rita: Moradores contr\u00e1rios ao aumento do IPTU apoiam funcionalismo - O Timoneiro Jornal Canoas RS","robots":{"index":"index","follow":"follow","max-snippet":"max-snippet:-1","max-image-preview":"max-image-preview:large","max-video-preview":"max-video-preview:-1"},"canonical":"https:\/\/jornaltimoneiro.com.br\/index.php\/2015\/06\/19\/nova-santa-rita-moradores-contrarios-ao-aumento-do-iptu-apoiam-funcionalismo\/","og_locale":"pt_BR","og_type":"article","og_title":"Nova Santa Rita: Moradores contr\u00e1rios ao aumento do IPTU apoiam funcionalismo - O Timoneiro Jornal Canoas RS","og_description":"Ainda em estado de greve, categoria analisa oferta do Executivo de 4,11% de reajuste","og_url":"https:\/\/jornaltimoneiro.com.br\/index.php\/2015\/06\/19\/nova-santa-rita-moradores-contrarios-ao-aumento-do-iptu-apoiam-funcionalismo\/","og_site_name":"O Timoneiro Jornal Canoas RS","article_publisher":"https:\/\/www.facebook.com\/jornaltimoneiro","article_published_time":"2015-06-19T13:39:40+00:00","author":"Reda\u00e7\u00e3o","twitter_card":"summary_large_image","twitter_creator":"@_OTimoneiro","twitter_site":"@_OTimoneiro","twitter_misc":{"Escrito por":"Reda\u00e7\u00e3o","Est. tempo de leitura":"4 minutos"},"schema":{"@context":"https:\/\/schema.org","@graph":[{"@type":"Article","@id":"https:\/\/jornaltimoneiro.com.br\/index.php\/2015\/06\/19\/nova-santa-rita-moradores-contrarios-ao-aumento-do-iptu-apoiam-funcionalismo\/#article","isPartOf":{"@id":"https:\/\/jornaltimoneiro.com.br\/index.php\/2015\/06\/19\/nova-santa-rita-moradores-contrarios-ao-aumento-do-iptu-apoiam-funcionalismo\/"},"author":{"name":"Reda\u00e7\u00e3o","@id":"https:\/\/jornaltimoneiro.com.br\/#\/schema\/person\/620efd1d8244466117482be494360b08"},"headline":"Nova Santa Rita: Moradores contr\u00e1rios ao aumento do IPTU apoiam funcionalismo","datePublished":"2015-06-19T13:39:40+00:00","dateModified":"2015-06-19T13:39:40+00:00","mainEntityOfPage":{"@id":"https:\/\/jornaltimoneiro.com.br\/index.php\/2015\/06\/19\/nova-santa-rita-moradores-contrarios-ao-aumento-do-iptu-apoiam-funcionalismo\/"},"wordCount":792,"commentCount":0,"publisher":{"@id":"https:\/\/jornaltimoneiro.com.br\/#organization"},"articleSection":["Destaques","Not\u00edcias","Pol\u00edtica"],"inLanguage":"pt-BR","potentialAction":[{"@type":"CommentAction","name":"Comment","target":["https:\/\/jornaltimoneiro.com.br\/index.php\/2015\/06\/19\/nova-santa-rita-moradores-contrarios-ao-aumento-do-iptu-apoiam-funcionalismo\/#respond"]}]},{"@type":"WebPage","@id":"https:\/\/jornaltimoneiro.com.br\/index.php\/2015\/06\/19\/nova-santa-rita-moradores-contrarios-ao-aumento-do-iptu-apoiam-funcionalismo\/","url":"https:\/\/jornaltimoneiro.com.br\/index.php\/2015\/06\/19\/nova-santa-rita-moradores-contrarios-ao-aumento-do-iptu-apoiam-funcionalismo\/","name":"Nova Santa Rita: Moradores contr\u00e1rios ao aumento do IPTU apoiam funcionalismo - O Timoneiro Jornal Canoas RS","isPartOf":{"@id":"https:\/\/jornaltimoneiro.com.br\/#website"},"datePublished":"2015-06-19T13:39:40+00:00","dateModified":"2015-06-19T13:39:40+00:00","breadcrumb":{"@id":"https:\/\/jornaltimoneiro.com.br\/index.php\/2015\/06\/19\/nova-santa-rita-moradores-contrarios-ao-aumento-do-iptu-apoiam-funcionalismo\/#breadcrumb"},"inLanguage":"pt-BR","potentialAction":[{"@type":"ReadAction","target":["https:\/\/jornaltimoneiro.com.br\/index.php\/2015\/06\/19\/nova-santa-rita-moradores-contrarios-ao-aumento-do-iptu-apoiam-funcionalismo\/"]}]},{"@type":"BreadcrumbList","@id":"https:\/\/jornaltimoneiro.com.br\/index.php\/2015\/06\/19\/nova-santa-rita-moradores-contrarios-ao-aumento-do-iptu-apoiam-funcionalismo\/#breadcrumb","itemListElement":[{"@type":"ListItem","position":1,"name":"In\u00edcio","item":"https:\/\/jornaltimoneiro.com.br\/"},{"@type":"ListItem","position":2,"name":"Nova Santa Rita: Moradores contr\u00e1rios ao aumento do IPTU apoiam funcionalismo"}]},{"@type":"WebSite","@id":"https:\/\/jornaltimoneiro.com.br\/#website","url":"https:\/\/jornaltimoneiro.com.br\/","name":"Jornal Timoneiro Canoas RS","description":"Jornal O Timoneiro, o verdadeiro jornal de Canoas","publisher":{"@id":"https:\/\/jornaltimoneiro.com.br\/#organization"},"potentialAction":[{"@type":"SearchAction","target":{"@type":"EntryPoint","urlTemplate":"https:\/\/jornaltimoneiro.com.br\/?s={search_term_string}"},"query-input":"required name=search_term_string"}],"inLanguage":"pt-BR"},{"@type":"Organization","@id":"https:\/\/jornaltimoneiro.com.br\/#organization","name":"Jornal Timoneiro Canoas RS","url":"https:\/\/jornaltimoneiro.com.br\/","logo":{"@type":"ImageObject","inLanguage":"pt-BR","@id":"https:\/\/jornaltimoneiro.com.br\/#\/schema\/logo\/image\/","url":"https:\/\/jornaltimoneiro.com.br\/wp-content\/uploads\/2023\/03\/logonovo.png","contentUrl":"https:\/\/jornaltimoneiro.com.br\/wp-content\/uploads\/2023\/03\/logonovo.png","width":"469","height":"171","caption":"Jornal Timoneiro Canoas RS"},"image":{"@id":"https:\/\/jornaltimoneiro.com.br\/#\/schema\/logo\/image\/"},"sameAs":["https:\/\/www.facebook.com\/jornaltimoneiro","https:\/\/twitter.com\/_OTimoneiro","https:\/\/www.instagram.com\/jornaltimoneirocanoas\/","https:\/\/www.youtube.com\/@jornalotimoneiro7927"]},{"@type":"Person","@id":"https:\/\/jornaltimoneiro.com.br\/#\/schema\/person\/620efd1d8244466117482be494360b08","name":"Reda\u00e7\u00e3o","image":{"@type":"ImageObject","inLanguage":"pt-BR","@id":"https:\/\/jornaltimoneiro.com.br\/#\/schema\/person\/image\/","url":"https:\/\/secure.gravatar.com\/avatar\/2f04e1b304682a8d9db336c7acd77f08?s=96&d=mm&r=g","contentUrl":"https:\/\/secure.gravatar.com\/avatar\/2f04e1b304682a8d9db336c7acd77f08?s=96&d=mm&r=g","caption":"Reda\u00e7\u00e3o"},"url":"https:\/\/jornaltimoneiro.com.br\/index.php\/author\/timoneirocanoas\/"}]}},"_links":{"self":[{"href":"https:\/\/jornaltimoneiro.com.br\/index.php\/wp-json\/wp\/v2\/posts\/379"}],"collection":[{"href":"https:\/\/jornaltimoneiro.com.br\/index.php\/wp-json\/wp\/v2\/posts"}],"about":[{"href":"https:\/\/jornaltimoneiro.com.br\/index.php\/wp-json\/wp\/v2\/types\/post"}],"author":[{"embeddable":true,"href":"https:\/\/jornaltimoneiro.com.br\/index.php\/wp-json\/wp\/v2\/users\/1"}],"replies":[{"embeddable":true,"href":"https:\/\/jornaltimoneiro.com.br\/index.php\/wp-json\/wp\/v2\/comments?post=379"}],"version-history":[{"count":0,"href":"https:\/\/jornaltimoneiro.com.br\/index.php\/wp-json\/wp\/v2\/posts\/379\/revisions"}],"wp:featuredmedia":[{"embeddable":true,"href":"https:\/\/jornaltimoneiro.com.br\/index.php\/wp-json\/"}],"wp:attachment":[{"href":"https:\/\/jornaltimoneiro.com.br\/index.php\/wp-json\/wp\/v2\/media?parent=379"}],"wp:term":[{"taxonomy":"category","embeddable":true,"href":"https:\/\/jornaltimoneiro.com.br\/index.php\/wp-json\/wp\/v2\/categories?post=379"},{"taxonomy":"post_tag","embeddable":true,"href":"https:\/\/jornaltimoneiro.com.br\/index.php\/wp-json\/wp\/v2\/tags?post=379"}],"curies":[{"name":"wp","href":"https:\/\/api.w.org\/{rel}","templated":true}]}}