{"id":37881,"date":"2025-12-03T08:39:43","date_gmt":"2025-12-03T11:39:43","guid":{"rendered":"https:\/\/jornaltimoneiro.com.br\/?p=37881"},"modified":"2025-12-03T08:47:33","modified_gmt":"2025-12-03T11:47:33","slug":"canoas-compra-assistida-caixa-economica","status":"publish","type":"post","link":"https:\/\/jornaltimoneiro.com.br\/index.php\/2025\/12\/03\/canoas-compra-assistida-caixa-economica\/","title":{"rendered":"Contemplados no Compra Assistida que perderam o prazo podem indicar o im\u00f3vel escolhido at\u00e9 sexta-feira, 5"},"content":{"rendered":"<p data-start=\"167\" data-end=\"521\">Fam\u00edlias beneficiadas pelo Programa Compra Assistida que perderam o prazo inicial de 60 dias para informar \u00e0 Caixa Econ\u00f4mica Federal o im\u00f3vel escolhido ganharam um novo per\u00edodo para regularizar a situa\u00e7\u00e3o. O Governo Federal prorrogou o limite para esta sexta-feira, 5, data que tamb\u00e9m marca o encerramento oficial do programa, conforme portaria vigente.<\/p>\n<p data-start=\"523\" data-end=\"949\">O Compra Assistida possibilita que fam\u00edlias atingidas pelas enchentes e com laudo de inabitabilidade adquiram um im\u00f3vel novo ou usado, de at\u00e9 R$ 200 mil, sem necessidade de entrada ou financiamento. A indica\u00e7\u00e3o pode ser feita em qualquer munic\u00edpio do Rio Grande do Sul. As listas com os contemplados v\u00eam sendo publicadas gradualmente; a \u00faltima foi divulgada na sexta-feira, 28, e outras devem ser liberadas ainda nesta semana.<\/p>\n<p data-start=\"951\" data-end=\"1229\">Em Canoas, 1.902 fam\u00edlias foram contempladas at\u00e9 a semana passada, com 450 contratos j\u00e1 assinados. Cada benefici\u00e1rio tem 60 dias, a partir da divulga\u00e7\u00e3o do seu nome, para indicar o im\u00f3vel pretendido. A confer\u00eancia do prazo individual est\u00e1 dispon\u00edvel no link oficial do programa.<\/p>\n<p data-start=\"1231\" data-end=\"1395\">A compra dos im\u00f3veis \u00e9 realizada pela Caixa Econ\u00f4mica Federal, por meio do Fundo de Arrendamento Residencial (FAR), com entrega direta das chaves aos benefici\u00e1rios.<\/p>\n<p data-start=\"1397\" data-end=\"1688\" data-is-last-node=\"\" data-is-only-node=\"\">A Prefeitura de Canoas atua no apoio operacional do processo, organizando e acompanhando as etapas locais. O prazo m\u00e9dio informado para conclus\u00e3o das etapas e entrega dos im\u00f3veis \u00e9 de cerca de 90 dias. At\u00e9 o momento, o Governo Federal j\u00e1 publicou nove lotes com chamamentos de benefici\u00e1rios. <a href=\"https:\/\/www.caixa.gov.br\/voce\/habitacao\/minha-casa-minha-vida\/mcmv-reconstrucao\/Documents\/convocacao-beneficiarios-urbano-20251030.pdf\">link<\/a>.<\/p>\n","protected":false},"excerpt":{"rendered":"<p>Fam\u00edlias beneficiadas pelo Programa Compra Assistida que perderam o prazo inicial de 60 dias para informar \u00e0 Caixa Econ\u00f4mica Federal o im\u00f3vel escolhido ganharam um novo per\u00edodo para regularizar a situa\u00e7\u00e3o. O Governo Federal prorrogou o limite para esta sexta-feira, 5, data que tamb\u00e9m marca o encerramento oficial do programa, conforme portaria vigente. O Compra [&hellip;]<\/p>\n","protected":false},"author":2,"featured_media":32023,"comment_status":"open","ping_status":"open","sticky":false,"template":"","format":"standard","meta":{"amp_status":"","footnotes":""},"categories":[2923],"tags":[31,3388,190],"class_list":["post-37881","post","type-post","status-publish","format-standard","has-post-thumbnail","hentry","category-habitacao","tag-canoas","tag-compra-assistida","tag-featured"],"yoast_head":"<!-- This site is optimized with the Yoast SEO plugin v20.5 - https:\/\/yoast.com\/wordpress\/plugins\/seo\/ -->\n<title>Contemplados no Compra Assistida que perderam o prazo podem indicar o im\u00f3vel escolhido at\u00e9 sexta-feira, 5 - O Timoneiro Jornal Canoas RS<\/title>\n<meta name=\"description\" content=\"Fam\u00edlias beneficiadas pelo Programa Compra Assistida t\u00eam at\u00e9 sexta-feira, 5, para indicar o im\u00f3vel escolhido \u00e0 Caixa; prazo marca tamb\u00e9m o encerramento do programa federal\" \/>\n<meta name=\"robots\" content=\"index, follow, max-snippet:-1, max-image-preview:large, max-video-preview:-1\" \/>\n<link rel=\"canonical\" href=\"https:\/\/jornaltimoneiro.com.br\/index.php\/2025\/12\/03\/canoas-compra-assistida-caixa-economica\/\" \/>\n<meta property=\"og:locale\" content=\"pt_BR\" \/>\n<meta property=\"og:type\" content=\"article\" \/>\n<meta property=\"og:title\" content=\"Contemplados no Compra Assistida que perderam o prazo podem indicar o im\u00f3vel escolhido at\u00e9 sexta-feira, 5 - O Timoneiro Jornal Canoas RS\" \/>\n<meta property=\"og:description\" content=\"Fam\u00edlias beneficiadas pelo Programa Compra Assistida t\u00eam at\u00e9 sexta-feira, 5, para indicar o im\u00f3vel escolhido \u00e0 Caixa; prazo marca tamb\u00e9m o encerramento do programa federal\" \/>\n<meta property=\"og:url\" content=\"https:\/\/jornaltimoneiro.com.br\/index.php\/2025\/12\/03\/canoas-compra-assistida-caixa-economica\/\" \/>\n<meta property=\"og:site_name\" content=\"O Timoneiro Jornal Canoas RS\" \/>\n<meta property=\"article:publisher\" content=\"https:\/\/www.facebook.com\/jornaltimoneiro\" \/>\n<meta property=\"article:published_time\" content=\"2025-12-03T11:39:43+00:00\" \/>\n<meta property=\"article:modified_time\" content=\"2025-12-03T11:47:33+00:00\" \/>\n<meta property=\"og:image\" content=\"https:\/\/jornaltimoneiro.com.br\/wp-content\/uploads\/2024\/09\/Governo-e-Caixa-fazem-Mutirao-para-Compra-Assistida-do-MCMV-Reconstrucao-do-RS.jpeg\" \/>\n\t<meta property=\"og:image:width\" content=\"768\" \/>\n\t<meta property=\"og:image:height\" content=\"444\" \/>\n\t<meta property=\"og:image:type\" content=\"image\/jpeg\" \/>\n<meta name=\"author\" content=\"Reda\u00e7\u00e3o\" \/>\n<meta name=\"twitter:card\" content=\"summary_large_image\" \/>\n<meta name=\"twitter:creator\" content=\"@_OTimoneiro\" \/>\n<meta name=\"twitter:site\" content=\"@_OTimoneiro\" \/>\n<meta name=\"twitter:label1\" content=\"Escrito por\" \/>\n\t<meta name=\"twitter:data1\" content=\"Reda\u00e7\u00e3o\" \/>\n\t<meta name=\"twitter:label2\" content=\"Est. tempo de leitura\" \/>\n\t<meta name=\"twitter:data2\" content=\"2 minutos\" \/>\n<script type=\"application\/ld+json\" class=\"yoast-schema-graph\">{\"@context\":\"https:\/\/schema.org\",\"@graph\":[{\"@type\":\"Article\",\"@id\":\"https:\/\/jornaltimoneiro.com.br\/index.php\/2025\/12\/03\/canoas-compra-assistida-caixa-economica\/#article\",\"isPartOf\":{\"@id\":\"https:\/\/jornaltimoneiro.com.br\/index.php\/2025\/12\/03\/canoas-compra-assistida-caixa-economica\/\"},\"author\":{\"name\":\"Reda\u00e7\u00e3o\",\"@id\":\"https:\/\/jornaltimoneiro.com.br\/#\/schema\/person\/f63482f1a02b1a9592707865e509ab40\"},\"headline\":\"Contemplados no Compra Assistida que perderam o prazo podem indicar o im\u00f3vel escolhido at\u00e9 sexta-feira, 5\",\"datePublished\":\"2025-12-03T11:39:43+00:00\",\"dateModified\":\"2025-12-03T11:47:33+00:00\",\"mainEntityOfPage\":{\"@id\":\"https:\/\/jornaltimoneiro.com.br\/index.php\/2025\/12\/03\/canoas-compra-assistida-caixa-economica\/\"},\"wordCount\":268,\"commentCount\":0,\"publisher\":{\"@id\":\"https:\/\/jornaltimoneiro.com.br\/#organization\"},\"keywords\":[\"canoas\",\"compra assistida\",\"featured\"],\"articleSection\":[\"Habita\u00e7\u00e3o\"],\"inLanguage\":\"pt-BR\",\"potentialAction\":[{\"@type\":\"CommentAction\",\"name\":\"Comment\",\"target\":[\"https:\/\/jornaltimoneiro.com.br\/index.php\/2025\/12\/03\/canoas-compra-assistida-caixa-economica\/#respond\"]}]},{\"@type\":\"WebPage\",\"@id\":\"https:\/\/jornaltimoneiro.com.br\/index.php\/2025\/12\/03\/canoas-compra-assistida-caixa-economica\/\",\"url\":\"https:\/\/jornaltimoneiro.com.br\/index.php\/2025\/12\/03\/canoas-compra-assistida-caixa-economica\/\",\"name\":\"Contemplados no Compra Assistida que perderam o prazo podem indicar o im\u00f3vel escolhido at\u00e9 sexta-feira, 5 - O Timoneiro Jornal Canoas RS\",\"isPartOf\":{\"@id\":\"https:\/\/jornaltimoneiro.com.br\/#website\"},\"datePublished\":\"2025-12-03T11:39:43+00:00\",\"dateModified\":\"2025-12-03T11:47:33+00:00\",\"description\":\"Fam\u00edlias beneficiadas pelo Programa Compra Assistida t\u00eam at\u00e9 sexta-feira, 5, para indicar o im\u00f3vel escolhido \u00e0 Caixa; prazo marca tamb\u00e9m o encerramento do programa federal\",\"breadcrumb\":{\"@id\":\"https:\/\/jornaltimoneiro.com.br\/index.php\/2025\/12\/03\/canoas-compra-assistida-caixa-economica\/#breadcrumb\"},\"inLanguage\":\"pt-BR\",\"potentialAction\":[{\"@type\":\"ReadAction\",\"target\":[\"https:\/\/jornaltimoneiro.com.br\/index.php\/2025\/12\/03\/canoas-compra-assistida-caixa-economica\/\"]}]},{\"@type\":\"BreadcrumbList\",\"@id\":\"https:\/\/jornaltimoneiro.com.br\/index.php\/2025\/12\/03\/canoas-compra-assistida-caixa-economica\/#breadcrumb\",\"itemListElement\":[{\"@type\":\"ListItem\",\"position\":1,\"name\":\"In\u00edcio\",\"item\":\"https:\/\/jornaltimoneiro.com.br\/\"},{\"@type\":\"ListItem\",\"position\":2,\"name\":\"Contemplados no Compra Assistida que perderam o prazo podem indicar o im\u00f3vel escolhido at\u00e9 sexta-feira, 5\"}]},{\"@type\":\"WebSite\",\"@id\":\"https:\/\/jornaltimoneiro.com.br\/#website\",\"url\":\"https:\/\/jornaltimoneiro.com.br\/\",\"name\":\"Jornal Timoneiro Canoas RS\",\"description\":\"Jornal O Timoneiro, o verdadeiro jornal de Canoas\",\"publisher\":{\"@id\":\"https:\/\/jornaltimoneiro.com.br\/#organization\"},\"potentialAction\":[{\"@type\":\"SearchAction\",\"target\":{\"@type\":\"EntryPoint\",\"urlTemplate\":\"https:\/\/jornaltimoneiro.com.br\/?s={search_term_string}\"},\"query-input\":\"required name=search_term_string\"}],\"inLanguage\":\"pt-BR\"},{\"@type\":\"Organization\",\"@id\":\"https:\/\/jornaltimoneiro.com.br\/#organization\",\"name\":\"Jornal Timoneiro Canoas RS\",\"url\":\"https:\/\/jornaltimoneiro.com.br\/\",\"logo\":{\"@type\":\"ImageObject\",\"inLanguage\":\"pt-BR\",\"@id\":\"https:\/\/jornaltimoneiro.com.br\/#\/schema\/logo\/image\/\",\"url\":\"https:\/\/jornaltimoneiro.com.br\/wp-content\/uploads\/2023\/03\/logonovo.png\",\"contentUrl\":\"https:\/\/jornaltimoneiro.com.br\/wp-content\/uploads\/2023\/03\/logonovo.png\",\"width\":\"469\",\"height\":\"171\",\"caption\":\"Jornal Timoneiro Canoas RS\"},\"image\":{\"@id\":\"https:\/\/jornaltimoneiro.com.br\/#\/schema\/logo\/image\/\"},\"sameAs\":[\"https:\/\/www.facebook.com\/jornaltimoneiro\",\"https:\/\/twitter.com\/_OTimoneiro\",\"https:\/\/www.instagram.com\/jornaltimoneirocanoas\/\",\"https:\/\/www.youtube.com\/@jornalotimoneiro7927\"]},{\"@type\":\"Person\",\"@id\":\"https:\/\/jornaltimoneiro.com.br\/#\/schema\/person\/f63482f1a02b1a9592707865e509ab40\",\"name\":\"Reda\u00e7\u00e3o\",\"image\":{\"@type\":\"ImageObject\",\"inLanguage\":\"pt-BR\",\"@id\":\"https:\/\/jornaltimoneiro.com.br\/#\/schema\/person\/image\/\",\"url\":\"https:\/\/jornaltimoneiro.com.br\/wp-content\/uploads\/2023\/03\/download.jpeg\",\"contentUrl\":\"https:\/\/jornaltimoneiro.com.br\/wp-content\/uploads\/2023\/03\/download.jpeg\",\"caption\":\"Reda\u00e7\u00e3o\"},\"url\":\"https:\/\/jornaltimoneiro.com.br\/index.php\/author\/simone-dutra\/\"}]}<\/script>\n<!-- \/ Yoast SEO plugin. -->","yoast_head_json":{"title":"Contemplados no Compra Assistida que perderam o prazo podem indicar o im\u00f3vel escolhido at\u00e9 sexta-feira, 5 - O Timoneiro Jornal Canoas RS","description":"Fam\u00edlias beneficiadas pelo Programa Compra Assistida t\u00eam at\u00e9 sexta-feira, 5, para indicar o im\u00f3vel escolhido \u00e0 Caixa; prazo marca tamb\u00e9m o encerramento do programa federal","robots":{"index":"index","follow":"follow","max-snippet":"max-snippet:-1","max-image-preview":"max-image-preview:large","max-video-preview":"max-video-preview:-1"},"canonical":"https:\/\/jornaltimoneiro.com.br\/index.php\/2025\/12\/03\/canoas-compra-assistida-caixa-economica\/","og_locale":"pt_BR","og_type":"article","og_title":"Contemplados no Compra Assistida que perderam o prazo podem indicar o im\u00f3vel escolhido at\u00e9 sexta-feira, 5 - O Timoneiro Jornal Canoas RS","og_description":"Fam\u00edlias beneficiadas pelo Programa Compra Assistida t\u00eam at\u00e9 sexta-feira, 5, para indicar o im\u00f3vel escolhido \u00e0 Caixa; prazo marca tamb\u00e9m o encerramento do programa federal","og_url":"https:\/\/jornaltimoneiro.com.br\/index.php\/2025\/12\/03\/canoas-compra-assistida-caixa-economica\/","og_site_name":"O Timoneiro Jornal Canoas RS","article_publisher":"https:\/\/www.facebook.com\/jornaltimoneiro","article_published_time":"2025-12-03T11:39:43+00:00","article_modified_time":"2025-12-03T11:47:33+00:00","og_image":[{"width":"768","height":"444","url":"https:\/\/jornaltimoneiro.com.br\/wp-content\/uploads\/2024\/09\/Governo-e-Caixa-fazem-Mutirao-para-Compra-Assistida-do-MCMV-Reconstrucao-do-RS.jpeg","type":"image\/jpeg"}],"author":"Reda\u00e7\u00e3o","twitter_card":"summary_large_image","twitter_creator":"@_OTimoneiro","twitter_site":"@_OTimoneiro","twitter_misc":{"Escrito por":"Reda\u00e7\u00e3o","Est. tempo de leitura":"2 minutos"},"schema":{"@context":"https:\/\/schema.org","@graph":[{"@type":"Article","@id":"https:\/\/jornaltimoneiro.com.br\/index.php\/2025\/12\/03\/canoas-compra-assistida-caixa-economica\/#article","isPartOf":{"@id":"https:\/\/jornaltimoneiro.com.br\/index.php\/2025\/12\/03\/canoas-compra-assistida-caixa-economica\/"},"author":{"name":"Reda\u00e7\u00e3o","@id":"https:\/\/jornaltimoneiro.com.br\/#\/schema\/person\/f63482f1a02b1a9592707865e509ab40"},"headline":"Contemplados no Compra Assistida que perderam o prazo podem indicar o im\u00f3vel escolhido at\u00e9 sexta-feira, 5","datePublished":"2025-12-03T11:39:43+00:00","dateModified":"2025-12-03T11:47:33+00:00","mainEntityOfPage":{"@id":"https:\/\/jornaltimoneiro.com.br\/index.php\/2025\/12\/03\/canoas-compra-assistida-caixa-economica\/"},"wordCount":268,"commentCount":0,"publisher":{"@id":"https:\/\/jornaltimoneiro.com.br\/#organization"},"keywords":["canoas","compra assistida","featured"],"articleSection":["Habita\u00e7\u00e3o"],"inLanguage":"pt-BR","potentialAction":[{"@type":"CommentAction","name":"Comment","target":["https:\/\/jornaltimoneiro.com.br\/index.php\/2025\/12\/03\/canoas-compra-assistida-caixa-economica\/#respond"]}]},{"@type":"WebPage","@id":"https:\/\/jornaltimoneiro.com.br\/index.php\/2025\/12\/03\/canoas-compra-assistida-caixa-economica\/","url":"https:\/\/jornaltimoneiro.com.br\/index.php\/2025\/12\/03\/canoas-compra-assistida-caixa-economica\/","name":"Contemplados no Compra Assistida que perderam o prazo podem indicar o im\u00f3vel escolhido at\u00e9 sexta-feira, 5 - O Timoneiro Jornal Canoas RS","isPartOf":{"@id":"https:\/\/jornaltimoneiro.com.br\/#website"},"datePublished":"2025-12-03T11:39:43+00:00","dateModified":"2025-12-03T11:47:33+00:00","description":"Fam\u00edlias beneficiadas pelo Programa Compra Assistida t\u00eam at\u00e9 sexta-feira, 5, para indicar o im\u00f3vel escolhido \u00e0 Caixa; prazo marca tamb\u00e9m o encerramento do programa federal","breadcrumb":{"@id":"https:\/\/jornaltimoneiro.com.br\/index.php\/2025\/12\/03\/canoas-compra-assistida-caixa-economica\/#breadcrumb"},"inLanguage":"pt-BR","potentialAction":[{"@type":"ReadAction","target":["https:\/\/jornaltimoneiro.com.br\/index.php\/2025\/12\/03\/canoas-compra-assistida-caixa-economica\/"]}]},{"@type":"BreadcrumbList","@id":"https:\/\/jornaltimoneiro.com.br\/index.php\/2025\/12\/03\/canoas-compra-assistida-caixa-economica\/#breadcrumb","itemListElement":[{"@type":"ListItem","position":1,"name":"In\u00edcio","item":"https:\/\/jornaltimoneiro.com.br\/"},{"@type":"ListItem","position":2,"name":"Contemplados no Compra Assistida que perderam o prazo podem indicar o im\u00f3vel escolhido at\u00e9 sexta-feira, 5"}]},{"@type":"WebSite","@id":"https:\/\/jornaltimoneiro.com.br\/#website","url":"https:\/\/jornaltimoneiro.com.br\/","name":"Jornal Timoneiro Canoas RS","description":"Jornal O Timoneiro, o verdadeiro jornal de Canoas","publisher":{"@id":"https:\/\/jornaltimoneiro.com.br\/#organization"},"potentialAction":[{"@type":"SearchAction","target":{"@type":"EntryPoint","urlTemplate":"https:\/\/jornaltimoneiro.com.br\/?s={search_term_string}"},"query-input":"required name=search_term_string"}],"inLanguage":"pt-BR"},{"@type":"Organization","@id":"https:\/\/jornaltimoneiro.com.br\/#organization","name":"Jornal Timoneiro Canoas RS","url":"https:\/\/jornaltimoneiro.com.br\/","logo":{"@type":"ImageObject","inLanguage":"pt-BR","@id":"https:\/\/jornaltimoneiro.com.br\/#\/schema\/logo\/image\/","url":"https:\/\/jornaltimoneiro.com.br\/wp-content\/uploads\/2023\/03\/logonovo.png","contentUrl":"https:\/\/jornaltimoneiro.com.br\/wp-content\/uploads\/2023\/03\/logonovo.png","width":"469","height":"171","caption":"Jornal Timoneiro Canoas RS"},"image":{"@id":"https:\/\/jornaltimoneiro.com.br\/#\/schema\/logo\/image\/"},"sameAs":["https:\/\/www.facebook.com\/jornaltimoneiro","https:\/\/twitter.com\/_OTimoneiro","https:\/\/www.instagram.com\/jornaltimoneirocanoas\/","https:\/\/www.youtube.com\/@jornalotimoneiro7927"]},{"@type":"Person","@id":"https:\/\/jornaltimoneiro.com.br\/#\/schema\/person\/f63482f1a02b1a9592707865e509ab40","name":"Reda\u00e7\u00e3o","image":{"@type":"ImageObject","inLanguage":"pt-BR","@id":"https:\/\/jornaltimoneiro.com.br\/#\/schema\/person\/image\/","url":"https:\/\/jornaltimoneiro.com.br\/wp-content\/uploads\/2023\/03\/download.jpeg","contentUrl":"https:\/\/jornaltimoneiro.com.br\/wp-content\/uploads\/2023\/03\/download.jpeg","caption":"Reda\u00e7\u00e3o"},"url":"https:\/\/jornaltimoneiro.com.br\/index.php\/author\/simone-dutra\/"}]}},"_links":{"self":[{"href":"https:\/\/jornaltimoneiro.com.br\/index.php\/wp-json\/wp\/v2\/posts\/37881"}],"collection":[{"href":"https:\/\/jornaltimoneiro.com.br\/index.php\/wp-json\/wp\/v2\/posts"}],"about":[{"href":"https:\/\/jornaltimoneiro.com.br\/index.php\/wp-json\/wp\/v2\/types\/post"}],"author":[{"embeddable":true,"href":"https:\/\/jornaltimoneiro.com.br\/index.php\/wp-json\/wp\/v2\/users\/2"}],"replies":[{"embeddable":true,"href":"https:\/\/jornaltimoneiro.com.br\/index.php\/wp-json\/wp\/v2\/comments?post=37881"}],"version-history":[{"count":2,"href":"https:\/\/jornaltimoneiro.com.br\/index.php\/wp-json\/wp\/v2\/posts\/37881\/revisions"}],"predecessor-version":[{"id":37883,"href":"https:\/\/jornaltimoneiro.com.br\/index.php\/wp-json\/wp\/v2\/posts\/37881\/revisions\/37883"}],"wp:featuredmedia":[{"embeddable":true,"href":"https:\/\/jornaltimoneiro.com.br\/index.php\/wp-json\/wp\/v2\/media\/32023"}],"wp:attachment":[{"href":"https:\/\/jornaltimoneiro.com.br\/index.php\/wp-json\/wp\/v2\/media?parent=37881"}],"wp:term":[{"taxonomy":"category","embeddable":true,"href":"https:\/\/jornaltimoneiro.com.br\/index.php\/wp-json\/wp\/v2\/categories?post=37881"},{"taxonomy":"post_tag","embeddable":true,"href":"https:\/\/jornaltimoneiro.com.br\/index.php\/wp-json\/wp\/v2\/tags?post=37881"}],"curies":[{"name":"wp","href":"https:\/\/api.w.org\/{rel}","templated":true}]}}