{"id":37790,"date":"2025-11-25T14:07:34","date_gmt":"2025-11-25T17:07:34","guid":{"rendered":"https:\/\/jornaltimoneiro.com.br\/?p=37790"},"modified":"2025-11-25T14:07:34","modified_gmt":"2025-11-25T17:07:34","slug":"canoas-audiencia-camara-de-vereadores-de-canoas","status":"publish","type":"post","link":"https:\/\/jornaltimoneiro.com.br\/index.php\/2025\/11\/25\/canoas-audiencia-camara-de-vereadores-de-canoas\/","title":{"rendered":"Senador Paulo Paim participa de audi\u00eancia p\u00fablica em Canoas sobre causa animal"},"content":{"rendered":"<p data-start=\"206\" data-end=\"526\">Uma audi\u00eancia p\u00fablica ser\u00e1 realizada na pr\u00f3xima quarta-feira, 26, \u00e0s 18h, na C\u00e2mara de Vereadores de Canoas, para tratar de temas relacionados \u00e0 causa animal. O encontro contar\u00e1 com a presen\u00e7a do senador Paulo Paim (PT), relator da Sugest\u00e3o Legislativa 10\/2025, que prev\u00ea a cria\u00e7\u00e3o do Estatuto dos C\u00e3es e Gatos.<\/p>\n<p data-start=\"528\" data-end=\"714\">A iniciativa do evento partiu dos vereadores Cris Moeres (PV), Em\u00edlio Neto (PT) e Gabriel Constantino (PT), que solicitaram a discuss\u00e3o sobre a realidade da prote\u00e7\u00e3o animal no munic\u00edpio.<\/p>\n<p data-start=\"716\" data-end=\"931\">A atividade tem o apoio da Comiss\u00e3o Provis\u00f3ria de Defesa da Causa Animal da Assembleia Legislativa do Rio Grande do Sul, presidida pelo deputado Leonel Radde (PT), al\u00e9m da participa\u00e7\u00e3o do gabinete do senador Paim.<\/p>\n<h4 data-start=\"964\" data-end=\"1013\">Tr\u00eas pontos principais devem orientar os debates:<\/h4>\n<p data-start=\"1017\" data-end=\"1310\">Estatuto dos C\u00e3es e Gatos (SUG 10\/2025) \u2013 A proposta tramita na Comiss\u00e3o de Direitos Humanos e Participa\u00e7\u00e3o Legislativa do Senado e tem como relator o senador Paulo Paim. A sugest\u00e3o foi apresentada pelas organiza\u00e7\u00f5es Arcanimal (Brasil), Fa\u00e7o Pelos Animais (Canoas) e Soama (Caxias do Sul).<\/p>\n<p data-start=\"1314\" data-end=\"1707\">Revis\u00e3o das legisla\u00e7\u00f5es estaduais \u2013 A Subcomiss\u00e3o Provis\u00f3ria de Defesa da Causa Animal da Assembleia Legislativa trabalha na atualiza\u00e7\u00e3o e consolida\u00e7\u00e3o das normas estaduais vigentes. A comiss\u00e3o \u00e9 presidida pelo deputado Leonel Radde (PT) e tem como relator o deputado Airton Artus (PDT). O processo inclui consultas p\u00fablicas, audi\u00eancias e pesquisas online, com apoio da entidade Arcanimal.<\/p>\n<p data-start=\"1711\" data-end=\"1875\">Situa\u00e7\u00e3o da causa animal em Canoas \u2013 O encontro tamb\u00e9m vai abordar quest\u00f5es recentes envolvendo o munic\u00edpio, que tiveram grande repercuss\u00e3o regional e nacional.<\/p>\n<p data-start=\"1877\" data-end=\"1978\">A audi\u00eancia ser\u00e1 aberta ao p\u00fablico, que poder\u00e1 se manifestar mediante inscri\u00e7\u00e3o no momento do evento.<\/p>\n<p data-start=\"1877\" data-end=\"1978\">Audi\u00eancia P\u00fablica de Defesa da Causa Animal<br data-start=\"2046\" data-end=\"2049\" \/>\ud83d\udcc5 26 de novembro \u00e0s 18h<br data-start=\"2087\" data-end=\"2090\" \/>\ud83d\udccd C\u00e2mara de Vereadores de Canoas\u00a0<br data-start=\"2134\" data-end=\"2137\" \/>Endere\u00e7o: Rua Ipiranga, 123 \u2013 1\u00ba andar \u2013 Centro, Canoas<\/p>\n","protected":false},"excerpt":{"rendered":"<p>Uma audi\u00eancia p\u00fablica ser\u00e1 realizada na pr\u00f3xima quarta-feira, 26, \u00e0s 18h, na C\u00e2mara de Vereadores de Canoas, para tratar de temas relacionados \u00e0 causa animal. O encontro contar\u00e1 com a presen\u00e7a do senador Paulo Paim (PT), relator da Sugest\u00e3o Legislativa 10\/2025, que prev\u00ea a cria\u00e7\u00e3o do Estatuto dos C\u00e3es e Gatos. A iniciativa do evento [&hellip;]<\/p>\n","protected":false},"author":2,"featured_media":37791,"comment_status":"open","ping_status":"open","sticky":false,"template":"","format":"standard","meta":{"amp_status":"","footnotes":""},"categories":[2893],"tags":[1285,31,190],"class_list":["post-37790","post","type-post","status-publish","format-standard","has-post-thumbnail","hentry","category-animais","tag-animais","tag-canoas","tag-featured"],"yoast_head":"<!-- This site is optimized with the Yoast SEO plugin v20.5 - https:\/\/yoast.com\/wordpress\/plugins\/seo\/ -->\n<title>Senador Paulo Paim participa de audi\u00eancia p\u00fablica em Canoas sobre causa animal - O Timoneiro Jornal Canoas RS<\/title>\n<meta name=\"description\" content=\"Audi\u00eancia p\u00fablica em Canoas vai discutir o Estatuto dos C\u00e3es e Gatos e outras demandas da causa animal, com participa\u00e7\u00e3o do senador Paulo Paim e representantes estaduais e municipais\" \/>\n<meta name=\"robots\" content=\"index, follow, max-snippet:-1, max-image-preview:large, max-video-preview:-1\" \/>\n<link rel=\"canonical\" href=\"https:\/\/jornaltimoneiro.com.br\/index.php\/2025\/11\/25\/canoas-audiencia-camara-de-vereadores-de-canoas\/\" \/>\n<meta property=\"og:locale\" content=\"pt_BR\" \/>\n<meta property=\"og:type\" content=\"article\" \/>\n<meta property=\"og:title\" content=\"Senador Paulo Paim participa de audi\u00eancia p\u00fablica em Canoas sobre causa animal - O Timoneiro Jornal Canoas RS\" \/>\n<meta property=\"og:description\" content=\"Audi\u00eancia p\u00fablica em Canoas vai discutir o Estatuto dos C\u00e3es e Gatos e outras demandas da causa animal, com participa\u00e7\u00e3o do senador Paulo Paim e representantes estaduais e municipais\" \/>\n<meta property=\"og:url\" content=\"https:\/\/jornaltimoneiro.com.br\/index.php\/2025\/11\/25\/canoas-audiencia-camara-de-vereadores-de-canoas\/\" \/>\n<meta property=\"og:site_name\" content=\"O Timoneiro Jornal Canoas RS\" \/>\n<meta property=\"article:publisher\" content=\"https:\/\/www.facebook.com\/jornaltimoneiro\" \/>\n<meta property=\"article:published_time\" content=\"2025-11-25T17:07:34+00:00\" \/>\n<meta property=\"og:image\" content=\"https:\/\/jornaltimoneiro.com.br\/wp-content\/uploads\/2025\/11\/imagem_materia.jpg\" \/>\n\t<meta property=\"og:image:width\" content=\"860\" \/>\n\t<meta property=\"og:image:height\" content=\"570\" \/>\n\t<meta property=\"og:image:type\" content=\"image\/jpeg\" \/>\n<meta name=\"author\" content=\"Reda\u00e7\u00e3o\" \/>\n<meta name=\"twitter:card\" content=\"summary_large_image\" \/>\n<meta name=\"twitter:creator\" content=\"@_OTimoneiro\" \/>\n<meta name=\"twitter:site\" content=\"@_OTimoneiro\" \/>\n<meta name=\"twitter:label1\" content=\"Escrito por\" \/>\n\t<meta name=\"twitter:data1\" content=\"Reda\u00e7\u00e3o\" \/>\n\t<meta name=\"twitter:label2\" content=\"Est. tempo de leitura\" \/>\n\t<meta name=\"twitter:data2\" content=\"2 minutos\" \/>\n<script type=\"application\/ld+json\" class=\"yoast-schema-graph\">{\"@context\":\"https:\/\/schema.org\",\"@graph\":[{\"@type\":\"Article\",\"@id\":\"https:\/\/jornaltimoneiro.com.br\/index.php\/2025\/11\/25\/canoas-audiencia-camara-de-vereadores-de-canoas\/#article\",\"isPartOf\":{\"@id\":\"https:\/\/jornaltimoneiro.com.br\/index.php\/2025\/11\/25\/canoas-audiencia-camara-de-vereadores-de-canoas\/\"},\"author\":{\"name\":\"Reda\u00e7\u00e3o\",\"@id\":\"https:\/\/jornaltimoneiro.com.br\/#\/schema\/person\/f63482f1a02b1a9592707865e509ab40\"},\"headline\":\"Senador Paulo Paim participa de audi\u00eancia p\u00fablica em Canoas sobre causa animal\",\"datePublished\":\"2025-11-25T17:07:34+00:00\",\"dateModified\":\"2025-11-25T17:07:34+00:00\",\"mainEntityOfPage\":{\"@id\":\"https:\/\/jornaltimoneiro.com.br\/index.php\/2025\/11\/25\/canoas-audiencia-camara-de-vereadores-de-canoas\/\"},\"wordCount\":337,\"commentCount\":0,\"publisher\":{\"@id\":\"https:\/\/jornaltimoneiro.com.br\/#organization\"},\"keywords\":[\"animais\",\"canoas\",\"featured\"],\"articleSection\":[\"Animais\"],\"inLanguage\":\"pt-BR\",\"potentialAction\":[{\"@type\":\"CommentAction\",\"name\":\"Comment\",\"target\":[\"https:\/\/jornaltimoneiro.com.br\/index.php\/2025\/11\/25\/canoas-audiencia-camara-de-vereadores-de-canoas\/#respond\"]}]},{\"@type\":\"WebPage\",\"@id\":\"https:\/\/jornaltimoneiro.com.br\/index.php\/2025\/11\/25\/canoas-audiencia-camara-de-vereadores-de-canoas\/\",\"url\":\"https:\/\/jornaltimoneiro.com.br\/index.php\/2025\/11\/25\/canoas-audiencia-camara-de-vereadores-de-canoas\/\",\"name\":\"Senador Paulo Paim participa de audi\u00eancia p\u00fablica em Canoas sobre causa animal - O Timoneiro Jornal Canoas RS\",\"isPartOf\":{\"@id\":\"https:\/\/jornaltimoneiro.com.br\/#website\"},\"datePublished\":\"2025-11-25T17:07:34+00:00\",\"dateModified\":\"2025-11-25T17:07:34+00:00\",\"description\":\"Audi\u00eancia p\u00fablica em Canoas vai discutir o Estatuto dos C\u00e3es e Gatos e outras demandas da causa animal, com participa\u00e7\u00e3o do senador Paulo Paim e representantes estaduais e municipais\",\"breadcrumb\":{\"@id\":\"https:\/\/jornaltimoneiro.com.br\/index.php\/2025\/11\/25\/canoas-audiencia-camara-de-vereadores-de-canoas\/#breadcrumb\"},\"inLanguage\":\"pt-BR\",\"potentialAction\":[{\"@type\":\"ReadAction\",\"target\":[\"https:\/\/jornaltimoneiro.com.br\/index.php\/2025\/11\/25\/canoas-audiencia-camara-de-vereadores-de-canoas\/\"]}]},{\"@type\":\"BreadcrumbList\",\"@id\":\"https:\/\/jornaltimoneiro.com.br\/index.php\/2025\/11\/25\/canoas-audiencia-camara-de-vereadores-de-canoas\/#breadcrumb\",\"itemListElement\":[{\"@type\":\"ListItem\",\"position\":1,\"name\":\"In\u00edcio\",\"item\":\"https:\/\/jornaltimoneiro.com.br\/\"},{\"@type\":\"ListItem\",\"position\":2,\"name\":\"Senador Paulo Paim participa de audi\u00eancia p\u00fablica em Canoas sobre causa animal\"}]},{\"@type\":\"WebSite\",\"@id\":\"https:\/\/jornaltimoneiro.com.br\/#website\",\"url\":\"https:\/\/jornaltimoneiro.com.br\/\",\"name\":\"Jornal Timoneiro Canoas RS\",\"description\":\"Jornal O Timoneiro, o verdadeiro jornal de Canoas\",\"publisher\":{\"@id\":\"https:\/\/jornaltimoneiro.com.br\/#organization\"},\"potentialAction\":[{\"@type\":\"SearchAction\",\"target\":{\"@type\":\"EntryPoint\",\"urlTemplate\":\"https:\/\/jornaltimoneiro.com.br\/?s={search_term_string}\"},\"query-input\":\"required name=search_term_string\"}],\"inLanguage\":\"pt-BR\"},{\"@type\":\"Organization\",\"@id\":\"https:\/\/jornaltimoneiro.com.br\/#organization\",\"name\":\"Jornal Timoneiro Canoas RS\",\"url\":\"https:\/\/jornaltimoneiro.com.br\/\",\"logo\":{\"@type\":\"ImageObject\",\"inLanguage\":\"pt-BR\",\"@id\":\"https:\/\/jornaltimoneiro.com.br\/#\/schema\/logo\/image\/\",\"url\":\"https:\/\/jornaltimoneiro.com.br\/wp-content\/uploads\/2023\/03\/logonovo.png\",\"contentUrl\":\"https:\/\/jornaltimoneiro.com.br\/wp-content\/uploads\/2023\/03\/logonovo.png\",\"width\":\"469\",\"height\":\"171\",\"caption\":\"Jornal Timoneiro Canoas RS\"},\"image\":{\"@id\":\"https:\/\/jornaltimoneiro.com.br\/#\/schema\/logo\/image\/\"},\"sameAs\":[\"https:\/\/www.facebook.com\/jornaltimoneiro\",\"https:\/\/twitter.com\/_OTimoneiro\",\"https:\/\/www.instagram.com\/jornaltimoneirocanoas\/\",\"https:\/\/www.youtube.com\/@jornalotimoneiro7927\"]},{\"@type\":\"Person\",\"@id\":\"https:\/\/jornaltimoneiro.com.br\/#\/schema\/person\/f63482f1a02b1a9592707865e509ab40\",\"name\":\"Reda\u00e7\u00e3o\",\"image\":{\"@type\":\"ImageObject\",\"inLanguage\":\"pt-BR\",\"@id\":\"https:\/\/jornaltimoneiro.com.br\/#\/schema\/person\/image\/\",\"url\":\"https:\/\/jornaltimoneiro.com.br\/wp-content\/uploads\/2023\/03\/download.jpeg\",\"contentUrl\":\"https:\/\/jornaltimoneiro.com.br\/wp-content\/uploads\/2023\/03\/download.jpeg\",\"caption\":\"Reda\u00e7\u00e3o\"},\"url\":\"https:\/\/jornaltimoneiro.com.br\/index.php\/author\/simone-dutra\/\"}]}<\/script>\n<!-- \/ Yoast SEO plugin. -->","yoast_head_json":{"title":"Senador Paulo Paim participa de audi\u00eancia p\u00fablica em Canoas sobre causa animal - O Timoneiro Jornal Canoas RS","description":"Audi\u00eancia p\u00fablica em Canoas vai discutir o Estatuto dos C\u00e3es e Gatos e outras demandas da causa animal, com participa\u00e7\u00e3o do senador Paulo Paim e representantes estaduais e municipais","robots":{"index":"index","follow":"follow","max-snippet":"max-snippet:-1","max-image-preview":"max-image-preview:large","max-video-preview":"max-video-preview:-1"},"canonical":"https:\/\/jornaltimoneiro.com.br\/index.php\/2025\/11\/25\/canoas-audiencia-camara-de-vereadores-de-canoas\/","og_locale":"pt_BR","og_type":"article","og_title":"Senador Paulo Paim participa de audi\u00eancia p\u00fablica em Canoas sobre causa animal - O Timoneiro Jornal Canoas RS","og_description":"Audi\u00eancia p\u00fablica em Canoas vai discutir o Estatuto dos C\u00e3es e Gatos e outras demandas da causa animal, com participa\u00e7\u00e3o do senador Paulo Paim e representantes estaduais e municipais","og_url":"https:\/\/jornaltimoneiro.com.br\/index.php\/2025\/11\/25\/canoas-audiencia-camara-de-vereadores-de-canoas\/","og_site_name":"O Timoneiro Jornal Canoas RS","article_publisher":"https:\/\/www.facebook.com\/jornaltimoneiro","article_published_time":"2025-11-25T17:07:34+00:00","og_image":[{"width":860,"height":570,"url":"https:\/\/jornaltimoneiro.com.br\/wp-content\/uploads\/2025\/11\/imagem_materia.jpg","type":"image\/jpeg"}],"author":"Reda\u00e7\u00e3o","twitter_card":"summary_large_image","twitter_creator":"@_OTimoneiro","twitter_site":"@_OTimoneiro","twitter_misc":{"Escrito por":"Reda\u00e7\u00e3o","Est. tempo de leitura":"2 minutos"},"schema":{"@context":"https:\/\/schema.org","@graph":[{"@type":"Article","@id":"https:\/\/jornaltimoneiro.com.br\/index.php\/2025\/11\/25\/canoas-audiencia-camara-de-vereadores-de-canoas\/#article","isPartOf":{"@id":"https:\/\/jornaltimoneiro.com.br\/index.php\/2025\/11\/25\/canoas-audiencia-camara-de-vereadores-de-canoas\/"},"author":{"name":"Reda\u00e7\u00e3o","@id":"https:\/\/jornaltimoneiro.com.br\/#\/schema\/person\/f63482f1a02b1a9592707865e509ab40"},"headline":"Senador Paulo Paim participa de audi\u00eancia p\u00fablica em Canoas sobre causa animal","datePublished":"2025-11-25T17:07:34+00:00","dateModified":"2025-11-25T17:07:34+00:00","mainEntityOfPage":{"@id":"https:\/\/jornaltimoneiro.com.br\/index.php\/2025\/11\/25\/canoas-audiencia-camara-de-vereadores-de-canoas\/"},"wordCount":337,"commentCount":0,"publisher":{"@id":"https:\/\/jornaltimoneiro.com.br\/#organization"},"keywords":["animais","canoas","featured"],"articleSection":["Animais"],"inLanguage":"pt-BR","potentialAction":[{"@type":"CommentAction","name":"Comment","target":["https:\/\/jornaltimoneiro.com.br\/index.php\/2025\/11\/25\/canoas-audiencia-camara-de-vereadores-de-canoas\/#respond"]}]},{"@type":"WebPage","@id":"https:\/\/jornaltimoneiro.com.br\/index.php\/2025\/11\/25\/canoas-audiencia-camara-de-vereadores-de-canoas\/","url":"https:\/\/jornaltimoneiro.com.br\/index.php\/2025\/11\/25\/canoas-audiencia-camara-de-vereadores-de-canoas\/","name":"Senador Paulo Paim participa de audi\u00eancia p\u00fablica em Canoas sobre causa animal - O Timoneiro Jornal Canoas RS","isPartOf":{"@id":"https:\/\/jornaltimoneiro.com.br\/#website"},"datePublished":"2025-11-25T17:07:34+00:00","dateModified":"2025-11-25T17:07:34+00:00","description":"Audi\u00eancia p\u00fablica em Canoas vai discutir o Estatuto dos C\u00e3es e Gatos e outras demandas da causa animal, com participa\u00e7\u00e3o do senador Paulo Paim e representantes estaduais e municipais","breadcrumb":{"@id":"https:\/\/jornaltimoneiro.com.br\/index.php\/2025\/11\/25\/canoas-audiencia-camara-de-vereadores-de-canoas\/#breadcrumb"},"inLanguage":"pt-BR","potentialAction":[{"@type":"ReadAction","target":["https:\/\/jornaltimoneiro.com.br\/index.php\/2025\/11\/25\/canoas-audiencia-camara-de-vereadores-de-canoas\/"]}]},{"@type":"BreadcrumbList","@id":"https:\/\/jornaltimoneiro.com.br\/index.php\/2025\/11\/25\/canoas-audiencia-camara-de-vereadores-de-canoas\/#breadcrumb","itemListElement":[{"@type":"ListItem","position":1,"name":"In\u00edcio","item":"https:\/\/jornaltimoneiro.com.br\/"},{"@type":"ListItem","position":2,"name":"Senador Paulo Paim participa de audi\u00eancia p\u00fablica em Canoas sobre causa animal"}]},{"@type":"WebSite","@id":"https:\/\/jornaltimoneiro.com.br\/#website","url":"https:\/\/jornaltimoneiro.com.br\/","name":"Jornal Timoneiro Canoas RS","description":"Jornal O Timoneiro, o verdadeiro jornal de Canoas","publisher":{"@id":"https:\/\/jornaltimoneiro.com.br\/#organization"},"potentialAction":[{"@type":"SearchAction","target":{"@type":"EntryPoint","urlTemplate":"https:\/\/jornaltimoneiro.com.br\/?s={search_term_string}"},"query-input":"required name=search_term_string"}],"inLanguage":"pt-BR"},{"@type":"Organization","@id":"https:\/\/jornaltimoneiro.com.br\/#organization","name":"Jornal Timoneiro Canoas RS","url":"https:\/\/jornaltimoneiro.com.br\/","logo":{"@type":"ImageObject","inLanguage":"pt-BR","@id":"https:\/\/jornaltimoneiro.com.br\/#\/schema\/logo\/image\/","url":"https:\/\/jornaltimoneiro.com.br\/wp-content\/uploads\/2023\/03\/logonovo.png","contentUrl":"https:\/\/jornaltimoneiro.com.br\/wp-content\/uploads\/2023\/03\/logonovo.png","width":"469","height":"171","caption":"Jornal Timoneiro Canoas RS"},"image":{"@id":"https:\/\/jornaltimoneiro.com.br\/#\/schema\/logo\/image\/"},"sameAs":["https:\/\/www.facebook.com\/jornaltimoneiro","https:\/\/twitter.com\/_OTimoneiro","https:\/\/www.instagram.com\/jornaltimoneirocanoas\/","https:\/\/www.youtube.com\/@jornalotimoneiro7927"]},{"@type":"Person","@id":"https:\/\/jornaltimoneiro.com.br\/#\/schema\/person\/f63482f1a02b1a9592707865e509ab40","name":"Reda\u00e7\u00e3o","image":{"@type":"ImageObject","inLanguage":"pt-BR","@id":"https:\/\/jornaltimoneiro.com.br\/#\/schema\/person\/image\/","url":"https:\/\/jornaltimoneiro.com.br\/wp-content\/uploads\/2023\/03\/download.jpeg","contentUrl":"https:\/\/jornaltimoneiro.com.br\/wp-content\/uploads\/2023\/03\/download.jpeg","caption":"Reda\u00e7\u00e3o"},"url":"https:\/\/jornaltimoneiro.com.br\/index.php\/author\/simone-dutra\/"}]}},"_links":{"self":[{"href":"https:\/\/jornaltimoneiro.com.br\/index.php\/wp-json\/wp\/v2\/posts\/37790"}],"collection":[{"href":"https:\/\/jornaltimoneiro.com.br\/index.php\/wp-json\/wp\/v2\/posts"}],"about":[{"href":"https:\/\/jornaltimoneiro.com.br\/index.php\/wp-json\/wp\/v2\/types\/post"}],"author":[{"embeddable":true,"href":"https:\/\/jornaltimoneiro.com.br\/index.php\/wp-json\/wp\/v2\/users\/2"}],"replies":[{"embeddable":true,"href":"https:\/\/jornaltimoneiro.com.br\/index.php\/wp-json\/wp\/v2\/comments?post=37790"}],"version-history":[{"count":1,"href":"https:\/\/jornaltimoneiro.com.br\/index.php\/wp-json\/wp\/v2\/posts\/37790\/revisions"}],"predecessor-version":[{"id":37792,"href":"https:\/\/jornaltimoneiro.com.br\/index.php\/wp-json\/wp\/v2\/posts\/37790\/revisions\/37792"}],"wp:featuredmedia":[{"embeddable":true,"href":"https:\/\/jornaltimoneiro.com.br\/index.php\/wp-json\/wp\/v2\/media\/37791"}],"wp:attachment":[{"href":"https:\/\/jornaltimoneiro.com.br\/index.php\/wp-json\/wp\/v2\/media?parent=37790"}],"wp:term":[{"taxonomy":"category","embeddable":true,"href":"https:\/\/jornaltimoneiro.com.br\/index.php\/wp-json\/wp\/v2\/categories?post=37790"},{"taxonomy":"post_tag","embeddable":true,"href":"https:\/\/jornaltimoneiro.com.br\/index.php\/wp-json\/wp\/v2\/tags?post=37790"}],"curies":[{"name":"wp","href":"https:\/\/api.w.org\/{rel}","templated":true}]}}