{"id":377,"date":"2015-06-19T10:37:58","date_gmt":"2015-06-19T13:37:58","guid":{"rendered":"http:\/\/otimoneiro.com.br\/?p=377"},"modified":"2015-06-19T10:37:58","modified_gmt":"2015-06-19T13:37:58","slug":"desenho-sobre-a-falta-de-agua-ganha-premio-da-oab-nacional","status":"publish","type":"post","link":"https:\/\/jornaltimoneiro.com.br\/index.php\/2015\/06\/19\/desenho-sobre-a-falta-de-agua-ganha-premio-da-oab-nacional\/","title":{"rendered":"Desenho sobre a falta  de \u00e1gua ganha pr\u00eamio  da OAB nacional"},"content":{"rendered":"<div id=\"attachment_397\" style=\"width: 310px\" class=\"wp-caption alignright\"><a href=\"http:\/\/otimoneiro.com.br\/wp-content\/uploads\/2015\/06\/DSC1059.jpg\"><img decoding=\"async\" aria-describedby=\"caption-attachment-397\" class=\"size-medium wp-image-397\" src=\"http:\/\/otimoneiro.com.br\/wp-content\/uploads\/2015\/06\/DSC1059-300x200.jpg\" alt=\"Eduarda de Souza Foto: Bruno Lara\/OT\" width=\"300\" height=\"200\" \/><\/a><p id=\"caption-attachment-397\" class=\"wp-caption-text\">Eduarda de Souza Foto: Bruno Lara\/OT<\/p><\/div>\n<p style=\"text-align: justify;\">No dia 5, a Ordem dos Advogados do Brasil (OAB) divulgou os vencedores do seu concurso \u201c\u00c1gua Nossa de Todo Dia\u201d. Divido em tr\u00eas categorias, por faixa et\u00e1ria, uma canoense se destacou entre 11 e 13 anos. Eduarda de Souza, 12 anos, \u00e9 estudante da Escola Municipal de Ensino Fundamental \u00cdcaro, bairro F\u00e1tima. Eduarda foi inscrita por sua professora de Artes, \u00c2ngela dos Santos, em fun\u00e7\u00e3o de um desenho que mostra o caos sem a \u00e1gua. \u201cN\u00e3o tive inspira\u00e7\u00e3o. S\u00f3 pensei em desenhar\u201d, explicou. A m\u00e3e, Sandra Cristina de Souza, 46 anos, pod\u00f3loga, se disse emocionada. \u201cQuando olhei o desenho senti: Se tu n\u00e3o ganhar \u00e9 marmelada\u201d, afirma. H\u00e1 16 anos lecionando na EMEF \u00cdcaro, a professora de artes, hist\u00f3ria e m\u00fasica, \u00c2ngela dos Santos, salientou que a aluna possui tra\u00e7o profissional. \u201cTem um bom futuro\u201d. Para ela, a arte \u00e9 uma maneira importante de express\u00e3o do ser humano.<\/p>\n<p style=\"text-align: justify;\">\n","protected":false},"excerpt":{"rendered":"<p>No dia 5, a Ordem dos Advogados do Brasil (OAB) divulgou os vencedores do seu concurso \u201c\u00c1gua Nossa de Todo Dia\u201d. Divido em tr\u00eas categorias, por faixa et\u00e1ria, uma canoense se destacou entre 11 e 13 anos. Eduarda de Souza, 12 anos, \u00e9 estudante da Escola Municipal de Ensino Fundamental \u00cdcaro, bairro F\u00e1tima. Eduarda foi [&hellip;]<\/p>\n","protected":false},"author":1,"featured_media":0,"comment_status":"open","ping_status":"open","sticky":false,"template":"","format":"standard","meta":{"amp_status":"","footnotes":""},"categories":[25,19,27,22],"tags":[],"class_list":["post-377","post","type-post","status-publish","format-standard","hentry","category-comunidade","category-destaques","category-ensino","category-noticias"],"yoast_head":"<!-- This site is optimized with the Yoast SEO plugin v20.5 - https:\/\/yoast.com\/wordpress\/plugins\/seo\/ -->\n<title>Desenho sobre a falta de \u00e1gua ganha pr\u00eamio da OAB nacional - O Timoneiro Jornal Canoas RS<\/title>\n<meta name=\"robots\" content=\"index, follow, max-snippet:-1, max-image-preview:large, max-video-preview:-1\" \/>\n<link rel=\"canonical\" href=\"https:\/\/jornaltimoneiro.com.br\/index.php\/2015\/06\/19\/desenho-sobre-a-falta-de-agua-ganha-premio-da-oab-nacional\/\" \/>\n<meta property=\"og:locale\" content=\"pt_BR\" \/>\n<meta property=\"og:type\" content=\"article\" \/>\n<meta property=\"og:title\" content=\"Desenho sobre a falta de \u00e1gua ganha pr\u00eamio da OAB nacional - O Timoneiro Jornal Canoas RS\" \/>\n<meta property=\"og:description\" content=\"No dia 5, a Ordem dos Advogados do Brasil (OAB) divulgou os vencedores do seu concurso \u201c\u00c1gua Nossa de Todo Dia\u201d. Divido em tr\u00eas categorias, por faixa et\u00e1ria, uma canoense se destacou entre 11 e 13 anos. Eduarda de Souza, 12 anos, \u00e9 estudante da Escola Municipal de Ensino Fundamental \u00cdcaro, bairro F\u00e1tima. Eduarda foi [&hellip;]\" \/>\n<meta property=\"og:url\" content=\"https:\/\/jornaltimoneiro.com.br\/index.php\/2015\/06\/19\/desenho-sobre-a-falta-de-agua-ganha-premio-da-oab-nacional\/\" \/>\n<meta property=\"og:site_name\" content=\"O Timoneiro Jornal Canoas RS\" \/>\n<meta property=\"article:publisher\" content=\"https:\/\/www.facebook.com\/jornaltimoneiro\" \/>\n<meta property=\"article:published_time\" content=\"2015-06-19T13:37:58+00:00\" \/>\n<meta property=\"og:image\" content=\"http:\/\/otimoneiro.com.br\/wp-content\/uploads\/2015\/06\/DSC1059-300x200.jpg\" \/>\n<meta name=\"author\" content=\"Reda\u00e7\u00e3o\" \/>\n<meta name=\"twitter:card\" content=\"summary_large_image\" \/>\n<meta name=\"twitter:creator\" content=\"@_OTimoneiro\" \/>\n<meta name=\"twitter:site\" content=\"@_OTimoneiro\" \/>\n<meta name=\"twitter:label1\" content=\"Escrito por\" \/>\n\t<meta name=\"twitter:data1\" content=\"Reda\u00e7\u00e3o\" \/>\n\t<meta name=\"twitter:label2\" content=\"Est. tempo de leitura\" \/>\n\t<meta name=\"twitter:data2\" content=\"1 minuto\" \/>\n<script type=\"application\/ld+json\" class=\"yoast-schema-graph\">{\"@context\":\"https:\/\/schema.org\",\"@graph\":[{\"@type\":\"Article\",\"@id\":\"https:\/\/jornaltimoneiro.com.br\/index.php\/2015\/06\/19\/desenho-sobre-a-falta-de-agua-ganha-premio-da-oab-nacional\/#article\",\"isPartOf\":{\"@id\":\"https:\/\/jornaltimoneiro.com.br\/index.php\/2015\/06\/19\/desenho-sobre-a-falta-de-agua-ganha-premio-da-oab-nacional\/\"},\"author\":{\"name\":\"Reda\u00e7\u00e3o\",\"@id\":\"https:\/\/jornaltimoneiro.com.br\/#\/schema\/person\/620efd1d8244466117482be494360b08\"},\"headline\":\"Desenho sobre a falta de \u00e1gua ganha pr\u00eamio da OAB nacional\",\"datePublished\":\"2015-06-19T13:37:58+00:00\",\"dateModified\":\"2015-06-19T13:37:58+00:00\",\"mainEntityOfPage\":{\"@id\":\"https:\/\/jornaltimoneiro.com.br\/index.php\/2015\/06\/19\/desenho-sobre-a-falta-de-agua-ganha-premio-da-oab-nacional\/\"},\"wordCount\":179,\"commentCount\":0,\"publisher\":{\"@id\":\"https:\/\/jornaltimoneiro.com.br\/#organization\"},\"articleSection\":[\"Comunidade\",\"Destaques\",\"Ensino\",\"Not\u00edcias\"],\"inLanguage\":\"pt-BR\",\"potentialAction\":[{\"@type\":\"CommentAction\",\"name\":\"Comment\",\"target\":[\"https:\/\/jornaltimoneiro.com.br\/index.php\/2015\/06\/19\/desenho-sobre-a-falta-de-agua-ganha-premio-da-oab-nacional\/#respond\"]}]},{\"@type\":\"WebPage\",\"@id\":\"https:\/\/jornaltimoneiro.com.br\/index.php\/2015\/06\/19\/desenho-sobre-a-falta-de-agua-ganha-premio-da-oab-nacional\/\",\"url\":\"https:\/\/jornaltimoneiro.com.br\/index.php\/2015\/06\/19\/desenho-sobre-a-falta-de-agua-ganha-premio-da-oab-nacional\/\",\"name\":\"Desenho sobre a falta de \u00e1gua ganha pr\u00eamio da OAB nacional - O Timoneiro Jornal Canoas RS\",\"isPartOf\":{\"@id\":\"https:\/\/jornaltimoneiro.com.br\/#website\"},\"datePublished\":\"2015-06-19T13:37:58+00:00\",\"dateModified\":\"2015-06-19T13:37:58+00:00\",\"breadcrumb\":{\"@id\":\"https:\/\/jornaltimoneiro.com.br\/index.php\/2015\/06\/19\/desenho-sobre-a-falta-de-agua-ganha-premio-da-oab-nacional\/#breadcrumb\"},\"inLanguage\":\"pt-BR\",\"potentialAction\":[{\"@type\":\"ReadAction\",\"target\":[\"https:\/\/jornaltimoneiro.com.br\/index.php\/2015\/06\/19\/desenho-sobre-a-falta-de-agua-ganha-premio-da-oab-nacional\/\"]}]},{\"@type\":\"BreadcrumbList\",\"@id\":\"https:\/\/jornaltimoneiro.com.br\/index.php\/2015\/06\/19\/desenho-sobre-a-falta-de-agua-ganha-premio-da-oab-nacional\/#breadcrumb\",\"itemListElement\":[{\"@type\":\"ListItem\",\"position\":1,\"name\":\"In\u00edcio\",\"item\":\"https:\/\/jornaltimoneiro.com.br\/\"},{\"@type\":\"ListItem\",\"position\":2,\"name\":\"Desenho sobre a falta de \u00e1gua ganha pr\u00eamio da OAB nacional\"}]},{\"@type\":\"WebSite\",\"@id\":\"https:\/\/jornaltimoneiro.com.br\/#website\",\"url\":\"https:\/\/jornaltimoneiro.com.br\/\",\"name\":\"Jornal Timoneiro Canoas RS\",\"description\":\"Jornal O Timoneiro, o verdadeiro jornal de Canoas\",\"publisher\":{\"@id\":\"https:\/\/jornaltimoneiro.com.br\/#organization\"},\"potentialAction\":[{\"@type\":\"SearchAction\",\"target\":{\"@type\":\"EntryPoint\",\"urlTemplate\":\"https:\/\/jornaltimoneiro.com.br\/?s={search_term_string}\"},\"query-input\":\"required name=search_term_string\"}],\"inLanguage\":\"pt-BR\"},{\"@type\":\"Organization\",\"@id\":\"https:\/\/jornaltimoneiro.com.br\/#organization\",\"name\":\"Jornal Timoneiro Canoas RS\",\"url\":\"https:\/\/jornaltimoneiro.com.br\/\",\"logo\":{\"@type\":\"ImageObject\",\"inLanguage\":\"pt-BR\",\"@id\":\"https:\/\/jornaltimoneiro.com.br\/#\/schema\/logo\/image\/\",\"url\":\"https:\/\/jornaltimoneiro.com.br\/wp-content\/uploads\/2023\/03\/logonovo.png\",\"contentUrl\":\"https:\/\/jornaltimoneiro.com.br\/wp-content\/uploads\/2023\/03\/logonovo.png\",\"width\":\"469\",\"height\":\"171\",\"caption\":\"Jornal Timoneiro Canoas RS\"},\"image\":{\"@id\":\"https:\/\/jornaltimoneiro.com.br\/#\/schema\/logo\/image\/\"},\"sameAs\":[\"https:\/\/www.facebook.com\/jornaltimoneiro\",\"https:\/\/twitter.com\/_OTimoneiro\",\"https:\/\/www.instagram.com\/jornaltimoneirocanoas\/\",\"https:\/\/www.youtube.com\/@jornalotimoneiro7927\"]},{\"@type\":\"Person\",\"@id\":\"https:\/\/jornaltimoneiro.com.br\/#\/schema\/person\/620efd1d8244466117482be494360b08\",\"name\":\"Reda\u00e7\u00e3o\",\"image\":{\"@type\":\"ImageObject\",\"inLanguage\":\"pt-BR\",\"@id\":\"https:\/\/jornaltimoneiro.com.br\/#\/schema\/person\/image\/\",\"url\":\"https:\/\/secure.gravatar.com\/avatar\/2f04e1b304682a8d9db336c7acd77f08?s=96&d=mm&r=g\",\"contentUrl\":\"https:\/\/secure.gravatar.com\/avatar\/2f04e1b304682a8d9db336c7acd77f08?s=96&d=mm&r=g\",\"caption\":\"Reda\u00e7\u00e3o\"},\"url\":\"https:\/\/jornaltimoneiro.com.br\/index.php\/author\/timoneirocanoas\/\"}]}<\/script>\n<!-- \/ Yoast SEO plugin. -->","yoast_head_json":{"title":"Desenho sobre a falta de \u00e1gua ganha pr\u00eamio da OAB nacional - O Timoneiro Jornal Canoas RS","robots":{"index":"index","follow":"follow","max-snippet":"max-snippet:-1","max-image-preview":"max-image-preview:large","max-video-preview":"max-video-preview:-1"},"canonical":"https:\/\/jornaltimoneiro.com.br\/index.php\/2015\/06\/19\/desenho-sobre-a-falta-de-agua-ganha-premio-da-oab-nacional\/","og_locale":"pt_BR","og_type":"article","og_title":"Desenho sobre a falta de \u00e1gua ganha pr\u00eamio da OAB nacional - O Timoneiro Jornal Canoas RS","og_description":"No dia 5, a Ordem dos Advogados do Brasil (OAB) divulgou os vencedores do seu concurso \u201c\u00c1gua Nossa de Todo Dia\u201d. Divido em tr\u00eas categorias, por faixa et\u00e1ria, uma canoense se destacou entre 11 e 13 anos. Eduarda de Souza, 12 anos, \u00e9 estudante da Escola Municipal de Ensino Fundamental \u00cdcaro, bairro F\u00e1tima. Eduarda foi [&hellip;]","og_url":"https:\/\/jornaltimoneiro.com.br\/index.php\/2015\/06\/19\/desenho-sobre-a-falta-de-agua-ganha-premio-da-oab-nacional\/","og_site_name":"O Timoneiro Jornal Canoas RS","article_publisher":"https:\/\/www.facebook.com\/jornaltimoneiro","article_published_time":"2015-06-19T13:37:58+00:00","og_image":[{"url":"http:\/\/otimoneiro.com.br\/wp-content\/uploads\/2015\/06\/DSC1059-300x200.jpg"}],"author":"Reda\u00e7\u00e3o","twitter_card":"summary_large_image","twitter_creator":"@_OTimoneiro","twitter_site":"@_OTimoneiro","twitter_misc":{"Escrito por":"Reda\u00e7\u00e3o","Est. tempo de leitura":"1 minuto"},"schema":{"@context":"https:\/\/schema.org","@graph":[{"@type":"Article","@id":"https:\/\/jornaltimoneiro.com.br\/index.php\/2015\/06\/19\/desenho-sobre-a-falta-de-agua-ganha-premio-da-oab-nacional\/#article","isPartOf":{"@id":"https:\/\/jornaltimoneiro.com.br\/index.php\/2015\/06\/19\/desenho-sobre-a-falta-de-agua-ganha-premio-da-oab-nacional\/"},"author":{"name":"Reda\u00e7\u00e3o","@id":"https:\/\/jornaltimoneiro.com.br\/#\/schema\/person\/620efd1d8244466117482be494360b08"},"headline":"Desenho sobre a falta de \u00e1gua ganha pr\u00eamio da OAB nacional","datePublished":"2015-06-19T13:37:58+00:00","dateModified":"2015-06-19T13:37:58+00:00","mainEntityOfPage":{"@id":"https:\/\/jornaltimoneiro.com.br\/index.php\/2015\/06\/19\/desenho-sobre-a-falta-de-agua-ganha-premio-da-oab-nacional\/"},"wordCount":179,"commentCount":0,"publisher":{"@id":"https:\/\/jornaltimoneiro.com.br\/#organization"},"articleSection":["Comunidade","Destaques","Ensino","Not\u00edcias"],"inLanguage":"pt-BR","potentialAction":[{"@type":"CommentAction","name":"Comment","target":["https:\/\/jornaltimoneiro.com.br\/index.php\/2015\/06\/19\/desenho-sobre-a-falta-de-agua-ganha-premio-da-oab-nacional\/#respond"]}]},{"@type":"WebPage","@id":"https:\/\/jornaltimoneiro.com.br\/index.php\/2015\/06\/19\/desenho-sobre-a-falta-de-agua-ganha-premio-da-oab-nacional\/","url":"https:\/\/jornaltimoneiro.com.br\/index.php\/2015\/06\/19\/desenho-sobre-a-falta-de-agua-ganha-premio-da-oab-nacional\/","name":"Desenho sobre a falta de \u00e1gua ganha pr\u00eamio da OAB nacional - O Timoneiro Jornal Canoas RS","isPartOf":{"@id":"https:\/\/jornaltimoneiro.com.br\/#website"},"datePublished":"2015-06-19T13:37:58+00:00","dateModified":"2015-06-19T13:37:58+00:00","breadcrumb":{"@id":"https:\/\/jornaltimoneiro.com.br\/index.php\/2015\/06\/19\/desenho-sobre-a-falta-de-agua-ganha-premio-da-oab-nacional\/#breadcrumb"},"inLanguage":"pt-BR","potentialAction":[{"@type":"ReadAction","target":["https:\/\/jornaltimoneiro.com.br\/index.php\/2015\/06\/19\/desenho-sobre-a-falta-de-agua-ganha-premio-da-oab-nacional\/"]}]},{"@type":"BreadcrumbList","@id":"https:\/\/jornaltimoneiro.com.br\/index.php\/2015\/06\/19\/desenho-sobre-a-falta-de-agua-ganha-premio-da-oab-nacional\/#breadcrumb","itemListElement":[{"@type":"ListItem","position":1,"name":"In\u00edcio","item":"https:\/\/jornaltimoneiro.com.br\/"},{"@type":"ListItem","position":2,"name":"Desenho sobre a falta de \u00e1gua ganha pr\u00eamio da OAB nacional"}]},{"@type":"WebSite","@id":"https:\/\/jornaltimoneiro.com.br\/#website","url":"https:\/\/jornaltimoneiro.com.br\/","name":"Jornal Timoneiro Canoas RS","description":"Jornal O Timoneiro, o verdadeiro jornal de Canoas","publisher":{"@id":"https:\/\/jornaltimoneiro.com.br\/#organization"},"potentialAction":[{"@type":"SearchAction","target":{"@type":"EntryPoint","urlTemplate":"https:\/\/jornaltimoneiro.com.br\/?s={search_term_string}"},"query-input":"required name=search_term_string"}],"inLanguage":"pt-BR"},{"@type":"Organization","@id":"https:\/\/jornaltimoneiro.com.br\/#organization","name":"Jornal Timoneiro Canoas RS","url":"https:\/\/jornaltimoneiro.com.br\/","logo":{"@type":"ImageObject","inLanguage":"pt-BR","@id":"https:\/\/jornaltimoneiro.com.br\/#\/schema\/logo\/image\/","url":"https:\/\/jornaltimoneiro.com.br\/wp-content\/uploads\/2023\/03\/logonovo.png","contentUrl":"https:\/\/jornaltimoneiro.com.br\/wp-content\/uploads\/2023\/03\/logonovo.png","width":"469","height":"171","caption":"Jornal Timoneiro Canoas RS"},"image":{"@id":"https:\/\/jornaltimoneiro.com.br\/#\/schema\/logo\/image\/"},"sameAs":["https:\/\/www.facebook.com\/jornaltimoneiro","https:\/\/twitter.com\/_OTimoneiro","https:\/\/www.instagram.com\/jornaltimoneirocanoas\/","https:\/\/www.youtube.com\/@jornalotimoneiro7927"]},{"@type":"Person","@id":"https:\/\/jornaltimoneiro.com.br\/#\/schema\/person\/620efd1d8244466117482be494360b08","name":"Reda\u00e7\u00e3o","image":{"@type":"ImageObject","inLanguage":"pt-BR","@id":"https:\/\/jornaltimoneiro.com.br\/#\/schema\/person\/image\/","url":"https:\/\/secure.gravatar.com\/avatar\/2f04e1b304682a8d9db336c7acd77f08?s=96&d=mm&r=g","contentUrl":"https:\/\/secure.gravatar.com\/avatar\/2f04e1b304682a8d9db336c7acd77f08?s=96&d=mm&r=g","caption":"Reda\u00e7\u00e3o"},"url":"https:\/\/jornaltimoneiro.com.br\/index.php\/author\/timoneirocanoas\/"}]}},"_links":{"self":[{"href":"https:\/\/jornaltimoneiro.com.br\/index.php\/wp-json\/wp\/v2\/posts\/377"}],"collection":[{"href":"https:\/\/jornaltimoneiro.com.br\/index.php\/wp-json\/wp\/v2\/posts"}],"about":[{"href":"https:\/\/jornaltimoneiro.com.br\/index.php\/wp-json\/wp\/v2\/types\/post"}],"author":[{"embeddable":true,"href":"https:\/\/jornaltimoneiro.com.br\/index.php\/wp-json\/wp\/v2\/users\/1"}],"replies":[{"embeddable":true,"href":"https:\/\/jornaltimoneiro.com.br\/index.php\/wp-json\/wp\/v2\/comments?post=377"}],"version-history":[{"count":0,"href":"https:\/\/jornaltimoneiro.com.br\/index.php\/wp-json\/wp\/v2\/posts\/377\/revisions"}],"wp:attachment":[{"href":"https:\/\/jornaltimoneiro.com.br\/index.php\/wp-json\/wp\/v2\/media?parent=377"}],"wp:term":[{"taxonomy":"category","embeddable":true,"href":"https:\/\/jornaltimoneiro.com.br\/index.php\/wp-json\/wp\/v2\/categories?post=377"},{"taxonomy":"post_tag","embeddable":true,"href":"https:\/\/jornaltimoneiro.com.br\/index.php\/wp-json\/wp\/v2\/tags?post=377"}],"curies":[{"name":"wp","href":"https:\/\/api.w.org\/{rel}","templated":true}]}}