{"id":37619,"date":"2025-11-11T15:10:17","date_gmt":"2025-11-11T18:10:17","guid":{"rendered":"https:\/\/jornaltimoneiro.com.br\/?p=37619"},"modified":"2025-11-11T15:10:17","modified_gmt":"2025-11-11T18:10:17","slug":"governo-do-rs-anuncia-parceria-com-onu-para-criacao-do-centro-estadual-de-reconstrucao-resiliente","status":"publish","type":"post","link":"https:\/\/jornaltimoneiro.com.br\/index.php\/2025\/11\/11\/governo-do-rs-anuncia-parceria-com-onu-para-criacao-do-centro-estadual-de-reconstrucao-resiliente\/","title":{"rendered":"Governo do RS anuncia parceria com ONU para cria\u00e7\u00e3o do Centro Estadual de Reconstru\u00e7\u00e3o Resiliente"},"content":{"rendered":"<p>Nesta ter\u00e7a-feira, 11, durante a Confer\u00eancia do Clima em Bel\u00e9m (COP30), o Governo do Rio Grande do Sul anunciou uma coopera\u00e7\u00e3o com o Escrit\u00f3rio das Na\u00e7\u00f5es Unidas para a Redu\u00e7\u00e3o do Risco de Desastres (UNDRR). O acordo prev\u00ea o apoio para a cria\u00e7\u00e3o do Centro Estadual de Reconstru\u00e7\u00e3o Resiliente (CERR), que ser\u00e1 instalado no Centro Estadual de Gest\u00e3o Integrada de Riscos e Desastres (CEGIRD), em Porto Alegre.<\/p>\n<p>A coopera\u00e7\u00e3o tamb\u00e9m contempla o desenvolvimento de metodologias e ferramentas, capacita\u00e7\u00e3o e forma\u00e7\u00e3o, assist\u00eancia t\u00e9cnica, compartilhamento de conhecimento e articula\u00e7\u00e3o interinstitucional. O investimento ser\u00e1 de R$ 7 milh\u00f5es em dois anos, com recursos do Fundo do Plano Rio Grande (Funrigs).<\/p>\n<p>O an\u00fancio ocorreu no Pavilh\u00e3o ONU Brasil entre o governador Eduardo Leite, Kamal Kishore, representante especial do secret\u00e1rio-geral da ONU para a Redu\u00e7\u00e3o do Risco de Desastres e chefe do UNDRR, e Nahuel Arenas-Garc\u00eda, chefe do UNDRR para as Am\u00e9ricas e o Caribe. O ato contou com a participa\u00e7\u00e3o dos secret\u00e1rios do Meio Ambiente e Infraestrutura, Marjorie Kauffmann, e da Reconstru\u00e7\u00e3o Ga\u00facha, Pedro Capeluppi.<\/p>\n<h4>Painel na ONU<\/h4>\n<p>A divulga\u00e7\u00e3o da parceria aconteceu durante o evento oficial das Na\u00e7\u00f5es Unidas &#8220;Resposta \u00e0 Emerg\u00eancia Clim\u00e1tica no Rio Grande do Sul (2024): Li\u00e7\u00f5es Operacionais para uma A\u00e7\u00e3o Humanit\u00e1ria e de Desenvolvimento Inclusiva&#8221;, que teve como tema central a trag\u00e9dia de 2024 e a resposta integrada.<\/p>\n<p>O governador Eduardo Leite apresentou os n\u00fameros da maior trag\u00e9dia clim\u00e1tica do Estado e os investimentos do Rio Grande do Sul que superam os R$ 260 milh\u00f5es na cria\u00e7\u00e3o do Centro Estadual de Gest\u00e3o Integrada de Riscos e Desastres, de Centros Regionais de Gest\u00e3o Integrada de Riscos e Desastres, do Centro Internacional de Estudos Clim\u00e1ticos e do Centro de Excel\u00eancia para Recupera\u00e7\u00e3o Resiliente.<\/p>\n","protected":false},"excerpt":{"rendered":"<p>Nesta ter\u00e7a-feira, 11, durante a Confer\u00eancia do Clima em Bel\u00e9m (COP30), o Governo do Rio Grande do Sul anunciou uma coopera\u00e7\u00e3o com o Escrit\u00f3rio das Na\u00e7\u00f5es Unidas para a Redu\u00e7\u00e3o do Risco de Desastres (UNDRR). O acordo prev\u00ea o apoio para a cria\u00e7\u00e3o do Centro Estadual de Reconstru\u00e7\u00e3o Resiliente (CERR), que ser\u00e1 instalado no Centro [&hellip;]<\/p>\n","protected":false},"author":2,"featured_media":37620,"comment_status":"open","ping_status":"open","sticky":false,"template":"","format":"standard","meta":{"amp_status":"","footnotes":""},"categories":[143],"tags":[4941,2081,665,190,807,4944,2992,121,213],"class_list":["post-37619","post","type-post","status-publish","format-standard","has-post-thumbnail","hentry","category-estado","tag-cop-30","tag-desastres","tag-eduardo-leite","tag-featured","tag-governo-do-estado","tag-nacoes-unidaes","tag-onu","tag-porto-alegre","tag-rio-grande-do-sul"],"yoast_head":"<!-- This site is optimized with the Yoast SEO plugin v20.5 - https:\/\/yoast.com\/wordpress\/plugins\/seo\/ -->\n<title>Governo do RS anuncia parceria com ONU para cria\u00e7\u00e3o do Centro Estadual de Reconstru\u00e7\u00e3o Resiliente - O Timoneiro Jornal Canoas RS<\/title>\n<meta name=\"description\" content=\"Governo do Rio Grande do Sul anunciou uma coopera\u00e7\u00e3o com o Escrit\u00f3rio das Na\u00e7\u00f5es Unidas para a Redu\u00e7\u00e3o do Risco de Desastres\" \/>\n<meta name=\"robots\" content=\"index, follow, max-snippet:-1, max-image-preview:large, max-video-preview:-1\" \/>\n<link rel=\"canonical\" href=\"https:\/\/jornaltimoneiro.com.br\/index.php\/2025\/11\/11\/governo-do-rs-anuncia-parceria-com-onu-para-criacao-do-centro-estadual-de-reconstrucao-resiliente\/\" \/>\n<meta property=\"og:locale\" content=\"pt_BR\" \/>\n<meta property=\"og:type\" content=\"article\" \/>\n<meta property=\"og:title\" content=\"Governo do RS anuncia parceria com ONU para cria\u00e7\u00e3o do Centro Estadual de Reconstru\u00e7\u00e3o Resiliente - O Timoneiro Jornal Canoas RS\" \/>\n<meta property=\"og:description\" content=\"Governo do Rio Grande do Sul anunciou uma coopera\u00e7\u00e3o com o Escrit\u00f3rio das Na\u00e7\u00f5es Unidas para a Redu\u00e7\u00e3o do Risco de Desastres\" \/>\n<meta property=\"og:url\" content=\"https:\/\/jornaltimoneiro.com.br\/index.php\/2025\/11\/11\/governo-do-rs-anuncia-parceria-com-onu-para-criacao-do-centro-estadual-de-reconstrucao-resiliente\/\" \/>\n<meta property=\"og:site_name\" content=\"O Timoneiro Jornal Canoas RS\" \/>\n<meta property=\"article:publisher\" content=\"https:\/\/www.facebook.com\/jornaltimoneiro\" \/>\n<meta property=\"article:published_time\" content=\"2025-11-11T18:10:17+00:00\" \/>\n<meta property=\"og:image\" content=\"https:\/\/jornaltimoneiro.com.br\/wp-content\/uploads\/2025\/11\/Governo-do-RS-anuncia-parceria-com-ONU-para-criacao-do-Centro-Estadual-de-Reconstrucao-Resiliente.jpeg\" \/>\n\t<meta property=\"og:image:width\" content=\"945\" \/>\n\t<meta property=\"og:image:height\" content=\"588\" \/>\n\t<meta property=\"og:image:type\" content=\"image\/jpeg\" \/>\n<meta name=\"author\" content=\"Reda\u00e7\u00e3o\" \/>\n<meta name=\"twitter:card\" content=\"summary_large_image\" \/>\n<meta name=\"twitter:creator\" content=\"@_OTimoneiro\" \/>\n<meta name=\"twitter:site\" content=\"@_OTimoneiro\" \/>\n<meta name=\"twitter:label1\" content=\"Escrito por\" \/>\n\t<meta name=\"twitter:data1\" content=\"Reda\u00e7\u00e3o\" \/>\n\t<meta name=\"twitter:label2\" content=\"Est. tempo de leitura\" \/>\n\t<meta name=\"twitter:data2\" content=\"2 minutos\" \/>\n<script type=\"application\/ld+json\" class=\"yoast-schema-graph\">{\"@context\":\"https:\/\/schema.org\",\"@graph\":[{\"@type\":\"Article\",\"@id\":\"https:\/\/jornaltimoneiro.com.br\/index.php\/2025\/11\/11\/governo-do-rs-anuncia-parceria-com-onu-para-criacao-do-centro-estadual-de-reconstrucao-resiliente\/#article\",\"isPartOf\":{\"@id\":\"https:\/\/jornaltimoneiro.com.br\/index.php\/2025\/11\/11\/governo-do-rs-anuncia-parceria-com-onu-para-criacao-do-centro-estadual-de-reconstrucao-resiliente\/\"},\"author\":{\"name\":\"Reda\u00e7\u00e3o\",\"@id\":\"https:\/\/jornaltimoneiro.com.br\/#\/schema\/person\/f63482f1a02b1a9592707865e509ab40\"},\"headline\":\"Governo do RS anuncia parceria com ONU para cria\u00e7\u00e3o do Centro Estadual de Reconstru\u00e7\u00e3o Resiliente\",\"datePublished\":\"2025-11-11T18:10:17+00:00\",\"dateModified\":\"2025-11-11T18:10:17+00:00\",\"mainEntityOfPage\":{\"@id\":\"https:\/\/jornaltimoneiro.com.br\/index.php\/2025\/11\/11\/governo-do-rs-anuncia-parceria-com-onu-para-criacao-do-centro-estadual-de-reconstrucao-resiliente\/\"},\"wordCount\":339,\"commentCount\":0,\"publisher\":{\"@id\":\"https:\/\/jornaltimoneiro.com.br\/#organization\"},\"keywords\":[\"cop 30\",\"desastres\",\"eduardo leite\",\"featured\",\"governo do estado\",\"na\u00e7\u00f5es unidaes\",\"ONU\",\"Porto Alegre\",\"rio grande do sul\"],\"articleSection\":[\"Estado\"],\"inLanguage\":\"pt-BR\",\"potentialAction\":[{\"@type\":\"CommentAction\",\"name\":\"Comment\",\"target\":[\"https:\/\/jornaltimoneiro.com.br\/index.php\/2025\/11\/11\/governo-do-rs-anuncia-parceria-com-onu-para-criacao-do-centro-estadual-de-reconstrucao-resiliente\/#respond\"]}]},{\"@type\":\"WebPage\",\"@id\":\"https:\/\/jornaltimoneiro.com.br\/index.php\/2025\/11\/11\/governo-do-rs-anuncia-parceria-com-onu-para-criacao-do-centro-estadual-de-reconstrucao-resiliente\/\",\"url\":\"https:\/\/jornaltimoneiro.com.br\/index.php\/2025\/11\/11\/governo-do-rs-anuncia-parceria-com-onu-para-criacao-do-centro-estadual-de-reconstrucao-resiliente\/\",\"name\":\"Governo do RS anuncia parceria com ONU para cria\u00e7\u00e3o do Centro Estadual de Reconstru\u00e7\u00e3o Resiliente - O Timoneiro Jornal Canoas RS\",\"isPartOf\":{\"@id\":\"https:\/\/jornaltimoneiro.com.br\/#website\"},\"datePublished\":\"2025-11-11T18:10:17+00:00\",\"dateModified\":\"2025-11-11T18:10:17+00:00\",\"description\":\"Governo do Rio Grande do Sul anunciou uma coopera\u00e7\u00e3o com o Escrit\u00f3rio das Na\u00e7\u00f5es Unidas para a Redu\u00e7\u00e3o do Risco de Desastres\",\"breadcrumb\":{\"@id\":\"https:\/\/jornaltimoneiro.com.br\/index.php\/2025\/11\/11\/governo-do-rs-anuncia-parceria-com-onu-para-criacao-do-centro-estadual-de-reconstrucao-resiliente\/#breadcrumb\"},\"inLanguage\":\"pt-BR\",\"potentialAction\":[{\"@type\":\"ReadAction\",\"target\":[\"https:\/\/jornaltimoneiro.com.br\/index.php\/2025\/11\/11\/governo-do-rs-anuncia-parceria-com-onu-para-criacao-do-centro-estadual-de-reconstrucao-resiliente\/\"]}]},{\"@type\":\"BreadcrumbList\",\"@id\":\"https:\/\/jornaltimoneiro.com.br\/index.php\/2025\/11\/11\/governo-do-rs-anuncia-parceria-com-onu-para-criacao-do-centro-estadual-de-reconstrucao-resiliente\/#breadcrumb\",\"itemListElement\":[{\"@type\":\"ListItem\",\"position\":1,\"name\":\"In\u00edcio\",\"item\":\"https:\/\/jornaltimoneiro.com.br\/\"},{\"@type\":\"ListItem\",\"position\":2,\"name\":\"Governo do RS anuncia parceria com ONU para cria\u00e7\u00e3o do Centro Estadual de Reconstru\u00e7\u00e3o Resiliente\"}]},{\"@type\":\"WebSite\",\"@id\":\"https:\/\/jornaltimoneiro.com.br\/#website\",\"url\":\"https:\/\/jornaltimoneiro.com.br\/\",\"name\":\"Jornal Timoneiro Canoas RS\",\"description\":\"Jornal O Timoneiro, o verdadeiro jornal de Canoas\",\"publisher\":{\"@id\":\"https:\/\/jornaltimoneiro.com.br\/#organization\"},\"potentialAction\":[{\"@type\":\"SearchAction\",\"target\":{\"@type\":\"EntryPoint\",\"urlTemplate\":\"https:\/\/jornaltimoneiro.com.br\/?s={search_term_string}\"},\"query-input\":\"required name=search_term_string\"}],\"inLanguage\":\"pt-BR\"},{\"@type\":\"Organization\",\"@id\":\"https:\/\/jornaltimoneiro.com.br\/#organization\",\"name\":\"Jornal Timoneiro Canoas RS\",\"url\":\"https:\/\/jornaltimoneiro.com.br\/\",\"logo\":{\"@type\":\"ImageObject\",\"inLanguage\":\"pt-BR\",\"@id\":\"https:\/\/jornaltimoneiro.com.br\/#\/schema\/logo\/image\/\",\"url\":\"https:\/\/jornaltimoneiro.com.br\/wp-content\/uploads\/2023\/03\/logonovo.png\",\"contentUrl\":\"https:\/\/jornaltimoneiro.com.br\/wp-content\/uploads\/2023\/03\/logonovo.png\",\"width\":\"469\",\"height\":\"171\",\"caption\":\"Jornal Timoneiro Canoas RS\"},\"image\":{\"@id\":\"https:\/\/jornaltimoneiro.com.br\/#\/schema\/logo\/image\/\"},\"sameAs\":[\"https:\/\/www.facebook.com\/jornaltimoneiro\",\"https:\/\/twitter.com\/_OTimoneiro\",\"https:\/\/www.instagram.com\/jornaltimoneirocanoas\/\",\"https:\/\/www.youtube.com\/@jornalotimoneiro7927\"]},{\"@type\":\"Person\",\"@id\":\"https:\/\/jornaltimoneiro.com.br\/#\/schema\/person\/f63482f1a02b1a9592707865e509ab40\",\"name\":\"Reda\u00e7\u00e3o\",\"image\":{\"@type\":\"ImageObject\",\"inLanguage\":\"pt-BR\",\"@id\":\"https:\/\/jornaltimoneiro.com.br\/#\/schema\/person\/image\/\",\"url\":\"https:\/\/jornaltimoneiro.com.br\/wp-content\/uploads\/2023\/03\/download.jpeg\",\"contentUrl\":\"https:\/\/jornaltimoneiro.com.br\/wp-content\/uploads\/2023\/03\/download.jpeg\",\"caption\":\"Reda\u00e7\u00e3o\"},\"url\":\"https:\/\/jornaltimoneiro.com.br\/index.php\/author\/simone-dutra\/\"}]}<\/script>\n<!-- \/ Yoast SEO plugin. -->","yoast_head_json":{"title":"Governo do RS anuncia parceria com ONU para cria\u00e7\u00e3o do Centro Estadual de Reconstru\u00e7\u00e3o Resiliente - O Timoneiro Jornal Canoas RS","description":"Governo do Rio Grande do Sul anunciou uma coopera\u00e7\u00e3o com o Escrit\u00f3rio das Na\u00e7\u00f5es Unidas para a Redu\u00e7\u00e3o do Risco de Desastres","robots":{"index":"index","follow":"follow","max-snippet":"max-snippet:-1","max-image-preview":"max-image-preview:large","max-video-preview":"max-video-preview:-1"},"canonical":"https:\/\/jornaltimoneiro.com.br\/index.php\/2025\/11\/11\/governo-do-rs-anuncia-parceria-com-onu-para-criacao-do-centro-estadual-de-reconstrucao-resiliente\/","og_locale":"pt_BR","og_type":"article","og_title":"Governo do RS anuncia parceria com ONU para cria\u00e7\u00e3o do Centro Estadual de Reconstru\u00e7\u00e3o Resiliente - O Timoneiro Jornal Canoas RS","og_description":"Governo do Rio Grande do Sul anunciou uma coopera\u00e7\u00e3o com o Escrit\u00f3rio das Na\u00e7\u00f5es Unidas para a Redu\u00e7\u00e3o do Risco de Desastres","og_url":"https:\/\/jornaltimoneiro.com.br\/index.php\/2025\/11\/11\/governo-do-rs-anuncia-parceria-com-onu-para-criacao-do-centro-estadual-de-reconstrucao-resiliente\/","og_site_name":"O Timoneiro Jornal Canoas RS","article_publisher":"https:\/\/www.facebook.com\/jornaltimoneiro","article_published_time":"2025-11-11T18:10:17+00:00","og_image":[{"width":"945","height":"588","url":"https:\/\/jornaltimoneiro.com.br\/wp-content\/uploads\/2025\/11\/Governo-do-RS-anuncia-parceria-com-ONU-para-criacao-do-Centro-Estadual-de-Reconstrucao-Resiliente.jpeg","type":"image\/jpeg"}],"author":"Reda\u00e7\u00e3o","twitter_card":"summary_large_image","twitter_creator":"@_OTimoneiro","twitter_site":"@_OTimoneiro","twitter_misc":{"Escrito por":"Reda\u00e7\u00e3o","Est. tempo de leitura":"2 minutos"},"schema":{"@context":"https:\/\/schema.org","@graph":[{"@type":"Article","@id":"https:\/\/jornaltimoneiro.com.br\/index.php\/2025\/11\/11\/governo-do-rs-anuncia-parceria-com-onu-para-criacao-do-centro-estadual-de-reconstrucao-resiliente\/#article","isPartOf":{"@id":"https:\/\/jornaltimoneiro.com.br\/index.php\/2025\/11\/11\/governo-do-rs-anuncia-parceria-com-onu-para-criacao-do-centro-estadual-de-reconstrucao-resiliente\/"},"author":{"name":"Reda\u00e7\u00e3o","@id":"https:\/\/jornaltimoneiro.com.br\/#\/schema\/person\/f63482f1a02b1a9592707865e509ab40"},"headline":"Governo do RS anuncia parceria com ONU para cria\u00e7\u00e3o do Centro Estadual de Reconstru\u00e7\u00e3o Resiliente","datePublished":"2025-11-11T18:10:17+00:00","dateModified":"2025-11-11T18:10:17+00:00","mainEntityOfPage":{"@id":"https:\/\/jornaltimoneiro.com.br\/index.php\/2025\/11\/11\/governo-do-rs-anuncia-parceria-com-onu-para-criacao-do-centro-estadual-de-reconstrucao-resiliente\/"},"wordCount":339,"commentCount":0,"publisher":{"@id":"https:\/\/jornaltimoneiro.com.br\/#organization"},"keywords":["cop 30","desastres","eduardo leite","featured","governo do estado","na\u00e7\u00f5es unidaes","ONU","Porto Alegre","rio grande do sul"],"articleSection":["Estado"],"inLanguage":"pt-BR","potentialAction":[{"@type":"CommentAction","name":"Comment","target":["https:\/\/jornaltimoneiro.com.br\/index.php\/2025\/11\/11\/governo-do-rs-anuncia-parceria-com-onu-para-criacao-do-centro-estadual-de-reconstrucao-resiliente\/#respond"]}]},{"@type":"WebPage","@id":"https:\/\/jornaltimoneiro.com.br\/index.php\/2025\/11\/11\/governo-do-rs-anuncia-parceria-com-onu-para-criacao-do-centro-estadual-de-reconstrucao-resiliente\/","url":"https:\/\/jornaltimoneiro.com.br\/index.php\/2025\/11\/11\/governo-do-rs-anuncia-parceria-com-onu-para-criacao-do-centro-estadual-de-reconstrucao-resiliente\/","name":"Governo do RS anuncia parceria com ONU para cria\u00e7\u00e3o do Centro Estadual de Reconstru\u00e7\u00e3o Resiliente - O Timoneiro Jornal Canoas RS","isPartOf":{"@id":"https:\/\/jornaltimoneiro.com.br\/#website"},"datePublished":"2025-11-11T18:10:17+00:00","dateModified":"2025-11-11T18:10:17+00:00","description":"Governo do Rio Grande do Sul anunciou uma coopera\u00e7\u00e3o com o Escrit\u00f3rio das Na\u00e7\u00f5es Unidas para a Redu\u00e7\u00e3o do Risco de Desastres","breadcrumb":{"@id":"https:\/\/jornaltimoneiro.com.br\/index.php\/2025\/11\/11\/governo-do-rs-anuncia-parceria-com-onu-para-criacao-do-centro-estadual-de-reconstrucao-resiliente\/#breadcrumb"},"inLanguage":"pt-BR","potentialAction":[{"@type":"ReadAction","target":["https:\/\/jornaltimoneiro.com.br\/index.php\/2025\/11\/11\/governo-do-rs-anuncia-parceria-com-onu-para-criacao-do-centro-estadual-de-reconstrucao-resiliente\/"]}]},{"@type":"BreadcrumbList","@id":"https:\/\/jornaltimoneiro.com.br\/index.php\/2025\/11\/11\/governo-do-rs-anuncia-parceria-com-onu-para-criacao-do-centro-estadual-de-reconstrucao-resiliente\/#breadcrumb","itemListElement":[{"@type":"ListItem","position":1,"name":"In\u00edcio","item":"https:\/\/jornaltimoneiro.com.br\/"},{"@type":"ListItem","position":2,"name":"Governo do RS anuncia parceria com ONU para cria\u00e7\u00e3o do Centro Estadual de Reconstru\u00e7\u00e3o Resiliente"}]},{"@type":"WebSite","@id":"https:\/\/jornaltimoneiro.com.br\/#website","url":"https:\/\/jornaltimoneiro.com.br\/","name":"Jornal Timoneiro Canoas RS","description":"Jornal O Timoneiro, o verdadeiro jornal de Canoas","publisher":{"@id":"https:\/\/jornaltimoneiro.com.br\/#organization"},"potentialAction":[{"@type":"SearchAction","target":{"@type":"EntryPoint","urlTemplate":"https:\/\/jornaltimoneiro.com.br\/?s={search_term_string}"},"query-input":"required name=search_term_string"}],"inLanguage":"pt-BR"},{"@type":"Organization","@id":"https:\/\/jornaltimoneiro.com.br\/#organization","name":"Jornal Timoneiro Canoas RS","url":"https:\/\/jornaltimoneiro.com.br\/","logo":{"@type":"ImageObject","inLanguage":"pt-BR","@id":"https:\/\/jornaltimoneiro.com.br\/#\/schema\/logo\/image\/","url":"https:\/\/jornaltimoneiro.com.br\/wp-content\/uploads\/2023\/03\/logonovo.png","contentUrl":"https:\/\/jornaltimoneiro.com.br\/wp-content\/uploads\/2023\/03\/logonovo.png","width":"469","height":"171","caption":"Jornal Timoneiro Canoas RS"},"image":{"@id":"https:\/\/jornaltimoneiro.com.br\/#\/schema\/logo\/image\/"},"sameAs":["https:\/\/www.facebook.com\/jornaltimoneiro","https:\/\/twitter.com\/_OTimoneiro","https:\/\/www.instagram.com\/jornaltimoneirocanoas\/","https:\/\/www.youtube.com\/@jornalotimoneiro7927"]},{"@type":"Person","@id":"https:\/\/jornaltimoneiro.com.br\/#\/schema\/person\/f63482f1a02b1a9592707865e509ab40","name":"Reda\u00e7\u00e3o","image":{"@type":"ImageObject","inLanguage":"pt-BR","@id":"https:\/\/jornaltimoneiro.com.br\/#\/schema\/person\/image\/","url":"https:\/\/jornaltimoneiro.com.br\/wp-content\/uploads\/2023\/03\/download.jpeg","contentUrl":"https:\/\/jornaltimoneiro.com.br\/wp-content\/uploads\/2023\/03\/download.jpeg","caption":"Reda\u00e7\u00e3o"},"url":"https:\/\/jornaltimoneiro.com.br\/index.php\/author\/simone-dutra\/"}]}},"_links":{"self":[{"href":"https:\/\/jornaltimoneiro.com.br\/index.php\/wp-json\/wp\/v2\/posts\/37619"}],"collection":[{"href":"https:\/\/jornaltimoneiro.com.br\/index.php\/wp-json\/wp\/v2\/posts"}],"about":[{"href":"https:\/\/jornaltimoneiro.com.br\/index.php\/wp-json\/wp\/v2\/types\/post"}],"author":[{"embeddable":true,"href":"https:\/\/jornaltimoneiro.com.br\/index.php\/wp-json\/wp\/v2\/users\/2"}],"replies":[{"embeddable":true,"href":"https:\/\/jornaltimoneiro.com.br\/index.php\/wp-json\/wp\/v2\/comments?post=37619"}],"version-history":[{"count":1,"href":"https:\/\/jornaltimoneiro.com.br\/index.php\/wp-json\/wp\/v2\/posts\/37619\/revisions"}],"predecessor-version":[{"id":37621,"href":"https:\/\/jornaltimoneiro.com.br\/index.php\/wp-json\/wp\/v2\/posts\/37619\/revisions\/37621"}],"wp:featuredmedia":[{"embeddable":true,"href":"https:\/\/jornaltimoneiro.com.br\/index.php\/wp-json\/wp\/v2\/media\/37620"}],"wp:attachment":[{"href":"https:\/\/jornaltimoneiro.com.br\/index.php\/wp-json\/wp\/v2\/media?parent=37619"}],"wp:term":[{"taxonomy":"category","embeddable":true,"href":"https:\/\/jornaltimoneiro.com.br\/index.php\/wp-json\/wp\/v2\/categories?post=37619"},{"taxonomy":"post_tag","embeddable":true,"href":"https:\/\/jornaltimoneiro.com.br\/index.php\/wp-json\/wp\/v2\/tags?post=37619"}],"curies":[{"name":"wp","href":"https:\/\/api.w.org\/{rel}","templated":true}]}}