{"id":375,"date":"2015-06-19T10:36:10","date_gmt":"2015-06-19T13:36:10","guid":{"rendered":"http:\/\/otimoneiro.com.br\/?p=375"},"modified":"2015-06-19T10:36:10","modified_gmt":"2015-06-19T13:36:10","slug":"pacotao-previsao-do-tempo-ecoturismo-e-construcao-de-bacias-de-contencao","status":"publish","type":"post","link":"https:\/\/jornaltimoneiro.com.br\/index.php\/2015\/06\/19\/pacotao-previsao-do-tempo-ecoturismo-e-construcao-de-bacias-de-contencao\/","title":{"rendered":"PACOT\u00c3O: Previs\u00e3o do tempo, ecoturismo e constru\u00e7\u00e3o de bacias de conten\u00e7\u00e3o"},"content":{"rendered":"<p style=\"text-align: justify;\">A Prefeitura Municipal de Canoas (PMC) decidiu que uma das prioridades para a cidade no ano de 2015 \u00e9 prever as intemp\u00e9ries do tempo. Por isso, abriu licita\u00e7\u00e3o para contratar empresa particular que fa\u00e7a o servi\u00e7o. Na segunda-feira, 15, t\u00e9cnicos visitaram a Prainha de Paquet\u00e1, acompanhados da diretora Simone Rodrigues, da Defesa Civil, para definir o local de instala\u00e7\u00e3o de um lin\u00edgrafo pr\u00f3ximo ao trapiche. Lin\u00edgrafo \u00e9 o equipamento autom\u00e1tico respons\u00e1vel por medir os n\u00edveis da \u00e1gua.<br \/>\nNo contrato, de n\u00famero 123\/2015, est\u00e1 previsto a presta\u00e7\u00e3o de servi\u00e7os especializados de meteorologia incluindo a disponibiliza\u00e7\u00e3o de duas esta\u00e7\u00f5es meteorol\u00f3gicas automatizadas profissionais e um lin\u00edgrafo no per\u00edodo de um ano. O contrato prev\u00ea ainda a vigil\u00e2ncia meteorol\u00f3gica em tempo real, o servi\u00e7o de consultoria meteorol\u00f3gica e os alertas de curto prazo para a cidade de Canoas juntamente com interface web para visualiza\u00e7\u00e3o de todas as informa\u00e7\u00f5es relacionadas a eventos clim\u00e1ticos.<br \/>\nA empresa contratada, Metsul Meteorologia LTDA, tem como vig\u00eancia inicial no contrato a data de 03\/06\/2015. A mesma receber\u00e1 o montante de R$ 89.095,00 do Gabinete do Prefeito (GP), \u00f3rg\u00e3o incumbido de fiscalizar os servi\u00e7os prestados. A expectativa \u00e9 que uma das esta\u00e7\u00f5es fique no bairro Est\u00e2ncia Velha e outra, no Rio Branco.<\/p>\n<div id=\"attachment_400\" style=\"width: 487px\" class=\"wp-caption aligncenter\"><a href=\"http:\/\/otimoneiro.com.br\/wp-content\/uploads\/2015\/06\/paquet\u00e1-PMC.jpg\"><img decoding=\"async\" aria-describedby=\"caption-attachment-400\" class=\"wp-image-400 \" src=\"http:\/\/otimoneiro.com.br\/wp-content\/uploads\/2015\/06\/paquet\u00e1-PMC.jpg\" alt=\"Prainha do paquet\u00e1 Foto: Divulga\u00e7\u00e3o Prefeitura Municipal de Canoas\" width=\"477\" height=\"268\" \/><\/a><p id=\"caption-attachment-400\" class=\"wp-caption-text\">Prainha do paquet\u00e1 Foto: Divulga\u00e7\u00e3o Prefeitura Municipal de Canoas<\/p><\/div>\n<p style=\"text-align: justify;\"><strong>Contratante e contratada<\/strong><br \/>\nRodolfo Pacheco, secret\u00e1rio especial da Coordenadoria, explicou que os equipamentos possibilitar\u00e3o obter informa\u00e7\u00f5es sobre o clima. &#8220;As chuvas e os ventos vir\u00e3o de qualquer forma, mas teremos como avisar e mobilizar a popula\u00e7\u00e3o, as subprefeituras e os departamentos da Prefeitura que possam auxiliar em caso de alagamentos e outras ocorr\u00eancias, antes que os fen\u00f4menos aconte\u00e7am&#8221;, afirma. As equipes da Defesa Civil e da Sala Integrada de Monitoramento, da Secretaria Municipal de Seguran\u00e7a P\u00fablica e Cidadania tamb\u00e9m ter\u00e3o acesso.<br \/>\nA representante da empresa, Estael Sias, afirmou que a Defesa Civil ter\u00e1 a oportunidade de acompanhar as informa\u00e7\u00f5es que ser\u00e3o geradas pelos novos dispositivos. &#8220;J\u00e1 estamos passando boletins di\u00e1rios, al\u00e9m das informa\u00e7\u00f5es para os cinco dias seguintes&#8221;, observou.<\/p>\n<p style=\"text-align: justify;\"><strong>Como ser\u00e1<\/strong><br \/>\nAs duas esta\u00e7\u00f5es devem possuir, segundo contrato, visor touch screen que centralize todas as informa\u00e7\u00f5es, para fazer a interpreta\u00e7\u00e3o da previs\u00e3o, al\u00e9m de exibir \u00edndices pluviom\u00e9tricos, velocidade e dire\u00e7\u00e3o do vento, temperatura e umidade interna e externa e previs\u00e3o barom\u00e9trica com gr\u00e1fico de hist\u00f3rico. Deve possuir, tamb\u00e9m, alarmes meteorol\u00f3gicos ajust\u00e1veis para temperaturas e umidades altas e baixas velocidades do vento, intensidade da chuva, aproxima\u00e7\u00e3o do ponto de condensa\u00e7\u00e3o e precipita\u00e7\u00e3o, entre outros requisitos. Deve disponibilizar, entretanto, os dados gerados em texto. As esta\u00e7\u00f5es devem funcionar por bateria e carregadas por pain\u00e9is solares.<\/p>\n<p style=\"text-align: justify;\"><strong>Software de vigil\u00e2ncia<\/strong><br \/>\nA pretens\u00e3o \u00e9 que uma interface para dispositivos m\u00f3veis veicule as informa\u00e7\u00f5es, em tempo real, das esta\u00e7\u00f5es, lin\u00edgrafo e boletins, atrav\u00e9s de acesso restrito a usu\u00e1rios cadastrados e acesso p\u00fablico. Esta plataforma online deve apresentar noticiais relacionadas a defesa civil, clima e uma galeria de imagens em formato de tabela, gr\u00e1ficos e estat\u00edsticas dispon\u00edveis.<\/p>\n<p style=\"text-align: justify;\"><strong>Ecoturismo Paquet\u00e1<\/strong><br \/>\nPor meio do edital de n\u00famero 507\/2014, aos 10 dias de dezembro do ano passado, a PMC tamb\u00e9m apresentou um convite para a contrata\u00e7\u00e3o de empresa especializada para avalia\u00e7\u00e3o de im\u00f3veis visando a implanta\u00e7\u00e3o do projeto de ecoturismo na Praia do Paquet\u00e1. As empresas AV-TEC Avalia\u00e7\u00f5es T\u00e9cnicas Sociedade Simples se interessou, mas foi classificada como \u201cfracassada\u201d por n\u00e3o apresentar os documentos.<\/p>\n<p style=\"text-align: justify;\"><strong>Bacias de Conten\u00e7\u00e3o<\/strong><br \/>\nFoi anunciada pela administra\u00e7\u00e3o municipal a discuss\u00e3o, na Comiss\u00e3o de Seguran\u00e7a e Servi\u00e7os P\u00fablicos da Assembleia Legislativa (AL), de bacias de conten\u00e7\u00e3o para armazenamento de grandes quantidades de \u00e1gua no munic\u00edpio e na cidade de Esteio na quarta-feira, 10. Ser\u00e3o ao todo sete bacias em uma \u00e1rea de 60 hectares de Canoas com a reten\u00e7\u00e3o de 1,39 milh\u00e3o de metros c\u00fabicos. A PMC considera o bairro Guajuviras o mais atingido por enchentes e n\u00e3o o bairro Mathias Velho. Em fun\u00e7\u00e3o disto, a obra visa atender aos mun\u00edcipes do bairro Guajuviras e aos bairros Ezequiel, Tr\u00eas Marias, Navegantes, S\u00e3o Jos\u00e9, Jardim das Figueiras, Vila Nova e S\u00e3o Sebasti\u00e3o de Esteio.<br \/>\nAs bacias s\u00e3o \u00e1reas destinadas a receber um determinado volume de \u00e1gua quando a cota do Arroio extravasar, evitando, assim, a enchente em \u00e1reas habitadas. As bacias de reservar\u00e3o impedir\u00e3o as cheias que acontecem periodicamente. Dependendo do caso, essas bacias permanecer\u00e3o secas na maior parte do tempo e ser\u00e3o inundadas quando acontecerem chuvas intensas. A obra \u00e9 estimada em R$ 133 milh\u00f5es com parte da verba provinda do Programa de Acelera\u00e7\u00e3o do Crescimento (PAC), outra do Governo do Estado e uma cota de \u00e1rea localizada \u00e0s margens dos arroios Guajuviras e Sapucaia como contrapartida do governo municipal.<\/p>\n","protected":false},"excerpt":{"rendered":"<p>Bairro Mathias Velho, afetado por alagamentos, n\u00e3o \u00e9 considerado como prioridade no projeto <\/p>\n","protected":false},"author":1,"featured_media":400,"comment_status":"open","ping_status":"open","sticky":false,"template":"","format":"standard","meta":{"amp_status":"","footnotes":""},"categories":[19,29,22,20],"tags":[],"class_list":["post-375","post","type-post","status-publish","format-standard","has-post-thumbnail","hentry","category-destaques","category-meio-ambiente","category-noticias","category-politica-noticias"],"yoast_head":"<!-- This site is optimized with the Yoast SEO plugin v20.5 - https:\/\/yoast.com\/wordpress\/plugins\/seo\/ -->\n<title>PACOT\u00c3O: Previs\u00e3o do tempo, ecoturismo e constru\u00e7\u00e3o de bacias de conten\u00e7\u00e3o - O Timoneiro Jornal Canoas RS<\/title>\n<meta name=\"robots\" content=\"index, follow, max-snippet:-1, max-image-preview:large, max-video-preview:-1\" \/>\n<link rel=\"canonical\" href=\"https:\/\/jornaltimoneiro.com.br\/index.php\/2015\/06\/19\/pacotao-previsao-do-tempo-ecoturismo-e-construcao-de-bacias-de-contencao\/\" \/>\n<meta property=\"og:locale\" content=\"pt_BR\" \/>\n<meta property=\"og:type\" content=\"article\" \/>\n<meta property=\"og:title\" content=\"PACOT\u00c3O: Previs\u00e3o do tempo, ecoturismo e constru\u00e7\u00e3o de bacias de conten\u00e7\u00e3o - O Timoneiro Jornal Canoas RS\" \/>\n<meta property=\"og:description\" content=\"Bairro Mathias Velho, afetado por alagamentos, n\u00e3o \u00e9 considerado como prioridade no projeto\" \/>\n<meta property=\"og:url\" content=\"https:\/\/jornaltimoneiro.com.br\/index.php\/2015\/06\/19\/pacotao-previsao-do-tempo-ecoturismo-e-construcao-de-bacias-de-contencao\/\" \/>\n<meta property=\"og:site_name\" content=\"O Timoneiro Jornal Canoas RS\" \/>\n<meta property=\"article:publisher\" content=\"https:\/\/www.facebook.com\/jornaltimoneiro\" \/>\n<meta property=\"article:published_time\" content=\"2015-06-19T13:36:10+00:00\" \/>\n<meta name=\"author\" content=\"Reda\u00e7\u00e3o\" \/>\n<meta name=\"twitter:card\" content=\"summary_large_image\" \/>\n<meta name=\"twitter:creator\" content=\"@_OTimoneiro\" \/>\n<meta name=\"twitter:site\" content=\"@_OTimoneiro\" \/>\n<meta name=\"twitter:label1\" content=\"Escrito por\" \/>\n\t<meta name=\"twitter:data1\" content=\"Reda\u00e7\u00e3o\" \/>\n\t<meta name=\"twitter:label2\" content=\"Est. tempo de leitura\" \/>\n\t<meta name=\"twitter:data2\" content=\"4 minutos\" \/>\n<script type=\"application\/ld+json\" class=\"yoast-schema-graph\">{\"@context\":\"https:\/\/schema.org\",\"@graph\":[{\"@type\":\"Article\",\"@id\":\"https:\/\/jornaltimoneiro.com.br\/index.php\/2015\/06\/19\/pacotao-previsao-do-tempo-ecoturismo-e-construcao-de-bacias-de-contencao\/#article\",\"isPartOf\":{\"@id\":\"https:\/\/jornaltimoneiro.com.br\/index.php\/2015\/06\/19\/pacotao-previsao-do-tempo-ecoturismo-e-construcao-de-bacias-de-contencao\/\"},\"author\":{\"name\":\"Reda\u00e7\u00e3o\",\"@id\":\"https:\/\/jornaltimoneiro.com.br\/#\/schema\/person\/620efd1d8244466117482be494360b08\"},\"headline\":\"PACOT\u00c3O: Previs\u00e3o do tempo, ecoturismo e constru\u00e7\u00e3o de bacias de conten\u00e7\u00e3o\",\"datePublished\":\"2015-06-19T13:36:10+00:00\",\"dateModified\":\"2015-06-19T13:36:10+00:00\",\"mainEntityOfPage\":{\"@id\":\"https:\/\/jornaltimoneiro.com.br\/index.php\/2015\/06\/19\/pacotao-previsao-do-tempo-ecoturismo-e-construcao-de-bacias-de-contencao\/\"},\"wordCount\":875,\"commentCount\":0,\"publisher\":{\"@id\":\"https:\/\/jornaltimoneiro.com.br\/#organization\"},\"articleSection\":[\"Destaques\",\"Meio Ambiente\",\"Not\u00edcias\",\"Pol\u00edtica\"],\"inLanguage\":\"pt-BR\",\"potentialAction\":[{\"@type\":\"CommentAction\",\"name\":\"Comment\",\"target\":[\"https:\/\/jornaltimoneiro.com.br\/index.php\/2015\/06\/19\/pacotao-previsao-do-tempo-ecoturismo-e-construcao-de-bacias-de-contencao\/#respond\"]}]},{\"@type\":\"WebPage\",\"@id\":\"https:\/\/jornaltimoneiro.com.br\/index.php\/2015\/06\/19\/pacotao-previsao-do-tempo-ecoturismo-e-construcao-de-bacias-de-contencao\/\",\"url\":\"https:\/\/jornaltimoneiro.com.br\/index.php\/2015\/06\/19\/pacotao-previsao-do-tempo-ecoturismo-e-construcao-de-bacias-de-contencao\/\",\"name\":\"PACOT\u00c3O: Previs\u00e3o do tempo, ecoturismo e constru\u00e7\u00e3o de bacias de conten\u00e7\u00e3o - O Timoneiro Jornal Canoas RS\",\"isPartOf\":{\"@id\":\"https:\/\/jornaltimoneiro.com.br\/#website\"},\"datePublished\":\"2015-06-19T13:36:10+00:00\",\"dateModified\":\"2015-06-19T13:36:10+00:00\",\"breadcrumb\":{\"@id\":\"https:\/\/jornaltimoneiro.com.br\/index.php\/2015\/06\/19\/pacotao-previsao-do-tempo-ecoturismo-e-construcao-de-bacias-de-contencao\/#breadcrumb\"},\"inLanguage\":\"pt-BR\",\"potentialAction\":[{\"@type\":\"ReadAction\",\"target\":[\"https:\/\/jornaltimoneiro.com.br\/index.php\/2015\/06\/19\/pacotao-previsao-do-tempo-ecoturismo-e-construcao-de-bacias-de-contencao\/\"]}]},{\"@type\":\"BreadcrumbList\",\"@id\":\"https:\/\/jornaltimoneiro.com.br\/index.php\/2015\/06\/19\/pacotao-previsao-do-tempo-ecoturismo-e-construcao-de-bacias-de-contencao\/#breadcrumb\",\"itemListElement\":[{\"@type\":\"ListItem\",\"position\":1,\"name\":\"In\u00edcio\",\"item\":\"https:\/\/jornaltimoneiro.com.br\/\"},{\"@type\":\"ListItem\",\"position\":2,\"name\":\"PACOT\u00c3O: Previs\u00e3o do tempo, ecoturismo e constru\u00e7\u00e3o de bacias de conten\u00e7\u00e3o\"}]},{\"@type\":\"WebSite\",\"@id\":\"https:\/\/jornaltimoneiro.com.br\/#website\",\"url\":\"https:\/\/jornaltimoneiro.com.br\/\",\"name\":\"Jornal Timoneiro Canoas RS\",\"description\":\"Jornal O Timoneiro, o verdadeiro jornal de Canoas\",\"publisher\":{\"@id\":\"https:\/\/jornaltimoneiro.com.br\/#organization\"},\"potentialAction\":[{\"@type\":\"SearchAction\",\"target\":{\"@type\":\"EntryPoint\",\"urlTemplate\":\"https:\/\/jornaltimoneiro.com.br\/?s={search_term_string}\"},\"query-input\":\"required name=search_term_string\"}],\"inLanguage\":\"pt-BR\"},{\"@type\":\"Organization\",\"@id\":\"https:\/\/jornaltimoneiro.com.br\/#organization\",\"name\":\"Jornal Timoneiro Canoas RS\",\"url\":\"https:\/\/jornaltimoneiro.com.br\/\",\"logo\":{\"@type\":\"ImageObject\",\"inLanguage\":\"pt-BR\",\"@id\":\"https:\/\/jornaltimoneiro.com.br\/#\/schema\/logo\/image\/\",\"url\":\"https:\/\/jornaltimoneiro.com.br\/wp-content\/uploads\/2023\/03\/logonovo.png\",\"contentUrl\":\"https:\/\/jornaltimoneiro.com.br\/wp-content\/uploads\/2023\/03\/logonovo.png\",\"width\":\"469\",\"height\":\"171\",\"caption\":\"Jornal Timoneiro Canoas RS\"},\"image\":{\"@id\":\"https:\/\/jornaltimoneiro.com.br\/#\/schema\/logo\/image\/\"},\"sameAs\":[\"https:\/\/www.facebook.com\/jornaltimoneiro\",\"https:\/\/twitter.com\/_OTimoneiro\",\"https:\/\/www.instagram.com\/jornaltimoneirocanoas\/\",\"https:\/\/www.youtube.com\/@jornalotimoneiro7927\"]},{\"@type\":\"Person\",\"@id\":\"https:\/\/jornaltimoneiro.com.br\/#\/schema\/person\/620efd1d8244466117482be494360b08\",\"name\":\"Reda\u00e7\u00e3o\",\"image\":{\"@type\":\"ImageObject\",\"inLanguage\":\"pt-BR\",\"@id\":\"https:\/\/jornaltimoneiro.com.br\/#\/schema\/person\/image\/\",\"url\":\"https:\/\/secure.gravatar.com\/avatar\/2f04e1b304682a8d9db336c7acd77f08?s=96&d=mm&r=g\",\"contentUrl\":\"https:\/\/secure.gravatar.com\/avatar\/2f04e1b304682a8d9db336c7acd77f08?s=96&d=mm&r=g\",\"caption\":\"Reda\u00e7\u00e3o\"},\"url\":\"https:\/\/jornaltimoneiro.com.br\/index.php\/author\/timoneirocanoas\/\"}]}<\/script>\n<!-- \/ Yoast SEO plugin. -->","yoast_head_json":{"title":"PACOT\u00c3O: Previs\u00e3o do tempo, ecoturismo e constru\u00e7\u00e3o de bacias de conten\u00e7\u00e3o - O Timoneiro Jornal Canoas RS","robots":{"index":"index","follow":"follow","max-snippet":"max-snippet:-1","max-image-preview":"max-image-preview:large","max-video-preview":"max-video-preview:-1"},"canonical":"https:\/\/jornaltimoneiro.com.br\/index.php\/2015\/06\/19\/pacotao-previsao-do-tempo-ecoturismo-e-construcao-de-bacias-de-contencao\/","og_locale":"pt_BR","og_type":"article","og_title":"PACOT\u00c3O: Previs\u00e3o do tempo, ecoturismo e constru\u00e7\u00e3o de bacias de conten\u00e7\u00e3o - O Timoneiro Jornal Canoas RS","og_description":"Bairro Mathias Velho, afetado por alagamentos, n\u00e3o \u00e9 considerado como prioridade no projeto","og_url":"https:\/\/jornaltimoneiro.com.br\/index.php\/2015\/06\/19\/pacotao-previsao-do-tempo-ecoturismo-e-construcao-de-bacias-de-contencao\/","og_site_name":"O Timoneiro Jornal Canoas RS","article_publisher":"https:\/\/www.facebook.com\/jornaltimoneiro","article_published_time":"2015-06-19T13:36:10+00:00","author":"Reda\u00e7\u00e3o","twitter_card":"summary_large_image","twitter_creator":"@_OTimoneiro","twitter_site":"@_OTimoneiro","twitter_misc":{"Escrito por":"Reda\u00e7\u00e3o","Est. tempo de leitura":"4 minutos"},"schema":{"@context":"https:\/\/schema.org","@graph":[{"@type":"Article","@id":"https:\/\/jornaltimoneiro.com.br\/index.php\/2015\/06\/19\/pacotao-previsao-do-tempo-ecoturismo-e-construcao-de-bacias-de-contencao\/#article","isPartOf":{"@id":"https:\/\/jornaltimoneiro.com.br\/index.php\/2015\/06\/19\/pacotao-previsao-do-tempo-ecoturismo-e-construcao-de-bacias-de-contencao\/"},"author":{"name":"Reda\u00e7\u00e3o","@id":"https:\/\/jornaltimoneiro.com.br\/#\/schema\/person\/620efd1d8244466117482be494360b08"},"headline":"PACOT\u00c3O: Previs\u00e3o do tempo, ecoturismo e constru\u00e7\u00e3o de bacias de conten\u00e7\u00e3o","datePublished":"2015-06-19T13:36:10+00:00","dateModified":"2015-06-19T13:36:10+00:00","mainEntityOfPage":{"@id":"https:\/\/jornaltimoneiro.com.br\/index.php\/2015\/06\/19\/pacotao-previsao-do-tempo-ecoturismo-e-construcao-de-bacias-de-contencao\/"},"wordCount":875,"commentCount":0,"publisher":{"@id":"https:\/\/jornaltimoneiro.com.br\/#organization"},"articleSection":["Destaques","Meio Ambiente","Not\u00edcias","Pol\u00edtica"],"inLanguage":"pt-BR","potentialAction":[{"@type":"CommentAction","name":"Comment","target":["https:\/\/jornaltimoneiro.com.br\/index.php\/2015\/06\/19\/pacotao-previsao-do-tempo-ecoturismo-e-construcao-de-bacias-de-contencao\/#respond"]}]},{"@type":"WebPage","@id":"https:\/\/jornaltimoneiro.com.br\/index.php\/2015\/06\/19\/pacotao-previsao-do-tempo-ecoturismo-e-construcao-de-bacias-de-contencao\/","url":"https:\/\/jornaltimoneiro.com.br\/index.php\/2015\/06\/19\/pacotao-previsao-do-tempo-ecoturismo-e-construcao-de-bacias-de-contencao\/","name":"PACOT\u00c3O: Previs\u00e3o do tempo, ecoturismo e constru\u00e7\u00e3o de bacias de conten\u00e7\u00e3o - O Timoneiro Jornal Canoas RS","isPartOf":{"@id":"https:\/\/jornaltimoneiro.com.br\/#website"},"datePublished":"2015-06-19T13:36:10+00:00","dateModified":"2015-06-19T13:36:10+00:00","breadcrumb":{"@id":"https:\/\/jornaltimoneiro.com.br\/index.php\/2015\/06\/19\/pacotao-previsao-do-tempo-ecoturismo-e-construcao-de-bacias-de-contencao\/#breadcrumb"},"inLanguage":"pt-BR","potentialAction":[{"@type":"ReadAction","target":["https:\/\/jornaltimoneiro.com.br\/index.php\/2015\/06\/19\/pacotao-previsao-do-tempo-ecoturismo-e-construcao-de-bacias-de-contencao\/"]}]},{"@type":"BreadcrumbList","@id":"https:\/\/jornaltimoneiro.com.br\/index.php\/2015\/06\/19\/pacotao-previsao-do-tempo-ecoturismo-e-construcao-de-bacias-de-contencao\/#breadcrumb","itemListElement":[{"@type":"ListItem","position":1,"name":"In\u00edcio","item":"https:\/\/jornaltimoneiro.com.br\/"},{"@type":"ListItem","position":2,"name":"PACOT\u00c3O: Previs\u00e3o do tempo, ecoturismo e constru\u00e7\u00e3o de bacias de conten\u00e7\u00e3o"}]},{"@type":"WebSite","@id":"https:\/\/jornaltimoneiro.com.br\/#website","url":"https:\/\/jornaltimoneiro.com.br\/","name":"Jornal Timoneiro Canoas RS","description":"Jornal O Timoneiro, o verdadeiro jornal de Canoas","publisher":{"@id":"https:\/\/jornaltimoneiro.com.br\/#organization"},"potentialAction":[{"@type":"SearchAction","target":{"@type":"EntryPoint","urlTemplate":"https:\/\/jornaltimoneiro.com.br\/?s={search_term_string}"},"query-input":"required name=search_term_string"}],"inLanguage":"pt-BR"},{"@type":"Organization","@id":"https:\/\/jornaltimoneiro.com.br\/#organization","name":"Jornal Timoneiro Canoas RS","url":"https:\/\/jornaltimoneiro.com.br\/","logo":{"@type":"ImageObject","inLanguage":"pt-BR","@id":"https:\/\/jornaltimoneiro.com.br\/#\/schema\/logo\/image\/","url":"https:\/\/jornaltimoneiro.com.br\/wp-content\/uploads\/2023\/03\/logonovo.png","contentUrl":"https:\/\/jornaltimoneiro.com.br\/wp-content\/uploads\/2023\/03\/logonovo.png","width":"469","height":"171","caption":"Jornal Timoneiro Canoas RS"},"image":{"@id":"https:\/\/jornaltimoneiro.com.br\/#\/schema\/logo\/image\/"},"sameAs":["https:\/\/www.facebook.com\/jornaltimoneiro","https:\/\/twitter.com\/_OTimoneiro","https:\/\/www.instagram.com\/jornaltimoneirocanoas\/","https:\/\/www.youtube.com\/@jornalotimoneiro7927"]},{"@type":"Person","@id":"https:\/\/jornaltimoneiro.com.br\/#\/schema\/person\/620efd1d8244466117482be494360b08","name":"Reda\u00e7\u00e3o","image":{"@type":"ImageObject","inLanguage":"pt-BR","@id":"https:\/\/jornaltimoneiro.com.br\/#\/schema\/person\/image\/","url":"https:\/\/secure.gravatar.com\/avatar\/2f04e1b304682a8d9db336c7acd77f08?s=96&d=mm&r=g","contentUrl":"https:\/\/secure.gravatar.com\/avatar\/2f04e1b304682a8d9db336c7acd77f08?s=96&d=mm&r=g","caption":"Reda\u00e7\u00e3o"},"url":"https:\/\/jornaltimoneiro.com.br\/index.php\/author\/timoneirocanoas\/"}]}},"_links":{"self":[{"href":"https:\/\/jornaltimoneiro.com.br\/index.php\/wp-json\/wp\/v2\/posts\/375"}],"collection":[{"href":"https:\/\/jornaltimoneiro.com.br\/index.php\/wp-json\/wp\/v2\/posts"}],"about":[{"href":"https:\/\/jornaltimoneiro.com.br\/index.php\/wp-json\/wp\/v2\/types\/post"}],"author":[{"embeddable":true,"href":"https:\/\/jornaltimoneiro.com.br\/index.php\/wp-json\/wp\/v2\/users\/1"}],"replies":[{"embeddable":true,"href":"https:\/\/jornaltimoneiro.com.br\/index.php\/wp-json\/wp\/v2\/comments?post=375"}],"version-history":[{"count":0,"href":"https:\/\/jornaltimoneiro.com.br\/index.php\/wp-json\/wp\/v2\/posts\/375\/revisions"}],"wp:featuredmedia":[{"embeddable":true,"href":"https:\/\/jornaltimoneiro.com.br\/index.php\/wp-json\/"}],"wp:attachment":[{"href":"https:\/\/jornaltimoneiro.com.br\/index.php\/wp-json\/wp\/v2\/media?parent=375"}],"wp:term":[{"taxonomy":"category","embeddable":true,"href":"https:\/\/jornaltimoneiro.com.br\/index.php\/wp-json\/wp\/v2\/categories?post=375"},{"taxonomy":"post_tag","embeddable":true,"href":"https:\/\/jornaltimoneiro.com.br\/index.php\/wp-json\/wp\/v2\/tags?post=375"}],"curies":[{"name":"wp","href":"https:\/\/api.w.org\/{rel}","templated":true}]}}