{"id":37461,"date":"2025-10-31T12:31:44","date_gmt":"2025-10-31T15:31:44","guid":{"rendered":"https:\/\/jornaltimoneiro.com.br\/?p=37461"},"modified":"2025-10-31T12:31:44","modified_gmt":"2025-10-31T15:31:44","slug":"canoas-sindilojas-cics","status":"publish","type":"post","link":"https:\/\/jornaltimoneiro.com.br\/index.php\/2025\/10\/31\/canoas-sindilojas-cics\/","title":{"rendered":"Sindilojas Canoas comemora 50 anos de representa\u00e7\u00e3o e fortalecimento do com\u00e9rcio local"},"content":{"rendered":"<p>Na noite de quinta-feira, 30, o Sindilojas Canoas realizou o tradicional baile de anivers\u00e1rio para comemorar os seus 50 anos de hist\u00f3ria junto \u00e0 comunidade canoense. O evento aconteceu no sal\u00e3o da CICS Canoas.<\/p>\n<p>Em meados de 1974, um grupo de comerciantes se reuniu e formou a Associa\u00e7\u00e3o do Com\u00e9rcio Varejista de Canoas, com o objetivo de defender os interesses dos lojistas do munic\u00edpio. Na \u00e9poca, o pa\u00eds vivia o regime de exce\u00e7\u00e3o conhecido como anos de chumbo, e a constitui\u00e7\u00e3o de um sindicato enfrentava grandes obst\u00e1culos.<\/p>\n<p>Ap\u00f3s intensa mobiliza\u00e7\u00e3o e com a assessoria do ent\u00e3o Ministro do Trabalho, Arnaldo da Costa Prieto, a associa\u00e7\u00e3o recebeu, em 30 de outubro de 1975, a Carta Constitutiva do Sindicato do Com\u00e9rcio Varejista de Canoas, concretizando a cria\u00e7\u00e3o do Sindilojas Canoas.<\/p>\n<p>O Sindilojas Canoas \u00e9 uma entidade de classe empresarial, filiada \u00e0 Confedera\u00e7\u00e3o Nacional do Com\u00e9rcio de Bens, Servi\u00e7os e Turismo (CNC) e \u00e0 Federa\u00e7\u00e3o do Com\u00e9rcio de Bens e Servi\u00e7os do Estado do Rio Grande do Sul (Sistema Fecom\u00e9rcio-RS, SESC, SENAC e IFEP). A entidade congrega lojistas de Canoas, Esteio, Nova Santa Rita, Santo Ant\u00f4nio da Patrulha, Sapucaia do Sul e Triunfo.<\/p>\n<p>Entre suas principais atribui\u00e7\u00f5es, o sindicato realiza negocia\u00e7\u00f5es de Conven\u00e7\u00f5es e Acordos Coletivos em suas quatro datas-base (mar\u00e7o, abril, junho e novembro). Oferece assist\u00eancia jur\u00eddica a associados, mant\u00e9m conv\u00eanios com planos de sa\u00fade que incluem interna\u00e7\u00f5es hospitalares e conta com um corpo t\u00e9cnico de assessores para orientar as empresas vinculadas. Al\u00e9m disso, desenvolve atividades culturais, sociais e empresariais que visam integrar capital e trabalho.<\/p>\n<p>O Sindilojas Canoas se destaca como uma entidade pujante, representando os munic\u00edpios de sua base territorial em conven\u00e7\u00f5es e eventos por todo o pa\u00eds, evidenciando o perfil trabalhador e ordeiro dos lojistas da regi\u00e3o. A entidade mant\u00e9m o compromisso de representar de forma consistente e eficiente os interesses dos lojistas da regi\u00e3o.<\/p>\n<h4><strong>Import\u00e2ncia no setor cultural<\/strong><\/h4>\n<p>O diretor do Sesc Canoas, Cleber Fabiano Arruda, destacou a import\u00e2ncia do Sindilojas Canoas para a cidade.<\/p>\n<blockquote><p>\u201cO Sesc Canoas deve muito ao Sindilojas, uma entidade fortalecida dos empres\u00e1rios e que lutou muito para vinda do Sesc para Canoas. Hoje o Sesc oferece in\u00fameros benef\u00edcios para os trabalhadores do com\u00e9rcio, promovendo qualidade de vida atrav\u00e9s da cultura, atividades f\u00edsicas, educa\u00e7\u00e3o. E todo este benef\u00edcio foi atrav\u00e9s desta parceria do Sistema Fecomercio, do qual o Sindicato e o Sesc fazem parte. Parabenizamos o Sindilojas pelos 50 anos e desejamos que eles continuem cada vez mais impactando e contribuindo com a sociedade canoense&#8221;, disse<\/p><\/blockquote>\n","protected":false},"excerpt":{"rendered":"<p>Na noite de quinta-feira, 30, o Sindilojas Canoas realizou o tradicional baile de anivers\u00e1rio para comemorar os seus 50 anos de hist\u00f3ria junto \u00e0 comunidade canoense. O evento aconteceu no sal\u00e3o da CICS Canoas. Em meados de 1974, um grupo de comerciantes se reuniu e formou a Associa\u00e7\u00e3o do Com\u00e9rcio Varejista de Canoas, com o [&hellip;]<\/p>\n","protected":false},"author":2,"featured_media":37462,"comment_status":"open","ping_status":"open","sticky":false,"template":"","format":"standard","meta":{"amp_status":"","footnotes":""},"categories":[4908],"tags":[307,31,655,190,550],"class_list":["post-37461","post","type-post","status-publish","format-standard","has-post-thumbnail","hentry","category-aniversario","tag-aniversario","tag-canoas","tag-cics-canoas","tag-featured","tag-sindilojas"],"yoast_head":"<!-- This site is optimized with the Yoast SEO plugin v20.5 - https:\/\/yoast.com\/wordpress\/plugins\/seo\/ -->\n<title>Sindilojas Canoas comemora 50 anos de representa\u00e7\u00e3o e fortalecimento do com\u00e9rcio local - O Timoneiro Jornal Canoas RS<\/title>\n<meta name=\"description\" content=\"O Sindilojas Canoas representa e fortalece o com\u00e9rcio varejista da regi\u00e3o, oferecendo suporte, negocia\u00e7\u00f5es e benef\u00edcios aos lojistas de seis munic\u00edpios desde 1975\" \/>\n<meta name=\"robots\" content=\"index, follow, max-snippet:-1, max-image-preview:large, max-video-preview:-1\" \/>\n<link rel=\"canonical\" href=\"https:\/\/jornaltimoneiro.com.br\/index.php\/2025\/10\/31\/canoas-sindilojas-cics\/\" \/>\n<meta property=\"og:locale\" content=\"pt_BR\" \/>\n<meta property=\"og:type\" content=\"article\" \/>\n<meta property=\"og:title\" content=\"Sindilojas Canoas comemora 50 anos de representa\u00e7\u00e3o e fortalecimento do com\u00e9rcio local - O Timoneiro Jornal Canoas RS\" \/>\n<meta property=\"og:description\" content=\"O Sindilojas Canoas representa e fortalece o com\u00e9rcio varejista da regi\u00e3o, oferecendo suporte, negocia\u00e7\u00f5es e benef\u00edcios aos lojistas de seis munic\u00edpios desde 1975\" \/>\n<meta property=\"og:url\" content=\"https:\/\/jornaltimoneiro.com.br\/index.php\/2025\/10\/31\/canoas-sindilojas-cics\/\" \/>\n<meta property=\"og:site_name\" content=\"O Timoneiro Jornal Canoas RS\" \/>\n<meta property=\"article:publisher\" content=\"https:\/\/www.facebook.com\/jornaltimoneiro\" \/>\n<meta property=\"article:published_time\" content=\"2025-10-31T15:31:44+00:00\" \/>\n<meta property=\"og:image\" content=\"https:\/\/jornaltimoneiro.com.br\/wp-content\/uploads\/2025\/10\/WhatsApp-Image-2025-10-31-at-12.04.54-scaled.jpeg\" \/>\n\t<meta property=\"og:image:width\" content=\"2560\" \/>\n\t<meta property=\"og:image:height\" content=\"1920\" \/>\n\t<meta property=\"og:image:type\" content=\"image\/jpeg\" \/>\n<meta name=\"author\" content=\"Reda\u00e7\u00e3o\" \/>\n<meta name=\"twitter:card\" content=\"summary_large_image\" \/>\n<meta name=\"twitter:creator\" content=\"@_OTimoneiro\" \/>\n<meta name=\"twitter:site\" content=\"@_OTimoneiro\" \/>\n<meta name=\"twitter:label1\" content=\"Escrito por\" \/>\n\t<meta name=\"twitter:data1\" content=\"Reda\u00e7\u00e3o\" \/>\n\t<meta name=\"twitter:label2\" content=\"Est. tempo de leitura\" \/>\n\t<meta name=\"twitter:data2\" content=\"3 minutos\" \/>\n<script type=\"application\/ld+json\" class=\"yoast-schema-graph\">{\"@context\":\"https:\/\/schema.org\",\"@graph\":[{\"@type\":\"Article\",\"@id\":\"https:\/\/jornaltimoneiro.com.br\/index.php\/2025\/10\/31\/canoas-sindilojas-cics\/#article\",\"isPartOf\":{\"@id\":\"https:\/\/jornaltimoneiro.com.br\/index.php\/2025\/10\/31\/canoas-sindilojas-cics\/\"},\"author\":{\"name\":\"Reda\u00e7\u00e3o\",\"@id\":\"https:\/\/jornaltimoneiro.com.br\/#\/schema\/person\/f63482f1a02b1a9592707865e509ab40\"},\"headline\":\"Sindilojas Canoas comemora 50 anos de representa\u00e7\u00e3o e fortalecimento do com\u00e9rcio local\",\"datePublished\":\"2025-10-31T15:31:44+00:00\",\"dateModified\":\"2025-10-31T15:31:44+00:00\",\"mainEntityOfPage\":{\"@id\":\"https:\/\/jornaltimoneiro.com.br\/index.php\/2025\/10\/31\/canoas-sindilojas-cics\/\"},\"wordCount\":468,\"commentCount\":0,\"publisher\":{\"@id\":\"https:\/\/jornaltimoneiro.com.br\/#organization\"},\"keywords\":[\"anivers\u00e1rio\",\"canoas\",\"CICS Canoas\",\"featured\",\"sindilojas\"],\"articleSection\":[\"ANIVERS\u00c1RIO\"],\"inLanguage\":\"pt-BR\",\"potentialAction\":[{\"@type\":\"CommentAction\",\"name\":\"Comment\",\"target\":[\"https:\/\/jornaltimoneiro.com.br\/index.php\/2025\/10\/31\/canoas-sindilojas-cics\/#respond\"]}]},{\"@type\":\"WebPage\",\"@id\":\"https:\/\/jornaltimoneiro.com.br\/index.php\/2025\/10\/31\/canoas-sindilojas-cics\/\",\"url\":\"https:\/\/jornaltimoneiro.com.br\/index.php\/2025\/10\/31\/canoas-sindilojas-cics\/\",\"name\":\"Sindilojas Canoas comemora 50 anos de representa\u00e7\u00e3o e fortalecimento do com\u00e9rcio local - O Timoneiro Jornal Canoas RS\",\"isPartOf\":{\"@id\":\"https:\/\/jornaltimoneiro.com.br\/#website\"},\"datePublished\":\"2025-10-31T15:31:44+00:00\",\"dateModified\":\"2025-10-31T15:31:44+00:00\",\"description\":\"O Sindilojas Canoas representa e fortalece o com\u00e9rcio varejista da regi\u00e3o, oferecendo suporte, negocia\u00e7\u00f5es e benef\u00edcios aos lojistas de seis munic\u00edpios desde 1975\",\"breadcrumb\":{\"@id\":\"https:\/\/jornaltimoneiro.com.br\/index.php\/2025\/10\/31\/canoas-sindilojas-cics\/#breadcrumb\"},\"inLanguage\":\"pt-BR\",\"potentialAction\":[{\"@type\":\"ReadAction\",\"target\":[\"https:\/\/jornaltimoneiro.com.br\/index.php\/2025\/10\/31\/canoas-sindilojas-cics\/\"]}]},{\"@type\":\"BreadcrumbList\",\"@id\":\"https:\/\/jornaltimoneiro.com.br\/index.php\/2025\/10\/31\/canoas-sindilojas-cics\/#breadcrumb\",\"itemListElement\":[{\"@type\":\"ListItem\",\"position\":1,\"name\":\"In\u00edcio\",\"item\":\"https:\/\/jornaltimoneiro.com.br\/\"},{\"@type\":\"ListItem\",\"position\":2,\"name\":\"Sindilojas Canoas comemora 50 anos de representa\u00e7\u00e3o e fortalecimento do com\u00e9rcio local\"}]},{\"@type\":\"WebSite\",\"@id\":\"https:\/\/jornaltimoneiro.com.br\/#website\",\"url\":\"https:\/\/jornaltimoneiro.com.br\/\",\"name\":\"Jornal Timoneiro Canoas RS\",\"description\":\"Jornal O Timoneiro, o verdadeiro jornal de Canoas\",\"publisher\":{\"@id\":\"https:\/\/jornaltimoneiro.com.br\/#organization\"},\"potentialAction\":[{\"@type\":\"SearchAction\",\"target\":{\"@type\":\"EntryPoint\",\"urlTemplate\":\"https:\/\/jornaltimoneiro.com.br\/?s={search_term_string}\"},\"query-input\":\"required name=search_term_string\"}],\"inLanguage\":\"pt-BR\"},{\"@type\":\"Organization\",\"@id\":\"https:\/\/jornaltimoneiro.com.br\/#organization\",\"name\":\"Jornal Timoneiro Canoas RS\",\"url\":\"https:\/\/jornaltimoneiro.com.br\/\",\"logo\":{\"@type\":\"ImageObject\",\"inLanguage\":\"pt-BR\",\"@id\":\"https:\/\/jornaltimoneiro.com.br\/#\/schema\/logo\/image\/\",\"url\":\"https:\/\/jornaltimoneiro.com.br\/wp-content\/uploads\/2023\/03\/logonovo.png\",\"contentUrl\":\"https:\/\/jornaltimoneiro.com.br\/wp-content\/uploads\/2023\/03\/logonovo.png\",\"width\":\"469\",\"height\":\"171\",\"caption\":\"Jornal Timoneiro Canoas RS\"},\"image\":{\"@id\":\"https:\/\/jornaltimoneiro.com.br\/#\/schema\/logo\/image\/\"},\"sameAs\":[\"https:\/\/www.facebook.com\/jornaltimoneiro\",\"https:\/\/twitter.com\/_OTimoneiro\",\"https:\/\/www.instagram.com\/jornaltimoneirocanoas\/\",\"https:\/\/www.youtube.com\/@jornalotimoneiro7927\"]},{\"@type\":\"Person\",\"@id\":\"https:\/\/jornaltimoneiro.com.br\/#\/schema\/person\/f63482f1a02b1a9592707865e509ab40\",\"name\":\"Reda\u00e7\u00e3o\",\"image\":{\"@type\":\"ImageObject\",\"inLanguage\":\"pt-BR\",\"@id\":\"https:\/\/jornaltimoneiro.com.br\/#\/schema\/person\/image\/\",\"url\":\"https:\/\/jornaltimoneiro.com.br\/wp-content\/uploads\/2023\/03\/download.jpeg\",\"contentUrl\":\"https:\/\/jornaltimoneiro.com.br\/wp-content\/uploads\/2023\/03\/download.jpeg\",\"caption\":\"Reda\u00e7\u00e3o\"},\"url\":\"https:\/\/jornaltimoneiro.com.br\/index.php\/author\/simone-dutra\/\"}]}<\/script>\n<!-- \/ Yoast SEO plugin. -->","yoast_head_json":{"title":"Sindilojas Canoas comemora 50 anos de representa\u00e7\u00e3o e fortalecimento do com\u00e9rcio local - O Timoneiro Jornal Canoas RS","description":"O Sindilojas Canoas representa e fortalece o com\u00e9rcio varejista da regi\u00e3o, oferecendo suporte, negocia\u00e7\u00f5es e benef\u00edcios aos lojistas de seis munic\u00edpios desde 1975","robots":{"index":"index","follow":"follow","max-snippet":"max-snippet:-1","max-image-preview":"max-image-preview:large","max-video-preview":"max-video-preview:-1"},"canonical":"https:\/\/jornaltimoneiro.com.br\/index.php\/2025\/10\/31\/canoas-sindilojas-cics\/","og_locale":"pt_BR","og_type":"article","og_title":"Sindilojas Canoas comemora 50 anos de representa\u00e7\u00e3o e fortalecimento do com\u00e9rcio local - O Timoneiro Jornal Canoas RS","og_description":"O Sindilojas Canoas representa e fortalece o com\u00e9rcio varejista da regi\u00e3o, oferecendo suporte, negocia\u00e7\u00f5es e benef\u00edcios aos lojistas de seis munic\u00edpios desde 1975","og_url":"https:\/\/jornaltimoneiro.com.br\/index.php\/2025\/10\/31\/canoas-sindilojas-cics\/","og_site_name":"O Timoneiro Jornal Canoas RS","article_publisher":"https:\/\/www.facebook.com\/jornaltimoneiro","article_published_time":"2025-10-31T15:31:44+00:00","og_image":[{"width":"2560","height":"1920","url":"https:\/\/jornaltimoneiro.com.br\/wp-content\/uploads\/2025\/10\/WhatsApp-Image-2025-10-31-at-12.04.54-scaled.jpeg","type":"image\/jpeg"}],"author":"Reda\u00e7\u00e3o","twitter_card":"summary_large_image","twitter_creator":"@_OTimoneiro","twitter_site":"@_OTimoneiro","twitter_misc":{"Escrito por":"Reda\u00e7\u00e3o","Est. tempo de leitura":"3 minutos"},"schema":{"@context":"https:\/\/schema.org","@graph":[{"@type":"Article","@id":"https:\/\/jornaltimoneiro.com.br\/index.php\/2025\/10\/31\/canoas-sindilojas-cics\/#article","isPartOf":{"@id":"https:\/\/jornaltimoneiro.com.br\/index.php\/2025\/10\/31\/canoas-sindilojas-cics\/"},"author":{"name":"Reda\u00e7\u00e3o","@id":"https:\/\/jornaltimoneiro.com.br\/#\/schema\/person\/f63482f1a02b1a9592707865e509ab40"},"headline":"Sindilojas Canoas comemora 50 anos de representa\u00e7\u00e3o e fortalecimento do com\u00e9rcio local","datePublished":"2025-10-31T15:31:44+00:00","dateModified":"2025-10-31T15:31:44+00:00","mainEntityOfPage":{"@id":"https:\/\/jornaltimoneiro.com.br\/index.php\/2025\/10\/31\/canoas-sindilojas-cics\/"},"wordCount":468,"commentCount":0,"publisher":{"@id":"https:\/\/jornaltimoneiro.com.br\/#organization"},"keywords":["anivers\u00e1rio","canoas","CICS Canoas","featured","sindilojas"],"articleSection":["ANIVERS\u00c1RIO"],"inLanguage":"pt-BR","potentialAction":[{"@type":"CommentAction","name":"Comment","target":["https:\/\/jornaltimoneiro.com.br\/index.php\/2025\/10\/31\/canoas-sindilojas-cics\/#respond"]}]},{"@type":"WebPage","@id":"https:\/\/jornaltimoneiro.com.br\/index.php\/2025\/10\/31\/canoas-sindilojas-cics\/","url":"https:\/\/jornaltimoneiro.com.br\/index.php\/2025\/10\/31\/canoas-sindilojas-cics\/","name":"Sindilojas Canoas comemora 50 anos de representa\u00e7\u00e3o e fortalecimento do com\u00e9rcio local - O Timoneiro Jornal Canoas RS","isPartOf":{"@id":"https:\/\/jornaltimoneiro.com.br\/#website"},"datePublished":"2025-10-31T15:31:44+00:00","dateModified":"2025-10-31T15:31:44+00:00","description":"O Sindilojas Canoas representa e fortalece o com\u00e9rcio varejista da regi\u00e3o, oferecendo suporte, negocia\u00e7\u00f5es e benef\u00edcios aos lojistas de seis munic\u00edpios desde 1975","breadcrumb":{"@id":"https:\/\/jornaltimoneiro.com.br\/index.php\/2025\/10\/31\/canoas-sindilojas-cics\/#breadcrumb"},"inLanguage":"pt-BR","potentialAction":[{"@type":"ReadAction","target":["https:\/\/jornaltimoneiro.com.br\/index.php\/2025\/10\/31\/canoas-sindilojas-cics\/"]}]},{"@type":"BreadcrumbList","@id":"https:\/\/jornaltimoneiro.com.br\/index.php\/2025\/10\/31\/canoas-sindilojas-cics\/#breadcrumb","itemListElement":[{"@type":"ListItem","position":1,"name":"In\u00edcio","item":"https:\/\/jornaltimoneiro.com.br\/"},{"@type":"ListItem","position":2,"name":"Sindilojas Canoas comemora 50 anos de representa\u00e7\u00e3o e fortalecimento do com\u00e9rcio local"}]},{"@type":"WebSite","@id":"https:\/\/jornaltimoneiro.com.br\/#website","url":"https:\/\/jornaltimoneiro.com.br\/","name":"Jornal Timoneiro Canoas RS","description":"Jornal O Timoneiro, o verdadeiro jornal de Canoas","publisher":{"@id":"https:\/\/jornaltimoneiro.com.br\/#organization"},"potentialAction":[{"@type":"SearchAction","target":{"@type":"EntryPoint","urlTemplate":"https:\/\/jornaltimoneiro.com.br\/?s={search_term_string}"},"query-input":"required name=search_term_string"}],"inLanguage":"pt-BR"},{"@type":"Organization","@id":"https:\/\/jornaltimoneiro.com.br\/#organization","name":"Jornal Timoneiro Canoas RS","url":"https:\/\/jornaltimoneiro.com.br\/","logo":{"@type":"ImageObject","inLanguage":"pt-BR","@id":"https:\/\/jornaltimoneiro.com.br\/#\/schema\/logo\/image\/","url":"https:\/\/jornaltimoneiro.com.br\/wp-content\/uploads\/2023\/03\/logonovo.png","contentUrl":"https:\/\/jornaltimoneiro.com.br\/wp-content\/uploads\/2023\/03\/logonovo.png","width":"469","height":"171","caption":"Jornal Timoneiro Canoas RS"},"image":{"@id":"https:\/\/jornaltimoneiro.com.br\/#\/schema\/logo\/image\/"},"sameAs":["https:\/\/www.facebook.com\/jornaltimoneiro","https:\/\/twitter.com\/_OTimoneiro","https:\/\/www.instagram.com\/jornaltimoneirocanoas\/","https:\/\/www.youtube.com\/@jornalotimoneiro7927"]},{"@type":"Person","@id":"https:\/\/jornaltimoneiro.com.br\/#\/schema\/person\/f63482f1a02b1a9592707865e509ab40","name":"Reda\u00e7\u00e3o","image":{"@type":"ImageObject","inLanguage":"pt-BR","@id":"https:\/\/jornaltimoneiro.com.br\/#\/schema\/person\/image\/","url":"https:\/\/jornaltimoneiro.com.br\/wp-content\/uploads\/2023\/03\/download.jpeg","contentUrl":"https:\/\/jornaltimoneiro.com.br\/wp-content\/uploads\/2023\/03\/download.jpeg","caption":"Reda\u00e7\u00e3o"},"url":"https:\/\/jornaltimoneiro.com.br\/index.php\/author\/simone-dutra\/"}]}},"_links":{"self":[{"href":"https:\/\/jornaltimoneiro.com.br\/index.php\/wp-json\/wp\/v2\/posts\/37461"}],"collection":[{"href":"https:\/\/jornaltimoneiro.com.br\/index.php\/wp-json\/wp\/v2\/posts"}],"about":[{"href":"https:\/\/jornaltimoneiro.com.br\/index.php\/wp-json\/wp\/v2\/types\/post"}],"author":[{"embeddable":true,"href":"https:\/\/jornaltimoneiro.com.br\/index.php\/wp-json\/wp\/v2\/users\/2"}],"replies":[{"embeddable":true,"href":"https:\/\/jornaltimoneiro.com.br\/index.php\/wp-json\/wp\/v2\/comments?post=37461"}],"version-history":[{"count":1,"href":"https:\/\/jornaltimoneiro.com.br\/index.php\/wp-json\/wp\/v2\/posts\/37461\/revisions"}],"predecessor-version":[{"id":37463,"href":"https:\/\/jornaltimoneiro.com.br\/index.php\/wp-json\/wp\/v2\/posts\/37461\/revisions\/37463"}],"wp:featuredmedia":[{"embeddable":true,"href":"https:\/\/jornaltimoneiro.com.br\/index.php\/wp-json\/wp\/v2\/media\/37462"}],"wp:attachment":[{"href":"https:\/\/jornaltimoneiro.com.br\/index.php\/wp-json\/wp\/v2\/media?parent=37461"}],"wp:term":[{"taxonomy":"category","embeddable":true,"href":"https:\/\/jornaltimoneiro.com.br\/index.php\/wp-json\/wp\/v2\/categories?post=37461"},{"taxonomy":"post_tag","embeddable":true,"href":"https:\/\/jornaltimoneiro.com.br\/index.php\/wp-json\/wp\/v2\/tags?post=37461"}],"curies":[{"name":"wp","href":"https:\/\/api.w.org\/{rel}","templated":true}]}}