{"id":37444,"date":"2025-10-29T15:04:16","date_gmt":"2025-10-29T18:04:16","guid":{"rendered":"https:\/\/jornaltimoneiro.com.br\/?p=37444"},"modified":"2025-10-29T15:04:16","modified_gmt":"2025-10-29T18:04:16","slug":"governo-do-rj-confirma-121-mortos-em-megaoperacao-nos-complexos-do-alemao-e-da-penha-4-eram-policiais","status":"publish","type":"post","link":"https:\/\/jornaltimoneiro.com.br\/index.php\/2025\/10\/29\/governo-do-rj-confirma-121-mortos-em-megaoperacao-nos-complexos-do-alemao-e-da-penha-4-eram-policiais\/","title":{"rendered":"Governo do RJ confirma 121 mortos em megaopera\u00e7\u00e3o nos complexos do Alem\u00e3o e da Penha; 4 eram policiais"},"content":{"rendered":"<p data-start=\"177\" data-end=\"575\">O governo do Rio de Janeiro confirmou nesta quarta-feira, 29, que 121 pessoas morreram durante a megaopera\u00e7\u00e3o policial realizada nos complexos do Alem\u00e3o e da Penha, na Zona Norte da capital. Segundo o secret\u00e1rio da Pol\u00edcia Civil, Felipe Curi, entre as v\u00edtimas est\u00e3o quatro policiais e 117 suspeitos de envolvimento com o tr\u00e1fico de drogas. A a\u00e7\u00e3o \u00e9 considerada a mais letal da hist\u00f3ria do estado.<\/p>\n<p data-start=\"577\" data-end=\"883\">Moradores da Penha afirmam ter encontrado dezenas de corpos em \u00e1reas de mata, que foram levados para a Pra\u00e7a S\u00e3o Lucas, na Estrada Jos\u00e9 Rucas. A Pol\u00edcia Civil informou que 63 corpos foram localizados na regi\u00e3o da Vacaria, na Serra da Miseric\u00f3rdia, local de intensos confrontos entre agentes e criminosos.<\/p>\n<p data-start=\"885\" data-end=\"1190\">O n\u00famero de mortos foi atualizado ao longo dos \u00faltimos dias. Na ter\u00e7a-feira (28), o governo havia informado 64 mortes. J\u00e1 na manh\u00e3 desta quarta, o governador Cl\u00e1udio Castro (PL) confirmou 58 \u00f3bitos, sem explicar a diverg\u00eancia. Mais tarde, a c\u00fapula da Seguran\u00e7a P\u00fablica consolidou o n\u00famero em 121 mortos.<\/p>\n<p data-start=\"1192\" data-end=\"1447\">Durante entrevista coletiva, o governador classificou a opera\u00e7\u00e3o como \u201cum sucesso\u201d e afirmou que apenas os quatro policiais mortos s\u00e3o \u201cv\u00edtimas\u201d. Ele destacou que os dados oficiais consideram apenas os corpos registrados no Instituto M\u00e9dico-Legal (IML).<\/p>\n<p data-start=\"1449\" data-end=\"1812\">O secret\u00e1rio da Pol\u00edcia Militar, Marcelo de Menezes, explicou que a estrat\u00e9gia da opera\u00e7\u00e3o envolveu o cerco de criminosos na Serra da Miseric\u00f3rdia por meio de uma t\u00e1tica chamada \u201cMuro do Bope\u201d. J\u00e1 o secret\u00e1rio de Seguran\u00e7a P\u00fablica, Victor Santos, disse que o \u201cdano colateral\u201d foi \u201cmuito pequeno\u201d, mencionando quatro mortes de civis sem envolvimento com o crime.<\/p>\n<p data-start=\"1814\" data-end=\"2123\">Ao todo, 2,5 mil agentes das pol\u00edcias Civil e Militar participaram da a\u00e7\u00e3o, que tamb\u00e9m resultou em 113 pris\u00f5es \u2014 incluindo 33 suspeitos de outros estados, como Amazonas, Cear\u00e1, Par\u00e1 e Pernambuco. A per\u00edcia vai apurar se os corpos encontrados pelos moradores t\u00eam rela\u00e7\u00e3o direta com os confrontos da opera\u00e7\u00e3o.<\/p>\n","protected":false},"excerpt":{"rendered":"<p>O governo do Rio de Janeiro confirmou nesta quarta-feira, 29, que 121 pessoas morreram durante a megaopera\u00e7\u00e3o policial realizada nos complexos do Alem\u00e3o e da Penha, na Zona Norte da capital. Segundo o secret\u00e1rio da Pol\u00edcia Civil, Felipe Curi, entre as v\u00edtimas est\u00e3o quatro policiais e 117 suspeitos de envolvimento com o tr\u00e1fico de drogas. [&hellip;]<\/p>\n","protected":false},"author":2,"featured_media":37445,"comment_status":"open","ping_status":"open","sticky":false,"template":"","format":"standard","meta":{"amp_status":"","footnotes":""},"categories":[30],"tags":[225,4900,4901,4902,4903,190,4898,4899,944,2526,1596,1784],"class_list":["post-37444","post","type-post","status-publish","format-standard","has-post-thumbnail","hentry","category-policial","tag-brasil","tag-comando-vermelho","tag-complexo-dapenha","tag-complexodo-alemao","tag-crime-organizado","tag-featured","tag-governo-do-rj","tag-megaoperacao","tag-mortos","tag-policiais","tag-rio-de-janeiro","tag-rj"],"yoast_head":"<!-- This site is optimized with the Yoast SEO plugin v20.5 - https:\/\/yoast.com\/wordpress\/plugins\/seo\/ -->\n<title>Governo do RJ confirma 121 mortos em megaopera\u00e7\u00e3o nos complexos do Alem\u00e3o e da Penha; 4 eram policiais - O Timoneiro Jornal Canoas RS<\/title>\n<meta name=\"description\" content=\"Governo do Rio de Janeiro confirma 121 mortos em megaopera\u00e7\u00e3o nos complexos do Alem\u00e3o e da Penha; 4 eram policiais\" \/>\n<meta name=\"robots\" content=\"index, follow, max-snippet:-1, max-image-preview:large, max-video-preview:-1\" \/>\n<link rel=\"canonical\" href=\"https:\/\/jornaltimoneiro.com.br\/index.php\/2025\/10\/29\/governo-do-rj-confirma-121-mortos-em-megaoperacao-nos-complexos-do-alemao-e-da-penha-4-eram-policiais\/\" \/>\n<meta property=\"og:locale\" content=\"pt_BR\" \/>\n<meta property=\"og:type\" content=\"article\" \/>\n<meta property=\"og:title\" content=\"Governo do RJ confirma 121 mortos em megaopera\u00e7\u00e3o nos complexos do Alem\u00e3o e da Penha; 4 eram policiais - O Timoneiro Jornal Canoas RS\" \/>\n<meta property=\"og:description\" content=\"Governo do Rio de Janeiro confirma 121 mortos em megaopera\u00e7\u00e3o nos complexos do Alem\u00e3o e da Penha; 4 eram policiais\" \/>\n<meta property=\"og:url\" content=\"https:\/\/jornaltimoneiro.com.br\/index.php\/2025\/10\/29\/governo-do-rj-confirma-121-mortos-em-megaoperacao-nos-complexos-do-alemao-e-da-penha-4-eram-policiais\/\" \/>\n<meta property=\"og:site_name\" content=\"O Timoneiro Jornal Canoas RS\" \/>\n<meta property=\"article:publisher\" content=\"https:\/\/www.facebook.com\/jornaltimoneiro\" \/>\n<meta property=\"article:published_time\" content=\"2025-10-29T18:04:16+00:00\" \/>\n<meta property=\"og:image\" content=\"https:\/\/jornaltimoneiro.com.br\/wp-content\/uploads\/2025\/10\/Governo-do-RJ-confirma-121-mortos-em-megaoperacao-nos-complexos-do-Alemao-e-da-Penha-4-eram-policiais.jpeg\" \/>\n\t<meta property=\"og:image:width\" content=\"1080\" \/>\n\t<meta property=\"og:image:height\" content=\"646\" \/>\n\t<meta property=\"og:image:type\" content=\"image\/jpeg\" \/>\n<meta name=\"author\" content=\"Reda\u00e7\u00e3o\" \/>\n<meta name=\"twitter:card\" content=\"summary_large_image\" \/>\n<meta name=\"twitter:creator\" content=\"@_OTimoneiro\" \/>\n<meta name=\"twitter:site\" content=\"@_OTimoneiro\" \/>\n<meta name=\"twitter:label1\" content=\"Escrito por\" \/>\n\t<meta name=\"twitter:data1\" content=\"Reda\u00e7\u00e3o\" \/>\n\t<meta name=\"twitter:label2\" content=\"Est. tempo de leitura\" \/>\n\t<meta name=\"twitter:data2\" content=\"2 minutos\" \/>\n<script type=\"application\/ld+json\" class=\"yoast-schema-graph\">{\"@context\":\"https:\/\/schema.org\",\"@graph\":[{\"@type\":\"Article\",\"@id\":\"https:\/\/jornaltimoneiro.com.br\/index.php\/2025\/10\/29\/governo-do-rj-confirma-121-mortos-em-megaoperacao-nos-complexos-do-alemao-e-da-penha-4-eram-policiais\/#article\",\"isPartOf\":{\"@id\":\"https:\/\/jornaltimoneiro.com.br\/index.php\/2025\/10\/29\/governo-do-rj-confirma-121-mortos-em-megaoperacao-nos-complexos-do-alemao-e-da-penha-4-eram-policiais\/\"},\"author\":{\"name\":\"Reda\u00e7\u00e3o\",\"@id\":\"https:\/\/jornaltimoneiro.com.br\/#\/schema\/person\/f63482f1a02b1a9592707865e509ab40\"},\"headline\":\"Governo do RJ confirma 121 mortos em megaopera\u00e7\u00e3o nos complexos do Alem\u00e3o e da Penha; 4 eram policiais\",\"datePublished\":\"2025-10-29T18:04:16+00:00\",\"dateModified\":\"2025-10-29T18:04:16+00:00\",\"mainEntityOfPage\":{\"@id\":\"https:\/\/jornaltimoneiro.com.br\/index.php\/2025\/10\/29\/governo-do-rj-confirma-121-mortos-em-megaoperacao-nos-complexos-do-alemao-e-da-penha-4-eram-policiais\/\"},\"wordCount\":358,\"commentCount\":0,\"publisher\":{\"@id\":\"https:\/\/jornaltimoneiro.com.br\/#organization\"},\"keywords\":[\"Brasil\",\"comando vermelho\",\"complexo dapenha\",\"complexodo alem\u00e3o\",\"crime organizado\",\"featured\",\"governo do RJ\",\"megaopera\u00e7\u00e3o\",\"mortos\",\"policiais\",\"Rio de Janeiro\",\"RJ\"],\"articleSection\":[\"Policial\"],\"inLanguage\":\"pt-BR\",\"potentialAction\":[{\"@type\":\"CommentAction\",\"name\":\"Comment\",\"target\":[\"https:\/\/jornaltimoneiro.com.br\/index.php\/2025\/10\/29\/governo-do-rj-confirma-121-mortos-em-megaoperacao-nos-complexos-do-alemao-e-da-penha-4-eram-policiais\/#respond\"]}]},{\"@type\":\"WebPage\",\"@id\":\"https:\/\/jornaltimoneiro.com.br\/index.php\/2025\/10\/29\/governo-do-rj-confirma-121-mortos-em-megaoperacao-nos-complexos-do-alemao-e-da-penha-4-eram-policiais\/\",\"url\":\"https:\/\/jornaltimoneiro.com.br\/index.php\/2025\/10\/29\/governo-do-rj-confirma-121-mortos-em-megaoperacao-nos-complexos-do-alemao-e-da-penha-4-eram-policiais\/\",\"name\":\"Governo do RJ confirma 121 mortos em megaopera\u00e7\u00e3o nos complexos do Alem\u00e3o e da Penha; 4 eram policiais - O Timoneiro Jornal Canoas RS\",\"isPartOf\":{\"@id\":\"https:\/\/jornaltimoneiro.com.br\/#website\"},\"datePublished\":\"2025-10-29T18:04:16+00:00\",\"dateModified\":\"2025-10-29T18:04:16+00:00\",\"description\":\"Governo do Rio de Janeiro confirma 121 mortos em megaopera\u00e7\u00e3o nos complexos do Alem\u00e3o e da Penha; 4 eram policiais\",\"breadcrumb\":{\"@id\":\"https:\/\/jornaltimoneiro.com.br\/index.php\/2025\/10\/29\/governo-do-rj-confirma-121-mortos-em-megaoperacao-nos-complexos-do-alemao-e-da-penha-4-eram-policiais\/#breadcrumb\"},\"inLanguage\":\"pt-BR\",\"potentialAction\":[{\"@type\":\"ReadAction\",\"target\":[\"https:\/\/jornaltimoneiro.com.br\/index.php\/2025\/10\/29\/governo-do-rj-confirma-121-mortos-em-megaoperacao-nos-complexos-do-alemao-e-da-penha-4-eram-policiais\/\"]}]},{\"@type\":\"BreadcrumbList\",\"@id\":\"https:\/\/jornaltimoneiro.com.br\/index.php\/2025\/10\/29\/governo-do-rj-confirma-121-mortos-em-megaoperacao-nos-complexos-do-alemao-e-da-penha-4-eram-policiais\/#breadcrumb\",\"itemListElement\":[{\"@type\":\"ListItem\",\"position\":1,\"name\":\"In\u00edcio\",\"item\":\"https:\/\/jornaltimoneiro.com.br\/\"},{\"@type\":\"ListItem\",\"position\":2,\"name\":\"Governo do RJ confirma 121 mortos em megaopera\u00e7\u00e3o nos complexos do Alem\u00e3o e da Penha; 4 eram policiais\"}]},{\"@type\":\"WebSite\",\"@id\":\"https:\/\/jornaltimoneiro.com.br\/#website\",\"url\":\"https:\/\/jornaltimoneiro.com.br\/\",\"name\":\"Jornal Timoneiro Canoas RS\",\"description\":\"Jornal O Timoneiro, o verdadeiro jornal de Canoas\",\"publisher\":{\"@id\":\"https:\/\/jornaltimoneiro.com.br\/#organization\"},\"potentialAction\":[{\"@type\":\"SearchAction\",\"target\":{\"@type\":\"EntryPoint\",\"urlTemplate\":\"https:\/\/jornaltimoneiro.com.br\/?s={search_term_string}\"},\"query-input\":\"required name=search_term_string\"}],\"inLanguage\":\"pt-BR\"},{\"@type\":\"Organization\",\"@id\":\"https:\/\/jornaltimoneiro.com.br\/#organization\",\"name\":\"Jornal Timoneiro Canoas RS\",\"url\":\"https:\/\/jornaltimoneiro.com.br\/\",\"logo\":{\"@type\":\"ImageObject\",\"inLanguage\":\"pt-BR\",\"@id\":\"https:\/\/jornaltimoneiro.com.br\/#\/schema\/logo\/image\/\",\"url\":\"https:\/\/jornaltimoneiro.com.br\/wp-content\/uploads\/2023\/03\/logonovo.png\",\"contentUrl\":\"https:\/\/jornaltimoneiro.com.br\/wp-content\/uploads\/2023\/03\/logonovo.png\",\"width\":\"469\",\"height\":\"171\",\"caption\":\"Jornal Timoneiro Canoas RS\"},\"image\":{\"@id\":\"https:\/\/jornaltimoneiro.com.br\/#\/schema\/logo\/image\/\"},\"sameAs\":[\"https:\/\/www.facebook.com\/jornaltimoneiro\",\"https:\/\/twitter.com\/_OTimoneiro\",\"https:\/\/www.instagram.com\/jornaltimoneirocanoas\/\",\"https:\/\/www.youtube.com\/@jornalotimoneiro7927\"]},{\"@type\":\"Person\",\"@id\":\"https:\/\/jornaltimoneiro.com.br\/#\/schema\/person\/f63482f1a02b1a9592707865e509ab40\",\"name\":\"Reda\u00e7\u00e3o\",\"image\":{\"@type\":\"ImageObject\",\"inLanguage\":\"pt-BR\",\"@id\":\"https:\/\/jornaltimoneiro.com.br\/#\/schema\/person\/image\/\",\"url\":\"https:\/\/jornaltimoneiro.com.br\/wp-content\/uploads\/2023\/03\/download.jpeg\",\"contentUrl\":\"https:\/\/jornaltimoneiro.com.br\/wp-content\/uploads\/2023\/03\/download.jpeg\",\"caption\":\"Reda\u00e7\u00e3o\"},\"url\":\"https:\/\/jornaltimoneiro.com.br\/index.php\/author\/simone-dutra\/\"}]}<\/script>\n<!-- \/ Yoast SEO plugin. -->","yoast_head_json":{"title":"Governo do RJ confirma 121 mortos em megaopera\u00e7\u00e3o nos complexos do Alem\u00e3o e da Penha; 4 eram policiais - O Timoneiro Jornal Canoas RS","description":"Governo do Rio de Janeiro confirma 121 mortos em megaopera\u00e7\u00e3o nos complexos do Alem\u00e3o e da Penha; 4 eram policiais","robots":{"index":"index","follow":"follow","max-snippet":"max-snippet:-1","max-image-preview":"max-image-preview:large","max-video-preview":"max-video-preview:-1"},"canonical":"https:\/\/jornaltimoneiro.com.br\/index.php\/2025\/10\/29\/governo-do-rj-confirma-121-mortos-em-megaoperacao-nos-complexos-do-alemao-e-da-penha-4-eram-policiais\/","og_locale":"pt_BR","og_type":"article","og_title":"Governo do RJ confirma 121 mortos em megaopera\u00e7\u00e3o nos complexos do Alem\u00e3o e da Penha; 4 eram policiais - O Timoneiro Jornal Canoas RS","og_description":"Governo do Rio de Janeiro confirma 121 mortos em megaopera\u00e7\u00e3o nos complexos do Alem\u00e3o e da Penha; 4 eram policiais","og_url":"https:\/\/jornaltimoneiro.com.br\/index.php\/2025\/10\/29\/governo-do-rj-confirma-121-mortos-em-megaoperacao-nos-complexos-do-alemao-e-da-penha-4-eram-policiais\/","og_site_name":"O Timoneiro Jornal Canoas RS","article_publisher":"https:\/\/www.facebook.com\/jornaltimoneiro","article_published_time":"2025-10-29T18:04:16+00:00","og_image":[{"width":"1080","height":"646","url":"https:\/\/jornaltimoneiro.com.br\/wp-content\/uploads\/2025\/10\/Governo-do-RJ-confirma-121-mortos-em-megaoperacao-nos-complexos-do-Alemao-e-da-Penha-4-eram-policiais.jpeg","type":"image\/jpeg"}],"author":"Reda\u00e7\u00e3o","twitter_card":"summary_large_image","twitter_creator":"@_OTimoneiro","twitter_site":"@_OTimoneiro","twitter_misc":{"Escrito por":"Reda\u00e7\u00e3o","Est. tempo de leitura":"2 minutos"},"schema":{"@context":"https:\/\/schema.org","@graph":[{"@type":"Article","@id":"https:\/\/jornaltimoneiro.com.br\/index.php\/2025\/10\/29\/governo-do-rj-confirma-121-mortos-em-megaoperacao-nos-complexos-do-alemao-e-da-penha-4-eram-policiais\/#article","isPartOf":{"@id":"https:\/\/jornaltimoneiro.com.br\/index.php\/2025\/10\/29\/governo-do-rj-confirma-121-mortos-em-megaoperacao-nos-complexos-do-alemao-e-da-penha-4-eram-policiais\/"},"author":{"name":"Reda\u00e7\u00e3o","@id":"https:\/\/jornaltimoneiro.com.br\/#\/schema\/person\/f63482f1a02b1a9592707865e509ab40"},"headline":"Governo do RJ confirma 121 mortos em megaopera\u00e7\u00e3o nos complexos do Alem\u00e3o e da Penha; 4 eram policiais","datePublished":"2025-10-29T18:04:16+00:00","dateModified":"2025-10-29T18:04:16+00:00","mainEntityOfPage":{"@id":"https:\/\/jornaltimoneiro.com.br\/index.php\/2025\/10\/29\/governo-do-rj-confirma-121-mortos-em-megaoperacao-nos-complexos-do-alemao-e-da-penha-4-eram-policiais\/"},"wordCount":358,"commentCount":0,"publisher":{"@id":"https:\/\/jornaltimoneiro.com.br\/#organization"},"keywords":["Brasil","comando vermelho","complexo dapenha","complexodo alem\u00e3o","crime organizado","featured","governo do RJ","megaopera\u00e7\u00e3o","mortos","policiais","Rio de Janeiro","RJ"],"articleSection":["Policial"],"inLanguage":"pt-BR","potentialAction":[{"@type":"CommentAction","name":"Comment","target":["https:\/\/jornaltimoneiro.com.br\/index.php\/2025\/10\/29\/governo-do-rj-confirma-121-mortos-em-megaoperacao-nos-complexos-do-alemao-e-da-penha-4-eram-policiais\/#respond"]}]},{"@type":"WebPage","@id":"https:\/\/jornaltimoneiro.com.br\/index.php\/2025\/10\/29\/governo-do-rj-confirma-121-mortos-em-megaoperacao-nos-complexos-do-alemao-e-da-penha-4-eram-policiais\/","url":"https:\/\/jornaltimoneiro.com.br\/index.php\/2025\/10\/29\/governo-do-rj-confirma-121-mortos-em-megaoperacao-nos-complexos-do-alemao-e-da-penha-4-eram-policiais\/","name":"Governo do RJ confirma 121 mortos em megaopera\u00e7\u00e3o nos complexos do Alem\u00e3o e da Penha; 4 eram policiais - O Timoneiro Jornal Canoas RS","isPartOf":{"@id":"https:\/\/jornaltimoneiro.com.br\/#website"},"datePublished":"2025-10-29T18:04:16+00:00","dateModified":"2025-10-29T18:04:16+00:00","description":"Governo do Rio de Janeiro confirma 121 mortos em megaopera\u00e7\u00e3o nos complexos do Alem\u00e3o e da Penha; 4 eram policiais","breadcrumb":{"@id":"https:\/\/jornaltimoneiro.com.br\/index.php\/2025\/10\/29\/governo-do-rj-confirma-121-mortos-em-megaoperacao-nos-complexos-do-alemao-e-da-penha-4-eram-policiais\/#breadcrumb"},"inLanguage":"pt-BR","potentialAction":[{"@type":"ReadAction","target":["https:\/\/jornaltimoneiro.com.br\/index.php\/2025\/10\/29\/governo-do-rj-confirma-121-mortos-em-megaoperacao-nos-complexos-do-alemao-e-da-penha-4-eram-policiais\/"]}]},{"@type":"BreadcrumbList","@id":"https:\/\/jornaltimoneiro.com.br\/index.php\/2025\/10\/29\/governo-do-rj-confirma-121-mortos-em-megaoperacao-nos-complexos-do-alemao-e-da-penha-4-eram-policiais\/#breadcrumb","itemListElement":[{"@type":"ListItem","position":1,"name":"In\u00edcio","item":"https:\/\/jornaltimoneiro.com.br\/"},{"@type":"ListItem","position":2,"name":"Governo do RJ confirma 121 mortos em megaopera\u00e7\u00e3o nos complexos do Alem\u00e3o e da Penha; 4 eram policiais"}]},{"@type":"WebSite","@id":"https:\/\/jornaltimoneiro.com.br\/#website","url":"https:\/\/jornaltimoneiro.com.br\/","name":"Jornal Timoneiro Canoas RS","description":"Jornal O Timoneiro, o verdadeiro jornal de Canoas","publisher":{"@id":"https:\/\/jornaltimoneiro.com.br\/#organization"},"potentialAction":[{"@type":"SearchAction","target":{"@type":"EntryPoint","urlTemplate":"https:\/\/jornaltimoneiro.com.br\/?s={search_term_string}"},"query-input":"required name=search_term_string"}],"inLanguage":"pt-BR"},{"@type":"Organization","@id":"https:\/\/jornaltimoneiro.com.br\/#organization","name":"Jornal Timoneiro Canoas RS","url":"https:\/\/jornaltimoneiro.com.br\/","logo":{"@type":"ImageObject","inLanguage":"pt-BR","@id":"https:\/\/jornaltimoneiro.com.br\/#\/schema\/logo\/image\/","url":"https:\/\/jornaltimoneiro.com.br\/wp-content\/uploads\/2023\/03\/logonovo.png","contentUrl":"https:\/\/jornaltimoneiro.com.br\/wp-content\/uploads\/2023\/03\/logonovo.png","width":"469","height":"171","caption":"Jornal Timoneiro Canoas RS"},"image":{"@id":"https:\/\/jornaltimoneiro.com.br\/#\/schema\/logo\/image\/"},"sameAs":["https:\/\/www.facebook.com\/jornaltimoneiro","https:\/\/twitter.com\/_OTimoneiro","https:\/\/www.instagram.com\/jornaltimoneirocanoas\/","https:\/\/www.youtube.com\/@jornalotimoneiro7927"]},{"@type":"Person","@id":"https:\/\/jornaltimoneiro.com.br\/#\/schema\/person\/f63482f1a02b1a9592707865e509ab40","name":"Reda\u00e7\u00e3o","image":{"@type":"ImageObject","inLanguage":"pt-BR","@id":"https:\/\/jornaltimoneiro.com.br\/#\/schema\/person\/image\/","url":"https:\/\/jornaltimoneiro.com.br\/wp-content\/uploads\/2023\/03\/download.jpeg","contentUrl":"https:\/\/jornaltimoneiro.com.br\/wp-content\/uploads\/2023\/03\/download.jpeg","caption":"Reda\u00e7\u00e3o"},"url":"https:\/\/jornaltimoneiro.com.br\/index.php\/author\/simone-dutra\/"}]}},"_links":{"self":[{"href":"https:\/\/jornaltimoneiro.com.br\/index.php\/wp-json\/wp\/v2\/posts\/37444"}],"collection":[{"href":"https:\/\/jornaltimoneiro.com.br\/index.php\/wp-json\/wp\/v2\/posts"}],"about":[{"href":"https:\/\/jornaltimoneiro.com.br\/index.php\/wp-json\/wp\/v2\/types\/post"}],"author":[{"embeddable":true,"href":"https:\/\/jornaltimoneiro.com.br\/index.php\/wp-json\/wp\/v2\/users\/2"}],"replies":[{"embeddable":true,"href":"https:\/\/jornaltimoneiro.com.br\/index.php\/wp-json\/wp\/v2\/comments?post=37444"}],"version-history":[{"count":1,"href":"https:\/\/jornaltimoneiro.com.br\/index.php\/wp-json\/wp\/v2\/posts\/37444\/revisions"}],"predecessor-version":[{"id":37446,"href":"https:\/\/jornaltimoneiro.com.br\/index.php\/wp-json\/wp\/v2\/posts\/37444\/revisions\/37446"}],"wp:featuredmedia":[{"embeddable":true,"href":"https:\/\/jornaltimoneiro.com.br\/index.php\/wp-json\/wp\/v2\/media\/37445"}],"wp:attachment":[{"href":"https:\/\/jornaltimoneiro.com.br\/index.php\/wp-json\/wp\/v2\/media?parent=37444"}],"wp:term":[{"taxonomy":"category","embeddable":true,"href":"https:\/\/jornaltimoneiro.com.br\/index.php\/wp-json\/wp\/v2\/categories?post=37444"},{"taxonomy":"post_tag","embeddable":true,"href":"https:\/\/jornaltimoneiro.com.br\/index.php\/wp-json\/wp\/v2\/tags?post=37444"}],"curies":[{"name":"wp","href":"https:\/\/api.w.org\/{rel}","templated":true}]}}