{"id":37414,"date":"2025-10-28T12:57:26","date_gmt":"2025-10-28T15:57:26","guid":{"rendered":"https:\/\/jornaltimoneiro.com.br\/?p=37414"},"modified":"2025-10-28T12:57:26","modified_gmt":"2025-10-28T15:57:26","slug":"programa-partiu-futuro-reconstrucao","status":"publish","type":"post","link":"https:\/\/jornaltimoneiro.com.br\/index.php\/2025\/10\/28\/programa-partiu-futuro-reconstrucao\/","title":{"rendered":"Jovens do programa Partiu Futuro Reconstru\u00e7\u00e3o concluem interc\u00e2mbio na Espanha"},"content":{"rendered":"<p>Ap\u00f3s oito dias de atividades em Barcelona e Val\u00eancia, estudantes de Porto Alegre e Canoas retornaram ao Rio Grande do Sul nesta ter\u00e7a-feira, 28, encerrando o interc\u00e2mbio do programa Partiu Futuro Reconstru\u00e7\u00e3o, voltado \u00e0 forma\u00e7\u00e3o e \u00e0 troca de experi\u00eancias sobre reconstru\u00e7\u00e3o social e clim\u00e1tica.<\/p>\n<p>A viagem fez parte das a\u00e7\u00f5es de capacita\u00e7\u00e3o do programa, que atende jovens em situa\u00e7\u00e3o de vulnerabilidade social, especialmente os afetados pelas enchentes de 2024. Participaram da miss\u00e3o Evelin Staczak de Oliveira, Lukas Scheibler Kalkmann e Nyara Victoria Prudencio Romero, de Porto Alegre, al\u00e9m de Monica Let\u00edcia da Rosa Schmidt e Vitor Eduardo Moraes dos Santos, de Canoas.<\/p>\n<p>Durante o per\u00edodo na Espanha, o grupo conheceu projetos de recupera\u00e7\u00e3o urbana, ambientais e comunit\u00e1rios em Barcelona e Val\u00eancia, al\u00e9m de participar de encontros sobre juventude, clima e pol\u00edticas p\u00fablicas. A atividade teve coordena\u00e7\u00e3o da entidade qualificadora Dem\u00e0, parceira do governo do Estado.<\/p>\n<p>Segundo o vice-governador do Rio Grande do Sul, Gabriel Souza, a experi\u00eancia contribui para ampliar a vis\u00e3o dos participantes sobre oportunidades de forma\u00e7\u00e3o e inser\u00e7\u00e3o profissional. O secret\u00e1rio de Desenvolvimento Social, Beto Fantinel, destacou que o programa integra as iniciativas de reconstru\u00e7\u00e3o social e de valoriza\u00e7\u00e3o da juventude promovidas pelo governo estadual.<\/p>\n<p>Em Val\u00eancia, os jovens visitaram \u00e1reas afetadas pela DANA, fen\u00f4meno clim\u00e1tico que provocou fortes chuvas e inunda\u00e7\u00f5es em outubro de 2024, atingindo 78 cidades e resultando em 229 mortes. A programa\u00e7\u00e3o incluiu visitas \u00e0 cidade de Paiporta e \u00e0 Fundaci\u00f3 Horta Sud, institui\u00e7\u00e3o voltada ao desenvolvimento comunit\u00e1rio h\u00e1 mais de cinco d\u00e9cadas.<\/p>\n<p>Na ocasi\u00e3o, os estudantes conheceram projetos de mobiliza\u00e7\u00e3o social e de recupera\u00e7\u00e3o de bens culturais, como o laborat\u00f3rio que restaura fotografias danificadas por enchentes. Tamb\u00e9m participaram de reuni\u00f5es com representantes da C\u00e2mara de Com\u00e9rcio de Val\u00eancia e da Funda\u00e7\u00e3o Horta Sud, com quem trocaram experi\u00eancias sobre voluntariado e reconstru\u00e7\u00e3o de comunidades.<\/p>\n<p>Em Barcelona, o grupo participou de workshops e visitas t\u00e9cnicas a projetos de inova\u00e7\u00e3o e sustentabilidade, entre eles o distrito 22@, modelo reconhecido de regenera\u00e7\u00e3o urbana e economia criativa.<\/p>\n<p>O programa Partiu Futuro Reconstru\u00e7\u00e3o \u00e9 desenvolvido pelo Governo do Estado, por meio da Secretaria de Desenvolvimento Social (Sedes) e do Gabinete de Projetos Especiais, com execu\u00e7\u00e3o da Dem\u00e0. A iniciativa oferece forma\u00e7\u00e3o te\u00f3rica e pr\u00e1tica a 750 jovens de Porto Alegre e Canoas, com contratos de aprendizagem em \u00f3rg\u00e3os p\u00fablicos municipais e estaduais.<\/p>\n<p>Destinado a jovens de 14 a 22 anos matriculados ou egressos da rede p\u00fablica e inscritos no Cadastro \u00danico, o programa busca qualificar e inserir no mercado de trabalho estudantes em vulnerabilidade social, especialmente os atingidos pelas enchentes de 2024.<\/p>\n","protected":false},"excerpt":{"rendered":"<p>Ap\u00f3s oito dias de atividades em Barcelona e Val\u00eancia, estudantes de Porto Alegre e Canoas retornaram ao Rio Grande do Sul nesta ter\u00e7a-feira, 28, encerrando o interc\u00e2mbio do programa Partiu Futuro Reconstru\u00e7\u00e3o, voltado \u00e0 forma\u00e7\u00e3o e \u00e0 troca de experi\u00eancias sobre reconstru\u00e7\u00e3o social e clim\u00e1tica. A viagem fez parte das a\u00e7\u00f5es de capacita\u00e7\u00e3o do programa, [&hellip;]<\/p>\n","protected":false},"author":2,"featured_media":37415,"comment_status":"open","ping_status":"open","sticky":false,"template":"","format":"standard","meta":{"amp_status":"","footnotes":""},"categories":[23],"tags":[31,190,121,3755],"class_list":["post-37414","post","type-post","status-publish","format-standard","has-post-thumbnail","hentry","category-geral","tag-canoas","tag-featured","tag-porto-alegre","tag-programa-partiu-futuro-reconstrucao"],"yoast_head":"<!-- This site is optimized with the Yoast SEO plugin v20.5 - https:\/\/yoast.com\/wordpress\/plugins\/seo\/ -->\n<title>Jovens do programa Partiu Futuro Reconstru\u00e7\u00e3o concluem interc\u00e2mbio na Espanha - O Timoneiro Jornal Canoas RS<\/title>\n<meta name=\"description\" content=\"Jovens de Porto Alegre e Canoas conclu\u00edram interc\u00e2mbio na Espanha pelo programa Partiu Futuro Reconstru\u00e7\u00e3o. A miss\u00e3o abordou temas de reconstru\u00e7\u00e3o social e clim\u00e1tica, com visitas a projetos em Barcelona e Val\u00eancia voltados \u00e0 sustentabilidade e ao desenvolvimento comunit\u00e1rio\" \/>\n<meta name=\"robots\" content=\"index, follow, max-snippet:-1, max-image-preview:large, max-video-preview:-1\" \/>\n<link rel=\"canonical\" href=\"https:\/\/jornaltimoneiro.com.br\/index.php\/2025\/10\/28\/programa-partiu-futuro-reconstrucao\/\" \/>\n<meta property=\"og:locale\" content=\"pt_BR\" \/>\n<meta property=\"og:type\" content=\"article\" \/>\n<meta property=\"og:title\" content=\"Jovens do programa Partiu Futuro Reconstru\u00e7\u00e3o concluem interc\u00e2mbio na Espanha - O Timoneiro Jornal Canoas RS\" \/>\n<meta property=\"og:description\" content=\"Jovens de Porto Alegre e Canoas conclu\u00edram interc\u00e2mbio na Espanha pelo programa Partiu Futuro Reconstru\u00e7\u00e3o. A miss\u00e3o abordou temas de reconstru\u00e7\u00e3o social e clim\u00e1tica, com visitas a projetos em Barcelona e Val\u00eancia voltados \u00e0 sustentabilidade e ao desenvolvimento comunit\u00e1rio\" \/>\n<meta property=\"og:url\" content=\"https:\/\/jornaltimoneiro.com.br\/index.php\/2025\/10\/28\/programa-partiu-futuro-reconstrucao\/\" \/>\n<meta property=\"og:site_name\" content=\"O Timoneiro Jornal Canoas RS\" \/>\n<meta property=\"article:publisher\" content=\"https:\/\/www.facebook.com\/jornaltimoneiro\" \/>\n<meta property=\"article:published_time\" content=\"2025-10-28T15:57:26+00:00\" \/>\n<meta property=\"og:image\" content=\"https:\/\/jornaltimoneiro.com.br\/wp-content\/uploads\/2025\/10\/WhatsApp-Image-2025-10-28-at-11.22.04-1.jpeg\" \/>\n\t<meta property=\"og:image:width\" content=\"828\" \/>\n\t<meta property=\"og:image:height\" content=\"628\" \/>\n\t<meta property=\"og:image:type\" content=\"image\/jpeg\" \/>\n<meta name=\"author\" content=\"Reda\u00e7\u00e3o\" \/>\n<meta name=\"twitter:card\" content=\"summary_large_image\" \/>\n<meta name=\"twitter:creator\" content=\"@_OTimoneiro\" \/>\n<meta name=\"twitter:site\" content=\"@_OTimoneiro\" \/>\n<meta name=\"twitter:label1\" content=\"Escrito por\" \/>\n\t<meta name=\"twitter:data1\" content=\"Reda\u00e7\u00e3o\" \/>\n\t<meta name=\"twitter:label2\" content=\"Est. tempo de leitura\" \/>\n\t<meta name=\"twitter:data2\" content=\"3 minutos\" \/>\n<script type=\"application\/ld+json\" class=\"yoast-schema-graph\">{\"@context\":\"https:\/\/schema.org\",\"@graph\":[{\"@type\":\"Article\",\"@id\":\"https:\/\/jornaltimoneiro.com.br\/index.php\/2025\/10\/28\/programa-partiu-futuro-reconstrucao\/#article\",\"isPartOf\":{\"@id\":\"https:\/\/jornaltimoneiro.com.br\/index.php\/2025\/10\/28\/programa-partiu-futuro-reconstrucao\/\"},\"author\":{\"name\":\"Reda\u00e7\u00e3o\",\"@id\":\"https:\/\/jornaltimoneiro.com.br\/#\/schema\/person\/f63482f1a02b1a9592707865e509ab40\"},\"headline\":\"Jovens do programa Partiu Futuro Reconstru\u00e7\u00e3o concluem interc\u00e2mbio na Espanha\",\"datePublished\":\"2025-10-28T15:57:26+00:00\",\"dateModified\":\"2025-10-28T15:57:26+00:00\",\"mainEntityOfPage\":{\"@id\":\"https:\/\/jornaltimoneiro.com.br\/index.php\/2025\/10\/28\/programa-partiu-futuro-reconstrucao\/\"},\"wordCount\":482,\"commentCount\":0,\"publisher\":{\"@id\":\"https:\/\/jornaltimoneiro.com.br\/#organization\"},\"keywords\":[\"canoas\",\"featured\",\"Porto Alegre\",\"Programa Partiu Futuro Reconstru\u00e7\u00e3o\"],\"articleSection\":[\"Geral\"],\"inLanguage\":\"pt-BR\",\"potentialAction\":[{\"@type\":\"CommentAction\",\"name\":\"Comment\",\"target\":[\"https:\/\/jornaltimoneiro.com.br\/index.php\/2025\/10\/28\/programa-partiu-futuro-reconstrucao\/#respond\"]}]},{\"@type\":\"WebPage\",\"@id\":\"https:\/\/jornaltimoneiro.com.br\/index.php\/2025\/10\/28\/programa-partiu-futuro-reconstrucao\/\",\"url\":\"https:\/\/jornaltimoneiro.com.br\/index.php\/2025\/10\/28\/programa-partiu-futuro-reconstrucao\/\",\"name\":\"Jovens do programa Partiu Futuro Reconstru\u00e7\u00e3o concluem interc\u00e2mbio na Espanha - O Timoneiro Jornal Canoas RS\",\"isPartOf\":{\"@id\":\"https:\/\/jornaltimoneiro.com.br\/#website\"},\"datePublished\":\"2025-10-28T15:57:26+00:00\",\"dateModified\":\"2025-10-28T15:57:26+00:00\",\"description\":\"Jovens de Porto Alegre e Canoas conclu\u00edram interc\u00e2mbio na Espanha pelo programa Partiu Futuro Reconstru\u00e7\u00e3o. A miss\u00e3o abordou temas de reconstru\u00e7\u00e3o social e clim\u00e1tica, com visitas a projetos em Barcelona e Val\u00eancia voltados \u00e0 sustentabilidade e ao desenvolvimento comunit\u00e1rio\",\"breadcrumb\":{\"@id\":\"https:\/\/jornaltimoneiro.com.br\/index.php\/2025\/10\/28\/programa-partiu-futuro-reconstrucao\/#breadcrumb\"},\"inLanguage\":\"pt-BR\",\"potentialAction\":[{\"@type\":\"ReadAction\",\"target\":[\"https:\/\/jornaltimoneiro.com.br\/index.php\/2025\/10\/28\/programa-partiu-futuro-reconstrucao\/\"]}]},{\"@type\":\"BreadcrumbList\",\"@id\":\"https:\/\/jornaltimoneiro.com.br\/index.php\/2025\/10\/28\/programa-partiu-futuro-reconstrucao\/#breadcrumb\",\"itemListElement\":[{\"@type\":\"ListItem\",\"position\":1,\"name\":\"In\u00edcio\",\"item\":\"https:\/\/jornaltimoneiro.com.br\/\"},{\"@type\":\"ListItem\",\"position\":2,\"name\":\"Jovens do programa Partiu Futuro Reconstru\u00e7\u00e3o concluem interc\u00e2mbio na Espanha\"}]},{\"@type\":\"WebSite\",\"@id\":\"https:\/\/jornaltimoneiro.com.br\/#website\",\"url\":\"https:\/\/jornaltimoneiro.com.br\/\",\"name\":\"Jornal Timoneiro Canoas RS\",\"description\":\"Jornal O Timoneiro, o verdadeiro jornal de Canoas\",\"publisher\":{\"@id\":\"https:\/\/jornaltimoneiro.com.br\/#organization\"},\"potentialAction\":[{\"@type\":\"SearchAction\",\"target\":{\"@type\":\"EntryPoint\",\"urlTemplate\":\"https:\/\/jornaltimoneiro.com.br\/?s={search_term_string}\"},\"query-input\":\"required name=search_term_string\"}],\"inLanguage\":\"pt-BR\"},{\"@type\":\"Organization\",\"@id\":\"https:\/\/jornaltimoneiro.com.br\/#organization\",\"name\":\"Jornal Timoneiro Canoas RS\",\"url\":\"https:\/\/jornaltimoneiro.com.br\/\",\"logo\":{\"@type\":\"ImageObject\",\"inLanguage\":\"pt-BR\",\"@id\":\"https:\/\/jornaltimoneiro.com.br\/#\/schema\/logo\/image\/\",\"url\":\"https:\/\/jornaltimoneiro.com.br\/wp-content\/uploads\/2023\/03\/logonovo.png\",\"contentUrl\":\"https:\/\/jornaltimoneiro.com.br\/wp-content\/uploads\/2023\/03\/logonovo.png\",\"width\":\"469\",\"height\":\"171\",\"caption\":\"Jornal Timoneiro Canoas RS\"},\"image\":{\"@id\":\"https:\/\/jornaltimoneiro.com.br\/#\/schema\/logo\/image\/\"},\"sameAs\":[\"https:\/\/www.facebook.com\/jornaltimoneiro\",\"https:\/\/twitter.com\/_OTimoneiro\",\"https:\/\/www.instagram.com\/jornaltimoneirocanoas\/\",\"https:\/\/www.youtube.com\/@jornalotimoneiro7927\"]},{\"@type\":\"Person\",\"@id\":\"https:\/\/jornaltimoneiro.com.br\/#\/schema\/person\/f63482f1a02b1a9592707865e509ab40\",\"name\":\"Reda\u00e7\u00e3o\",\"image\":{\"@type\":\"ImageObject\",\"inLanguage\":\"pt-BR\",\"@id\":\"https:\/\/jornaltimoneiro.com.br\/#\/schema\/person\/image\/\",\"url\":\"https:\/\/jornaltimoneiro.com.br\/wp-content\/uploads\/2023\/03\/download.jpeg\",\"contentUrl\":\"https:\/\/jornaltimoneiro.com.br\/wp-content\/uploads\/2023\/03\/download.jpeg\",\"caption\":\"Reda\u00e7\u00e3o\"},\"url\":\"https:\/\/jornaltimoneiro.com.br\/index.php\/author\/simone-dutra\/\"}]}<\/script>\n<!-- \/ Yoast SEO plugin. -->","yoast_head_json":{"title":"Jovens do programa Partiu Futuro Reconstru\u00e7\u00e3o concluem interc\u00e2mbio na Espanha - O Timoneiro Jornal Canoas RS","description":"Jovens de Porto Alegre e Canoas conclu\u00edram interc\u00e2mbio na Espanha pelo programa Partiu Futuro Reconstru\u00e7\u00e3o. A miss\u00e3o abordou temas de reconstru\u00e7\u00e3o social e clim\u00e1tica, com visitas a projetos em Barcelona e Val\u00eancia voltados \u00e0 sustentabilidade e ao desenvolvimento comunit\u00e1rio","robots":{"index":"index","follow":"follow","max-snippet":"max-snippet:-1","max-image-preview":"max-image-preview:large","max-video-preview":"max-video-preview:-1"},"canonical":"https:\/\/jornaltimoneiro.com.br\/index.php\/2025\/10\/28\/programa-partiu-futuro-reconstrucao\/","og_locale":"pt_BR","og_type":"article","og_title":"Jovens do programa Partiu Futuro Reconstru\u00e7\u00e3o concluem interc\u00e2mbio na Espanha - O Timoneiro Jornal Canoas RS","og_description":"Jovens de Porto Alegre e Canoas conclu\u00edram interc\u00e2mbio na Espanha pelo programa Partiu Futuro Reconstru\u00e7\u00e3o. A miss\u00e3o abordou temas de reconstru\u00e7\u00e3o social e clim\u00e1tica, com visitas a projetos em Barcelona e Val\u00eancia voltados \u00e0 sustentabilidade e ao desenvolvimento comunit\u00e1rio","og_url":"https:\/\/jornaltimoneiro.com.br\/index.php\/2025\/10\/28\/programa-partiu-futuro-reconstrucao\/","og_site_name":"O Timoneiro Jornal Canoas RS","article_publisher":"https:\/\/www.facebook.com\/jornaltimoneiro","article_published_time":"2025-10-28T15:57:26+00:00","og_image":[{"width":"828","height":"628","url":"https:\/\/jornaltimoneiro.com.br\/wp-content\/uploads\/2025\/10\/WhatsApp-Image-2025-10-28-at-11.22.04-1.jpeg","type":"image\/jpeg"}],"author":"Reda\u00e7\u00e3o","twitter_card":"summary_large_image","twitter_creator":"@_OTimoneiro","twitter_site":"@_OTimoneiro","twitter_misc":{"Escrito por":"Reda\u00e7\u00e3o","Est. tempo de leitura":"3 minutos"},"schema":{"@context":"https:\/\/schema.org","@graph":[{"@type":"Article","@id":"https:\/\/jornaltimoneiro.com.br\/index.php\/2025\/10\/28\/programa-partiu-futuro-reconstrucao\/#article","isPartOf":{"@id":"https:\/\/jornaltimoneiro.com.br\/index.php\/2025\/10\/28\/programa-partiu-futuro-reconstrucao\/"},"author":{"name":"Reda\u00e7\u00e3o","@id":"https:\/\/jornaltimoneiro.com.br\/#\/schema\/person\/f63482f1a02b1a9592707865e509ab40"},"headline":"Jovens do programa Partiu Futuro Reconstru\u00e7\u00e3o concluem interc\u00e2mbio na Espanha","datePublished":"2025-10-28T15:57:26+00:00","dateModified":"2025-10-28T15:57:26+00:00","mainEntityOfPage":{"@id":"https:\/\/jornaltimoneiro.com.br\/index.php\/2025\/10\/28\/programa-partiu-futuro-reconstrucao\/"},"wordCount":482,"commentCount":0,"publisher":{"@id":"https:\/\/jornaltimoneiro.com.br\/#organization"},"keywords":["canoas","featured","Porto Alegre","Programa Partiu Futuro Reconstru\u00e7\u00e3o"],"articleSection":["Geral"],"inLanguage":"pt-BR","potentialAction":[{"@type":"CommentAction","name":"Comment","target":["https:\/\/jornaltimoneiro.com.br\/index.php\/2025\/10\/28\/programa-partiu-futuro-reconstrucao\/#respond"]}]},{"@type":"WebPage","@id":"https:\/\/jornaltimoneiro.com.br\/index.php\/2025\/10\/28\/programa-partiu-futuro-reconstrucao\/","url":"https:\/\/jornaltimoneiro.com.br\/index.php\/2025\/10\/28\/programa-partiu-futuro-reconstrucao\/","name":"Jovens do programa Partiu Futuro Reconstru\u00e7\u00e3o concluem interc\u00e2mbio na Espanha - O Timoneiro Jornal Canoas RS","isPartOf":{"@id":"https:\/\/jornaltimoneiro.com.br\/#website"},"datePublished":"2025-10-28T15:57:26+00:00","dateModified":"2025-10-28T15:57:26+00:00","description":"Jovens de Porto Alegre e Canoas conclu\u00edram interc\u00e2mbio na Espanha pelo programa Partiu Futuro Reconstru\u00e7\u00e3o. A miss\u00e3o abordou temas de reconstru\u00e7\u00e3o social e clim\u00e1tica, com visitas a projetos em Barcelona e Val\u00eancia voltados \u00e0 sustentabilidade e ao desenvolvimento comunit\u00e1rio","breadcrumb":{"@id":"https:\/\/jornaltimoneiro.com.br\/index.php\/2025\/10\/28\/programa-partiu-futuro-reconstrucao\/#breadcrumb"},"inLanguage":"pt-BR","potentialAction":[{"@type":"ReadAction","target":["https:\/\/jornaltimoneiro.com.br\/index.php\/2025\/10\/28\/programa-partiu-futuro-reconstrucao\/"]}]},{"@type":"BreadcrumbList","@id":"https:\/\/jornaltimoneiro.com.br\/index.php\/2025\/10\/28\/programa-partiu-futuro-reconstrucao\/#breadcrumb","itemListElement":[{"@type":"ListItem","position":1,"name":"In\u00edcio","item":"https:\/\/jornaltimoneiro.com.br\/"},{"@type":"ListItem","position":2,"name":"Jovens do programa Partiu Futuro Reconstru\u00e7\u00e3o concluem interc\u00e2mbio na Espanha"}]},{"@type":"WebSite","@id":"https:\/\/jornaltimoneiro.com.br\/#website","url":"https:\/\/jornaltimoneiro.com.br\/","name":"Jornal Timoneiro Canoas RS","description":"Jornal O Timoneiro, o verdadeiro jornal de Canoas","publisher":{"@id":"https:\/\/jornaltimoneiro.com.br\/#organization"},"potentialAction":[{"@type":"SearchAction","target":{"@type":"EntryPoint","urlTemplate":"https:\/\/jornaltimoneiro.com.br\/?s={search_term_string}"},"query-input":"required name=search_term_string"}],"inLanguage":"pt-BR"},{"@type":"Organization","@id":"https:\/\/jornaltimoneiro.com.br\/#organization","name":"Jornal Timoneiro Canoas RS","url":"https:\/\/jornaltimoneiro.com.br\/","logo":{"@type":"ImageObject","inLanguage":"pt-BR","@id":"https:\/\/jornaltimoneiro.com.br\/#\/schema\/logo\/image\/","url":"https:\/\/jornaltimoneiro.com.br\/wp-content\/uploads\/2023\/03\/logonovo.png","contentUrl":"https:\/\/jornaltimoneiro.com.br\/wp-content\/uploads\/2023\/03\/logonovo.png","width":"469","height":"171","caption":"Jornal Timoneiro Canoas RS"},"image":{"@id":"https:\/\/jornaltimoneiro.com.br\/#\/schema\/logo\/image\/"},"sameAs":["https:\/\/www.facebook.com\/jornaltimoneiro","https:\/\/twitter.com\/_OTimoneiro","https:\/\/www.instagram.com\/jornaltimoneirocanoas\/","https:\/\/www.youtube.com\/@jornalotimoneiro7927"]},{"@type":"Person","@id":"https:\/\/jornaltimoneiro.com.br\/#\/schema\/person\/f63482f1a02b1a9592707865e509ab40","name":"Reda\u00e7\u00e3o","image":{"@type":"ImageObject","inLanguage":"pt-BR","@id":"https:\/\/jornaltimoneiro.com.br\/#\/schema\/person\/image\/","url":"https:\/\/jornaltimoneiro.com.br\/wp-content\/uploads\/2023\/03\/download.jpeg","contentUrl":"https:\/\/jornaltimoneiro.com.br\/wp-content\/uploads\/2023\/03\/download.jpeg","caption":"Reda\u00e7\u00e3o"},"url":"https:\/\/jornaltimoneiro.com.br\/index.php\/author\/simone-dutra\/"}]}},"_links":{"self":[{"href":"https:\/\/jornaltimoneiro.com.br\/index.php\/wp-json\/wp\/v2\/posts\/37414"}],"collection":[{"href":"https:\/\/jornaltimoneiro.com.br\/index.php\/wp-json\/wp\/v2\/posts"}],"about":[{"href":"https:\/\/jornaltimoneiro.com.br\/index.php\/wp-json\/wp\/v2\/types\/post"}],"author":[{"embeddable":true,"href":"https:\/\/jornaltimoneiro.com.br\/index.php\/wp-json\/wp\/v2\/users\/2"}],"replies":[{"embeddable":true,"href":"https:\/\/jornaltimoneiro.com.br\/index.php\/wp-json\/wp\/v2\/comments?post=37414"}],"version-history":[{"count":1,"href":"https:\/\/jornaltimoneiro.com.br\/index.php\/wp-json\/wp\/v2\/posts\/37414\/revisions"}],"predecessor-version":[{"id":37416,"href":"https:\/\/jornaltimoneiro.com.br\/index.php\/wp-json\/wp\/v2\/posts\/37414\/revisions\/37416"}],"wp:featuredmedia":[{"embeddable":true,"href":"https:\/\/jornaltimoneiro.com.br\/index.php\/wp-json\/wp\/v2\/media\/37415"}],"wp:attachment":[{"href":"https:\/\/jornaltimoneiro.com.br\/index.php\/wp-json\/wp\/v2\/media?parent=37414"}],"wp:term":[{"taxonomy":"category","embeddable":true,"href":"https:\/\/jornaltimoneiro.com.br\/index.php\/wp-json\/wp\/v2\/categories?post=37414"},{"taxonomy":"post_tag","embeddable":true,"href":"https:\/\/jornaltimoneiro.com.br\/index.php\/wp-json\/wp\/v2\/tags?post=37414"}],"curies":[{"name":"wp","href":"https:\/\/api.w.org\/{rel}","templated":true}]}}